{"id":1247,"date":"2018-12-23T10:53:23","date_gmt":"2018-12-23T09:53:23","guid":{"rendered":"https:\/\/www.kss-sachsen.de\/?p=1247"},"modified":"2018-12-23T10:53:23","modified_gmt":"2018-12-23T09:53:23","slug":"turchen-22-2018","status":"publish","type":"post","link":"https:\/\/www.kss-sachsen.de\/?p=1247","title":{"rendered":"T\u00fcrchen 22 | 2018"},"content":{"rendered":"<p>#KSSAdventskalender<\/p>\n<p>Hinter unserem heutigen T\u00fcrchen versteckt sich die Forderung nach der Einf\u00fchrung einer zentralen Inklusionsbeauftagtenstelle.<\/p>\n<p>Was in vielen Bundesl\u00e4ndern schon l\u00e4ngst der Fall ist, ist in Sachsen noch nicht einmal ansatzweise gesetzlich verankert. Die Einf\u00fchrung einer Inklusionsbeauftragten sowohl auf Hochschul- als auch auf Fakult\u00e4tsebene kann gew\u00e4hrleisten, dass der Inklusionsauftrag \u2013 der durch die UN_Behindertenrechtskonvention an die Hochschulen gestellt wird \u2013 zumindest besser umgesetzt wird, als es bisher der Fall ist. Die Deutschen Studierendenwerke (DSW) haben schon zur Novelle des S\u00e4chsHSG in das S\u00e4chsHSFG (2012) gemahnt, dass gesetzliche Regelungen zu Behinderten &#8211; bzw. Inklusionsbeauftragten im s\u00e4chsischen Hochschulgesetz fehlen. Die Konferenz S\u00e4chsischer Studierendenschaften (KSS) leistet mit dieser Forderung diesem Missstand Abhilfe. Sofern eine Novellierung des S\u00e4chsHSFG kommen sollte, kann die KSS damit den Druck auf den Gesetzgeber erh\u00f6hen, dass Inklusion nicht mehr nur als Randerscheinung in den wissenschaftlichen<br \/>\nEinrichtungen und Hochschulen behandelt wird. Die Hochschulen stehen noch am Anfang des Wegs zur inklusiven Hochschule. W\u00e4hrend Inklusion meist noch als Integration \u2013 im Sinne von Hilfe und Unterst\u00fctzung von Einzelnen \u2013 verstanden wird, m\u00fcssen Strukturen geschaffen werden, die inklusive Bedingungen zur Priorit\u00e4t machen.<br \/>\nDer Nachholbedarf in Sachsen wird somit klar sichtbar. Es bedarf zudem noch weitere Ver\u00e4nderungen, wenn Inklusion tats\u00e4chlich als ernst genommen verstanden werden soll. Dazu z\u00e4hlen unter anderem eine strategische und konzeptionelle Verankerung des Themas in der s\u00e4chsischen Hochschulpolitik, die B\u00fcndelung von vorhandenem<br \/>\nWissen und K\u00f6nnen in einer Landesgesch\u00e4ftsstelle, Weiterbildung und Personalsensibilisierung dazu an den Hochschulen sowie personelle und sachgebundene Mittel f\u00fcr die Erf\u00fcllung des Inklusionsauftrags.<br \/>\nDie Inklusionsbeauftragte soll strukturell gesehen \u00e4hnlich verankert werden, wie es die Gleichstellungsbeauftragte an den Hochschulen schon ist. Es ist derzeitig schon Realit\u00e4t, dass es vereinzelt s\u00e4chsische Hochschulen gibt, die Behinderten- bzw. Inklusionsbeauftragte an ihrer Hochschule haben (bspw. TU Dresden, TU Chemnitz). Dennoch stellt die Behinderten- bzw. Inklusionsbeauftragte zurzeit noch eine reine ehrenamtliche Sache dar, die auf keiner gesetzlichen Grundlage fu\u00dft.<\/p>\n<p>R\u00fcckbezogen auf die Struktur der Gleichstellungsbeauftragten soll damit gew\u00e4hrleistet werden, dass wenn bspw. Studierende als Inklusionsbeauftragte ihrer Fakult\u00e4t gew\u00e4hlt worden sind, sie auch dementsprechend Anspr\u00fcche geltend machen k\u00f6nnen. Das beinhaltet zum Beispiel die Anerkennung von Gremiensemestern nach \u00a7 20 Abs. 4 S\u00e4chsHSFG.<\/p>\n<p>Folgende Aufgaben w\u00fcrden der Inklusionsbeauftragtenstelle zufallen:<br \/>\n1. F\u00fcr jede Hochschule und jede Fakult\u00e4t werden jeweils eine Inklusionsbeauftragte und mindestens eine Stellvertreter*in gew\u00e4hlt. An Zentralen Einrichtungen, so wie sie in \u00a7 92 S\u00e4chsHSFG zu finden sind, kann eine Inklusionsbeauftragte gew\u00e4hlt werden.<br \/>\n2. Zentrale Aufgaben der Inklusionsbeauftragten sind<br \/>\n   a. Mitwirkung bei Ma\u00dfnahmen zur sozialen F\u00f6rderung von Studierenden mit Behinderung.<br \/>\n   b. Mitwirkung beim Nachteilsausgleich bei Hochschulzulassung, beim Studium und bei Pr\u00fcfungen.<br \/>\n   c. Stellung zu allen die Belange von Behinderung betroffenen Hochschulmitglieder ber\u00fchrenden Angelegenheiten zu nehmen (insbesondere Berufungskommission,<br \/>\n      Einstellung von Personal).<br \/>\n3. Die Inklusionsbeauftragten der Fakult\u00e4ten sowie ihre Stellvertreter*innen werden von den Mitgliedern der Fakult\u00e4t gew\u00e4hlt. W\u00e4hlbar sind dabei alle Vertreter*innen nach den Mitgliedergruppen nach \u00a7 50 Abs. 1 Satz 1 Nr. 1 bis 4 S\u00e4chsHSFG. Die Inklusionsbeauftragten der Fakult\u00e4ten und der Zentralen Einrichtungen w\u00e4hlen dann die Inklusionsbeauftragte der Hochschule.<br \/>\n4. Die Inklusionsbeauftragten sind rechtzeitig durch das Rektorat bzw. Dekanat \u00fcber alles zu informieren, was notwendig f\u00fcr die Erf\u00fcllung ihrer Aufgaben ist.<br \/>\n5. Den Inklusionsbeauftragten sind f\u00fcr die Wahrnehmung ihrer Aufgaben die notwendigen Personal- undnSachmittel zur Verf\u00fcgung zu stellen.<br \/>\n6. Die Inklusionsbeauftragten sind von der dienstlichen T\u00e4tigkeit ohne Minderung der Bez\u00fcge zu befreien, soweit es ihre Aufgaben erfordern. Die Entlastung kann auch nach Ablauf der Amtszeit als Freistellung bis zu 2 Semester gew\u00e4hrt werden.<br \/>\n7. Die Inklusionsbeauftragten der Hochschulen k\u00f6nnen zur Wahrnehmung hochschul\u00fcbergreifender Themen eine Landeskonferenz bilden.<\/p>\n","protected":false},"excerpt":{"rendered":"<p>#KSSAdventskalender Hinter unserem heutigen T\u00fcrchen versteckt sich die Forderung nach der Einf\u00fchrung einer zentralen Inklusionsbeauftagtenstelle. Was in vielen Bundesl\u00e4ndern schon l\u00e4ngst der Fall ist, ist in Sachsen noch nicht einmal ansatzweise gesetzlich verankert. Die Einf\u00fchrung einer Inklusionsbeauftragten sowohl auf Hochschul- als auch auf Fakult\u00e4tsebene kann gew\u00e4hrleisten, dass der Inklusionsauftrag \u2013 der durch die UN_Behindertenrechtskonvention an die Hochschulen gestellt wird \u2013<a class=\"read-more\" href=\"https:\/\/www.kss-sachsen.de\/?p=1247\">Hier weiter lesen&#8230;<\/a><\/p>\n","protected":false},"author":1,"featured_media":0,"comment_status":"open","ping_status":"open","sticky":false,"template":"","format":"standard","meta":{"footnotes":""},"categories":[1],"tags":[],"yoast_head":"<!-- This site is optimized with the Yoast SEO plugin v23.5 - https:\/\/yoast.com\/wordpress\/plugins\/seo\/ -->\n<title>T\u00fcrchen 22 | 2018 - KSS<\/title>\n<meta name=\"robots\" content=\"index, follow, max-snippet:-1, max-image-preview:large, max-video-preview:-1\" \/>\n<link rel=\"canonical\" href=\"https:\/\/www.kss-sachsen.de\/?p=1247\" \/>\n<meta property=\"og:locale\" content=\"de_DE\" \/>\n<meta property=\"og:type\" content=\"article\" \/>\n<meta property=\"og:title\" content=\"T\u00fcrchen 22 | 2018 - KSS\" \/>\n<meta property=\"og:description\" content=\"#KSSAdventskalender Hinter unserem heutigen T\u00fcrchen versteckt sich die Forderung nach der Einf\u00fchrung einer zentralen Inklusionsbeauftagtenstelle. Was in vielen Bundesl\u00e4ndern schon l\u00e4ngst der Fall ist, ist in Sachsen noch nicht einmal ansatzweise gesetzlich verankert. Die Einf\u00fchrung einer Inklusionsbeauftragten sowohl auf Hochschul- als auch auf Fakult\u00e4tsebene kann gew\u00e4hrleisten, dass der Inklusionsauftrag \u2013 der durch die UN_Behindertenrechtskonvention an die Hochschulen gestellt wird \u2013Hier weiter lesen...\" \/>\n<meta property=\"og:url\" content=\"https:\/\/www.kss-sachsen.de\/?p=1247\" \/>\n<meta property=\"og:site_name\" content=\"KSS\" \/>\n<meta property=\"article:published_time\" content=\"2018-12-23T09:53:23+00:00\" \/>\n<meta name=\"author\" content=\"administration\" \/>\n<meta name=\"twitter:card\" content=\"summary_large_image\" \/>\n<meta name=\"twitter:label1\" content=\"Verfasst von\" \/>\n\t<meta name=\"twitter:data1\" content=\"administration\" \/>\n\t<meta name=\"twitter:label2\" content=\"Gesch\u00e4tzte Lesezeit\" \/>\n\t<meta name=\"twitter:data2\" content=\"3\u00a0Minuten\" \/>\n<script type=\"application\/ld+json\" class=\"yoast-schema-graph\">{\"@context\":\"https:\/\/schema.org\",\"@graph\":[{\"@type\":\"Article\",\"@id\":\"https:\/\/www.kss-sachsen.de\/?p=1247#article\",\"isPartOf\":{\"@id\":\"https:\/\/www.kss-sachsen.de\/?p=1247\"},\"author\":{\"name\":\"administration\",\"@id\":\"https:\/\/www.kss-sachsen.de\/#\/schema\/person\/fbcf1c2438e102156e84a4ba5c3daa64\"},\"headline\":\"T\u00fcrchen 22 | 2018\",\"datePublished\":\"2018-12-23T09:53:23+00:00\",\"dateModified\":\"2018-12-23T09:53:23+00:00\",\"mainEntityOfPage\":{\"@id\":\"https:\/\/www.kss-sachsen.de\/?p=1247\"},\"wordCount\":614,\"commentCount\":0,\"publisher\":{\"@id\":\"https:\/\/www.kss-sachsen.de\/#organization\"},\"articleSection\":[\"Uncategorized\"],\"inLanguage\":\"de\",\"potentialAction\":[{\"@type\":\"CommentAction\",\"name\":\"Comment\",\"target\":[\"https:\/\/www.kss-sachsen.de\/?p=1247#respond\"]}]},{\"@type\":\"WebPage\",\"@id\":\"https:\/\/www.kss-sachsen.de\/?p=1247\",\"url\":\"https:\/\/www.kss-sachsen.de\/?p=1247\",\"name\":\"T\u00fcrchen 22 | 2018 - KSS\",\"isPartOf\":{\"@id\":\"https:\/\/www.kss-sachsen.de\/#website\"},\"datePublished\":\"2018-12-23T09:53:23+00:00\",\"dateModified\":\"2018-12-23T09:53:23+00:00\",\"breadcrumb\":{\"@id\":\"https:\/\/www.kss-sachsen.de\/?p=1247#breadcrumb\"},\"inLanguage\":\"de\",\"potentialAction\":[{\"@type\":\"ReadAction\",\"target\":[\"https:\/\/www.kss-sachsen.de\/?p=1247\"]}]},{\"@type\":\"BreadcrumbList\",\"@id\":\"https:\/\/www.kss-sachsen.de\/?p=1247#breadcrumb\",\"itemListElement\":[{\"@type\":\"ListItem\",\"position\":1,\"name\":\"Home\",\"item\":\"https:\/\/www.kss-sachsen.de\/\"},{\"@type\":\"ListItem\",\"position\":2,\"name\":\"T\u00fcrchen 22 | 2018\"}]},{\"@type\":\"WebSite\",\"@id\":\"https:\/\/www.kss-sachsen.de\/#website\",\"url\":\"https:\/\/www.kss-sachsen.de\/\",\"name\":\"Konferenz S\u00e4chsischer Studierendenschaften\",\"description\":\"Konferenz S\u00e4chsischer Studierendenschaften\",\"publisher\":{\"@id\":\"https:\/\/www.kss-sachsen.de\/#organization\"},\"potentialAction\":[{\"@type\":\"SearchAction\",\"target\":{\"@type\":\"EntryPoint\",\"urlTemplate\":\"https:\/\/www.kss-sachsen.de\/?s={search_term_string}\"},\"query-input\":{\"@type\":\"PropertyValueSpecification\",\"valueRequired\":true,\"valueName\":\"search_term_string\"}}],\"inLanguage\":\"de\"},{\"@type\":\"Organization\",\"@id\":\"https:\/\/www.kss-sachsen.de\/#organization\",\"name\":\"Konferenz S\u00e4chsischer Studierendenschaften\",\"url\":\"https:\/\/www.kss-sachsen.de\/\",\"logo\":{\"@type\":\"ImageObject\",\"inLanguage\":\"de\",\"@id\":\"https:\/\/www.kss-sachsen.de\/#\/schema\/logo\/image\/\",\"url\":\"https:\/\/www.kss-sachsen.de\/wp-content\/uploads\/2023\/02\/Logo-KSS.png\",\"contentUrl\":\"https:\/\/www.kss-sachsen.de\/wp-content\/uploads\/2023\/02\/Logo-KSS.png\",\"width\":2239,\"height\":1528,\"caption\":\"Konferenz S\u00e4chsischer Studierendenschaften\"},\"image\":{\"@id\":\"https:\/\/www.kss-sachsen.de\/#\/schema\/logo\/image\/\"},\"sameAs\":[\"https:\/\/www.instagram.com\/kss_sachsen\/\"]},{\"@type\":\"Person\",\"@id\":\"https:\/\/www.kss-sachsen.de\/#\/schema\/person\/fbcf1c2438e102156e84a4ba5c3daa64\",\"name\":\"administration\",\"image\":{\"@type\":\"ImageObject\",\"inLanguage\":\"de\",\"@id\":\"https:\/\/www.kss-sachsen.de\/#\/schema\/person\/image\/\",\"url\":\"https:\/\/secure.gravatar.com\/avatar\/e4ecd4cb3a6714c2adcf507161262d91?s=96&d=mm&r=g\",\"contentUrl\":\"https:\/\/secure.gravatar.com\/avatar\/e4ecd4cb3a6714c2adcf507161262d91?s=96&d=mm&r=g\",\"caption\":\"administration\"},\"url\":\"https:\/\/www.kss-sachsen.de\/?author=1\"}]}<\/script>\n<!-- \/ Yoast SEO plugin. -->","yoast_head_json":{"title":"T\u00fcrchen 22 | 2018 - KSS","robots":{"index":"index","follow":"follow","max-snippet":"max-snippet:-1","max-image-preview":"max-image-preview:large","max-video-preview":"max-video-preview:-1"},"canonical":"https:\/\/www.kss-sachsen.de\/?p=1247","og_locale":"de_DE","og_type":"article","og_title":"T\u00fcrchen 22 | 2018 - KSS","og_description":"#KSSAdventskalender Hinter unserem heutigen T\u00fcrchen versteckt sich die Forderung nach der Einf\u00fchrung einer zentralen Inklusionsbeauftagtenstelle. Was in vielen Bundesl\u00e4ndern schon l\u00e4ngst der Fall ist, ist in Sachsen noch nicht einmal ansatzweise gesetzlich verankert. Die Einf\u00fchrung einer Inklusionsbeauftragten sowohl auf Hochschul- als auch auf Fakult\u00e4tsebene kann gew\u00e4hrleisten, dass der Inklusionsauftrag \u2013 der durch die UN_Behindertenrechtskonvention an die Hochschulen gestellt wird \u2013Hier weiter lesen...","og_url":"https:\/\/www.kss-sachsen.de\/?p=1247","og_site_name":"KSS","article_published_time":"2018-12-23T09:53:23+00:00","author":"administration","twitter_card":"summary_large_image","twitter_misc":{"Verfasst von":"administration","Gesch\u00e4tzte Lesezeit":"3\u00a0Minuten"},"schema":{"@context":"https:\/\/schema.org","@graph":[{"@type":"Article","@id":"https:\/\/www.kss-sachsen.de\/?p=1247#article","isPartOf":{"@id":"https:\/\/www.kss-sachsen.de\/?p=1247"},"author":{"name":"administration","@id":"https:\/\/www.kss-sachsen.de\/#\/schema\/person\/fbcf1c2438e102156e84a4ba5c3daa64"},"headline":"T\u00fcrchen 22 | 2018","datePublished":"2018-12-23T09:53:23+00:00","dateModified":"2018-12-23T09:53:23+00:00","mainEntityOfPage":{"@id":"https:\/\/www.kss-sachsen.de\/?p=1247"},"wordCount":614,"commentCount":0,"publisher":{"@id":"https:\/\/www.kss-sachsen.de\/#organization"},"articleSection":["Uncategorized"],"inLanguage":"de","potentialAction":[{"@type":"CommentAction","name":"Comment","target":["https:\/\/www.kss-sachsen.de\/?p=1247#respond"]}]},{"@type":"WebPage","@id":"https:\/\/www.kss-sachsen.de\/?p=1247","url":"https:\/\/www.kss-sachsen.de\/?p=1247","name":"T\u00fcrchen 22 | 2018 - KSS","isPartOf":{"@id":"https:\/\/www.kss-sachsen.de\/#website"},"datePublished":"2018-12-23T09:53:23+00:00","dateModified":"2018-12-23T09:53:23+00:00","breadcrumb":{"@id":"https:\/\/www.kss-sachsen.de\/?p=1247#breadcrumb"},"inLanguage":"de","potentialAction":[{"@type":"ReadAction","target":["https:\/\/www.kss-sachsen.de\/?p=1247"]}]},{"@type":"BreadcrumbList","@id":"https:\/\/www.kss-sachsen.de\/?p=1247#breadcrumb","itemListElement":[{"@type":"ListItem","position":1,"name":"Home","item":"https:\/\/www.kss-sachsen.de\/"},{"@type":"ListItem","position":2,"name":"T\u00fcrchen 22 | 2018"}]},{"@type":"WebSite","@id":"https:\/\/www.kss-sachsen.de\/#website","url":"https:\/\/www.kss-sachsen.de\/","name":"Konferenz S\u00e4chsischer Studierendenschaften","description":"Konferenz S\u00e4chsischer Studierendenschaften","publisher":{"@id":"https:\/\/www.kss-sachsen.de\/#organization"},"potentialAction":[{"@type":"SearchAction","target":{"@type":"EntryPoint","urlTemplate":"https:\/\/www.kss-sachsen.de\/?s={search_term_string}"},"query-input":{"@type":"PropertyValueSpecification","valueRequired":true,"valueName":"search_term_string"}}],"inLanguage":"de"},{"@type":"Organization","@id":"https:\/\/www.kss-sachsen.de\/#organization","name":"Konferenz S\u00e4chsischer Studierendenschaften","url":"https:\/\/www.kss-sachsen.de\/","logo":{"@type":"ImageObject","inLanguage":"de","@id":"https:\/\/www.kss-sachsen.de\/#\/schema\/logo\/image\/","url":"https:\/\/www.kss-sachsen.de\/wp-content\/uploads\/2023\/02\/Logo-KSS.png","contentUrl":"https:\/\/www.kss-sachsen.de\/wp-content\/uploads\/2023\/02\/Logo-KSS.png","width":2239,"height":1528,"caption":"Konferenz S\u00e4chsischer Studierendenschaften"},"image":{"@id":"https:\/\/www.kss-sachsen.de\/#\/schema\/logo\/image\/"},"sameAs":["https:\/\/www.instagram.com\/kss_sachsen\/"]},{"@type":"Person","@id":"https:\/\/www.kss-sachsen.de\/#\/schema\/person\/fbcf1c2438e102156e84a4ba5c3daa64","name":"administration","image":{"@type":"ImageObject","inLanguage":"de","@id":"https:\/\/www.kss-sachsen.de\/#\/schema\/person\/image\/","url":"https:\/\/secure.gravatar.com\/avatar\/e4ecd4cb3a6714c2adcf507161262d91?s=96&d=mm&r=g","contentUrl":"https:\/\/secure.gravatar.com\/avatar\/e4ecd4cb3a6714c2adcf507161262d91?s=96&d=mm&r=g","caption":"administration"},"url":"https:\/\/www.kss-sachsen.de\/?author=1"}]}},"_links":{"self":[{"href":"https:\/\/www.kss-sachsen.de\/index.php?rest_route=\/wp\/v2\/posts\/1247"}],"collection":[{"href":"https:\/\/www.kss-sachsen.de\/index.php?rest_route=\/wp\/v2\/posts"}],"about":[{"href":"https:\/\/www.kss-sachsen.de\/index.php?rest_route=\/wp\/v2\/types\/post"}],"author":[{"embeddable":true,"href":"https:\/\/www.kss-sachsen.de\/index.php?rest_route=\/wp\/v2\/users\/1"}],"replies":[{"embeddable":true,"href":"https:\/\/www.kss-sachsen.de\/index.php?rest_route=%2Fwp%2Fv2%2Fcomments&post=1247"}],"version-history":[{"count":4,"href":"https:\/\/www.kss-sachsen.de\/index.php?rest_route=\/wp\/v2\/posts\/1247\/revisions"}],"predecessor-version":[{"id":1288,"href":"https:\/\/www.kss-sachsen.de\/index.php?rest_route=\/wp\/v2\/posts\/1247\/revisions\/1288"}],"wp:attachment":[{"href":"https:\/\/www.kss-sachsen.de\/index.php?rest_route=%2Fwp%2Fv2%2Fmedia&parent=1247"}],"wp:term":[{"taxonomy":"category","embeddable":true,"href":"https:\/\/www.kss-sachsen.de\/index.php?rest_route=%2Fwp%2Fv2%2Fcategories&post=1247"},{"taxonomy":"post_tag","embeddable":true,"href":"https:\/\/www.kss-sachsen.de\/index.php?rest_route=%2Fwp%2Fv2%2Ftags&post=1247"}],"curies":[{"name":"wp","href":"https:\/\/api.w.org\/{rel}","templated":true}]}}