{"id":1322,"date":"2019-02-20T10:42:10","date_gmt":"2019-02-20T09:42:10","guid":{"rendered":"https:\/\/www.kss-sachsen.de\/?p=1322"},"modified":"2019-02-20T10:42:10","modified_gmt":"2019-02-20T09:42:10","slug":"pm-0119-landesstudierendenvertretung-verurteilt-moglichen-eingriff-des-verfassungsschutzes-in-die-autonomie-der-hochschule","status":"publish","type":"post","link":"https:\/\/www.kss-sachsen.de\/?p=1322","title":{"rendered":"PM 01\/19 | Landesstudierendenvertretung verurteilt m\u00f6glichen Eingriff des Verfassungsschutzes in die Autonomie der Hochschule"},"content":{"rendered":"<p>Wie der Pressesprecher der &#8222;Kritischen Einf\u00fchrungswochen&#8220; (KEW) bekannt gegeben hat, habe das Landesamt f\u00fcr Verfassungsschutz auf die Raumvergabe der Universit\u00e4t Leipzig Druck ausge\u00fcbt, den KEW R\u00e4ume f\u00fcr ihre Veranstaltungen zu verwehren.<sup>[1]<\/sup> Der hochschulpolitische Sprecher der Linksfraktion, Ren\u00e9 Jala\u00df, hat diesbez\u00fcglich mehrere kleine Anfragen gestellt, die nun Auskunft dar\u00fcber geben sollen, inwieweit der Verfassungsschutz tats\u00e4chlich involviert gewesen ist.<sup>[2]<\/sup><br \/>\nSollte sich die Verstrickung des Verfassungsschutzes bewahrheiten, verurteilt die Konferenz S\u00e4chsischer Studierendenschaften (KSS) diesen Eingriff, fordert eine umfassende Offenlegung der Vorkommnisse seitens der Staatsregierung und solidarisiert sich mit den Organisator*innen der KEW.<br \/>\nDie semesterweise stattfindenden KEW bieten Leipziger Student*innen eine Plattform, um sich kritisch mit verschiedenen Themenkomplexen auseinandersetzen zu k\u00f6nnen. &#8222;Das sowieso schon enggestrickte Studium bietet wenig Freiraum, sich intensiver mit gesellschaftsrelevanten Fragen zu besch\u00e4ftigen. Studentische Initiativen, wie beispielsweise die KEW, m\u00fcssen daher unterst\u00fctzt statt behindert werden&#8220;, so Paul H\u00f6sler, Sprecher der KSS. Im vergangenen Jahr hat die Universit\u00e4t Leipzig nach anf\u00e4nglicher Ablehnung und erst auf Dr\u00e4ngen des Student_innenRates hin die Raumanfragen kurz vor geplantem Beginn der Veranstaltungen genehmigt. &#8222;Das Verhalten der Hochschule ist rational in keiner Weise nachvollziehbar. Wir bekr\u00e4ftigen hiermit nochmal unsere Forderung, studentischem Engagement nicht mehr Steine in den Weg zu legen, als es durch s\u00e4chsische Politik sowieso schon der Fall ist&#8220;, so Marius Hirschfeld, Sprecher der KSS.<br \/>\nGerade im sogenannten &#8222;Superwahljahr&#8220; bekommt der Eingriff des Verfassungsschutzes einen bitteren Beigeschmack. &#8222;Statt sich mit demokratiefeindlichen Tendenzen von rechts auseinanderzusetzen, versucht der Verfassungsschutz wichtige studentische Arbeit zu verhindern. Wir kritisieren diesen Eingriff in die Hochschulautonomie, der einem Angriff auf die Verfasste Studierendenschaft gleichkommt&#8220;, so Hirschfeld abschlie\u00dfend.<\/p>\n<p>[1] https:\/\/kew-leipzig.de\/presse\/<br \/>\n[2] Drs 6\/16777 bis Drs 6\/16780<\/p>\n<p>Die KSS vertritt als gesetzlich legitimierte Landesstudierendenvertretung alle 106.000 Studierenden an Sachsens staatlichen Hochschulen. F\u00fcr R\u00fcckfragen wenden Sie sich bitte an die Sprecher der KSS:<br \/>\nMarius Hirschfeld &#8211; 0171 6261949 und Paul H\u00f6sler &#8211; 0162 4362609<\/p>\n<p>___<\/p>\n<p>Die Pressemitteilung als *.pdf finden Sie <a href=\"https:\/\/cloud.kss-sachsen.de\/s\/i8vrHieUQie0STG\">hier<\/a>.<\/p>\n","protected":false},"excerpt":{"rendered":"<p>Wie der Pressesprecher der &#8222;Kritischen Einf\u00fchrungswochen&#8220; (KEW) bekannt gegeben hat, habe das Landesamt f\u00fcr Verfassungsschutz auf die Raumvergabe der Universit\u00e4t Leipzig Druck ausge\u00fcbt, den KEW R\u00e4ume f\u00fcr ihre Veranstaltungen zu verwehren.[1] Der hochschulpolitische Sprecher der Linksfraktion, Ren\u00e9 Jala\u00df, hat diesbez\u00fcglich mehrere kleine Anfragen gestellt, die nun Auskunft dar\u00fcber geben sollen, inwieweit der Verfassungsschutz tats\u00e4chlich involviert gewesen ist.[2] Sollte sich die<a class=\"read-more\" href=\"https:\/\/www.kss-sachsen.de\/?p=1322\">Hier weiter lesen&#8230;<\/a><\/p>\n","protected":false},"author":1,"featured_media":0,"comment_status":"open","ping_status":"open","sticky":false,"template":"","format":"standard","meta":{"footnotes":""},"categories":[1],"tags":[],"yoast_head":"<!-- This site is optimized with the Yoast SEO plugin v23.5 - https:\/\/yoast.com\/wordpress\/plugins\/seo\/ -->\n<title>PM 01\/19 | Landesstudierendenvertretung verurteilt m\u00f6glichen Eingriff des Verfassungsschutzes in die Autonomie der Hochschule - KSS<\/title>\n<meta name=\"robots\" content=\"index, follow, max-snippet:-1, max-image-preview:large, max-video-preview:-1\" \/>\n<link rel=\"canonical\" href=\"https:\/\/www.kss-sachsen.de\/?p=1322\" \/>\n<meta property=\"og:locale\" content=\"de_DE\" \/>\n<meta property=\"og:type\" content=\"article\" \/>\n<meta property=\"og:title\" content=\"PM 01\/19 | Landesstudierendenvertretung verurteilt m\u00f6glichen Eingriff des Verfassungsschutzes in die Autonomie der Hochschule - KSS\" \/>\n<meta property=\"og:description\" content=\"Wie der Pressesprecher der &#8222;Kritischen Einf\u00fchrungswochen&#8220; (KEW) bekannt gegeben hat, habe das Landesamt f\u00fcr Verfassungsschutz auf die Raumvergabe der Universit\u00e4t Leipzig Druck ausge\u00fcbt, den KEW R\u00e4ume f\u00fcr ihre Veranstaltungen zu verwehren.[1] Der hochschulpolitische Sprecher der Linksfraktion, Ren\u00e9 Jala\u00df, hat diesbez\u00fcglich mehrere kleine Anfragen gestellt, die nun Auskunft dar\u00fcber geben sollen, inwieweit der Verfassungsschutz tats\u00e4chlich involviert gewesen ist.[2] Sollte sich dieHier weiter lesen...\" \/>\n<meta property=\"og:url\" content=\"https:\/\/www.kss-sachsen.de\/?p=1322\" \/>\n<meta property=\"og:site_name\" content=\"KSS\" \/>\n<meta property=\"article:published_time\" content=\"2019-02-20T09:42:10+00:00\" \/>\n<meta name=\"author\" content=\"administration\" \/>\n<meta name=\"twitter:card\" content=\"summary_large_image\" \/>\n<meta name=\"twitter:label1\" content=\"Verfasst von\" \/>\n\t<meta name=\"twitter:data1\" content=\"administration\" \/>\n\t<meta name=\"twitter:label2\" content=\"Gesch\u00e4tzte Lesezeit\" \/>\n\t<meta name=\"twitter:data2\" content=\"2\u00a0Minuten\" \/>\n<script type=\"application\/ld+json\" class=\"yoast-schema-graph\">{\"@context\":\"https:\/\/schema.org\",\"@graph\":[{\"@type\":\"Article\",\"@id\":\"https:\/\/www.kss-sachsen.de\/?p=1322#article\",\"isPartOf\":{\"@id\":\"https:\/\/www.kss-sachsen.de\/?p=1322\"},\"author\":{\"name\":\"administration\",\"@id\":\"https:\/\/www.kss-sachsen.de\/#\/schema\/person\/fbcf1c2438e102156e84a4ba5c3daa64\"},\"headline\":\"PM 01\/19 | Landesstudierendenvertretung verurteilt m\u00f6glichen Eingriff des Verfassungsschutzes in die Autonomie der Hochschule\",\"datePublished\":\"2019-02-20T09:42:10+00:00\",\"dateModified\":\"2019-02-20T09:42:10+00:00\",\"mainEntityOfPage\":{\"@id\":\"https:\/\/www.kss-sachsen.de\/?p=1322\"},\"wordCount\":339,\"commentCount\":0,\"publisher\":{\"@id\":\"https:\/\/www.kss-sachsen.de\/#organization\"},\"articleSection\":[\"Uncategorized\"],\"inLanguage\":\"de\",\"potentialAction\":[{\"@type\":\"CommentAction\",\"name\":\"Comment\",\"target\":[\"https:\/\/www.kss-sachsen.de\/?p=1322#respond\"]}]},{\"@type\":\"WebPage\",\"@id\":\"https:\/\/www.kss-sachsen.de\/?p=1322\",\"url\":\"https:\/\/www.kss-sachsen.de\/?p=1322\",\"name\":\"PM 01\/19 | Landesstudierendenvertretung verurteilt m\u00f6glichen Eingriff des Verfassungsschutzes in die Autonomie der Hochschule - KSS\",\"isPartOf\":{\"@id\":\"https:\/\/www.kss-sachsen.de\/#website\"},\"datePublished\":\"2019-02-20T09:42:10+00:00\",\"dateModified\":\"2019-02-20T09:42:10+00:00\",\"breadcrumb\":{\"@id\":\"https:\/\/www.kss-sachsen.de\/?p=1322#breadcrumb\"},\"inLanguage\":\"de\",\"potentialAction\":[{\"@type\":\"ReadAction\",\"target\":[\"https:\/\/www.kss-sachsen.de\/?p=1322\"]}]},{\"@type\":\"BreadcrumbList\",\"@id\":\"https:\/\/www.kss-sachsen.de\/?p=1322#breadcrumb\",\"itemListElement\":[{\"@type\":\"ListItem\",\"position\":1,\"name\":\"Home\",\"item\":\"https:\/\/www.kss-sachsen.de\/\"},{\"@type\":\"ListItem\",\"position\":2,\"name\":\"PM 01\/19 | Landesstudierendenvertretung verurteilt m\u00f6glichen Eingriff des Verfassungsschutzes in die Autonomie der Hochschule\"}]},{\"@type\":\"WebSite\",\"@id\":\"https:\/\/www.kss-sachsen.de\/#website\",\"url\":\"https:\/\/www.kss-sachsen.de\/\",\"name\":\"Konferenz S\u00e4chsischer Studierendenschaften\",\"description\":\"Konferenz S\u00e4chsischer Studierendenschaften\",\"publisher\":{\"@id\":\"https:\/\/www.kss-sachsen.de\/#organization\"},\"potentialAction\":[{\"@type\":\"SearchAction\",\"target\":{\"@type\":\"EntryPoint\",\"urlTemplate\":\"https:\/\/www.kss-sachsen.de\/?s={search_term_string}\"},\"query-input\":{\"@type\":\"PropertyValueSpecification\",\"valueRequired\":true,\"valueName\":\"search_term_string\"}}],\"inLanguage\":\"de\"},{\"@type\":\"Organization\",\"@id\":\"https:\/\/www.kss-sachsen.de\/#organization\",\"name\":\"Konferenz S\u00e4chsischer Studierendenschaften\",\"url\":\"https:\/\/www.kss-sachsen.de\/\",\"logo\":{\"@type\":\"ImageObject\",\"inLanguage\":\"de\",\"@id\":\"https:\/\/www.kss-sachsen.de\/#\/schema\/logo\/image\/\",\"url\":\"https:\/\/www.kss-sachsen.de\/wp-content\/uploads\/2023\/02\/Logo-KSS.png\",\"contentUrl\":\"https:\/\/www.kss-sachsen.de\/wp-content\/uploads\/2023\/02\/Logo-KSS.png\",\"width\":2239,\"height\":1528,\"caption\":\"Konferenz S\u00e4chsischer Studierendenschaften\"},\"image\":{\"@id\":\"https:\/\/www.kss-sachsen.de\/#\/schema\/logo\/image\/\"},\"sameAs\":[\"https:\/\/www.instagram.com\/kss_sachsen\/\"]},{\"@type\":\"Person\",\"@id\":\"https:\/\/www.kss-sachsen.de\/#\/schema\/person\/fbcf1c2438e102156e84a4ba5c3daa64\",\"name\":\"administration\",\"image\":{\"@type\":\"ImageObject\",\"inLanguage\":\"de\",\"@id\":\"https:\/\/www.kss-sachsen.de\/#\/schema\/person\/image\/\",\"url\":\"https:\/\/secure.gravatar.com\/avatar\/e4ecd4cb3a6714c2adcf507161262d91?s=96&d=mm&r=g\",\"contentUrl\":\"https:\/\/secure.gravatar.com\/avatar\/e4ecd4cb3a6714c2adcf507161262d91?s=96&d=mm&r=g\",\"caption\":\"administration\"},\"url\":\"https:\/\/www.kss-sachsen.de\/?author=1\"}]}<\/script>\n<!-- \/ Yoast SEO plugin. -->","yoast_head_json":{"title":"PM 01\/19 | Landesstudierendenvertretung verurteilt m\u00f6glichen Eingriff des Verfassungsschutzes in die Autonomie der Hochschule - KSS","robots":{"index":"index","follow":"follow","max-snippet":"max-snippet:-1","max-image-preview":"max-image-preview:large","max-video-preview":"max-video-preview:-1"},"canonical":"https:\/\/www.kss-sachsen.de\/?p=1322","og_locale":"de_DE","og_type":"article","og_title":"PM 01\/19 | Landesstudierendenvertretung verurteilt m\u00f6glichen Eingriff des Verfassungsschutzes in die Autonomie der Hochschule - KSS","og_description":"Wie der Pressesprecher der &#8222;Kritischen Einf\u00fchrungswochen&#8220; (KEW) bekannt gegeben hat, habe das Landesamt f\u00fcr Verfassungsschutz auf die Raumvergabe der Universit\u00e4t Leipzig Druck ausge\u00fcbt, den KEW R\u00e4ume f\u00fcr ihre Veranstaltungen zu verwehren.[1] Der hochschulpolitische Sprecher der Linksfraktion, Ren\u00e9 Jala\u00df, hat diesbez\u00fcglich mehrere kleine Anfragen gestellt, die nun Auskunft dar\u00fcber geben sollen, inwieweit der Verfassungsschutz tats\u00e4chlich involviert gewesen ist.[2] Sollte sich dieHier weiter lesen...","og_url":"https:\/\/www.kss-sachsen.de\/?p=1322","og_site_name":"KSS","article_published_time":"2019-02-20T09:42:10+00:00","author":"administration","twitter_card":"summary_large_image","twitter_misc":{"Verfasst von":"administration","Gesch\u00e4tzte Lesezeit":"2\u00a0Minuten"},"schema":{"@context":"https:\/\/schema.org","@graph":[{"@type":"Article","@id":"https:\/\/www.kss-sachsen.de\/?p=1322#article","isPartOf":{"@id":"https:\/\/www.kss-sachsen.de\/?p=1322"},"author":{"name":"administration","@id":"https:\/\/www.kss-sachsen.de\/#\/schema\/person\/fbcf1c2438e102156e84a4ba5c3daa64"},"headline":"PM 01\/19 | Landesstudierendenvertretung verurteilt m\u00f6glichen Eingriff des Verfassungsschutzes in die Autonomie der Hochschule","datePublished":"2019-02-20T09:42:10+00:00","dateModified":"2019-02-20T09:42:10+00:00","mainEntityOfPage":{"@id":"https:\/\/www.kss-sachsen.de\/?p=1322"},"wordCount":339,"commentCount":0,"publisher":{"@id":"https:\/\/www.kss-sachsen.de\/#organization"},"articleSection":["Uncategorized"],"inLanguage":"de","potentialAction":[{"@type":"CommentAction","name":"Comment","target":["https:\/\/www.kss-sachsen.de\/?p=1322#respond"]}]},{"@type":"WebPage","@id":"https:\/\/www.kss-sachsen.de\/?p=1322","url":"https:\/\/www.kss-sachsen.de\/?p=1322","name":"PM 01\/19 | Landesstudierendenvertretung verurteilt m\u00f6glichen Eingriff des Verfassungsschutzes in die Autonomie der Hochschule - KSS","isPartOf":{"@id":"https:\/\/www.kss-sachsen.de\/#website"},"datePublished":"2019-02-20T09:42:10+00:00","dateModified":"2019-02-20T09:42:10+00:00","breadcrumb":{"@id":"https:\/\/www.kss-sachsen.de\/?p=1322#breadcrumb"},"inLanguage":"de","potentialAction":[{"@type":"ReadAction","target":["https:\/\/www.kss-sachsen.de\/?p=1322"]}]},{"@type":"BreadcrumbList","@id":"https:\/\/www.kss-sachsen.de\/?p=1322#breadcrumb","itemListElement":[{"@type":"ListItem","position":1,"name":"Home","item":"https:\/\/www.kss-sachsen.de\/"},{"@type":"ListItem","position":2,"name":"PM 01\/19 | Landesstudierendenvertretung verurteilt m\u00f6glichen Eingriff des Verfassungsschutzes in die Autonomie der Hochschule"}]},{"@type":"WebSite","@id":"https:\/\/www.kss-sachsen.de\/#website","url":"https:\/\/www.kss-sachsen.de\/","name":"Konferenz S\u00e4chsischer Studierendenschaften","description":"Konferenz S\u00e4chsischer Studierendenschaften","publisher":{"@id":"https:\/\/www.kss-sachsen.de\/#organization"},"potentialAction":[{"@type":"SearchAction","target":{"@type":"EntryPoint","urlTemplate":"https:\/\/www.kss-sachsen.de\/?s={search_term_string}"},"query-input":{"@type":"PropertyValueSpecification","valueRequired":true,"valueName":"search_term_string"}}],"inLanguage":"de"},{"@type":"Organization","@id":"https:\/\/www.kss-sachsen.de\/#organization","name":"Konferenz S\u00e4chsischer Studierendenschaften","url":"https:\/\/www.kss-sachsen.de\/","logo":{"@type":"ImageObject","inLanguage":"de","@id":"https:\/\/www.kss-sachsen.de\/#\/schema\/logo\/image\/","url":"https:\/\/www.kss-sachsen.de\/wp-content\/uploads\/2023\/02\/Logo-KSS.png","contentUrl":"https:\/\/www.kss-sachsen.de\/wp-content\/uploads\/2023\/02\/Logo-KSS.png","width":2239,"height":1528,"caption":"Konferenz S\u00e4chsischer Studierendenschaften"},"image":{"@id":"https:\/\/www.kss-sachsen.de\/#\/schema\/logo\/image\/"},"sameAs":["https:\/\/www.instagram.com\/kss_sachsen\/"]},{"@type":"Person","@id":"https:\/\/www.kss-sachsen.de\/#\/schema\/person\/fbcf1c2438e102156e84a4ba5c3daa64","name":"administration","image":{"@type":"ImageObject","inLanguage":"de","@id":"https:\/\/www.kss-sachsen.de\/#\/schema\/person\/image\/","url":"https:\/\/secure.gravatar.com\/avatar\/e4ecd4cb3a6714c2adcf507161262d91?s=96&d=mm&r=g","contentUrl":"https:\/\/secure.gravatar.com\/avatar\/e4ecd4cb3a6714c2adcf507161262d91?s=96&d=mm&r=g","caption":"administration"},"url":"https:\/\/www.kss-sachsen.de\/?author=1"}]}},"_links":{"self":[{"href":"https:\/\/www.kss-sachsen.de\/index.php?rest_route=\/wp\/v2\/posts\/1322"}],"collection":[{"href":"https:\/\/www.kss-sachsen.de\/index.php?rest_route=\/wp\/v2\/posts"}],"about":[{"href":"https:\/\/www.kss-sachsen.de\/index.php?rest_route=\/wp\/v2\/types\/post"}],"author":[{"embeddable":true,"href":"https:\/\/www.kss-sachsen.de\/index.php?rest_route=\/wp\/v2\/users\/1"}],"replies":[{"embeddable":true,"href":"https:\/\/www.kss-sachsen.de\/index.php?rest_route=%2Fwp%2Fv2%2Fcomments&post=1322"}],"version-history":[{"count":7,"href":"https:\/\/www.kss-sachsen.de\/index.php?rest_route=\/wp\/v2\/posts\/1322\/revisions"}],"predecessor-version":[{"id":1329,"href":"https:\/\/www.kss-sachsen.de\/index.php?rest_route=\/wp\/v2\/posts\/1322\/revisions\/1329"}],"wp:attachment":[{"href":"https:\/\/www.kss-sachsen.de\/index.php?rest_route=%2Fwp%2Fv2%2Fmedia&parent=1322"}],"wp:term":[{"taxonomy":"category","embeddable":true,"href":"https:\/\/www.kss-sachsen.de\/index.php?rest_route=%2Fwp%2Fv2%2Fcategories&post=1322"},{"taxonomy":"post_tag","embeddable":true,"href":"https:\/\/www.kss-sachsen.de\/index.php?rest_route=%2Fwp%2Fv2%2Ftags&post=1322"}],"curies":[{"name":"wp","href":"https:\/\/api.w.org\/{rel}","templated":true}]}}