{"id":1349,"date":"2019-04-01T08:42:11","date_gmt":"2019-04-01T06:42:11","guid":{"rendered":"https:\/\/www.kss-sachsen.de\/?p=1349"},"modified":"2019-04-01T08:42:11","modified_gmt":"2019-04-01T06:42:11","slug":"pm-0219-konferenz-sachsischer-studierendenschaften-wahlt-neue-amtstragerinnen-landtagswahlen-im-fokus-der-neuen-legislaturperiode","status":"publish","type":"post","link":"https:\/\/www.kss-sachsen.de\/PM_02_19","title":{"rendered":"PM 02\/19: Konferenz S\u00e4chsischer Studierendenschaften w\u00e4hlt neue Amtstr\u00e4ger*innen &#8211; Landtagswahlen im Fokus der neuen Legislaturperiode"},"content":{"rendered":"<p>Am Dienstag, dem 26.03.2019, hat die Konferenz S\u00e4chsischer Studierendenschaften (KSS) ein neues Amtstr\u00e4ger*innenteam gew\u00e4hlt. Ab dem 01.04.2019 wird die KSS von den beiden neuen Sprechern Nico Zech (HTWK Leipzig) und Lasse Emcken (Universit\u00e4t Leipzig) nach au\u00dfen vertreten. Verena Traubinger (TU Chemnitz) wird die Koordination, Nathalie Schmidt (TU Dresden) das Themenfeld Lehramt und Matthias L\u00f6w (TU Chemnitz) die Finanzen der KSS \u00fcbernehmen.<\/p>\n<p>\u201cGerade im Superwahljahr mit der anstehenden Landtagswahl ist eine studentische Wahlbeteiligung \u00fcberaus wichtig. Da das Thema Bildung in die Kompetenz der Landtage f\u00e4llt, sollen die s\u00e4chsischen Studierenden durch unsere Wahlpr\u00fcfsteine umfassend informiert werden.\u201d Unter dem neuen Amtstr\u00e4ger*innen-Team wird sich die KSS f\u00fcr die St\u00e4rkung der s\u00e4chsischen Demokratie einsetzen. \u201cEine Wahlbeteiligung von 49,1 %, wie bei der letzten Landtagswahl, ist indiskutabel. Dabei sind es gerade junge Menschen, also auch Studierende, die h\u00e4ufig nicht w\u00e4hlen. Deswegen: Meldet Euren Wohnsitz in Sachsen an und geht w\u00e4hlen oder gebt Eure Stimme per Briefwahl ab, wenn ihr Anfang September nicht in Sachsen seid.\u201d, f\u00fchrt Zech aus.<\/p>\n<p>Die KSS wird dabei weiterhin an ihrer Forderung zur Novelle des S\u00e4chsischen Hochschulfreiheitsgesetzes festhalten. &#8222;Tiefgreifende Verbesserungen an den s\u00e4chsischen Hochschulen k\u00f6nnen wir nur mit einem neuen Hochschulgesetz erreichen. Nat\u00fcrlich m\u00f6chten wir eine St\u00e4rkung der Studierendenschaften, aber die Abschaffung der Langzeitstudiengeb\u00fchren und die Verl\u00e4ngerung der Regelstudienzeiten sind unsere Kernforderungen.\u201d erkl\u00e4rt Lasse Emcken. \u201cDas dringendste Problem ist jedoch die derzeitige Entwicklung zur Pr\u00fcfungsabmeldung im Krankheitsfall. An vielen Fakult\u00e4ten reicht eine Arbeitsunf\u00e4higkeitserkl\u00e4rung nicht mehr aus, um eine Pr\u00fcfungsunf\u00e4higkeit zu belegen. Stattdessen werden \u00e4rztliche Atteste gefordert, in denen Symptome aufgeschl\u00fcsselt werden. Dies verletzt die Pers\u00f6nlichkeitsrechte von Studierenden und muss so schnell wie m\u00f6glich ge\u00e4ndert werden!\u201d so Emcken abschlie\u00dfend.<\/p>\n<p>Die KSS vertritt als gesetzlich legitimierte Landesstudierendenvertretung alle 106.000 Studierenden an Sachsens staatlichen Hochschulen. F\u00fcr R\u00fcckfragen wenden Sie sich bitte an die Sprecher der KSS:<br \/>\nLasse Emcken \u2013 0157\/88360402 und Nico Zech \u2013 01578\/8398437<\/p>\n<p>___<\/p>\n<p>Die Pressemitteilung als *.pdf finden Sie <a href=\"https:\/\/cloud.kss-sachsen.de\/s\/G0g9rcwNIbLZxlL\">hier<\/a>.<\/p>\n","protected":false},"excerpt":{"rendered":"<p>Am Dienstag, dem 26.03.2019, hat die Konferenz S\u00e4chsischer Studierendenschaften (KSS) ein neues Amtstr\u00e4ger*innenteam gew\u00e4hlt. Ab dem 01.04.2019 wird die KSS von den beiden neuen Sprechern Nico Zech (HTWK Leipzig) und Lasse Emcken (Universit\u00e4t Leipzig) nach au\u00dfen vertreten. Verena Traubinger (TU Chemnitz) wird die Koordination, Nathalie Schmidt (TU Dresden) das Themenfeld Lehramt und Matthias L\u00f6w (TU Chemnitz) die Finanzen der KSS<a class=\"read-more\" href=\"https:\/\/www.kss-sachsen.de\/PM_02_19\">Hier weiter lesen&#8230;<\/a><\/p>\n","protected":false},"author":1,"featured_media":1350,"comment_status":"open","ping_status":"open","sticky":false,"template":"","format":"standard","meta":{"footnotes":""},"categories":[1],"tags":[],"yoast_head":"<!-- This site is optimized with the Yoast SEO plugin v23.5 - https:\/\/yoast.com\/wordpress\/plugins\/seo\/ -->\n<title>PM 02\/19: Konferenz S\u00e4chsischer Studierendenschaften w\u00e4hlt neue Amtstr\u00e4ger*innen - Landtagswahlen im Fokus der neuen Legislaturperiode - KSS<\/title>\n<meta name=\"robots\" content=\"index, follow, max-snippet:-1, max-image-preview:large, max-video-preview:-1\" \/>\n<link rel=\"canonical\" href=\"https:\/\/www.kss-sachsen.de\/PM_02_19\" \/>\n<meta property=\"og:locale\" content=\"de_DE\" \/>\n<meta property=\"og:type\" content=\"article\" \/>\n<meta property=\"og:title\" content=\"PM 02\/19: Konferenz S\u00e4chsischer Studierendenschaften w\u00e4hlt neue Amtstr\u00e4ger*innen - Landtagswahlen im Fokus der neuen Legislaturperiode - KSS\" \/>\n<meta property=\"og:description\" content=\"Am Dienstag, dem 26.03.2019, hat die Konferenz S\u00e4chsischer Studierendenschaften (KSS) ein neues Amtstr\u00e4ger*innenteam gew\u00e4hlt. Ab dem 01.04.2019 wird die KSS von den beiden neuen Sprechern Nico Zech (HTWK Leipzig) und Lasse Emcken (Universit\u00e4t Leipzig) nach au\u00dfen vertreten. Verena Traubinger (TU Chemnitz) wird die Koordination, Nathalie Schmidt (TU Dresden) das Themenfeld Lehramt und Matthias L\u00f6w (TU Chemnitz) die Finanzen der KSSHier weiter lesen...\" \/>\n<meta property=\"og:url\" content=\"https:\/\/www.kss-sachsen.de\/PM_02_19\" \/>\n<meta property=\"og:site_name\" content=\"KSS\" \/>\n<meta property=\"article:published_time\" content=\"2019-04-01T06:42:11+00:00\" \/>\n<meta property=\"og:image\" content=\"https:\/\/www.kss-sachsen.de\/wp-content\/uploads\/2019\/04\/55576504_2661229290614763_3597893867635998720_o.jpg\" \/>\n\t<meta property=\"og:image:width\" content=\"2016\" \/>\n\t<meta property=\"og:image:height\" content=\"1512\" \/>\n\t<meta property=\"og:image:type\" content=\"image\/jpeg\" \/>\n<meta name=\"author\" content=\"administration\" \/>\n<meta name=\"twitter:card\" content=\"summary_large_image\" \/>\n<meta name=\"twitter:label1\" content=\"Verfasst von\" \/>\n\t<meta name=\"twitter:data1\" content=\"administration\" \/>\n\t<meta name=\"twitter:label2\" content=\"Gesch\u00e4tzte Lesezeit\" \/>\n\t<meta name=\"twitter:data2\" content=\"2\u00a0Minuten\" \/>\n<script type=\"application\/ld+json\" class=\"yoast-schema-graph\">{\"@context\":\"https:\/\/schema.org\",\"@graph\":[{\"@type\":\"Article\",\"@id\":\"https:\/\/www.kss-sachsen.de\/PM_02_19#article\",\"isPartOf\":{\"@id\":\"https:\/\/www.kss-sachsen.de\/PM_02_19\"},\"author\":{\"name\":\"administration\",\"@id\":\"https:\/\/www.kss-sachsen.de\/#\/schema\/person\/fbcf1c2438e102156e84a4ba5c3daa64\"},\"headline\":\"PM 02\/19: Konferenz S\u00e4chsischer Studierendenschaften w\u00e4hlt neue Amtstr\u00e4ger*innen &#8211; Landtagswahlen im Fokus der neuen Legislaturperiode\",\"datePublished\":\"2019-04-01T06:42:11+00:00\",\"dateModified\":\"2019-04-01T06:42:11+00:00\",\"mainEntityOfPage\":{\"@id\":\"https:\/\/www.kss-sachsen.de\/PM_02_19\"},\"wordCount\":357,\"commentCount\":0,\"publisher\":{\"@id\":\"https:\/\/www.kss-sachsen.de\/#organization\"},\"image\":{\"@id\":\"https:\/\/www.kss-sachsen.de\/PM_02_19#primaryimage\"},\"thumbnailUrl\":\"https:\/\/www.kss-sachsen.de\/wp-content\/uploads\/2019\/04\/55576504_2661229290614763_3597893867635998720_o.jpg\",\"articleSection\":[\"Uncategorized\"],\"inLanguage\":\"de\",\"potentialAction\":[{\"@type\":\"CommentAction\",\"name\":\"Comment\",\"target\":[\"https:\/\/www.kss-sachsen.de\/PM_02_19#respond\"]}]},{\"@type\":\"WebPage\",\"@id\":\"https:\/\/www.kss-sachsen.de\/PM_02_19\",\"url\":\"https:\/\/www.kss-sachsen.de\/PM_02_19\",\"name\":\"PM 02\/19: Konferenz S\u00e4chsischer Studierendenschaften w\u00e4hlt neue Amtstr\u00e4ger*innen - Landtagswahlen im Fokus der neuen Legislaturperiode - KSS\",\"isPartOf\":{\"@id\":\"https:\/\/www.kss-sachsen.de\/#website\"},\"primaryImageOfPage\":{\"@id\":\"https:\/\/www.kss-sachsen.de\/PM_02_19#primaryimage\"},\"image\":{\"@id\":\"https:\/\/www.kss-sachsen.de\/PM_02_19#primaryimage\"},\"thumbnailUrl\":\"https:\/\/www.kss-sachsen.de\/wp-content\/uploads\/2019\/04\/55576504_2661229290614763_3597893867635998720_o.jpg\",\"datePublished\":\"2019-04-01T06:42:11+00:00\",\"dateModified\":\"2019-04-01T06:42:11+00:00\",\"breadcrumb\":{\"@id\":\"https:\/\/www.kss-sachsen.de\/PM_02_19#breadcrumb\"},\"inLanguage\":\"de\",\"potentialAction\":[{\"@type\":\"ReadAction\",\"target\":[\"https:\/\/www.kss-sachsen.de\/PM_02_19\"]}]},{\"@type\":\"ImageObject\",\"inLanguage\":\"de\",\"@id\":\"https:\/\/www.kss-sachsen.de\/PM_02_19#primaryimage\",\"url\":\"https:\/\/www.kss-sachsen.de\/wp-content\/uploads\/2019\/04\/55576504_2661229290614763_3597893867635998720_o.jpg\",\"contentUrl\":\"https:\/\/www.kss-sachsen.de\/wp-content\/uploads\/2019\/04\/55576504_2661229290614763_3597893867635998720_o.jpg\",\"width\":2016,\"height\":1512},{\"@type\":\"BreadcrumbList\",\"@id\":\"https:\/\/www.kss-sachsen.de\/PM_02_19#breadcrumb\",\"itemListElement\":[{\"@type\":\"ListItem\",\"position\":1,\"name\":\"Home\",\"item\":\"https:\/\/www.kss-sachsen.de\/\"},{\"@type\":\"ListItem\",\"position\":2,\"name\":\"PM 02\/19: Konferenz S\u00e4chsischer Studierendenschaften w\u00e4hlt neue Amtstr\u00e4ger*innen &#8211; Landtagswahlen im Fokus der neuen Legislaturperiode\"}]},{\"@type\":\"WebSite\",\"@id\":\"https:\/\/www.kss-sachsen.de\/#website\",\"url\":\"https:\/\/www.kss-sachsen.de\/\",\"name\":\"Konferenz S\u00e4chsischer Studierendenschaften\",\"description\":\"Konferenz S\u00e4chsischer Studierendenschaften\",\"publisher\":{\"@id\":\"https:\/\/www.kss-sachsen.de\/#organization\"},\"potentialAction\":[{\"@type\":\"SearchAction\",\"target\":{\"@type\":\"EntryPoint\",\"urlTemplate\":\"https:\/\/www.kss-sachsen.de\/?s={search_term_string}\"},\"query-input\":{\"@type\":\"PropertyValueSpecification\",\"valueRequired\":true,\"valueName\":\"search_term_string\"}}],\"inLanguage\":\"de\"},{\"@type\":\"Organization\",\"@id\":\"https:\/\/www.kss-sachsen.de\/#organization\",\"name\":\"Konferenz S\u00e4chsischer Studierendenschaften\",\"url\":\"https:\/\/www.kss-sachsen.de\/\",\"logo\":{\"@type\":\"ImageObject\",\"inLanguage\":\"de\",\"@id\":\"https:\/\/www.kss-sachsen.de\/#\/schema\/logo\/image\/\",\"url\":\"https:\/\/www.kss-sachsen.de\/wp-content\/uploads\/2023\/02\/Logo-KSS.png\",\"contentUrl\":\"https:\/\/www.kss-sachsen.de\/wp-content\/uploads\/2023\/02\/Logo-KSS.png\",\"width\":2239,\"height\":1528,\"caption\":\"Konferenz S\u00e4chsischer Studierendenschaften\"},\"image\":{\"@id\":\"https:\/\/www.kss-sachsen.de\/#\/schema\/logo\/image\/\"},\"sameAs\":[\"https:\/\/www.instagram.com\/kss_sachsen\/\"]},{\"@type\":\"Person\",\"@id\":\"https:\/\/www.kss-sachsen.de\/#\/schema\/person\/fbcf1c2438e102156e84a4ba5c3daa64\",\"name\":\"administration\",\"image\":{\"@type\":\"ImageObject\",\"inLanguage\":\"de\",\"@id\":\"https:\/\/www.kss-sachsen.de\/#\/schema\/person\/image\/\",\"url\":\"https:\/\/secure.gravatar.com\/avatar\/e4ecd4cb3a6714c2adcf507161262d91?s=96&d=mm&r=g\",\"contentUrl\":\"https:\/\/secure.gravatar.com\/avatar\/e4ecd4cb3a6714c2adcf507161262d91?s=96&d=mm&r=g\",\"caption\":\"administration\"},\"url\":\"https:\/\/www.kss-sachsen.de\/?author=1\"}]}<\/script>\n<!-- \/ Yoast SEO plugin. -->","yoast_head_json":{"title":"PM 02\/19: Konferenz S\u00e4chsischer Studierendenschaften w\u00e4hlt neue Amtstr\u00e4ger*innen - Landtagswahlen im Fokus der neuen Legislaturperiode - KSS","robots":{"index":"index","follow":"follow","max-snippet":"max-snippet:-1","max-image-preview":"max-image-preview:large","max-video-preview":"max-video-preview:-1"},"canonical":"https:\/\/www.kss-sachsen.de\/PM_02_19","og_locale":"de_DE","og_type":"article","og_title":"PM 02\/19: Konferenz S\u00e4chsischer Studierendenschaften w\u00e4hlt neue Amtstr\u00e4ger*innen - Landtagswahlen im Fokus der neuen Legislaturperiode - KSS","og_description":"Am Dienstag, dem 26.03.2019, hat die Konferenz S\u00e4chsischer Studierendenschaften (KSS) ein neues Amtstr\u00e4ger*innenteam gew\u00e4hlt. Ab dem 01.04.2019 wird die KSS von den beiden neuen Sprechern Nico Zech (HTWK Leipzig) und Lasse Emcken (Universit\u00e4t Leipzig) nach au\u00dfen vertreten. Verena Traubinger (TU Chemnitz) wird die Koordination, Nathalie Schmidt (TU Dresden) das Themenfeld Lehramt und Matthias L\u00f6w (TU Chemnitz) die Finanzen der KSSHier weiter lesen...","og_url":"https:\/\/www.kss-sachsen.de\/PM_02_19","og_site_name":"KSS","article_published_time":"2019-04-01T06:42:11+00:00","og_image":[{"width":2016,"height":1512,"url":"https:\/\/www.kss-sachsen.de\/wp-content\/uploads\/2019\/04\/55576504_2661229290614763_3597893867635998720_o.jpg","type":"image\/jpeg"}],"author":"administration","twitter_card":"summary_large_image","twitter_misc":{"Verfasst von":"administration","Gesch\u00e4tzte Lesezeit":"2\u00a0Minuten"},"schema":{"@context":"https:\/\/schema.org","@graph":[{"@type":"Article","@id":"https:\/\/www.kss-sachsen.de\/PM_02_19#article","isPartOf":{"@id":"https:\/\/www.kss-sachsen.de\/PM_02_19"},"author":{"name":"administration","@id":"https:\/\/www.kss-sachsen.de\/#\/schema\/person\/fbcf1c2438e102156e84a4ba5c3daa64"},"headline":"PM 02\/19: Konferenz S\u00e4chsischer Studierendenschaften w\u00e4hlt neue Amtstr\u00e4ger*innen &#8211; Landtagswahlen im Fokus der neuen Legislaturperiode","datePublished":"2019-04-01T06:42:11+00:00","dateModified":"2019-04-01T06:42:11+00:00","mainEntityOfPage":{"@id":"https:\/\/www.kss-sachsen.de\/PM_02_19"},"wordCount":357,"commentCount":0,"publisher":{"@id":"https:\/\/www.kss-sachsen.de\/#organization"},"image":{"@id":"https:\/\/www.kss-sachsen.de\/PM_02_19#primaryimage"},"thumbnailUrl":"https:\/\/www.kss-sachsen.de\/wp-content\/uploads\/2019\/04\/55576504_2661229290614763_3597893867635998720_o.jpg","articleSection":["Uncategorized"],"inLanguage":"de","potentialAction":[{"@type":"CommentAction","name":"Comment","target":["https:\/\/www.kss-sachsen.de\/PM_02_19#respond"]}]},{"@type":"WebPage","@id":"https:\/\/www.kss-sachsen.de\/PM_02_19","url":"https:\/\/www.kss-sachsen.de\/PM_02_19","name":"PM 02\/19: Konferenz S\u00e4chsischer Studierendenschaften w\u00e4hlt neue Amtstr\u00e4ger*innen - Landtagswahlen im Fokus der neuen Legislaturperiode - KSS","isPartOf":{"@id":"https:\/\/www.kss-sachsen.de\/#website"},"primaryImageOfPage":{"@id":"https:\/\/www.kss-sachsen.de\/PM_02_19#primaryimage"},"image":{"@id":"https:\/\/www.kss-sachsen.de\/PM_02_19#primaryimage"},"thumbnailUrl":"https:\/\/www.kss-sachsen.de\/wp-content\/uploads\/2019\/04\/55576504_2661229290614763_3597893867635998720_o.jpg","datePublished":"2019-04-01T06:42:11+00:00","dateModified":"2019-04-01T06:42:11+00:00","breadcrumb":{"@id":"https:\/\/www.kss-sachsen.de\/PM_02_19#breadcrumb"},"inLanguage":"de","potentialAction":[{"@type":"ReadAction","target":["https:\/\/www.kss-sachsen.de\/PM_02_19"]}]},{"@type":"ImageObject","inLanguage":"de","@id":"https:\/\/www.kss-sachsen.de\/PM_02_19#primaryimage","url":"https:\/\/www.kss-sachsen.de\/wp-content\/uploads\/2019\/04\/55576504_2661229290614763_3597893867635998720_o.jpg","contentUrl":"https:\/\/www.kss-sachsen.de\/wp-content\/uploads\/2019\/04\/55576504_2661229290614763_3597893867635998720_o.jpg","width":2016,"height":1512},{"@type":"BreadcrumbList","@id":"https:\/\/www.kss-sachsen.de\/PM_02_19#breadcrumb","itemListElement":[{"@type":"ListItem","position":1,"name":"Home","item":"https:\/\/www.kss-sachsen.de\/"},{"@type":"ListItem","position":2,"name":"PM 02\/19: Konferenz S\u00e4chsischer Studierendenschaften w\u00e4hlt neue Amtstr\u00e4ger*innen &#8211; Landtagswahlen im Fokus der neuen Legislaturperiode"}]},{"@type":"WebSite","@id":"https:\/\/www.kss-sachsen.de\/#website","url":"https:\/\/www.kss-sachsen.de\/","name":"Konferenz S\u00e4chsischer Studierendenschaften","description":"Konferenz S\u00e4chsischer Studierendenschaften","publisher":{"@id":"https:\/\/www.kss-sachsen.de\/#organization"},"potentialAction":[{"@type":"SearchAction","target":{"@type":"EntryPoint","urlTemplate":"https:\/\/www.kss-sachsen.de\/?s={search_term_string}"},"query-input":{"@type":"PropertyValueSpecification","valueRequired":true,"valueName":"search_term_string"}}],"inLanguage":"de"},{"@type":"Organization","@id":"https:\/\/www.kss-sachsen.de\/#organization","name":"Konferenz S\u00e4chsischer Studierendenschaften","url":"https:\/\/www.kss-sachsen.de\/","logo":{"@type":"ImageObject","inLanguage":"de","@id":"https:\/\/www.kss-sachsen.de\/#\/schema\/logo\/image\/","url":"https:\/\/www.kss-sachsen.de\/wp-content\/uploads\/2023\/02\/Logo-KSS.png","contentUrl":"https:\/\/www.kss-sachsen.de\/wp-content\/uploads\/2023\/02\/Logo-KSS.png","width":2239,"height":1528,"caption":"Konferenz S\u00e4chsischer Studierendenschaften"},"image":{"@id":"https:\/\/www.kss-sachsen.de\/#\/schema\/logo\/image\/"},"sameAs":["https:\/\/www.instagram.com\/kss_sachsen\/"]},{"@type":"Person","@id":"https:\/\/www.kss-sachsen.de\/#\/schema\/person\/fbcf1c2438e102156e84a4ba5c3daa64","name":"administration","image":{"@type":"ImageObject","inLanguage":"de","@id":"https:\/\/www.kss-sachsen.de\/#\/schema\/person\/image\/","url":"https:\/\/secure.gravatar.com\/avatar\/e4ecd4cb3a6714c2adcf507161262d91?s=96&d=mm&r=g","contentUrl":"https:\/\/secure.gravatar.com\/avatar\/e4ecd4cb3a6714c2adcf507161262d91?s=96&d=mm&r=g","caption":"administration"},"url":"https:\/\/www.kss-sachsen.de\/?author=1"}]}},"_links":{"self":[{"href":"https:\/\/www.kss-sachsen.de\/index.php?rest_route=\/wp\/v2\/posts\/1349"}],"collection":[{"href":"https:\/\/www.kss-sachsen.de\/index.php?rest_route=\/wp\/v2\/posts"}],"about":[{"href":"https:\/\/www.kss-sachsen.de\/index.php?rest_route=\/wp\/v2\/types\/post"}],"author":[{"embeddable":true,"href":"https:\/\/www.kss-sachsen.de\/index.php?rest_route=\/wp\/v2\/users\/1"}],"replies":[{"embeddable":true,"href":"https:\/\/www.kss-sachsen.de\/index.php?rest_route=%2Fwp%2Fv2%2Fcomments&post=1349"}],"version-history":[{"count":1,"href":"https:\/\/www.kss-sachsen.de\/index.php?rest_route=\/wp\/v2\/posts\/1349\/revisions"}],"predecessor-version":[{"id":1351,"href":"https:\/\/www.kss-sachsen.de\/index.php?rest_route=\/wp\/v2\/posts\/1349\/revisions\/1351"}],"wp:featuredmedia":[{"embeddable":true,"href":"https:\/\/www.kss-sachsen.de\/index.php?rest_route=\/wp\/v2\/media\/1350"}],"wp:attachment":[{"href":"https:\/\/www.kss-sachsen.de\/index.php?rest_route=%2Fwp%2Fv2%2Fmedia&parent=1349"}],"wp:term":[{"taxonomy":"category","embeddable":true,"href":"https:\/\/www.kss-sachsen.de\/index.php?rest_route=%2Fwp%2Fv2%2Fcategories&post=1349"},{"taxonomy":"post_tag","embeddable":true,"href":"https:\/\/www.kss-sachsen.de\/index.php?rest_route=%2Fwp%2Fv2%2Ftags&post=1349"}],"curies":[{"name":"wp","href":"https:\/\/api.w.org\/{rel}","templated":true}]}}