{"id":1440,"date":"2019-08-23T11:43:52","date_gmt":"2019-08-23T09:43:52","guid":{"rendered":"https:\/\/www.kss-sachsen.de\/?p=1440"},"modified":"2019-08-23T11:51:40","modified_gmt":"2019-08-23T09:51:40","slug":"pm-0719-kss-unterstutzt-bildungstruck-bei-der-unteilbar-demonstration","status":"publish","type":"post","link":"https:\/\/www.kss-sachsen.de\/PM_07_19","title":{"rendered":"PM 07\/19 | KSS unterst\u00fctzt Bildungstruck bei der #unteilbar Demonstration"},"content":{"rendered":"<p>Die Konferenz S\u00e4chsischer Studierendenschaften (KSS) nimmt an der #unteilbar Demonstration am 24.08.2019 in Dresden teil. Zusammen mit den Studierendenr\u00e4ten haben wir einen Bildungstruck organisiert, um auf m\u00f6gliche Einschr\u00e4nkungen durch eine Regierung unter Beteiligung der Alternative f\u00fcr Deutschland (AfD) im Bildungs- und Hochschulbereich hinzuweisen.<\/p>\n<p>\u201cDie AfD hat sich im Wahlkampf eindeutig gegen die s\u00e4chsischen Studierenden positioniert. Die Antworten auf unsere Wahlpr\u00fcfsteine sprechen ihre eigene Sprache.[1] Sowohl die Internationalisierung, die das R\u00fcckgrat der modernen Wissenschaft darstellt, als auch das selbstbestimmte Studium sind der AfD ein Dorn im Auge. Ihre Idee einer \u2018modernen\u2019 Hochschule ist es viel mehr alle Macht bei den Professoren zu konzentrieren, neue Studiengeb\u00fchren einzuf\u00fchren und die Mitbestimmung der Studierenden zu beschneiden, die mittlerweile integraler Bestandteil der Weiterentwicklung s\u00e4chsischer Hochschulen ist\u201d, so Lasse Emcken, Sprecher der KSS. Die verfasste Studierendenschaft setzt sich unerm\u00fcdlich in ehrenamtlicher Arbeit f\u00fcr die Rechte der Studierenden, einen reibungslosen Studienbeginn im ersten Semester und die Kultur in s\u00e4chsischen St\u00e4dten ein. \u201cDie Fachschafts- und Studierendenr\u00e4te werden in diesem Fall mit starken Einschr\u00e4nkungen rechnen m\u00fcssen &#8211; von unseren Kommiliton*innen aus dem au\u00dfereurop\u00e4ischen Ausland ganz zu schweigen\u201d, so Emcken weiter.<\/p>\n<p>\u201cAls Landesstudierendenvertretung sehen wir es als unsere Aufgabe an, uns gegen Intoleranz einzusetzen. Deswegen unterst\u00fctzen wir #unteilbar und rufen alle s\u00e4chsischen Studierenden zur Teilnahme auf\u201d, so Emcken abschlie\u00dfend.<\/p>\n<p>[1] https:\/\/www.kss-sachsen.de\/wps<\/p>\n<p><em>Die KSS vertritt als gesetzlich legitimierte Landesstudierendenvertretung alle 106.000 Studierenden an Sachsens staatlichen Hochschulen.<\/em><\/p>\n<p>&#8212;<br \/>\nDie Pressemitteilung als .pdf finden sie <a href=\"https:\/\/cloud.kss-sachsen.de\/s\/WR159lnhWaA9suH\">hier<\/a>.<\/p>\n","protected":false},"excerpt":{"rendered":"<p>Die Konferenz S\u00e4chsischer Studierendenschaften (KSS) nimmt an der #unteilbar Demonstration am 24.08.2019 in Dresden teil. Zusammen mit den Studierendenr\u00e4ten haben wir einen Bildungstruck organisiert, um auf m\u00f6gliche Einschr\u00e4nkungen durch eine Regierung unter Beteiligung der Alternative f\u00fcr Deutschland (AfD) im Bildungs- und Hochschulbereich hinzuweisen. \u201cDie AfD hat sich im Wahlkampf eindeutig gegen die s\u00e4chsischen Studierenden positioniert. Die Antworten auf unsere Wahlpr\u00fcfsteine<a class=\"read-more\" href=\"https:\/\/www.kss-sachsen.de\/PM_07_19\">Hier weiter lesen&#8230;<\/a><\/p>\n","protected":false},"author":1,"featured_media":1441,"comment_status":"open","ping_status":"open","sticky":false,"template":"","format":"standard","meta":{"footnotes":""},"categories":[1],"tags":[],"yoast_head":"<!-- This site is optimized with the Yoast SEO plugin v23.5 - https:\/\/yoast.com\/wordpress\/plugins\/seo\/ -->\n<title>PM 07\/19 | KSS unterst\u00fctzt Bildungstruck bei der #unteilbar Demonstration - KSS<\/title>\n<meta name=\"robots\" content=\"index, follow, max-snippet:-1, max-image-preview:large, max-video-preview:-1\" \/>\n<link rel=\"canonical\" href=\"https:\/\/www.kss-sachsen.de\/PM_07_19\" \/>\n<meta property=\"og:locale\" content=\"de_DE\" \/>\n<meta property=\"og:type\" content=\"article\" \/>\n<meta property=\"og:title\" content=\"PM 07\/19 | KSS unterst\u00fctzt Bildungstruck bei der #unteilbar Demonstration - KSS\" \/>\n<meta property=\"og:description\" content=\"Die Konferenz S\u00e4chsischer Studierendenschaften (KSS) nimmt an der #unteilbar Demonstration am 24.08.2019 in Dresden teil. Zusammen mit den Studierendenr\u00e4ten haben wir einen Bildungstruck organisiert, um auf m\u00f6gliche Einschr\u00e4nkungen durch eine Regierung unter Beteiligung der Alternative f\u00fcr Deutschland (AfD) im Bildungs- und Hochschulbereich hinzuweisen. \u201cDie AfD hat sich im Wahlkampf eindeutig gegen die s\u00e4chsischen Studierenden positioniert. Die Antworten auf unsere Wahlpr\u00fcfsteineHier weiter lesen...\" \/>\n<meta property=\"og:url\" content=\"https:\/\/www.kss-sachsen.de\/PM_07_19\" \/>\n<meta property=\"og:site_name\" content=\"KSS\" \/>\n<meta property=\"article:published_time\" content=\"2019-08-23T09:43:52+00:00\" \/>\n<meta property=\"article:modified_time\" content=\"2019-08-23T09:51:40+00:00\" \/>\n<meta property=\"og:image\" content=\"https:\/\/www.kss-sachsen.de\/wp-content\/uploads\/2019\/08\/67945491_3032625520141803_8340015319833640960_o.png\" \/>\n\t<meta property=\"og:image:width\" content=\"1027\" \/>\n\t<meta property=\"og:image:height\" content=\"539\" \/>\n\t<meta property=\"og:image:type\" content=\"image\/png\" \/>\n<meta name=\"author\" content=\"administration\" \/>\n<meta name=\"twitter:card\" content=\"summary_large_image\" \/>\n<meta name=\"twitter:label1\" content=\"Verfasst von\" \/>\n\t<meta name=\"twitter:data1\" content=\"administration\" \/>\n\t<meta name=\"twitter:label2\" content=\"Gesch\u00e4tzte Lesezeit\" \/>\n\t<meta name=\"twitter:data2\" content=\"1\u00a0Minute\" \/>\n<script type=\"application\/ld+json\" class=\"yoast-schema-graph\">{\"@context\":\"https:\/\/schema.org\",\"@graph\":[{\"@type\":\"Article\",\"@id\":\"https:\/\/www.kss-sachsen.de\/PM_07_19#article\",\"isPartOf\":{\"@id\":\"https:\/\/www.kss-sachsen.de\/PM_07_19\"},\"author\":{\"name\":\"administration\",\"@id\":\"https:\/\/www.kss-sachsen.de\/#\/schema\/person\/fbcf1c2438e102156e84a4ba5c3daa64\"},\"headline\":\"PM 07\/19 | KSS unterst\u00fctzt Bildungstruck bei der #unteilbar Demonstration\",\"datePublished\":\"2019-08-23T09:43:52+00:00\",\"dateModified\":\"2019-08-23T09:51:40+00:00\",\"mainEntityOfPage\":{\"@id\":\"https:\/\/www.kss-sachsen.de\/PM_07_19\"},\"wordCount\":267,\"commentCount\":0,\"publisher\":{\"@id\":\"https:\/\/www.kss-sachsen.de\/#organization\"},\"image\":{\"@id\":\"https:\/\/www.kss-sachsen.de\/PM_07_19#primaryimage\"},\"thumbnailUrl\":\"https:\/\/www.kss-sachsen.de\/wp-content\/uploads\/2019\/08\/67945491_3032625520141803_8340015319833640960_o.png\",\"articleSection\":[\"Uncategorized\"],\"inLanguage\":\"de\",\"potentialAction\":[{\"@type\":\"CommentAction\",\"name\":\"Comment\",\"target\":[\"https:\/\/www.kss-sachsen.de\/PM_07_19#respond\"]}]},{\"@type\":\"WebPage\",\"@id\":\"https:\/\/www.kss-sachsen.de\/PM_07_19\",\"url\":\"https:\/\/www.kss-sachsen.de\/PM_07_19\",\"name\":\"PM 07\/19 | KSS unterst\u00fctzt Bildungstruck bei der #unteilbar Demonstration - KSS\",\"isPartOf\":{\"@id\":\"https:\/\/www.kss-sachsen.de\/#website\"},\"primaryImageOfPage\":{\"@id\":\"https:\/\/www.kss-sachsen.de\/PM_07_19#primaryimage\"},\"image\":{\"@id\":\"https:\/\/www.kss-sachsen.de\/PM_07_19#primaryimage\"},\"thumbnailUrl\":\"https:\/\/www.kss-sachsen.de\/wp-content\/uploads\/2019\/08\/67945491_3032625520141803_8340015319833640960_o.png\",\"datePublished\":\"2019-08-23T09:43:52+00:00\",\"dateModified\":\"2019-08-23T09:51:40+00:00\",\"breadcrumb\":{\"@id\":\"https:\/\/www.kss-sachsen.de\/PM_07_19#breadcrumb\"},\"inLanguage\":\"de\",\"potentialAction\":[{\"@type\":\"ReadAction\",\"target\":[\"https:\/\/www.kss-sachsen.de\/PM_07_19\"]}]},{\"@type\":\"ImageObject\",\"inLanguage\":\"de\",\"@id\":\"https:\/\/www.kss-sachsen.de\/PM_07_19#primaryimage\",\"url\":\"https:\/\/www.kss-sachsen.de\/wp-content\/uploads\/2019\/08\/67945491_3032625520141803_8340015319833640960_o.png\",\"contentUrl\":\"https:\/\/www.kss-sachsen.de\/wp-content\/uploads\/2019\/08\/67945491_3032625520141803_8340015319833640960_o.png\",\"width\":1027,\"height\":539},{\"@type\":\"BreadcrumbList\",\"@id\":\"https:\/\/www.kss-sachsen.de\/PM_07_19#breadcrumb\",\"itemListElement\":[{\"@type\":\"ListItem\",\"position\":1,\"name\":\"Home\",\"item\":\"https:\/\/www.kss-sachsen.de\/\"},{\"@type\":\"ListItem\",\"position\":2,\"name\":\"PM 07\/19 | KSS unterst\u00fctzt Bildungstruck bei der #unteilbar Demonstration\"}]},{\"@type\":\"WebSite\",\"@id\":\"https:\/\/www.kss-sachsen.de\/#website\",\"url\":\"https:\/\/www.kss-sachsen.de\/\",\"name\":\"Konferenz S\u00e4chsischer Studierendenschaften\",\"description\":\"Konferenz S\u00e4chsischer Studierendenschaften\",\"publisher\":{\"@id\":\"https:\/\/www.kss-sachsen.de\/#organization\"},\"potentialAction\":[{\"@type\":\"SearchAction\",\"target\":{\"@type\":\"EntryPoint\",\"urlTemplate\":\"https:\/\/www.kss-sachsen.de\/?s={search_term_string}\"},\"query-input\":{\"@type\":\"PropertyValueSpecification\",\"valueRequired\":true,\"valueName\":\"search_term_string\"}}],\"inLanguage\":\"de\"},{\"@type\":\"Organization\",\"@id\":\"https:\/\/www.kss-sachsen.de\/#organization\",\"name\":\"Konferenz S\u00e4chsischer Studierendenschaften\",\"url\":\"https:\/\/www.kss-sachsen.de\/\",\"logo\":{\"@type\":\"ImageObject\",\"inLanguage\":\"de\",\"@id\":\"https:\/\/www.kss-sachsen.de\/#\/schema\/logo\/image\/\",\"url\":\"https:\/\/www.kss-sachsen.de\/wp-content\/uploads\/2023\/02\/Logo-KSS.png\",\"contentUrl\":\"https:\/\/www.kss-sachsen.de\/wp-content\/uploads\/2023\/02\/Logo-KSS.png\",\"width\":2239,\"height\":1528,\"caption\":\"Konferenz S\u00e4chsischer Studierendenschaften\"},\"image\":{\"@id\":\"https:\/\/www.kss-sachsen.de\/#\/schema\/logo\/image\/\"},\"sameAs\":[\"https:\/\/www.instagram.com\/kss_sachsen\/\"]},{\"@type\":\"Person\",\"@id\":\"https:\/\/www.kss-sachsen.de\/#\/schema\/person\/fbcf1c2438e102156e84a4ba5c3daa64\",\"name\":\"administration\",\"image\":{\"@type\":\"ImageObject\",\"inLanguage\":\"de\",\"@id\":\"https:\/\/www.kss-sachsen.de\/#\/schema\/person\/image\/\",\"url\":\"https:\/\/secure.gravatar.com\/avatar\/e4ecd4cb3a6714c2adcf507161262d91?s=96&d=mm&r=g\",\"contentUrl\":\"https:\/\/secure.gravatar.com\/avatar\/e4ecd4cb3a6714c2adcf507161262d91?s=96&d=mm&r=g\",\"caption\":\"administration\"},\"url\":\"https:\/\/www.kss-sachsen.de\/?author=1\"}]}<\/script>\n<!-- \/ Yoast SEO plugin. -->","yoast_head_json":{"title":"PM 07\/19 | KSS unterst\u00fctzt Bildungstruck bei der #unteilbar Demonstration - KSS","robots":{"index":"index","follow":"follow","max-snippet":"max-snippet:-1","max-image-preview":"max-image-preview:large","max-video-preview":"max-video-preview:-1"},"canonical":"https:\/\/www.kss-sachsen.de\/PM_07_19","og_locale":"de_DE","og_type":"article","og_title":"PM 07\/19 | KSS unterst\u00fctzt Bildungstruck bei der #unteilbar Demonstration - KSS","og_description":"Die Konferenz S\u00e4chsischer Studierendenschaften (KSS) nimmt an der #unteilbar Demonstration am 24.08.2019 in Dresden teil. Zusammen mit den Studierendenr\u00e4ten haben wir einen Bildungstruck organisiert, um auf m\u00f6gliche Einschr\u00e4nkungen durch eine Regierung unter Beteiligung der Alternative f\u00fcr Deutschland (AfD) im Bildungs- und Hochschulbereich hinzuweisen. \u201cDie AfD hat sich im Wahlkampf eindeutig gegen die s\u00e4chsischen Studierenden positioniert. Die Antworten auf unsere Wahlpr\u00fcfsteineHier weiter lesen...","og_url":"https:\/\/www.kss-sachsen.de\/PM_07_19","og_site_name":"KSS","article_published_time":"2019-08-23T09:43:52+00:00","article_modified_time":"2019-08-23T09:51:40+00:00","og_image":[{"width":1027,"height":539,"url":"https:\/\/www.kss-sachsen.de\/wp-content\/uploads\/2019\/08\/67945491_3032625520141803_8340015319833640960_o.png","type":"image\/png"}],"author":"administration","twitter_card":"summary_large_image","twitter_misc":{"Verfasst von":"administration","Gesch\u00e4tzte Lesezeit":"1\u00a0Minute"},"schema":{"@context":"https:\/\/schema.org","@graph":[{"@type":"Article","@id":"https:\/\/www.kss-sachsen.de\/PM_07_19#article","isPartOf":{"@id":"https:\/\/www.kss-sachsen.de\/PM_07_19"},"author":{"name":"administration","@id":"https:\/\/www.kss-sachsen.de\/#\/schema\/person\/fbcf1c2438e102156e84a4ba5c3daa64"},"headline":"PM 07\/19 | KSS unterst\u00fctzt Bildungstruck bei der #unteilbar Demonstration","datePublished":"2019-08-23T09:43:52+00:00","dateModified":"2019-08-23T09:51:40+00:00","mainEntityOfPage":{"@id":"https:\/\/www.kss-sachsen.de\/PM_07_19"},"wordCount":267,"commentCount":0,"publisher":{"@id":"https:\/\/www.kss-sachsen.de\/#organization"},"image":{"@id":"https:\/\/www.kss-sachsen.de\/PM_07_19#primaryimage"},"thumbnailUrl":"https:\/\/www.kss-sachsen.de\/wp-content\/uploads\/2019\/08\/67945491_3032625520141803_8340015319833640960_o.png","articleSection":["Uncategorized"],"inLanguage":"de","potentialAction":[{"@type":"CommentAction","name":"Comment","target":["https:\/\/www.kss-sachsen.de\/PM_07_19#respond"]}]},{"@type":"WebPage","@id":"https:\/\/www.kss-sachsen.de\/PM_07_19","url":"https:\/\/www.kss-sachsen.de\/PM_07_19","name":"PM 07\/19 | KSS unterst\u00fctzt Bildungstruck bei der #unteilbar Demonstration - KSS","isPartOf":{"@id":"https:\/\/www.kss-sachsen.de\/#website"},"primaryImageOfPage":{"@id":"https:\/\/www.kss-sachsen.de\/PM_07_19#primaryimage"},"image":{"@id":"https:\/\/www.kss-sachsen.de\/PM_07_19#primaryimage"},"thumbnailUrl":"https:\/\/www.kss-sachsen.de\/wp-content\/uploads\/2019\/08\/67945491_3032625520141803_8340015319833640960_o.png","datePublished":"2019-08-23T09:43:52+00:00","dateModified":"2019-08-23T09:51:40+00:00","breadcrumb":{"@id":"https:\/\/www.kss-sachsen.de\/PM_07_19#breadcrumb"},"inLanguage":"de","potentialAction":[{"@type":"ReadAction","target":["https:\/\/www.kss-sachsen.de\/PM_07_19"]}]},{"@type":"ImageObject","inLanguage":"de","@id":"https:\/\/www.kss-sachsen.de\/PM_07_19#primaryimage","url":"https:\/\/www.kss-sachsen.de\/wp-content\/uploads\/2019\/08\/67945491_3032625520141803_8340015319833640960_o.png","contentUrl":"https:\/\/www.kss-sachsen.de\/wp-content\/uploads\/2019\/08\/67945491_3032625520141803_8340015319833640960_o.png","width":1027,"height":539},{"@type":"BreadcrumbList","@id":"https:\/\/www.kss-sachsen.de\/PM_07_19#breadcrumb","itemListElement":[{"@type":"ListItem","position":1,"name":"Home","item":"https:\/\/www.kss-sachsen.de\/"},{"@type":"ListItem","position":2,"name":"PM 07\/19 | KSS unterst\u00fctzt Bildungstruck bei der #unteilbar Demonstration"}]},{"@type":"WebSite","@id":"https:\/\/www.kss-sachsen.de\/#website","url":"https:\/\/www.kss-sachsen.de\/","name":"Konferenz S\u00e4chsischer Studierendenschaften","description":"Konferenz S\u00e4chsischer Studierendenschaften","publisher":{"@id":"https:\/\/www.kss-sachsen.de\/#organization"},"potentialAction":[{"@type":"SearchAction","target":{"@type":"EntryPoint","urlTemplate":"https:\/\/www.kss-sachsen.de\/?s={search_term_string}"},"query-input":{"@type":"PropertyValueSpecification","valueRequired":true,"valueName":"search_term_string"}}],"inLanguage":"de"},{"@type":"Organization","@id":"https:\/\/www.kss-sachsen.de\/#organization","name":"Konferenz S\u00e4chsischer Studierendenschaften","url":"https:\/\/www.kss-sachsen.de\/","logo":{"@type":"ImageObject","inLanguage":"de","@id":"https:\/\/www.kss-sachsen.de\/#\/schema\/logo\/image\/","url":"https:\/\/www.kss-sachsen.de\/wp-content\/uploads\/2023\/02\/Logo-KSS.png","contentUrl":"https:\/\/www.kss-sachsen.de\/wp-content\/uploads\/2023\/02\/Logo-KSS.png","width":2239,"height":1528,"caption":"Konferenz S\u00e4chsischer Studierendenschaften"},"image":{"@id":"https:\/\/www.kss-sachsen.de\/#\/schema\/logo\/image\/"},"sameAs":["https:\/\/www.instagram.com\/kss_sachsen\/"]},{"@type":"Person","@id":"https:\/\/www.kss-sachsen.de\/#\/schema\/person\/fbcf1c2438e102156e84a4ba5c3daa64","name":"administration","image":{"@type":"ImageObject","inLanguage":"de","@id":"https:\/\/www.kss-sachsen.de\/#\/schema\/person\/image\/","url":"https:\/\/secure.gravatar.com\/avatar\/e4ecd4cb3a6714c2adcf507161262d91?s=96&d=mm&r=g","contentUrl":"https:\/\/secure.gravatar.com\/avatar\/e4ecd4cb3a6714c2adcf507161262d91?s=96&d=mm&r=g","caption":"administration"},"url":"https:\/\/www.kss-sachsen.de\/?author=1"}]}},"_links":{"self":[{"href":"https:\/\/www.kss-sachsen.de\/index.php?rest_route=\/wp\/v2\/posts\/1440"}],"collection":[{"href":"https:\/\/www.kss-sachsen.de\/index.php?rest_route=\/wp\/v2\/posts"}],"about":[{"href":"https:\/\/www.kss-sachsen.de\/index.php?rest_route=\/wp\/v2\/types\/post"}],"author":[{"embeddable":true,"href":"https:\/\/www.kss-sachsen.de\/index.php?rest_route=\/wp\/v2\/users\/1"}],"replies":[{"embeddable":true,"href":"https:\/\/www.kss-sachsen.de\/index.php?rest_route=%2Fwp%2Fv2%2Fcomments&post=1440"}],"version-history":[{"count":7,"href":"https:\/\/www.kss-sachsen.de\/index.php?rest_route=\/wp\/v2\/posts\/1440\/revisions"}],"predecessor-version":[{"id":1448,"href":"https:\/\/www.kss-sachsen.de\/index.php?rest_route=\/wp\/v2\/posts\/1440\/revisions\/1448"}],"wp:featuredmedia":[{"embeddable":true,"href":"https:\/\/www.kss-sachsen.de\/index.php?rest_route=\/wp\/v2\/media\/1441"}],"wp:attachment":[{"href":"https:\/\/www.kss-sachsen.de\/index.php?rest_route=%2Fwp%2Fv2%2Fmedia&parent=1440"}],"wp:term":[{"taxonomy":"category","embeddable":true,"href":"https:\/\/www.kss-sachsen.de\/index.php?rest_route=%2Fwp%2Fv2%2Fcategories&post=1440"},{"taxonomy":"post_tag","embeddable":true,"href":"https:\/\/www.kss-sachsen.de\/index.php?rest_route=%2Fwp%2Fv2%2Ftags&post=1440"}],"curies":[{"name":"wp","href":"https:\/\/api.w.org\/{rel}","templated":true}]}}