{"id":1532,"date":"2020-03-10T08:37:31","date_gmt":"2020-03-10T07:37:31","guid":{"rendered":"https:\/\/www.kss-sachsen.de\/?p=1532"},"modified":"2024-07-12T11:09:09","modified_gmt":"2024-07-12T09:09:09","slug":"konferenz-sachsischer-studierendenschaften-wahlt-neue-sprecher","status":"publish","type":"post","link":"https:\/\/www.kss-sachsen.de\/pm_03_20","title":{"rendered":"Konferenz S\u00e4chsischer Studierendenschaften w\u00e4hlt neue Sprecher"},"content":{"rendered":"<p><em><strong>P\u00fcnktlich zur Novellierung des Hochschulgesetzes hat die KSS ein neues Team<\/strong><\/em><\/p>\n<p>Die Konferenz S\u00e4chsischer Studierendenschaften (KSS) hat auf ihrer Sitzung am 07.03. zwei neue Sprecher und ein neues Amtr\u00e4gerinnen- und Amtstr\u00e4gerteam gew\u00e4hlt. Die beiden neuen Sprecher sind Paul Senf von der TU Dresden und Lukas Eichinger von der TU Bergakademie Freiberg. Komplettiert wird das neue Team durch den Referenten f\u00fcr Hochschulpolitik Lukas Gliem (Universit\u00e4t Leipzig), die Referentin f\u00fcr Soziales Claudia Mei\u00dfner (TU Dresden), den Beauftragten f\u00fcr Finanzen Timu Burchard (Universit\u00e4t Leipzig) und die Beauftragung f\u00fcr Koordination Maximilian Franke (HTW Dresden). Das neue Team tritt seine einj\u00e4hrige Legislaturperiode am 01. April an.<\/p>\n<p>&#8222;Der klare Fokus in der kommenden Legislatur liegt auf der im Koalitionsvertrag versprochenen Novellierung des S\u00e4chsischen Hochschulfreiheitsgesetzes.&#8220; sagt Paul Senf, neuer Sprecher der KSS, &#8222;10 Jahre nach der letzten gro\u00dfen \u00dcberarbeitung ist eine \u00c4nderung des Gesetzes \u00fcberf\u00e4llig und die Liste unserer Forderungen entsprechend lang.&#8220; so Senf weiter. Im Koalitionsvertrag ist f\u00fcr 2020 eine Novellierung des S\u00e4chsischen Hochschulfreiheitsgesetzes vorgesehen. Bei diesem Prozess ist laut Gesetz die Konferenz S\u00e4chsischer Studierendenschaften anzuh\u00f6ren.<\/p>\n<p>Lukas Gliem, neuer Referent f\u00fcr Hochschulpolitik, erg\u00e4nzt: &#8222;Von unbegrenzter Anzahl der Pr\u00fcfungsversuche \u00fcber Abschaffung aller Studiengeb\u00fchren bis zur St\u00e4rkung der demokratisch gew\u00e4hlten Gremien gibt es einige Punkte, die im neuen Gesetz angegangen werden m\u00fcssen. Wir fordern das S\u00e4chsische Staatsministerium f\u00fcr Wissenschaft, Kultur und Tourismus auf die Novellierung so schnell wie m\u00f6glich anzusto\u00dfen.&#8220;.<\/p>\n<p>Doch nicht nur das neue Hochschulgesetz soll laut Koalitionsvertrag angepackt werden. Die Ma\u00dfnahmen im Hochschulbereich sind ambitioniert und zahlreich. &#8222;Die Ans\u00e4tze des Koalitionsvertrags im Bereich Hochschule waren gut, doch es kommt auf die konkrete Umsetzung an. Wir werden auf eine studierendenfreundliche Ausgestaltung hinwirken und viele Themen, die unerw\u00e4hnt blieben, immer wieder auf die Agenda setzen.&#8220; erkl\u00e4rt der neue Sprecher Lukas Eichinger abschlie\u00dfend.<\/p>\n<p>Diese Pressemitteilung ist <a href=\"https:\/\/cloud.kss-sachsen.de\/s\/2fhGwYMPmEdw0Uk\">hier<\/a> als .pdf zu finden.<\/p>\n","protected":false},"excerpt":{"rendered":"<p>P\u00fcnktlich zur Novellierung des Hochschulgesetzes hat die KSS ein neues Team Die Konferenz S\u00e4chsischer Studierendenschaften (KSS) hat auf ihrer Sitzung am 07.03. zwei neue Sprecher und ein neues Amtr\u00e4gerinnen- und Amtstr\u00e4gerteam gew\u00e4hlt. Die beiden neuen Sprecher sind Paul Senf von der TU Dresden und Lukas Eichinger von der TU Bergakademie Freiberg. Komplettiert wird das neue Team durch den Referenten f\u00fcr<a class=\"read-more\" href=\"https:\/\/www.kss-sachsen.de\/pm_03_20\">Hier weiter lesen&#8230;<\/a><\/p>\n","protected":false},"author":1,"featured_media":0,"comment_status":"closed","ping_status":"open","sticky":false,"template":"","format":"standard","meta":{"footnotes":""},"categories":[11,6,1],"tags":[],"yoast_head":"<!-- This site is optimized with the Yoast SEO plugin v23.5 - https:\/\/yoast.com\/wordpress\/plugins\/seo\/ -->\n<title>Konferenz S\u00e4chsischer Studierendenschaften w\u00e4hlt neue Sprecher - KSS<\/title>\n<meta name=\"robots\" content=\"index, follow, max-snippet:-1, max-image-preview:large, max-video-preview:-1\" \/>\n<link rel=\"canonical\" href=\"https:\/\/www.kss-sachsen.de\/pm_03_20\" \/>\n<meta property=\"og:locale\" content=\"de_DE\" \/>\n<meta property=\"og:type\" content=\"article\" \/>\n<meta property=\"og:title\" content=\"Konferenz S\u00e4chsischer Studierendenschaften w\u00e4hlt neue Sprecher - KSS\" \/>\n<meta property=\"og:description\" content=\"P\u00fcnktlich zur Novellierung des Hochschulgesetzes hat die KSS ein neues Team Die Konferenz S\u00e4chsischer Studierendenschaften (KSS) hat auf ihrer Sitzung am 07.03. zwei neue Sprecher und ein neues Amtr\u00e4gerinnen- und Amtstr\u00e4gerteam gew\u00e4hlt. Die beiden neuen Sprecher sind Paul Senf von der TU Dresden und Lukas Eichinger von der TU Bergakademie Freiberg. Komplettiert wird das neue Team durch den Referenten f\u00fcrHier weiter lesen...\" \/>\n<meta property=\"og:url\" content=\"https:\/\/www.kss-sachsen.de\/pm_03_20\" \/>\n<meta property=\"og:site_name\" content=\"KSS\" \/>\n<meta property=\"article:published_time\" content=\"2020-03-10T07:37:31+00:00\" \/>\n<meta property=\"article:modified_time\" content=\"2024-07-12T09:09:09+00:00\" \/>\n<meta name=\"author\" content=\"administration\" \/>\n<meta name=\"twitter:card\" content=\"summary_large_image\" \/>\n<meta name=\"twitter:label1\" content=\"Verfasst von\" \/>\n\t<meta name=\"twitter:data1\" content=\"administration\" \/>\n\t<meta name=\"twitter:label2\" content=\"Gesch\u00e4tzte Lesezeit\" \/>\n\t<meta name=\"twitter:data2\" content=\"2\u00a0Minuten\" \/>\n<script type=\"application\/ld+json\" class=\"yoast-schema-graph\">{\"@context\":\"https:\/\/schema.org\",\"@graph\":[{\"@type\":\"Article\",\"@id\":\"https:\/\/www.kss-sachsen.de\/pm_03_20#article\",\"isPartOf\":{\"@id\":\"https:\/\/www.kss-sachsen.de\/pm_03_20\"},\"author\":{\"name\":\"administration\",\"@id\":\"https:\/\/www.kss-sachsen.de\/#\/schema\/person\/fbcf1c2438e102156e84a4ba5c3daa64\"},\"headline\":\"Konferenz S\u00e4chsischer Studierendenschaften w\u00e4hlt neue Sprecher\",\"datePublished\":\"2020-03-10T07:37:31+00:00\",\"dateModified\":\"2024-07-12T09:09:09+00:00\",\"mainEntityOfPage\":{\"@id\":\"https:\/\/www.kss-sachsen.de\/pm_03_20\"},\"wordCount\":332,\"publisher\":{\"@id\":\"https:\/\/www.kss-sachsen.de\/#organization\"},\"articleSection\":[\"Pressemitteilung\",\"Pressemitteilung KSS\",\"Uncategorized\"],\"inLanguage\":\"de\"},{\"@type\":\"WebPage\",\"@id\":\"https:\/\/www.kss-sachsen.de\/pm_03_20\",\"url\":\"https:\/\/www.kss-sachsen.de\/pm_03_20\",\"name\":\"Konferenz S\u00e4chsischer Studierendenschaften w\u00e4hlt neue Sprecher - KSS\",\"isPartOf\":{\"@id\":\"https:\/\/www.kss-sachsen.de\/#website\"},\"datePublished\":\"2020-03-10T07:37:31+00:00\",\"dateModified\":\"2024-07-12T09:09:09+00:00\",\"breadcrumb\":{\"@id\":\"https:\/\/www.kss-sachsen.de\/pm_03_20#breadcrumb\"},\"inLanguage\":\"de\",\"potentialAction\":[{\"@type\":\"ReadAction\",\"target\":[\"https:\/\/www.kss-sachsen.de\/pm_03_20\"]}]},{\"@type\":\"BreadcrumbList\",\"@id\":\"https:\/\/www.kss-sachsen.de\/pm_03_20#breadcrumb\",\"itemListElement\":[{\"@type\":\"ListItem\",\"position\":1,\"name\":\"Home\",\"item\":\"https:\/\/www.kss-sachsen.de\/\"},{\"@type\":\"ListItem\",\"position\":2,\"name\":\"Konferenz S\u00e4chsischer Studierendenschaften w\u00e4hlt neue Sprecher\"}]},{\"@type\":\"WebSite\",\"@id\":\"https:\/\/www.kss-sachsen.de\/#website\",\"url\":\"https:\/\/www.kss-sachsen.de\/\",\"name\":\"Konferenz S\u00e4chsischer Studierendenschaften\",\"description\":\"Konferenz S\u00e4chsischer Studierendenschaften\",\"publisher\":{\"@id\":\"https:\/\/www.kss-sachsen.de\/#organization\"},\"potentialAction\":[{\"@type\":\"SearchAction\",\"target\":{\"@type\":\"EntryPoint\",\"urlTemplate\":\"https:\/\/www.kss-sachsen.de\/?s={search_term_string}\"},\"query-input\":{\"@type\":\"PropertyValueSpecification\",\"valueRequired\":true,\"valueName\":\"search_term_string\"}}],\"inLanguage\":\"de\"},{\"@type\":\"Organization\",\"@id\":\"https:\/\/www.kss-sachsen.de\/#organization\",\"name\":\"Konferenz S\u00e4chsischer Studierendenschaften\",\"url\":\"https:\/\/www.kss-sachsen.de\/\",\"logo\":{\"@type\":\"ImageObject\",\"inLanguage\":\"de\",\"@id\":\"https:\/\/www.kss-sachsen.de\/#\/schema\/logo\/image\/\",\"url\":\"https:\/\/www.kss-sachsen.de\/wp-content\/uploads\/2023\/02\/Logo-KSS.png\",\"contentUrl\":\"https:\/\/www.kss-sachsen.de\/wp-content\/uploads\/2023\/02\/Logo-KSS.png\",\"width\":2239,\"height\":1528,\"caption\":\"Konferenz S\u00e4chsischer Studierendenschaften\"},\"image\":{\"@id\":\"https:\/\/www.kss-sachsen.de\/#\/schema\/logo\/image\/\"},\"sameAs\":[\"https:\/\/www.instagram.com\/kss_sachsen\/\"]},{\"@type\":\"Person\",\"@id\":\"https:\/\/www.kss-sachsen.de\/#\/schema\/person\/fbcf1c2438e102156e84a4ba5c3daa64\",\"name\":\"administration\",\"image\":{\"@type\":\"ImageObject\",\"inLanguage\":\"de\",\"@id\":\"https:\/\/www.kss-sachsen.de\/#\/schema\/person\/image\/\",\"url\":\"https:\/\/secure.gravatar.com\/avatar\/e4ecd4cb3a6714c2adcf507161262d91?s=96&d=mm&r=g\",\"contentUrl\":\"https:\/\/secure.gravatar.com\/avatar\/e4ecd4cb3a6714c2adcf507161262d91?s=96&d=mm&r=g\",\"caption\":\"administration\"},\"url\":\"https:\/\/www.kss-sachsen.de\/?author=1\"}]}<\/script>\n<!-- \/ Yoast SEO plugin. -->","yoast_head_json":{"title":"Konferenz S\u00e4chsischer Studierendenschaften w\u00e4hlt neue Sprecher - KSS","robots":{"index":"index","follow":"follow","max-snippet":"max-snippet:-1","max-image-preview":"max-image-preview:large","max-video-preview":"max-video-preview:-1"},"canonical":"https:\/\/www.kss-sachsen.de\/pm_03_20","og_locale":"de_DE","og_type":"article","og_title":"Konferenz S\u00e4chsischer Studierendenschaften w\u00e4hlt neue Sprecher - KSS","og_description":"P\u00fcnktlich zur Novellierung des Hochschulgesetzes hat die KSS ein neues Team Die Konferenz S\u00e4chsischer Studierendenschaften (KSS) hat auf ihrer Sitzung am 07.03. zwei neue Sprecher und ein neues Amtr\u00e4gerinnen- und Amtstr\u00e4gerteam gew\u00e4hlt. Die beiden neuen Sprecher sind Paul Senf von der TU Dresden und Lukas Eichinger von der TU Bergakademie Freiberg. Komplettiert wird das neue Team durch den Referenten f\u00fcrHier weiter lesen...","og_url":"https:\/\/www.kss-sachsen.de\/pm_03_20","og_site_name":"KSS","article_published_time":"2020-03-10T07:37:31+00:00","article_modified_time":"2024-07-12T09:09:09+00:00","author":"administration","twitter_card":"summary_large_image","twitter_misc":{"Verfasst von":"administration","Gesch\u00e4tzte Lesezeit":"2\u00a0Minuten"},"schema":{"@context":"https:\/\/schema.org","@graph":[{"@type":"Article","@id":"https:\/\/www.kss-sachsen.de\/pm_03_20#article","isPartOf":{"@id":"https:\/\/www.kss-sachsen.de\/pm_03_20"},"author":{"name":"administration","@id":"https:\/\/www.kss-sachsen.de\/#\/schema\/person\/fbcf1c2438e102156e84a4ba5c3daa64"},"headline":"Konferenz S\u00e4chsischer Studierendenschaften w\u00e4hlt neue Sprecher","datePublished":"2020-03-10T07:37:31+00:00","dateModified":"2024-07-12T09:09:09+00:00","mainEntityOfPage":{"@id":"https:\/\/www.kss-sachsen.de\/pm_03_20"},"wordCount":332,"publisher":{"@id":"https:\/\/www.kss-sachsen.de\/#organization"},"articleSection":["Pressemitteilung","Pressemitteilung KSS","Uncategorized"],"inLanguage":"de"},{"@type":"WebPage","@id":"https:\/\/www.kss-sachsen.de\/pm_03_20","url":"https:\/\/www.kss-sachsen.de\/pm_03_20","name":"Konferenz S\u00e4chsischer Studierendenschaften w\u00e4hlt neue Sprecher - KSS","isPartOf":{"@id":"https:\/\/www.kss-sachsen.de\/#website"},"datePublished":"2020-03-10T07:37:31+00:00","dateModified":"2024-07-12T09:09:09+00:00","breadcrumb":{"@id":"https:\/\/www.kss-sachsen.de\/pm_03_20#breadcrumb"},"inLanguage":"de","potentialAction":[{"@type":"ReadAction","target":["https:\/\/www.kss-sachsen.de\/pm_03_20"]}]},{"@type":"BreadcrumbList","@id":"https:\/\/www.kss-sachsen.de\/pm_03_20#breadcrumb","itemListElement":[{"@type":"ListItem","position":1,"name":"Home","item":"https:\/\/www.kss-sachsen.de\/"},{"@type":"ListItem","position":2,"name":"Konferenz S\u00e4chsischer Studierendenschaften w\u00e4hlt neue Sprecher"}]},{"@type":"WebSite","@id":"https:\/\/www.kss-sachsen.de\/#website","url":"https:\/\/www.kss-sachsen.de\/","name":"Konferenz S\u00e4chsischer Studierendenschaften","description":"Konferenz S\u00e4chsischer Studierendenschaften","publisher":{"@id":"https:\/\/www.kss-sachsen.de\/#organization"},"potentialAction":[{"@type":"SearchAction","target":{"@type":"EntryPoint","urlTemplate":"https:\/\/www.kss-sachsen.de\/?s={search_term_string}"},"query-input":{"@type":"PropertyValueSpecification","valueRequired":true,"valueName":"search_term_string"}}],"inLanguage":"de"},{"@type":"Organization","@id":"https:\/\/www.kss-sachsen.de\/#organization","name":"Konferenz S\u00e4chsischer Studierendenschaften","url":"https:\/\/www.kss-sachsen.de\/","logo":{"@type":"ImageObject","inLanguage":"de","@id":"https:\/\/www.kss-sachsen.de\/#\/schema\/logo\/image\/","url":"https:\/\/www.kss-sachsen.de\/wp-content\/uploads\/2023\/02\/Logo-KSS.png","contentUrl":"https:\/\/www.kss-sachsen.de\/wp-content\/uploads\/2023\/02\/Logo-KSS.png","width":2239,"height":1528,"caption":"Konferenz S\u00e4chsischer Studierendenschaften"},"image":{"@id":"https:\/\/www.kss-sachsen.de\/#\/schema\/logo\/image\/"},"sameAs":["https:\/\/www.instagram.com\/kss_sachsen\/"]},{"@type":"Person","@id":"https:\/\/www.kss-sachsen.de\/#\/schema\/person\/fbcf1c2438e102156e84a4ba5c3daa64","name":"administration","image":{"@type":"ImageObject","inLanguage":"de","@id":"https:\/\/www.kss-sachsen.de\/#\/schema\/person\/image\/","url":"https:\/\/secure.gravatar.com\/avatar\/e4ecd4cb3a6714c2adcf507161262d91?s=96&d=mm&r=g","contentUrl":"https:\/\/secure.gravatar.com\/avatar\/e4ecd4cb3a6714c2adcf507161262d91?s=96&d=mm&r=g","caption":"administration"},"url":"https:\/\/www.kss-sachsen.de\/?author=1"}]}},"_links":{"self":[{"href":"https:\/\/www.kss-sachsen.de\/index.php?rest_route=\/wp\/v2\/posts\/1532"}],"collection":[{"href":"https:\/\/www.kss-sachsen.de\/index.php?rest_route=\/wp\/v2\/posts"}],"about":[{"href":"https:\/\/www.kss-sachsen.de\/index.php?rest_route=\/wp\/v2\/types\/post"}],"author":[{"embeddable":true,"href":"https:\/\/www.kss-sachsen.de\/index.php?rest_route=\/wp\/v2\/users\/1"}],"replies":[{"embeddable":true,"href":"https:\/\/www.kss-sachsen.de\/index.php?rest_route=%2Fwp%2Fv2%2Fcomments&post=1532"}],"version-history":[{"count":4,"href":"https:\/\/www.kss-sachsen.de\/index.php?rest_route=\/wp\/v2\/posts\/1532\/revisions"}],"predecessor-version":[{"id":1537,"href":"https:\/\/www.kss-sachsen.de\/index.php?rest_route=\/wp\/v2\/posts\/1532\/revisions\/1537"}],"wp:attachment":[{"href":"https:\/\/www.kss-sachsen.de\/index.php?rest_route=%2Fwp%2Fv2%2Fmedia&parent=1532"}],"wp:term":[{"taxonomy":"category","embeddable":true,"href":"https:\/\/www.kss-sachsen.de\/index.php?rest_route=%2Fwp%2Fv2%2Fcategories&post=1532"},{"taxonomy":"post_tag","embeddable":true,"href":"https:\/\/www.kss-sachsen.de\/index.php?rest_route=%2Fwp%2Fv2%2Ftags&post=1532"}],"curies":[{"name":"wp","href":"https:\/\/api.w.org\/{rel}","templated":true}]}}