{"id":1539,"date":"2020-03-11T14:00:11","date_gmt":"2020-03-11T13:00:11","guid":{"rendered":"https:\/\/www.kss-sachsen.de\/?p=1539"},"modified":"2020-03-11T14:34:49","modified_gmt":"2020-03-11T13:34:49","slug":"semesterbeginn-muss-verschoben-werden","status":"publish","type":"post","link":"https:\/\/www.kss-sachsen.de\/pm_04_20","title":{"rendered":"Semesterbeginn muss verschoben werden!"},"content":{"rendered":"<h3 style=\"text-align: center;\"><strong><em>Staatsregierung ver\u00f6ffentlicht neue Beschl\u00fcsse zu SARS-CoV-2<\/em><\/strong><\/h3>\n<p>&nbsp;<\/p>\n<p>Anl\u00e4sslich der heutigen Pressekonferenz der s\u00e4chsischen Staatsregierung zum Ausbruch des SARS-CoV-2 sog. Coronavirus in Sachsen erkl\u00e4rt der Sprecher der Konferenz S\u00e4chsischer Studierendenschaften (KSS), Lasse Emcken:<br \/>\n&#8222;Wir unterst\u00fctzen die Forderung des Wissenschaftsminister Sebastian Gemkow und fordern die Landesrektorinnenkonferenz auf den Empfehlungen zu folgen und den Beginn des Sommersemesters 2020 zu verschieben. Zum jetzigen Zeitpunkt muss es oberste Priorit\u00e4t sein, eine Verbreitung zu verlangsamen, was nur durch eine Unterbrechung des Lehrbetriebes erreicht werden kann. Nach \u00a731 S\u00e4chsHSFG muss die KSS zur finalen Entscheidung dar\u00fcber angeh\u00f6rt werden.\u00a0 Die letztendliche Entscheidung \u00fcber das Verlegen des Semesterstarts trifft die Landesrektorinnenkonferenz und nicht der Minister. Wir stehen Allzeit bereit die Landesrektorinnenkonferenz bei einer schnellen L\u00f6sung zu beraten.\u201d<\/p>\n<p>&#8222;Uns ist wichtig, dass es zu keinen Nachteilen f\u00fcr Studierende kommt. Egal ob Praktika oder Veranstaltungen ausfallen oder wegen eigener Krankheit. Gerade Fakult\u00e4ten, die sonst das erweiterte Auskunftsformular verlangen, m\u00fcssen jetzt die telefonisch erhaltene Arbeitsunf\u00e4higkeitsbescheinigung anerkennen&#8220;, so Nathalie Schmidt, Gesch\u00e4ftsf\u00fchrerin f\u00fcr Soziales und Hochschulpolitik des StuRa der TU Dresden.<\/p>\n<p>&#8222;Auch wenn teilweise gefordert wird anl\u00e4sslich der Epidemie auf E-Learning-Angebote auszuweichen, halten wir dies aus verschiedenen Gr\u00fcnden f\u00fcr falsch. E-Learning ist in Sachsen bisher katastrophal umgesetzt. Deswegen ist es f\u00fcr uns nicht absehbar, welche Folgen eine digitale Umstellung der Lehre auf die Studierenden h\u00e4tte. Stattdessen muss der resultierende Ausfall des Studiums durch Land und Bund kompensiert werden. Das kann nur die BAf\u00f6G-wirksame Aussetzung der Regelstudienzeit sein, bis der regul\u00e4re Hochschulbetrieb wieder gew\u00e4hrleistet werden kann\u201d, fordert Emcken abschlie\u00dfend.<\/p>\n<p>&#8212;<br \/>\nEin .pdf der Pressemitteilung findet sich <a href=\"https:\/\/cloud.kss-sachsen.de\/s\/pAmfY7vOM32MtgH\">hier<\/a>.<\/p>\n","protected":false},"excerpt":{"rendered":"<p>Staatsregierung ver\u00f6ffentlicht neue Beschl\u00fcsse zu SARS-CoV-2 &nbsp; Anl\u00e4sslich der heutigen Pressekonferenz der s\u00e4chsischen Staatsregierung zum Ausbruch des SARS-CoV-2 sog. Coronavirus in Sachsen erkl\u00e4rt der Sprecher der Konferenz S\u00e4chsischer Studierendenschaften (KSS), Lasse Emcken: &#8222;Wir unterst\u00fctzen die Forderung des Wissenschaftsminister Sebastian Gemkow und fordern die Landesrektorinnenkonferenz auf den Empfehlungen zu folgen und den Beginn des Sommersemesters 2020 zu verschieben. Zum jetzigen Zeitpunkt<a class=\"read-more\" href=\"https:\/\/www.kss-sachsen.de\/pm_04_20\">Hier weiter lesen&#8230;<\/a><\/p>\n","protected":false},"author":1,"featured_media":1541,"comment_status":"open","ping_status":"open","sticky":false,"template":"","format":"standard","meta":{"footnotes":""},"categories":[6],"tags":[],"yoast_head":"<!-- This site is optimized with the Yoast SEO plugin v23.5 - https:\/\/yoast.com\/wordpress\/plugins\/seo\/ -->\n<title>Semesterbeginn muss verschoben werden! - KSS<\/title>\n<meta name=\"robots\" content=\"index, follow, max-snippet:-1, max-image-preview:large, max-video-preview:-1\" \/>\n<link rel=\"canonical\" href=\"https:\/\/www.kss-sachsen.de\/pm_04_20\" \/>\n<meta property=\"og:locale\" content=\"de_DE\" \/>\n<meta property=\"og:type\" content=\"article\" \/>\n<meta property=\"og:title\" content=\"Semesterbeginn muss verschoben werden! - KSS\" \/>\n<meta property=\"og:description\" content=\"Staatsregierung ver\u00f6ffentlicht neue Beschl\u00fcsse zu SARS-CoV-2 &nbsp; Anl\u00e4sslich der heutigen Pressekonferenz der s\u00e4chsischen Staatsregierung zum Ausbruch des SARS-CoV-2 sog. Coronavirus in Sachsen erkl\u00e4rt der Sprecher der Konferenz S\u00e4chsischer Studierendenschaften (KSS), Lasse Emcken: &#8222;Wir unterst\u00fctzen die Forderung des Wissenschaftsminister Sebastian Gemkow und fordern die Landesrektorinnenkonferenz auf den Empfehlungen zu folgen und den Beginn des Sommersemesters 2020 zu verschieben. Zum jetzigen ZeitpunktHier weiter lesen...\" \/>\n<meta property=\"og:url\" content=\"https:\/\/www.kss-sachsen.de\/pm_04_20\" \/>\n<meta property=\"og:site_name\" content=\"KSS\" \/>\n<meta property=\"article:published_time\" content=\"2020-03-11T13:00:11+00:00\" \/>\n<meta property=\"article:modified_time\" content=\"2020-03-11T13:34:49+00:00\" \/>\n<meta property=\"og:image\" content=\"https:\/\/www.kss-sachsen.de\/wp-content\/uploads\/2020\/03\/jake-bradley-LnBisJEyVFE-unsplash.jpg\" \/>\n\t<meta property=\"og:image:width\" content=\"653\" \/>\n\t<meta property=\"og:image:height\" content=\"436\" \/>\n\t<meta property=\"og:image:type\" content=\"image\/jpeg\" \/>\n<meta name=\"author\" content=\"administration\" \/>\n<meta name=\"twitter:card\" content=\"summary_large_image\" \/>\n<meta name=\"twitter:label1\" content=\"Verfasst von\" \/>\n\t<meta name=\"twitter:data1\" content=\"administration\" \/>\n\t<meta name=\"twitter:label2\" content=\"Gesch\u00e4tzte Lesezeit\" \/>\n\t<meta name=\"twitter:data2\" content=\"1\u00a0Minute\" \/>\n<script type=\"application\/ld+json\" class=\"yoast-schema-graph\">{\"@context\":\"https:\/\/schema.org\",\"@graph\":[{\"@type\":\"Article\",\"@id\":\"https:\/\/www.kss-sachsen.de\/pm_04_20#article\",\"isPartOf\":{\"@id\":\"https:\/\/www.kss-sachsen.de\/pm_04_20\"},\"author\":{\"name\":\"administration\",\"@id\":\"https:\/\/www.kss-sachsen.de\/#\/schema\/person\/fbcf1c2438e102156e84a4ba5c3daa64\"},\"headline\":\"Semesterbeginn muss verschoben werden!\",\"datePublished\":\"2020-03-11T13:00:11+00:00\",\"dateModified\":\"2020-03-11T13:34:49+00:00\",\"mainEntityOfPage\":{\"@id\":\"https:\/\/www.kss-sachsen.de\/pm_04_20\"},\"wordCount\":282,\"commentCount\":0,\"publisher\":{\"@id\":\"https:\/\/www.kss-sachsen.de\/#organization\"},\"image\":{\"@id\":\"https:\/\/www.kss-sachsen.de\/pm_04_20#primaryimage\"},\"thumbnailUrl\":\"https:\/\/www.kss-sachsen.de\/wp-content\/uploads\/2020\/03\/jake-bradley-LnBisJEyVFE-unsplash.jpg\",\"articleSection\":[\"Pressemitteilung KSS\"],\"inLanguage\":\"de\",\"potentialAction\":[{\"@type\":\"CommentAction\",\"name\":\"Comment\",\"target\":[\"https:\/\/www.kss-sachsen.de\/pm_04_20#respond\"]}]},{\"@type\":\"WebPage\",\"@id\":\"https:\/\/www.kss-sachsen.de\/pm_04_20\",\"url\":\"https:\/\/www.kss-sachsen.de\/pm_04_20\",\"name\":\"Semesterbeginn muss verschoben werden! - KSS\",\"isPartOf\":{\"@id\":\"https:\/\/www.kss-sachsen.de\/#website\"},\"primaryImageOfPage\":{\"@id\":\"https:\/\/www.kss-sachsen.de\/pm_04_20#primaryimage\"},\"image\":{\"@id\":\"https:\/\/www.kss-sachsen.de\/pm_04_20#primaryimage\"},\"thumbnailUrl\":\"https:\/\/www.kss-sachsen.de\/wp-content\/uploads\/2020\/03\/jake-bradley-LnBisJEyVFE-unsplash.jpg\",\"datePublished\":\"2020-03-11T13:00:11+00:00\",\"dateModified\":\"2020-03-11T13:34:49+00:00\",\"breadcrumb\":{\"@id\":\"https:\/\/www.kss-sachsen.de\/pm_04_20#breadcrumb\"},\"inLanguage\":\"de\",\"potentialAction\":[{\"@type\":\"ReadAction\",\"target\":[\"https:\/\/www.kss-sachsen.de\/pm_04_20\"]}]},{\"@type\":\"ImageObject\",\"inLanguage\":\"de\",\"@id\":\"https:\/\/www.kss-sachsen.de\/pm_04_20#primaryimage\",\"url\":\"https:\/\/www.kss-sachsen.de\/wp-content\/uploads\/2020\/03\/jake-bradley-LnBisJEyVFE-unsplash.jpg\",\"contentUrl\":\"https:\/\/www.kss-sachsen.de\/wp-content\/uploads\/2020\/03\/jake-bradley-LnBisJEyVFE-unsplash.jpg\",\"width\":653,\"height\":436,\"caption\":\"Eine Flasche Corona Extra auf einem Strand mit Meer im Hintergrund.\"},{\"@type\":\"BreadcrumbList\",\"@id\":\"https:\/\/www.kss-sachsen.de\/pm_04_20#breadcrumb\",\"itemListElement\":[{\"@type\":\"ListItem\",\"position\":1,\"name\":\"Home\",\"item\":\"https:\/\/www.kss-sachsen.de\/\"},{\"@type\":\"ListItem\",\"position\":2,\"name\":\"Semesterbeginn muss verschoben werden!\"}]},{\"@type\":\"WebSite\",\"@id\":\"https:\/\/www.kss-sachsen.de\/#website\",\"url\":\"https:\/\/www.kss-sachsen.de\/\",\"name\":\"Konferenz S\u00e4chsischer Studierendenschaften\",\"description\":\"Konferenz S\u00e4chsischer Studierendenschaften\",\"publisher\":{\"@id\":\"https:\/\/www.kss-sachsen.de\/#organization\"},\"potentialAction\":[{\"@type\":\"SearchAction\",\"target\":{\"@type\":\"EntryPoint\",\"urlTemplate\":\"https:\/\/www.kss-sachsen.de\/?s={search_term_string}\"},\"query-input\":{\"@type\":\"PropertyValueSpecification\",\"valueRequired\":true,\"valueName\":\"search_term_string\"}}],\"inLanguage\":\"de\"},{\"@type\":\"Organization\",\"@id\":\"https:\/\/www.kss-sachsen.de\/#organization\",\"name\":\"Konferenz S\u00e4chsischer Studierendenschaften\",\"url\":\"https:\/\/www.kss-sachsen.de\/\",\"logo\":{\"@type\":\"ImageObject\",\"inLanguage\":\"de\",\"@id\":\"https:\/\/www.kss-sachsen.de\/#\/schema\/logo\/image\/\",\"url\":\"https:\/\/www.kss-sachsen.de\/wp-content\/uploads\/2023\/02\/Logo-KSS.png\",\"contentUrl\":\"https:\/\/www.kss-sachsen.de\/wp-content\/uploads\/2023\/02\/Logo-KSS.png\",\"width\":2239,\"height\":1528,\"caption\":\"Konferenz S\u00e4chsischer Studierendenschaften\"},\"image\":{\"@id\":\"https:\/\/www.kss-sachsen.de\/#\/schema\/logo\/image\/\"},\"sameAs\":[\"https:\/\/www.instagram.com\/kss_sachsen\/\"]},{\"@type\":\"Person\",\"@id\":\"https:\/\/www.kss-sachsen.de\/#\/schema\/person\/fbcf1c2438e102156e84a4ba5c3daa64\",\"name\":\"administration\",\"image\":{\"@type\":\"ImageObject\",\"inLanguage\":\"de\",\"@id\":\"https:\/\/www.kss-sachsen.de\/#\/schema\/person\/image\/\",\"url\":\"https:\/\/secure.gravatar.com\/avatar\/e4ecd4cb3a6714c2adcf507161262d91?s=96&d=mm&r=g\",\"contentUrl\":\"https:\/\/secure.gravatar.com\/avatar\/e4ecd4cb3a6714c2adcf507161262d91?s=96&d=mm&r=g\",\"caption\":\"administration\"},\"url\":\"https:\/\/www.kss-sachsen.de\/?author=1\"}]}<\/script>\n<!-- \/ Yoast SEO plugin. -->","yoast_head_json":{"title":"Semesterbeginn muss verschoben werden! - KSS","robots":{"index":"index","follow":"follow","max-snippet":"max-snippet:-1","max-image-preview":"max-image-preview:large","max-video-preview":"max-video-preview:-1"},"canonical":"https:\/\/www.kss-sachsen.de\/pm_04_20","og_locale":"de_DE","og_type":"article","og_title":"Semesterbeginn muss verschoben werden! - KSS","og_description":"Staatsregierung ver\u00f6ffentlicht neue Beschl\u00fcsse zu SARS-CoV-2 &nbsp; Anl\u00e4sslich der heutigen Pressekonferenz der s\u00e4chsischen Staatsregierung zum Ausbruch des SARS-CoV-2 sog. Coronavirus in Sachsen erkl\u00e4rt der Sprecher der Konferenz S\u00e4chsischer Studierendenschaften (KSS), Lasse Emcken: &#8222;Wir unterst\u00fctzen die Forderung des Wissenschaftsminister Sebastian Gemkow und fordern die Landesrektorinnenkonferenz auf den Empfehlungen zu folgen und den Beginn des Sommersemesters 2020 zu verschieben. Zum jetzigen ZeitpunktHier weiter lesen...","og_url":"https:\/\/www.kss-sachsen.de\/pm_04_20","og_site_name":"KSS","article_published_time":"2020-03-11T13:00:11+00:00","article_modified_time":"2020-03-11T13:34:49+00:00","og_image":[{"width":653,"height":436,"url":"https:\/\/www.kss-sachsen.de\/wp-content\/uploads\/2020\/03\/jake-bradley-LnBisJEyVFE-unsplash.jpg","type":"image\/jpeg"}],"author":"administration","twitter_card":"summary_large_image","twitter_misc":{"Verfasst von":"administration","Gesch\u00e4tzte Lesezeit":"1\u00a0Minute"},"schema":{"@context":"https:\/\/schema.org","@graph":[{"@type":"Article","@id":"https:\/\/www.kss-sachsen.de\/pm_04_20#article","isPartOf":{"@id":"https:\/\/www.kss-sachsen.de\/pm_04_20"},"author":{"name":"administration","@id":"https:\/\/www.kss-sachsen.de\/#\/schema\/person\/fbcf1c2438e102156e84a4ba5c3daa64"},"headline":"Semesterbeginn muss verschoben werden!","datePublished":"2020-03-11T13:00:11+00:00","dateModified":"2020-03-11T13:34:49+00:00","mainEntityOfPage":{"@id":"https:\/\/www.kss-sachsen.de\/pm_04_20"},"wordCount":282,"commentCount":0,"publisher":{"@id":"https:\/\/www.kss-sachsen.de\/#organization"},"image":{"@id":"https:\/\/www.kss-sachsen.de\/pm_04_20#primaryimage"},"thumbnailUrl":"https:\/\/www.kss-sachsen.de\/wp-content\/uploads\/2020\/03\/jake-bradley-LnBisJEyVFE-unsplash.jpg","articleSection":["Pressemitteilung KSS"],"inLanguage":"de","potentialAction":[{"@type":"CommentAction","name":"Comment","target":["https:\/\/www.kss-sachsen.de\/pm_04_20#respond"]}]},{"@type":"WebPage","@id":"https:\/\/www.kss-sachsen.de\/pm_04_20","url":"https:\/\/www.kss-sachsen.de\/pm_04_20","name":"Semesterbeginn muss verschoben werden! - KSS","isPartOf":{"@id":"https:\/\/www.kss-sachsen.de\/#website"},"primaryImageOfPage":{"@id":"https:\/\/www.kss-sachsen.de\/pm_04_20#primaryimage"},"image":{"@id":"https:\/\/www.kss-sachsen.de\/pm_04_20#primaryimage"},"thumbnailUrl":"https:\/\/www.kss-sachsen.de\/wp-content\/uploads\/2020\/03\/jake-bradley-LnBisJEyVFE-unsplash.jpg","datePublished":"2020-03-11T13:00:11+00:00","dateModified":"2020-03-11T13:34:49+00:00","breadcrumb":{"@id":"https:\/\/www.kss-sachsen.de\/pm_04_20#breadcrumb"},"inLanguage":"de","potentialAction":[{"@type":"ReadAction","target":["https:\/\/www.kss-sachsen.de\/pm_04_20"]}]},{"@type":"ImageObject","inLanguage":"de","@id":"https:\/\/www.kss-sachsen.de\/pm_04_20#primaryimage","url":"https:\/\/www.kss-sachsen.de\/wp-content\/uploads\/2020\/03\/jake-bradley-LnBisJEyVFE-unsplash.jpg","contentUrl":"https:\/\/www.kss-sachsen.de\/wp-content\/uploads\/2020\/03\/jake-bradley-LnBisJEyVFE-unsplash.jpg","width":653,"height":436,"caption":"Eine Flasche Corona Extra auf einem Strand mit Meer im Hintergrund."},{"@type":"BreadcrumbList","@id":"https:\/\/www.kss-sachsen.de\/pm_04_20#breadcrumb","itemListElement":[{"@type":"ListItem","position":1,"name":"Home","item":"https:\/\/www.kss-sachsen.de\/"},{"@type":"ListItem","position":2,"name":"Semesterbeginn muss verschoben werden!"}]},{"@type":"WebSite","@id":"https:\/\/www.kss-sachsen.de\/#website","url":"https:\/\/www.kss-sachsen.de\/","name":"Konferenz S\u00e4chsischer Studierendenschaften","description":"Konferenz S\u00e4chsischer Studierendenschaften","publisher":{"@id":"https:\/\/www.kss-sachsen.de\/#organization"},"potentialAction":[{"@type":"SearchAction","target":{"@type":"EntryPoint","urlTemplate":"https:\/\/www.kss-sachsen.de\/?s={search_term_string}"},"query-input":{"@type":"PropertyValueSpecification","valueRequired":true,"valueName":"search_term_string"}}],"inLanguage":"de"},{"@type":"Organization","@id":"https:\/\/www.kss-sachsen.de\/#organization","name":"Konferenz S\u00e4chsischer Studierendenschaften","url":"https:\/\/www.kss-sachsen.de\/","logo":{"@type":"ImageObject","inLanguage":"de","@id":"https:\/\/www.kss-sachsen.de\/#\/schema\/logo\/image\/","url":"https:\/\/www.kss-sachsen.de\/wp-content\/uploads\/2023\/02\/Logo-KSS.png","contentUrl":"https:\/\/www.kss-sachsen.de\/wp-content\/uploads\/2023\/02\/Logo-KSS.png","width":2239,"height":1528,"caption":"Konferenz S\u00e4chsischer Studierendenschaften"},"image":{"@id":"https:\/\/www.kss-sachsen.de\/#\/schema\/logo\/image\/"},"sameAs":["https:\/\/www.instagram.com\/kss_sachsen\/"]},{"@type":"Person","@id":"https:\/\/www.kss-sachsen.de\/#\/schema\/person\/fbcf1c2438e102156e84a4ba5c3daa64","name":"administration","image":{"@type":"ImageObject","inLanguage":"de","@id":"https:\/\/www.kss-sachsen.de\/#\/schema\/person\/image\/","url":"https:\/\/secure.gravatar.com\/avatar\/e4ecd4cb3a6714c2adcf507161262d91?s=96&d=mm&r=g","contentUrl":"https:\/\/secure.gravatar.com\/avatar\/e4ecd4cb3a6714c2adcf507161262d91?s=96&d=mm&r=g","caption":"administration"},"url":"https:\/\/www.kss-sachsen.de\/?author=1"}]}},"_links":{"self":[{"href":"https:\/\/www.kss-sachsen.de\/index.php?rest_route=\/wp\/v2\/posts\/1539"}],"collection":[{"href":"https:\/\/www.kss-sachsen.de\/index.php?rest_route=\/wp\/v2\/posts"}],"about":[{"href":"https:\/\/www.kss-sachsen.de\/index.php?rest_route=\/wp\/v2\/types\/post"}],"author":[{"embeddable":true,"href":"https:\/\/www.kss-sachsen.de\/index.php?rest_route=\/wp\/v2\/users\/1"}],"replies":[{"embeddable":true,"href":"https:\/\/www.kss-sachsen.de\/index.php?rest_route=%2Fwp%2Fv2%2Fcomments&post=1539"}],"version-history":[{"count":5,"href":"https:\/\/www.kss-sachsen.de\/index.php?rest_route=\/wp\/v2\/posts\/1539\/revisions"}],"predecessor-version":[{"id":1545,"href":"https:\/\/www.kss-sachsen.de\/index.php?rest_route=\/wp\/v2\/posts\/1539\/revisions\/1545"}],"wp:featuredmedia":[{"embeddable":true,"href":"https:\/\/www.kss-sachsen.de\/index.php?rest_route=\/wp\/v2\/media\/1541"}],"wp:attachment":[{"href":"https:\/\/www.kss-sachsen.de\/index.php?rest_route=%2Fwp%2Fv2%2Fmedia&parent=1539"}],"wp:term":[{"taxonomy":"category","embeddable":true,"href":"https:\/\/www.kss-sachsen.de\/index.php?rest_route=%2Fwp%2Fv2%2Fcategories&post=1539"},{"taxonomy":"post_tag","embeddable":true,"href":"https:\/\/www.kss-sachsen.de\/index.php?rest_route=%2Fwp%2Fv2%2Ftags&post=1539"}],"curies":[{"name":"wp","href":"https:\/\/api.w.org\/{rel}","templated":true}]}}