{"id":1570,"date":"2020-03-27T09:39:08","date_gmt":"2020-03-27T08:39:08","guid":{"rendered":"https:\/\/www.kss-sachsen.de\/?p=1570"},"modified":"2020-03-27T09:40:48","modified_gmt":"2020-03-27T08:40:48","slug":"nicht-semester-die-mischung-machts","status":"publish","type":"post","link":"https:\/\/www.kss-sachsen.de\/pm_09_20","title":{"rendered":"Nicht-Semester? Die Mischung machts!"},"content":{"rendered":"<h3>KSS und GEW Studis sprechen sich f\u00fcr ein flexibles Sommersemester aus<\/h3>\n<p>Anl\u00e4sslich der Ver\u00f6ffentlichung des offenen Briefes zur Forderung eines \u201cNicht-Semesters\u201d und der gestrigen Pressemitteilung [1] der Landesrektorenkonferenz Sachsen (LRK), in der diesem eine Absage erteilt wird, erkl\u00e4ren die Konferenz S\u00e4chsischer Studierendenschaften (KSS) und der Landesausschuss der Studentinnen und Studenten der Gewerkschaft Erziehung und Wissenschaften Sachsen (LASS):<br \/>\n\u201c<em>Niemand hat gefordert das Sommersemester 2020 ausfallen zu lassen. Zum jetzigen Zeitpunkt kann aber niemand genau sagen, ob ab dem 4. Mai die Lehre wieder regul\u00e4r starten kann. Deswegen m\u00fcssen f\u00fcr das Sommersemester L\u00f6sungen gefunden werden, die \u00fcber die einfache Verlagerung der Modulpl\u00e4ne ins Digitale hinausgehen.<\/em>\u201c<\/p>\n<p>Dazu erkl\u00e4rt <strong>Lasse Emcken<\/strong>, <strong>Sprecher der KSS<\/strong>:<br \/>\n\u201c<em>Im Sommersemester werden wir v\u00f6llig neue Wege beschreiten, es muss jetzt verhindert werden, dass diese im Nichts enden. Der Versuch die \u2018normale\u2019 Lehre genauso, nur digital anzubieten, wird scheitern. Viele Studierende leiden zur Zeit unter enormen finanziellen Engp\u00e4ssen und das Internet ist vielerorts schon jetzt v\u00f6llig \u00fcberlastet.<\/em>\u201d [3]<\/p>\n<p>\u201c<em>Studierende m\u00fcssen jetzt versichert werden, dass ihnen keine Nachteile entstehen, um sich komplett auf die au\u00dferordentlichen Herausforderungen konzentrieren zu k\u00f6nnen. Die globale Pandemie gepaart mit einer sich abzeichnenden Weltwirtschaftskrise werden auch nach dem 4. Mai den Studienalltag gravierend pr\u00e4gen. Wir brauchen mindestens eine Aussetzung der Regelstudienzeit f\u00fcr ein Semester, finanzielle Soforthilfen f\u00fcr Studierende und eine Einf\u00fchrung eines Freiversuchs f\u00fcr die Pr\u00fcfungen im Sommersemester<\/em>\u201d, so Emcken weiter.<\/p>\n<p>Zur Zeit werden verschiedenen Ideen diskutiert &#8211; von einem Nicht-Semester \u00fcber ein Solidarsemester [3] bis hin zum Versuch alles so normal wie m\u00f6glich stattfinden zu lassen. In dem offenen Brief zum \u201cNicht-Semester\u201d wird beispielsweise nicht gefordert, das Semester ausfallen zu lassen, sondern den notwendigen Raum zu schaffen die Lehrformate radikal zu \u00e4ndern und den Zeitdruck der auf Lehrenden und Studierenden lastet massiv zu reduzieren. \u201c<em>Diese unterschiedlichen Ideen m\u00fcssen kombiniert werden. Einige Studierende wollen ihr Studium soweit es geht fortf\u00fchren, andere wollen dabei helfen die Krise zu meistern und wieder andere m\u00fcssen sich jetzt um ihre Angeh\u00f6rigen k\u00fcmmern. Das kommende Semester muss daher die Freiheiten bieten, sodass all das m\u00f6glich ist<\/em>\u201d, f\u00fchrt Emcken aus.<\/p>\n<p><strong>Katharina Sahakian<\/strong> vom <strong>LASS<\/strong> hierzu: \u201c<em>Manche Studierende w\u00fcrden jetzt lieber freiwillig in Krankenh\u00e4usern oder im Einzelhandel arbeiten, anstatt improvisierte Online-Kurse besuchen zu m\u00fcssen. Es ist nun die Aufgabe der Landesregierung und der Hochschulen die Voraussetzungen hierf\u00fcr zu schaffen.<\/em>\u201d<\/p>\n<p>\u201c<em>Studierende, welche aber dennoch ihr Studium gerne fortf\u00fchren oder beenden wollen, sollte nat\u00fcrlich die M\u00f6glichkeit hierzu geboten werden. Hierbei ist beispielsweise zu pr\u00fcfen, ob gewisse H\u00fcrden wie die sich gerade sehr schwierig zu gestaltenden Staatsexamenspr\u00fcfungen nicht ausgesetzt werden k\u00f6nnten. Hier sollte lediglich die wissenschaftliche Arbeit zusammen mit den Vornoten die Endnote bilden.<\/em>\u201d schlussfolgert Sahakian.<\/p>\n<p>[1]https:\/\/www.lrk-sachsen.de\/wp-content\/uploads\/2020\/03\/2020_03_26-Pressemitteilung-Nicht-Semester-Coronavirus_LRK.pdf<br \/>\n[2] https:\/\/www.nichtsemester.de\/cbxpetition\/offener-brief\/<br \/>\n[3] https:\/\/www.zeit.de\/2020\/14\/solidarsemester-coronavirus-hochschulen<br \/>\n[4]https:\/\/www.fzs.de\/2020\/03\/19\/gastbeitrag-die-hochschulbildung-in-zeiten-der-corona-krise-keine-nachteile-fuer-studierende-weder-in-der-bafoeg-vergabe-noch-durch-mangelhafte-online-kurse\/<\/p>\n<p>Die Pressemitteilung gibt es als .pdf <a href=\"https:\/\/cloud.kss-sachsen.de\/s\/vNfy1tJhj3gVzEN\">hier<\/a>.<\/p>\n","protected":false},"excerpt":{"rendered":"<p>KSS und GEW Studis sprechen sich f\u00fcr ein flexibles Sommersemester aus Anl\u00e4sslich der Ver\u00f6ffentlichung des offenen Briefes zur Forderung eines \u201cNicht-Semesters\u201d und der gestrigen Pressemitteilung [1] der Landesrektorenkonferenz Sachsen (LRK), in der diesem eine Absage erteilt wird, erkl\u00e4ren die Konferenz S\u00e4chsischer Studierendenschaften (KSS) und der Landesausschuss der Studentinnen und Studenten der Gewerkschaft Erziehung und Wissenschaften Sachsen (LASS): \u201cNiemand hat gefordert<a class=\"read-more\" href=\"https:\/\/www.kss-sachsen.de\/pm_09_20\">Hier weiter lesen&#8230;<\/a><\/p>\n","protected":false},"author":1,"featured_media":0,"comment_status":"open","ping_status":"open","sticky":false,"template":"","format":"standard","meta":{"footnotes":""},"categories":[11,6],"tags":[],"yoast_head":"<!-- This site is optimized with the Yoast SEO plugin v23.5 - https:\/\/yoast.com\/wordpress\/plugins\/seo\/ -->\n<title>Nicht-Semester? Die Mischung machts! - KSS<\/title>\n<meta name=\"robots\" content=\"index, follow, max-snippet:-1, max-image-preview:large, max-video-preview:-1\" \/>\n<link rel=\"canonical\" href=\"https:\/\/www.kss-sachsen.de\/pm_09_20\" \/>\n<meta property=\"og:locale\" content=\"de_DE\" \/>\n<meta property=\"og:type\" content=\"article\" \/>\n<meta property=\"og:title\" content=\"Nicht-Semester? Die Mischung machts! - KSS\" \/>\n<meta property=\"og:description\" content=\"KSS und GEW Studis sprechen sich f\u00fcr ein flexibles Sommersemester aus Anl\u00e4sslich der Ver\u00f6ffentlichung des offenen Briefes zur Forderung eines \u201cNicht-Semesters\u201d und der gestrigen Pressemitteilung [1] der Landesrektorenkonferenz Sachsen (LRK), in der diesem eine Absage erteilt wird, erkl\u00e4ren die Konferenz S\u00e4chsischer Studierendenschaften (KSS) und der Landesausschuss der Studentinnen und Studenten der Gewerkschaft Erziehung und Wissenschaften Sachsen (LASS): \u201cNiemand hat gefordertHier weiter lesen...\" \/>\n<meta property=\"og:url\" content=\"https:\/\/www.kss-sachsen.de\/pm_09_20\" \/>\n<meta property=\"og:site_name\" content=\"KSS\" \/>\n<meta property=\"article:published_time\" content=\"2020-03-27T08:39:08+00:00\" \/>\n<meta property=\"article:modified_time\" content=\"2020-03-27T08:40:48+00:00\" \/>\n<meta name=\"author\" content=\"administration\" \/>\n<meta name=\"twitter:card\" content=\"summary_large_image\" \/>\n<meta name=\"twitter:label1\" content=\"Verfasst von\" \/>\n\t<meta name=\"twitter:data1\" content=\"administration\" \/>\n\t<meta name=\"twitter:label2\" content=\"Gesch\u00e4tzte Lesezeit\" \/>\n\t<meta name=\"twitter:data2\" content=\"2\u00a0Minuten\" \/>\n<script type=\"application\/ld+json\" class=\"yoast-schema-graph\">{\"@context\":\"https:\/\/schema.org\",\"@graph\":[{\"@type\":\"Article\",\"@id\":\"https:\/\/www.kss-sachsen.de\/pm_09_20#article\",\"isPartOf\":{\"@id\":\"https:\/\/www.kss-sachsen.de\/pm_09_20\"},\"author\":{\"name\":\"administration\",\"@id\":\"https:\/\/www.kss-sachsen.de\/#\/schema\/person\/fbcf1c2438e102156e84a4ba5c3daa64\"},\"headline\":\"Nicht-Semester? Die Mischung machts!\",\"datePublished\":\"2020-03-27T08:39:08+00:00\",\"dateModified\":\"2020-03-27T08:40:48+00:00\",\"mainEntityOfPage\":{\"@id\":\"https:\/\/www.kss-sachsen.de\/pm_09_20\"},\"wordCount\":501,\"commentCount\":0,\"publisher\":{\"@id\":\"https:\/\/www.kss-sachsen.de\/#organization\"},\"articleSection\":[\"Pressemitteilung\",\"Pressemitteilung KSS\"],\"inLanguage\":\"de\",\"potentialAction\":[{\"@type\":\"CommentAction\",\"name\":\"Comment\",\"target\":[\"https:\/\/www.kss-sachsen.de\/pm_09_20#respond\"]}]},{\"@type\":\"WebPage\",\"@id\":\"https:\/\/www.kss-sachsen.de\/pm_09_20\",\"url\":\"https:\/\/www.kss-sachsen.de\/pm_09_20\",\"name\":\"Nicht-Semester? Die Mischung machts! - KSS\",\"isPartOf\":{\"@id\":\"https:\/\/www.kss-sachsen.de\/#website\"},\"datePublished\":\"2020-03-27T08:39:08+00:00\",\"dateModified\":\"2020-03-27T08:40:48+00:00\",\"breadcrumb\":{\"@id\":\"https:\/\/www.kss-sachsen.de\/pm_09_20#breadcrumb\"},\"inLanguage\":\"de\",\"potentialAction\":[{\"@type\":\"ReadAction\",\"target\":[\"https:\/\/www.kss-sachsen.de\/pm_09_20\"]}]},{\"@type\":\"BreadcrumbList\",\"@id\":\"https:\/\/www.kss-sachsen.de\/pm_09_20#breadcrumb\",\"itemListElement\":[{\"@type\":\"ListItem\",\"position\":1,\"name\":\"Home\",\"item\":\"https:\/\/www.kss-sachsen.de\/\"},{\"@type\":\"ListItem\",\"position\":2,\"name\":\"Nicht-Semester? Die Mischung machts!\"}]},{\"@type\":\"WebSite\",\"@id\":\"https:\/\/www.kss-sachsen.de\/#website\",\"url\":\"https:\/\/www.kss-sachsen.de\/\",\"name\":\"Konferenz S\u00e4chsischer Studierendenschaften\",\"description\":\"Konferenz S\u00e4chsischer Studierendenschaften\",\"publisher\":{\"@id\":\"https:\/\/www.kss-sachsen.de\/#organization\"},\"potentialAction\":[{\"@type\":\"SearchAction\",\"target\":{\"@type\":\"EntryPoint\",\"urlTemplate\":\"https:\/\/www.kss-sachsen.de\/?s={search_term_string}\"},\"query-input\":{\"@type\":\"PropertyValueSpecification\",\"valueRequired\":true,\"valueName\":\"search_term_string\"}}],\"inLanguage\":\"de\"},{\"@type\":\"Organization\",\"@id\":\"https:\/\/www.kss-sachsen.de\/#organization\",\"name\":\"Konferenz S\u00e4chsischer Studierendenschaften\",\"url\":\"https:\/\/www.kss-sachsen.de\/\",\"logo\":{\"@type\":\"ImageObject\",\"inLanguage\":\"de\",\"@id\":\"https:\/\/www.kss-sachsen.de\/#\/schema\/logo\/image\/\",\"url\":\"https:\/\/www.kss-sachsen.de\/wp-content\/uploads\/2023\/02\/Logo-KSS.png\",\"contentUrl\":\"https:\/\/www.kss-sachsen.de\/wp-content\/uploads\/2023\/02\/Logo-KSS.png\",\"width\":2239,\"height\":1528,\"caption\":\"Konferenz S\u00e4chsischer Studierendenschaften\"},\"image\":{\"@id\":\"https:\/\/www.kss-sachsen.de\/#\/schema\/logo\/image\/\"},\"sameAs\":[\"https:\/\/www.instagram.com\/kss_sachsen\/\"]},{\"@type\":\"Person\",\"@id\":\"https:\/\/www.kss-sachsen.de\/#\/schema\/person\/fbcf1c2438e102156e84a4ba5c3daa64\",\"name\":\"administration\",\"image\":{\"@type\":\"ImageObject\",\"inLanguage\":\"de\",\"@id\":\"https:\/\/www.kss-sachsen.de\/#\/schema\/person\/image\/\",\"url\":\"https:\/\/secure.gravatar.com\/avatar\/e4ecd4cb3a6714c2adcf507161262d91?s=96&d=mm&r=g\",\"contentUrl\":\"https:\/\/secure.gravatar.com\/avatar\/e4ecd4cb3a6714c2adcf507161262d91?s=96&d=mm&r=g\",\"caption\":\"administration\"},\"url\":\"https:\/\/www.kss-sachsen.de\/?author=1\"}]}<\/script>\n<!-- \/ Yoast SEO plugin. -->","yoast_head_json":{"title":"Nicht-Semester? Die Mischung machts! - KSS","robots":{"index":"index","follow":"follow","max-snippet":"max-snippet:-1","max-image-preview":"max-image-preview:large","max-video-preview":"max-video-preview:-1"},"canonical":"https:\/\/www.kss-sachsen.de\/pm_09_20","og_locale":"de_DE","og_type":"article","og_title":"Nicht-Semester? Die Mischung machts! - KSS","og_description":"KSS und GEW Studis sprechen sich f\u00fcr ein flexibles Sommersemester aus Anl\u00e4sslich der Ver\u00f6ffentlichung des offenen Briefes zur Forderung eines \u201cNicht-Semesters\u201d und der gestrigen Pressemitteilung [1] der Landesrektorenkonferenz Sachsen (LRK), in der diesem eine Absage erteilt wird, erkl\u00e4ren die Konferenz S\u00e4chsischer Studierendenschaften (KSS) und der Landesausschuss der Studentinnen und Studenten der Gewerkschaft Erziehung und Wissenschaften Sachsen (LASS): \u201cNiemand hat gefordertHier weiter lesen...","og_url":"https:\/\/www.kss-sachsen.de\/pm_09_20","og_site_name":"KSS","article_published_time":"2020-03-27T08:39:08+00:00","article_modified_time":"2020-03-27T08:40:48+00:00","author":"administration","twitter_card":"summary_large_image","twitter_misc":{"Verfasst von":"administration","Gesch\u00e4tzte Lesezeit":"2\u00a0Minuten"},"schema":{"@context":"https:\/\/schema.org","@graph":[{"@type":"Article","@id":"https:\/\/www.kss-sachsen.de\/pm_09_20#article","isPartOf":{"@id":"https:\/\/www.kss-sachsen.de\/pm_09_20"},"author":{"name":"administration","@id":"https:\/\/www.kss-sachsen.de\/#\/schema\/person\/fbcf1c2438e102156e84a4ba5c3daa64"},"headline":"Nicht-Semester? Die Mischung machts!","datePublished":"2020-03-27T08:39:08+00:00","dateModified":"2020-03-27T08:40:48+00:00","mainEntityOfPage":{"@id":"https:\/\/www.kss-sachsen.de\/pm_09_20"},"wordCount":501,"commentCount":0,"publisher":{"@id":"https:\/\/www.kss-sachsen.de\/#organization"},"articleSection":["Pressemitteilung","Pressemitteilung KSS"],"inLanguage":"de","potentialAction":[{"@type":"CommentAction","name":"Comment","target":["https:\/\/www.kss-sachsen.de\/pm_09_20#respond"]}]},{"@type":"WebPage","@id":"https:\/\/www.kss-sachsen.de\/pm_09_20","url":"https:\/\/www.kss-sachsen.de\/pm_09_20","name":"Nicht-Semester? Die Mischung machts! - KSS","isPartOf":{"@id":"https:\/\/www.kss-sachsen.de\/#website"},"datePublished":"2020-03-27T08:39:08+00:00","dateModified":"2020-03-27T08:40:48+00:00","breadcrumb":{"@id":"https:\/\/www.kss-sachsen.de\/pm_09_20#breadcrumb"},"inLanguage":"de","potentialAction":[{"@type":"ReadAction","target":["https:\/\/www.kss-sachsen.de\/pm_09_20"]}]},{"@type":"BreadcrumbList","@id":"https:\/\/www.kss-sachsen.de\/pm_09_20#breadcrumb","itemListElement":[{"@type":"ListItem","position":1,"name":"Home","item":"https:\/\/www.kss-sachsen.de\/"},{"@type":"ListItem","position":2,"name":"Nicht-Semester? Die Mischung machts!"}]},{"@type":"WebSite","@id":"https:\/\/www.kss-sachsen.de\/#website","url":"https:\/\/www.kss-sachsen.de\/","name":"Konferenz S\u00e4chsischer Studierendenschaften","description":"Konferenz S\u00e4chsischer Studierendenschaften","publisher":{"@id":"https:\/\/www.kss-sachsen.de\/#organization"},"potentialAction":[{"@type":"SearchAction","target":{"@type":"EntryPoint","urlTemplate":"https:\/\/www.kss-sachsen.de\/?s={search_term_string}"},"query-input":{"@type":"PropertyValueSpecification","valueRequired":true,"valueName":"search_term_string"}}],"inLanguage":"de"},{"@type":"Organization","@id":"https:\/\/www.kss-sachsen.de\/#organization","name":"Konferenz S\u00e4chsischer Studierendenschaften","url":"https:\/\/www.kss-sachsen.de\/","logo":{"@type":"ImageObject","inLanguage":"de","@id":"https:\/\/www.kss-sachsen.de\/#\/schema\/logo\/image\/","url":"https:\/\/www.kss-sachsen.de\/wp-content\/uploads\/2023\/02\/Logo-KSS.png","contentUrl":"https:\/\/www.kss-sachsen.de\/wp-content\/uploads\/2023\/02\/Logo-KSS.png","width":2239,"height":1528,"caption":"Konferenz S\u00e4chsischer Studierendenschaften"},"image":{"@id":"https:\/\/www.kss-sachsen.de\/#\/schema\/logo\/image\/"},"sameAs":["https:\/\/www.instagram.com\/kss_sachsen\/"]},{"@type":"Person","@id":"https:\/\/www.kss-sachsen.de\/#\/schema\/person\/fbcf1c2438e102156e84a4ba5c3daa64","name":"administration","image":{"@type":"ImageObject","inLanguage":"de","@id":"https:\/\/www.kss-sachsen.de\/#\/schema\/person\/image\/","url":"https:\/\/secure.gravatar.com\/avatar\/e4ecd4cb3a6714c2adcf507161262d91?s=96&d=mm&r=g","contentUrl":"https:\/\/secure.gravatar.com\/avatar\/e4ecd4cb3a6714c2adcf507161262d91?s=96&d=mm&r=g","caption":"administration"},"url":"https:\/\/www.kss-sachsen.de\/?author=1"}]}},"_links":{"self":[{"href":"https:\/\/www.kss-sachsen.de\/index.php?rest_route=\/wp\/v2\/posts\/1570"}],"collection":[{"href":"https:\/\/www.kss-sachsen.de\/index.php?rest_route=\/wp\/v2\/posts"}],"about":[{"href":"https:\/\/www.kss-sachsen.de\/index.php?rest_route=\/wp\/v2\/types\/post"}],"author":[{"embeddable":true,"href":"https:\/\/www.kss-sachsen.de\/index.php?rest_route=\/wp\/v2\/users\/1"}],"replies":[{"embeddable":true,"href":"https:\/\/www.kss-sachsen.de\/index.php?rest_route=%2Fwp%2Fv2%2Fcomments&post=1570"}],"version-history":[{"count":3,"href":"https:\/\/www.kss-sachsen.de\/index.php?rest_route=\/wp\/v2\/posts\/1570\/revisions"}],"predecessor-version":[{"id":1573,"href":"https:\/\/www.kss-sachsen.de\/index.php?rest_route=\/wp\/v2\/posts\/1570\/revisions\/1573"}],"wp:attachment":[{"href":"https:\/\/www.kss-sachsen.de\/index.php?rest_route=%2Fwp%2Fv2%2Fmedia&parent=1570"}],"wp:term":[{"taxonomy":"category","embeddable":true,"href":"https:\/\/www.kss-sachsen.de\/index.php?rest_route=%2Fwp%2Fv2%2Fcategories&post=1570"},{"taxonomy":"post_tag","embeddable":true,"href":"https:\/\/www.kss-sachsen.de\/index.php?rest_route=%2Fwp%2Fv2%2Ftags&post=1570"}],"curies":[{"name":"wp","href":"https:\/\/api.w.org\/{rel}","templated":true}]}}