{"id":1574,"date":"2020-04-01T08:55:11","date_gmt":"2020-04-01T06:55:11","guid":{"rendered":"https:\/\/www.kss-sachsen.de\/?p=1574"},"modified":"2020-04-02T13:27:42","modified_gmt":"2020-04-02T11:27:42","slug":"neues-kss-team-startet-in-zeiten-von-corona","status":"publish","type":"post","link":"https:\/\/www.kss-sachsen.de\/pm_10_20","title":{"rendered":"Neues KSS-Team startet in Zeiten von Corona"},"content":{"rendered":"<p><strong>Die neuen Sprecher haben genaue Vorstellungen f\u00fcr die Krise und dar\u00fcber hinaus<br \/>\n<\/strong><br \/>\nBereits am 07.03. wurde rund um die beiden neuen Sprecher Paul Senf (TU Dresden) und Lukas Eichinger (TU BA Freiberg) ein neues Team aus Amtstr\u00e4gerinnen und Amtstr\u00e4gern der Konferenz S\u00e4chsischer Studierendenschaften (KSS) gew\u00e4hlt. Dieses hat gestern am 01.04. seine Arbeit f\u00fcr das kommende Jahr aufgenommen. Zur Wahl Anfang M\u00e4rz lag der Fokus noch auf der im Koalitionsvertrag vereinbarten Novellierung des S\u00e4chsHSFG und anderen hochschulpolitischen Vorhaben, wie der Einf\u00fchrung eines Lehrer*innenbildungsgesetzes, doch inzwischen ist die hochschulpolitische Agenda durch die derzeitige Krise gepr\u00e4gt.<\/p>\n<p>&#8222;Wir \u00fcbernehmen die Arbeit in einer Situation, in der gerade Studierende von der aktuellen Corona-Krise stark betroffen sind. Weder vom Bund noch vom Freistaat bekommen sie bisher nennenswerte Unterst\u00fctzung.\u201d sagt Lukas Eichinger, neuer Sprecher der KSS. \u201cDie KSS hat sich unter unserem Vorg\u00e4nger Lasse Emcken in den letzten Wochen intensiv f\u00fcr die Studierenden eingesetzt und wir m\u00f6chten dies weiterf\u00fchren. Doch auch \u00fcber die Corona-Krise hinaus haben wir wichtige Anliegen, welche wir weiterhin verfolgen werden.&#8220; erg\u00e4nzt Paul Senf, ebenfalls neuer Sprecher der KSS.<\/p>\n<p>Im ersten Corona-Rettungsschirm der Bundesregierung gehen Studierende, abgesehen von kleinen \u00c4nderungen des BAf\u00f6G, komplett leer aus. Auf die Petition zur Soforthilfe f\u00fcr Studierende [1], die mittlerweile knapp 40.000 Unterschriften hat, wurde bisher seitens der Regierung noch nicht eingegangen. An den Hochschulen selbst sind noch viele Details bez\u00fcglich des unter besonderen Umst\u00e4nden stattfindenden Sommersemesters unklar. &#8222;Wir fordern, dass Studieren im anstehenden Semester m\u00f6glich sein muss, aber nicht n\u00f6tig sein darf. Damit w\u00fcrde in dieser schwierigen Zeit eine m\u00f6glichst gro\u00dfe Flexibilit\u00e4t gew\u00e4hrleistet.\u201d erl\u00e4utert Eichinger. \u201cEine unb\u00fcrokratische finanzielle Soforthilfe f\u00fcr Studierende ist dringend notwendig und die Ausarbeitung geeigneter hochschulweiter E-Learning Konzepte dr\u00e4ngt, ben\u00f6tigt aber vielerorts noch Zeit&#8220; so Eichinger weiter.<\/p>\n<p>Neben der Vertretung der Studierenden in der Corona-Krise bereiten sich die Amtstr\u00e4gerinnen und Amtstr\u00e4ger jedoch auch auf weitere Themen vor. Im hochschulpolitischen Bereich ist der Koalitionsvertrag ambitioniert und es sollen viele Projekte angegangen werden. Paul Senf dazu: &#8222;Die Krise darf nicht alles \u00fcberschatten und die politische Welt sich nicht nur um Corona drehen. Wir fordern vom SMWK nach Konsolidierung in der Krise weiter an den Vorhaben, wie der Novellierung des S\u00e4chsHSFG, zu arbeiten. Das Ministerium soll m\u00f6glichst bald in Verhandlungen dazu eintreten, um einen angemessenen Anh\u00f6rungsprozess, an dem sich die KSS selbstverst\u00e4ndlich beteiligen wird, zu erm\u00f6glichen.&#8220;<br \/>\n&#8222;Wir m\u00f6chten das Bestm\u00f6gliche f\u00fcr die Studierenden in dieser Krise und vor allem auch dar\u00fcber hinaus erreichen und freuen uns auf eine sehr spannende Legislatur.&#8220; so Eichinger abschlie\u00dfend.<\/p>\n<p>[1] https:\/\/www.openpetition.de\/petition\/online\/soforthilfe-fuer-studierende-jetzt<\/p>\n<p>Die Pressemitteilung gibt es als pdf\u00a0<a href=\"https:\/\/cloud.kss-sachsen.de\/s\/kxHBNwoVyX1jzHQ\">hier<\/a>.<\/p>\n","protected":false},"excerpt":{"rendered":"<p>Die neuen Sprecher haben genaue Vorstellungen f\u00fcr die Krise und dar\u00fcber hinaus Bereits am 07.03. wurde rund um die beiden neuen Sprecher Paul Senf (TU Dresden) und Lukas Eichinger (TU BA Freiberg) ein neues Team aus Amtstr\u00e4gerinnen und Amtstr\u00e4gern der Konferenz S\u00e4chsischer Studierendenschaften (KSS) gew\u00e4hlt. Dieses hat gestern am 01.04. seine Arbeit f\u00fcr das kommende Jahr aufgenommen. Zur Wahl Anfang<a class=\"read-more\" href=\"https:\/\/www.kss-sachsen.de\/pm_10_20\">Hier weiter lesen&#8230;<\/a><\/p>\n","protected":false},"author":1,"featured_media":0,"comment_status":"open","ping_status":"open","sticky":false,"template":"","format":"standard","meta":{"footnotes":""},"categories":[28,6],"tags":[],"yoast_head":"<!-- This site is optimized with the Yoast SEO plugin v23.5 - https:\/\/yoast.com\/wordpress\/plugins\/seo\/ -->\n<title>Neues KSS-Team startet in Zeiten von Corona - KSS<\/title>\n<meta name=\"robots\" content=\"index, follow, max-snippet:-1, max-image-preview:large, max-video-preview:-1\" \/>\n<link rel=\"canonical\" href=\"https:\/\/www.kss-sachsen.de\/pm_10_20\" \/>\n<meta property=\"og:locale\" content=\"de_DE\" \/>\n<meta property=\"og:type\" content=\"article\" \/>\n<meta property=\"og:title\" content=\"Neues KSS-Team startet in Zeiten von Corona - KSS\" \/>\n<meta property=\"og:description\" content=\"Die neuen Sprecher haben genaue Vorstellungen f\u00fcr die Krise und dar\u00fcber hinaus Bereits am 07.03. wurde rund um die beiden neuen Sprecher Paul Senf (TU Dresden) und Lukas Eichinger (TU BA Freiberg) ein neues Team aus Amtstr\u00e4gerinnen und Amtstr\u00e4gern der Konferenz S\u00e4chsischer Studierendenschaften (KSS) gew\u00e4hlt. Dieses hat gestern am 01.04. seine Arbeit f\u00fcr das kommende Jahr aufgenommen. Zur Wahl AnfangHier weiter lesen...\" \/>\n<meta property=\"og:url\" content=\"https:\/\/www.kss-sachsen.de\/pm_10_20\" \/>\n<meta property=\"og:site_name\" content=\"KSS\" \/>\n<meta property=\"article:published_time\" content=\"2020-04-01T06:55:11+00:00\" \/>\n<meta property=\"article:modified_time\" content=\"2020-04-02T11:27:42+00:00\" \/>\n<meta name=\"author\" content=\"administration\" \/>\n<meta name=\"twitter:card\" content=\"summary_large_image\" \/>\n<meta name=\"twitter:label1\" content=\"Verfasst von\" \/>\n\t<meta name=\"twitter:data1\" content=\"administration\" \/>\n\t<meta name=\"twitter:label2\" content=\"Gesch\u00e4tzte Lesezeit\" \/>\n\t<meta name=\"twitter:data2\" content=\"2\u00a0Minuten\" \/>\n<script type=\"application\/ld+json\" class=\"yoast-schema-graph\">{\"@context\":\"https:\/\/schema.org\",\"@graph\":[{\"@type\":\"Article\",\"@id\":\"https:\/\/www.kss-sachsen.de\/pm_10_20#article\",\"isPartOf\":{\"@id\":\"https:\/\/www.kss-sachsen.de\/pm_10_20\"},\"author\":{\"name\":\"administration\",\"@id\":\"https:\/\/www.kss-sachsen.de\/#\/schema\/person\/fbcf1c2438e102156e84a4ba5c3daa64\"},\"headline\":\"Neues KSS-Team startet in Zeiten von Corona\",\"datePublished\":\"2020-04-01T06:55:11+00:00\",\"dateModified\":\"2020-04-02T11:27:42+00:00\",\"mainEntityOfPage\":{\"@id\":\"https:\/\/www.kss-sachsen.de\/pm_10_20\"},\"wordCount\":469,\"commentCount\":0,\"publisher\":{\"@id\":\"https:\/\/www.kss-sachsen.de\/#organization\"},\"articleSection\":[\"Aktuelles\",\"Pressemitteilung KSS\"],\"inLanguage\":\"de\",\"potentialAction\":[{\"@type\":\"CommentAction\",\"name\":\"Comment\",\"target\":[\"https:\/\/www.kss-sachsen.de\/pm_10_20#respond\"]}]},{\"@type\":\"WebPage\",\"@id\":\"https:\/\/www.kss-sachsen.de\/pm_10_20\",\"url\":\"https:\/\/www.kss-sachsen.de\/pm_10_20\",\"name\":\"Neues KSS-Team startet in Zeiten von Corona - KSS\",\"isPartOf\":{\"@id\":\"https:\/\/www.kss-sachsen.de\/#website\"},\"datePublished\":\"2020-04-01T06:55:11+00:00\",\"dateModified\":\"2020-04-02T11:27:42+00:00\",\"breadcrumb\":{\"@id\":\"https:\/\/www.kss-sachsen.de\/pm_10_20#breadcrumb\"},\"inLanguage\":\"de\",\"potentialAction\":[{\"@type\":\"ReadAction\",\"target\":[\"https:\/\/www.kss-sachsen.de\/pm_10_20\"]}]},{\"@type\":\"BreadcrumbList\",\"@id\":\"https:\/\/www.kss-sachsen.de\/pm_10_20#breadcrumb\",\"itemListElement\":[{\"@type\":\"ListItem\",\"position\":1,\"name\":\"Home\",\"item\":\"https:\/\/www.kss-sachsen.de\/\"},{\"@type\":\"ListItem\",\"position\":2,\"name\":\"Neues KSS-Team startet in Zeiten von Corona\"}]},{\"@type\":\"WebSite\",\"@id\":\"https:\/\/www.kss-sachsen.de\/#website\",\"url\":\"https:\/\/www.kss-sachsen.de\/\",\"name\":\"Konferenz S\u00e4chsischer Studierendenschaften\",\"description\":\"Konferenz S\u00e4chsischer Studierendenschaften\",\"publisher\":{\"@id\":\"https:\/\/www.kss-sachsen.de\/#organization\"},\"potentialAction\":[{\"@type\":\"SearchAction\",\"target\":{\"@type\":\"EntryPoint\",\"urlTemplate\":\"https:\/\/www.kss-sachsen.de\/?s={search_term_string}\"},\"query-input\":{\"@type\":\"PropertyValueSpecification\",\"valueRequired\":true,\"valueName\":\"search_term_string\"}}],\"inLanguage\":\"de\"},{\"@type\":\"Organization\",\"@id\":\"https:\/\/www.kss-sachsen.de\/#organization\",\"name\":\"Konferenz S\u00e4chsischer Studierendenschaften\",\"url\":\"https:\/\/www.kss-sachsen.de\/\",\"logo\":{\"@type\":\"ImageObject\",\"inLanguage\":\"de\",\"@id\":\"https:\/\/www.kss-sachsen.de\/#\/schema\/logo\/image\/\",\"url\":\"https:\/\/www.kss-sachsen.de\/wp-content\/uploads\/2023\/02\/Logo-KSS.png\",\"contentUrl\":\"https:\/\/www.kss-sachsen.de\/wp-content\/uploads\/2023\/02\/Logo-KSS.png\",\"width\":2239,\"height\":1528,\"caption\":\"Konferenz S\u00e4chsischer Studierendenschaften\"},\"image\":{\"@id\":\"https:\/\/www.kss-sachsen.de\/#\/schema\/logo\/image\/\"},\"sameAs\":[\"https:\/\/www.instagram.com\/kss_sachsen\/\"]},{\"@type\":\"Person\",\"@id\":\"https:\/\/www.kss-sachsen.de\/#\/schema\/person\/fbcf1c2438e102156e84a4ba5c3daa64\",\"name\":\"administration\",\"image\":{\"@type\":\"ImageObject\",\"inLanguage\":\"de\",\"@id\":\"https:\/\/www.kss-sachsen.de\/#\/schema\/person\/image\/\",\"url\":\"https:\/\/secure.gravatar.com\/avatar\/e4ecd4cb3a6714c2adcf507161262d91?s=96&d=mm&r=g\",\"contentUrl\":\"https:\/\/secure.gravatar.com\/avatar\/e4ecd4cb3a6714c2adcf507161262d91?s=96&d=mm&r=g\",\"caption\":\"administration\"},\"url\":\"https:\/\/www.kss-sachsen.de\/?author=1\"}]}<\/script>\n<!-- \/ Yoast SEO plugin. -->","yoast_head_json":{"title":"Neues KSS-Team startet in Zeiten von Corona - KSS","robots":{"index":"index","follow":"follow","max-snippet":"max-snippet:-1","max-image-preview":"max-image-preview:large","max-video-preview":"max-video-preview:-1"},"canonical":"https:\/\/www.kss-sachsen.de\/pm_10_20","og_locale":"de_DE","og_type":"article","og_title":"Neues KSS-Team startet in Zeiten von Corona - KSS","og_description":"Die neuen Sprecher haben genaue Vorstellungen f\u00fcr die Krise und dar\u00fcber hinaus Bereits am 07.03. wurde rund um die beiden neuen Sprecher Paul Senf (TU Dresden) und Lukas Eichinger (TU BA Freiberg) ein neues Team aus Amtstr\u00e4gerinnen und Amtstr\u00e4gern der Konferenz S\u00e4chsischer Studierendenschaften (KSS) gew\u00e4hlt. Dieses hat gestern am 01.04. seine Arbeit f\u00fcr das kommende Jahr aufgenommen. Zur Wahl AnfangHier weiter lesen...","og_url":"https:\/\/www.kss-sachsen.de\/pm_10_20","og_site_name":"KSS","article_published_time":"2020-04-01T06:55:11+00:00","article_modified_time":"2020-04-02T11:27:42+00:00","author":"administration","twitter_card":"summary_large_image","twitter_misc":{"Verfasst von":"administration","Gesch\u00e4tzte Lesezeit":"2\u00a0Minuten"},"schema":{"@context":"https:\/\/schema.org","@graph":[{"@type":"Article","@id":"https:\/\/www.kss-sachsen.de\/pm_10_20#article","isPartOf":{"@id":"https:\/\/www.kss-sachsen.de\/pm_10_20"},"author":{"name":"administration","@id":"https:\/\/www.kss-sachsen.de\/#\/schema\/person\/fbcf1c2438e102156e84a4ba5c3daa64"},"headline":"Neues KSS-Team startet in Zeiten von Corona","datePublished":"2020-04-01T06:55:11+00:00","dateModified":"2020-04-02T11:27:42+00:00","mainEntityOfPage":{"@id":"https:\/\/www.kss-sachsen.de\/pm_10_20"},"wordCount":469,"commentCount":0,"publisher":{"@id":"https:\/\/www.kss-sachsen.de\/#organization"},"articleSection":["Aktuelles","Pressemitteilung KSS"],"inLanguage":"de","potentialAction":[{"@type":"CommentAction","name":"Comment","target":["https:\/\/www.kss-sachsen.de\/pm_10_20#respond"]}]},{"@type":"WebPage","@id":"https:\/\/www.kss-sachsen.de\/pm_10_20","url":"https:\/\/www.kss-sachsen.de\/pm_10_20","name":"Neues KSS-Team startet in Zeiten von Corona - KSS","isPartOf":{"@id":"https:\/\/www.kss-sachsen.de\/#website"},"datePublished":"2020-04-01T06:55:11+00:00","dateModified":"2020-04-02T11:27:42+00:00","breadcrumb":{"@id":"https:\/\/www.kss-sachsen.de\/pm_10_20#breadcrumb"},"inLanguage":"de","potentialAction":[{"@type":"ReadAction","target":["https:\/\/www.kss-sachsen.de\/pm_10_20"]}]},{"@type":"BreadcrumbList","@id":"https:\/\/www.kss-sachsen.de\/pm_10_20#breadcrumb","itemListElement":[{"@type":"ListItem","position":1,"name":"Home","item":"https:\/\/www.kss-sachsen.de\/"},{"@type":"ListItem","position":2,"name":"Neues KSS-Team startet in Zeiten von Corona"}]},{"@type":"WebSite","@id":"https:\/\/www.kss-sachsen.de\/#website","url":"https:\/\/www.kss-sachsen.de\/","name":"Konferenz S\u00e4chsischer Studierendenschaften","description":"Konferenz S\u00e4chsischer Studierendenschaften","publisher":{"@id":"https:\/\/www.kss-sachsen.de\/#organization"},"potentialAction":[{"@type":"SearchAction","target":{"@type":"EntryPoint","urlTemplate":"https:\/\/www.kss-sachsen.de\/?s={search_term_string}"},"query-input":{"@type":"PropertyValueSpecification","valueRequired":true,"valueName":"search_term_string"}}],"inLanguage":"de"},{"@type":"Organization","@id":"https:\/\/www.kss-sachsen.de\/#organization","name":"Konferenz S\u00e4chsischer Studierendenschaften","url":"https:\/\/www.kss-sachsen.de\/","logo":{"@type":"ImageObject","inLanguage":"de","@id":"https:\/\/www.kss-sachsen.de\/#\/schema\/logo\/image\/","url":"https:\/\/www.kss-sachsen.de\/wp-content\/uploads\/2023\/02\/Logo-KSS.png","contentUrl":"https:\/\/www.kss-sachsen.de\/wp-content\/uploads\/2023\/02\/Logo-KSS.png","width":2239,"height":1528,"caption":"Konferenz S\u00e4chsischer Studierendenschaften"},"image":{"@id":"https:\/\/www.kss-sachsen.de\/#\/schema\/logo\/image\/"},"sameAs":["https:\/\/www.instagram.com\/kss_sachsen\/"]},{"@type":"Person","@id":"https:\/\/www.kss-sachsen.de\/#\/schema\/person\/fbcf1c2438e102156e84a4ba5c3daa64","name":"administration","image":{"@type":"ImageObject","inLanguage":"de","@id":"https:\/\/www.kss-sachsen.de\/#\/schema\/person\/image\/","url":"https:\/\/secure.gravatar.com\/avatar\/e4ecd4cb3a6714c2adcf507161262d91?s=96&d=mm&r=g","contentUrl":"https:\/\/secure.gravatar.com\/avatar\/e4ecd4cb3a6714c2adcf507161262d91?s=96&d=mm&r=g","caption":"administration"},"url":"https:\/\/www.kss-sachsen.de\/?author=1"}]}},"_links":{"self":[{"href":"https:\/\/www.kss-sachsen.de\/index.php?rest_route=\/wp\/v2\/posts\/1574"}],"collection":[{"href":"https:\/\/www.kss-sachsen.de\/index.php?rest_route=\/wp\/v2\/posts"}],"about":[{"href":"https:\/\/www.kss-sachsen.de\/index.php?rest_route=\/wp\/v2\/types\/post"}],"author":[{"embeddable":true,"href":"https:\/\/www.kss-sachsen.de\/index.php?rest_route=\/wp\/v2\/users\/1"}],"replies":[{"embeddable":true,"href":"https:\/\/www.kss-sachsen.de\/index.php?rest_route=%2Fwp%2Fv2%2Fcomments&post=1574"}],"version-history":[{"count":4,"href":"https:\/\/www.kss-sachsen.de\/index.php?rest_route=\/wp\/v2\/posts\/1574\/revisions"}],"predecessor-version":[{"id":1578,"href":"https:\/\/www.kss-sachsen.de\/index.php?rest_route=\/wp\/v2\/posts\/1574\/revisions\/1578"}],"wp:attachment":[{"href":"https:\/\/www.kss-sachsen.de\/index.php?rest_route=%2Fwp%2Fv2%2Fmedia&parent=1574"}],"wp:term":[{"taxonomy":"category","embeddable":true,"href":"https:\/\/www.kss-sachsen.de\/index.php?rest_route=%2Fwp%2Fv2%2Fcategories&post=1574"},{"taxonomy":"post_tag","embeddable":true,"href":"https:\/\/www.kss-sachsen.de\/index.php?rest_route=%2Fwp%2Fv2%2Ftags&post=1574"}],"curies":[{"name":"wp","href":"https:\/\/api.w.org\/{rel}","templated":true}]}}