{"id":1653,"date":"2020-05-04T08:33:50","date_gmt":"2020-05-04T06:33:50","guid":{"rendered":"https:\/\/www.kss-sachsen.de\/?p=1653"},"modified":"2020-05-04T08:52:08","modified_gmt":"2020-05-04T06:52:08","slug":"studierende-fordern-sofortigen-rucktritt-karliczeks","status":"publish","type":"post","link":"https:\/\/www.kss-sachsen.de\/pm_16_20","title":{"rendered":"Studierende fordern sofortigen R\u00fccktritt Karliczeks"},"content":{"rendered":"<div id=\"magicdomid5\" class=\"ace-line\" spellcheck=\"true\"><span class=\"\">Die unterzeichnenden studentischen Organisationen fordern den sofortigen R\u00fccktritt von Bundesministerin Anja Karliczek.<\/span><\/div>\n<div id=\"magicdomid6\" class=\"ace-line\" spellcheck=\"true\"><\/div>\n<p>&nbsp;<\/p>\n<div id=\"magicdomid7\" class=\"ace-line\" spellcheck=\"true\"><span class=\"\"><strong>Leonie Ackermann, Vorstand des bundesweiten studentischen Dachverbands fzs<\/strong>, verurteilt das Vorgehen der Ministerin in der Krise scharf: \u201eAnja Karliczek hat durch ihr politisches Agieren in den vergangenen sechs Wochen grob fahrl\u00e4ssig gegen\u00fcber Studierenden in Not gehandelt und deren Situation mit jedem Tag, der tatenlos vergangen ist, verschlimmert. Das lange Schweigen am Anfang, dann ein sogenanntes \u201eUnterst\u00fctzungspaket f\u00fcr Wissenschaft und Studierende\u201c, gefolgt von einer Pressemitteilung am Ostersonntag die Nothilfe versprach &#8211; das Komplettversagen des Bundesministeriums f\u00fcr Bildung und Forschung gegen\u00fcber ungef\u00e4hr 750.000 Studierenden versch\u00e4rft die bereits bestehende #Bildungskrise.\u201c<\/span><\/div>\n<p>&nbsp;<\/p>\n<div id=\"magicdomid8\" class=\"ace-line\" spellcheck=\"true\"><\/div>\n<div id=\"magicdomid9\" class=\"ace-line\" spellcheck=\"true\"><span class=\"\">\u201eMinisterin Karliczek hat nicht nur dringend notwendige Entscheidungen verschleppt, sondern auch sozialvertr\u00e4gliche L\u00f6sungen aktiv blockiert!\u201c, betont <strong>Lukas Eichinger, Sprecher der Konferenz S\u00e4chsischer Studierendenschaften (KSS)<\/strong>. Auf ein Schreiben der Landeswissenschaftsminister*innen, in dem auf die \u00d6ffnung des BAf\u00f6Gs f\u00fcr alle gepocht wurde, antwortete sie, dies sei \u201enicht praktikabel und zielf\u00fchrend\u201c. Damit habe sie den bestehenden l\u00f6chrigen Flickenteppich an zu knapp bemessenen Nothilfe-T\u00f6pfen, die von einzelnen Studierendenwerken und Bundesl\u00e4ndern aufgelegt wurden, mit verschuldet.<\/span><\/div>\n<div id=\"magicdomid10\" class=\"ace-line\" spellcheck=\"true\"><\/div>\n<p>&nbsp;<\/p>\n<div id=\"magicdomid11\" class=\"ace-line\" spellcheck=\"true\"><span class=\"\">\u201eKarliczek betreibt organisierte Verantwortungslosigkeit. Sie agiert beratungsresistent, ignorant und selbstgef\u00e4llig. Sie hat versucht das Deutsche Studentenwerk zum S\u00fcndenbock zu machen, Beteiligung von Interessenvertretungen zu umgehen und ein Eingestehen von Fehlern bei der eigenen BAf\u00f6G-Reform bleibt nach wie vor aus.\u201c, sagt <strong>Sabrina Arneth, Bundessprecherin der GEW Studis<\/strong>.<\/span><\/div>\n<div id=\"magicdomid12\" class=\"ace-line\" spellcheck=\"true\"><\/div>\n<p>&nbsp;<\/p>\n<div id=\"magicdomid13\" class=\"ace-line\" spellcheck=\"true\"><span class=\"\">Grundlegende Kritik an den Ma\u00dfnahmen \u00e4u\u00dfert ebenfalls <strong>Christina Markfort von Campusgr\u00fcn<\/strong>: \u201eEin Darlehen bedeutet immer den Zwang Schulden aufzunehmen. Vor allem f\u00fcr Studierende aus schwachen finanziellen Hintergr\u00fcnden ist eine Schuldenaufnahme immer ein Hemmnis. Statt Mittel des BAf\u00f6Gs, die durchaus vorhanden gewesen w\u00e4ren, zu nutzen und das BAf\u00f6G zu \u00f6ffnen, hat Karliczek nur eine \u201eL\u00f6sung\u201c geschaffen, die bereits Studierende zum Studienabbruch gezwungen hat. Besonders die zeitliche Verschleppung ist ihr vorzuwerfen.\u201c<\/span><\/div>\n<div id=\"magicdomid14\" class=\"ace-line\" spellcheck=\"true\"><\/div>\n<p>&nbsp;<\/p>\n<div id=\"magicdomid53\" class=\"ace-line\"><span class=\"\">\u201eDie nun angek\u00fcndigte Darlehensl\u00f6sung zeigt, dass die Ministerin und das BMBF schon lange jegliche Wahrnehmung der studentischen Lebensrealit\u00e4t und realen Studienfinanzierungssituation verloren haben. Dies ist ein weiterer Beweis daf\u00fcr, dass es kein Interesse daran gibt, Studierende wirklich nachhaltig im weiteren Studienverlauf finanziell abzusichern.\u201c, kritisiert <strong>Jonathan Wiegers, Sprecher der Brandenburgischen Studierendenvertretung (BRANDSTUVE)<\/strong>.<\/span><\/div>\n<div id=\"magicdomid16\" class=\"ace-line\" spellcheck=\"true\"><\/div>\n<p>&nbsp;<\/p>\n<div id=\"magicdomid17\" class=\"ace-line\" spellcheck=\"true\"><span class=\"\">Die betrifft insbesondere Lebensrealit\u00e4ten, wie sie von <strong>Nadia Galina, hochschulpolitische Referentin des Bundes ausl\u00e4ndischer Studierender<\/strong> <strong>(BAS)<\/strong>, geschildert werden: \u201e\u00bbIllegal arbeiten m\u00fcssen statt studieren, um seine Schulden zur\u00fcckzahlen zu k\u00f6nnen\u00ab das bedeutet in letzter Konsequenz das Programm von Ministerin Karliczek und der meisten Landesministerien. Viele ausl\u00e4ndische Studierende haben ihre Jobs verloren. Wenn sie in Zukunft doch noch eine Stelle finden werden, sind diese Studierenden ausl\u00e4nderrechtlich zeitlich stark beschr\u00e4nkt. In der Zeit, in der sie arbeiten d\u00fcrfen, k\u00f6nnen sie gar nicht so viel Geld verdienen, um die Schulden zur\u00fcckzahlen zu k\u00f6nnen, die sie jetzt durch Darlehen aufnehmen m\u00fcssen.\u201c<\/span><\/div>\n<p>&nbsp;<\/p>\n<div id=\"magicdomid18\" class=\"ace-line\" spellcheck=\"true\"><\/div>\n<div id=\"magicdomid19\" class=\"ace-line\" spellcheck=\"true\"><span class=\"\">Abschlie\u00dfend folgert <strong>Florian Fuhlroth vom StuRa HTW Dresden<\/strong>: \u201eAnja Karliczek ist im Amt einer Wissenschaftsministerin nicht tragbar. Sie hat auf die katastrophale Situation der Studierenden erst gar nicht, dann nur mit unzureichenden L\u00f6sungen reagiert. Daher fordern wir geschlossen ihren R\u00fccktritt.\u201c<\/span><\/div>\n<p>&nbsp;<\/p>\n<div id=\"magicdomid20\" class=\"ace-line\" spellcheck=\"true\"><\/div>\n<div id=\"magicdomid21\" class=\"ace-line\" spellcheck=\"true\"><strong><span class=\"\">Unterst\u00fctzer*innen:\u00a0<\/span><\/strong><\/div>\n<div id=\"magicdomid22\" class=\"ace-line\" spellcheck=\"true\"><\/div>\n<p>&nbsp;<\/p>\n<div id=\"magicdomid23\" class=\"ace-line\" spellcheck=\"true\"><a href=\"https:\/\/www.fzs.de\/\" target=\"_blank\"><span class=\"\">fzs<\/span><\/a><\/div>\n<div id=\"magicdomid24\" class=\"ace-line\" spellcheck=\"true\"><a href=\"https:\/\/bas-ev.de\/\" target=\"_blank\"><span class=\"\">BAS<\/span><\/a><\/div>\n<div id=\"magicdomid25\" class=\"ace-line\" spellcheck=\"true\"><a href=\"https:\/\/www.gew.de\/ausschuesse-arbeitsgruppen\/personengruppen\/gew-studis\/\" target=\"_blank\"><span class=\"\">GEW Studis<\/span><\/a><\/div>\n<div id=\"magicdomid26\" class=\"ace-line\" spellcheck=\"true\"><span class=\"\">SDS \/ Die Linke<\/span><\/div>\n<div id=\"magicdomid27\" class=\"ace-line\" spellcheck=\"true\"><span class=\"\">Campusgr\u00fcn<\/span><\/div>\n<div id=\"magicdomid28\" class=\"ace-line\" spellcheck=\"true\"><span class=\"\">Brandenburgische Studierendenvertretung \/BRANDSTUVE<\/span><\/div>\n<div id=\"magicdomid29\" class=\"ace-line\" spellcheck=\"true\"><span class=\"\">Konferenz S\u00e4chsischer Studierendenschaften (KSS)<\/span><\/div>\n<div id=\"magicdomid30\" class=\"ace-line\" spellcheck=\"true\"><span class=\"\">GR\u00dcNE JUGEND Brandenburg<\/span><\/div>\n<div id=\"magicdomid31\" class=\"ace-line\" spellcheck=\"true\"><span class=\"\">GR\u00dcNE JUGEND\u00a0<\/span><\/div>\n<div id=\"magicdomid32\" class=\"ace-line\" spellcheck=\"true\"><span class=\"\">Jusos Brandenburg<\/span><\/div>\n<div id=\"magicdomid33\" class=\"ace-line\" spellcheck=\"true\"><span class=\"\">Juso HSG Potsdam<\/span><\/div>\n<div id=\"magicdomid34\" class=\"ace-line\" spellcheck=\"true\"><span class=\"\">Juso HSG Frankfurt<\/span><\/div>\n<div id=\"magicdomid35\" class=\"ace-line\" spellcheck=\"true\"><span class=\"\">Juso HSG Bamberg<\/span><\/div>\n<div id=\"magicdomid36\" class=\"ace-line\" spellcheck=\"true\"><span class=\"\">Juso HSG Uni K\u00f6ln<\/span><\/div>\n<div id=\"magicdomid37\" class=\"ace-line\" spellcheck=\"true\"><span class=\"\">Juso HSG Kiel<\/span><\/div>\n<div id=\"magicdomid38\" class=\"ace-line\" spellcheck=\"true\"><span class=\"\">AStA CAU zu Kiel<\/span><\/div>\n<div id=\"magicdomid39\" class=\"ace-line\" spellcheck=\"true\"><span class=\"\">AStA der Universit\u00e4t Potsdam<\/span><\/div>\n<div id=\"magicdomid40\" class=\"ace-line\" spellcheck=\"true\"><span class=\"\">AStA der Goethe-Universit\u00e4t Frankfurt<\/span><\/div>\n<div id=\"magicdomid41\" class=\"ace-line\" spellcheck=\"true\"><span class=\"\">AStA der Georg-August-Universit\u00e4t G\u00f6ttingen<\/span><\/div>\n<div id=\"magicdomid42\" class=\"ace-line\" spellcheck=\"true\"><span class=\"\">StuRa Hochschule f\u00fcr Technik und Wirtschaft Dresden<\/span><\/div>\n<div id=\"magicdomid43\" class=\"ace-line\" spellcheck=\"true\"><span class=\"\">AstA der Medizinischen Hochschule Brandenburg<\/span><\/div>\n<div id=\"magicdomid44\" class=\"ace-line\" spellcheck=\"true\"><span class=\"\">unter_bau Hochschulgewerkschaft<\/span><\/div>\n<div id=\"magicdomid45\" class=\"ace-line\" spellcheck=\"true\"><\/div>\n<p>&nbsp;<\/p>\n<div id=\"magicdomid46\" class=\"ace-line\" spellcheck=\"true\"><span class=\"\">Hintergrund:\u00a0<\/span><\/div>\n<div id=\"magicdomid47\" class=\"ace-line\" spellcheck=\"true\"><span class=\"\">Ende letzter Woche, am 30. April 2020, stellte das BMBF ihren Umgang mit den sozialen Notlagen von Studierenden in Folge der Coronakrise vor. Studierende sollen ab Freitag, den 8. Mai, online ein zinsloses Darlehen bis maximal 650 Euro im Monat beantragen k\u00f6nnen. Das Gesamtvolumen der Darlehen ist auf eine Millarde Euro begrenzt. Wirklich zinsfrei ist die Hilfe \u00fcber den KfW-Studienkredit allerdings nicht: Nur tempor\u00e4r bis M\u00e4rz 2021. Danach fallen wieder ganz normal Zinsen an.\u00a0<\/span><\/div>\n<div id=\"magicdomid48\" class=\"ace-line\" spellcheck=\"true\"><span class=\"\">Au\u00dferdem sollen dem Deutschen Studentenwerk 100 Millionen Euro f\u00fcr die Nothilfefonds der Studierendenwerke vor Ort zur Verf\u00fcgung gestellt werden.\u00a0<\/span><\/div>\n<div id=\"magicdomid49\" class=\"ace-line\" spellcheck=\"true\"><\/div>\n<div id=\"magicdomid50\" class=\"ace-line\" spellcheck=\"true\"><span class=\"\">Quellen:<\/span><\/div>\n<div id=\"magicdomid51\" class=\"ace-line\" spellcheck=\"true\">\n<p><span class=\" url\"><a href=\"https:\/\/www.jmwiarda.de\/2020\/04\/17\/schwarzgr\u00fcner-vorsto\u00df\/\" rel=\"noreferrer noopener\">https:\/\/www.jmwiarda.de\/2020\/04\/17\/schwarzgr\u00fcner-vorsto\u00df\/<\/a><\/span><\/p>\n<p>Die Pressemitteilung ist auch als <a href=\"https:\/\/cloud.kss-sachsen.de\/s\/RSJKlrmrlukWv8G\" target=\"_blank\">PDF-Dokument<\/a> verf\u00fcgbar.<\/p>\n<\/div>\n","protected":false},"excerpt":{"rendered":"<p>Die unterzeichnenden studentischen Organisationen fordern den sofortigen R\u00fccktritt von Bundesministerin Anja Karliczek. &nbsp; Leonie Ackermann, Vorstand des bundesweiten studentischen Dachverbands fzs, verurteilt das Vorgehen der Ministerin in der Krise scharf: \u201eAnja Karliczek hat durch ihr politisches Agieren in den vergangenen sechs Wochen grob fahrl\u00e4ssig gegen\u00fcber Studierenden in Not gehandelt und deren Situation mit jedem Tag, der tatenlos vergangen ist, verschlimmert.<a class=\"read-more\" href=\"https:\/\/www.kss-sachsen.de\/pm_16_20\">Hier weiter lesen&#8230;<\/a><\/p>\n","protected":false},"author":1,"featured_media":1303,"comment_status":"open","ping_status":"open","sticky":false,"template":"","format":"standard","meta":{"footnotes":""},"categories":[28,11],"tags":[],"yoast_head":"<!-- This site is optimized with the Yoast SEO plugin v23.5 - https:\/\/yoast.com\/wordpress\/plugins\/seo\/ -->\n<title>Studierende fordern sofortigen R\u00fccktritt Karliczeks - KSS<\/title>\n<meta name=\"robots\" content=\"index, follow, max-snippet:-1, max-image-preview:large, max-video-preview:-1\" \/>\n<link rel=\"canonical\" href=\"https:\/\/www.kss-sachsen.de\/pm_16_20\" \/>\n<meta property=\"og:locale\" content=\"de_DE\" \/>\n<meta property=\"og:type\" content=\"article\" \/>\n<meta property=\"og:title\" content=\"Studierende fordern sofortigen R\u00fccktritt Karliczeks - KSS\" \/>\n<meta property=\"og:description\" content=\"Die unterzeichnenden studentischen Organisationen fordern den sofortigen R\u00fccktritt von Bundesministerin Anja Karliczek. &nbsp; Leonie Ackermann, Vorstand des bundesweiten studentischen Dachverbands fzs, verurteilt das Vorgehen der Ministerin in der Krise scharf: \u201eAnja Karliczek hat durch ihr politisches Agieren in den vergangenen sechs Wochen grob fahrl\u00e4ssig gegen\u00fcber Studierenden in Not gehandelt und deren Situation mit jedem Tag, der tatenlos vergangen ist, verschlimmert.Hier weiter lesen...\" \/>\n<meta property=\"og:url\" content=\"https:\/\/www.kss-sachsen.de\/pm_16_20\" \/>\n<meta property=\"og:site_name\" content=\"KSS\" \/>\n<meta property=\"article:published_time\" content=\"2020-05-04T06:33:50+00:00\" \/>\n<meta property=\"article:modified_time\" content=\"2020-05-04T06:52:08+00:00\" \/>\n<meta property=\"og:image\" content=\"https:\/\/www.kss-sachsen.de\/wp-content\/uploads\/2019\/01\/header_logo_Zeichenfl\u00e4che-1.png\" \/>\n\t<meta property=\"og:image:width\" content=\"1920\" \/>\n\t<meta property=\"og:image:height\" content=\"850\" \/>\n\t<meta property=\"og:image:type\" content=\"image\/png\" \/>\n<meta name=\"author\" content=\"administration\" \/>\n<meta name=\"twitter:card\" content=\"summary_large_image\" \/>\n<meta name=\"twitter:label1\" content=\"Verfasst von\" \/>\n\t<meta name=\"twitter:data1\" content=\"administration\" \/>\n\t<meta name=\"twitter:label2\" content=\"Gesch\u00e4tzte Lesezeit\" \/>\n\t<meta name=\"twitter:data2\" content=\"4\u00a0Minuten\" \/>\n<script type=\"application\/ld+json\" class=\"yoast-schema-graph\">{\"@context\":\"https:\/\/schema.org\",\"@graph\":[{\"@type\":\"Article\",\"@id\":\"https:\/\/www.kss-sachsen.de\/pm_16_20#article\",\"isPartOf\":{\"@id\":\"https:\/\/www.kss-sachsen.de\/pm_16_20\"},\"author\":{\"name\":\"administration\",\"@id\":\"https:\/\/www.kss-sachsen.de\/#\/schema\/person\/fbcf1c2438e102156e84a4ba5c3daa64\"},\"headline\":\"Studierende fordern sofortigen R\u00fccktritt Karliczeks\",\"datePublished\":\"2020-05-04T06:33:50+00:00\",\"dateModified\":\"2020-05-04T06:52:08+00:00\",\"mainEntityOfPage\":{\"@id\":\"https:\/\/www.kss-sachsen.de\/pm_16_20\"},\"wordCount\":728,\"commentCount\":0,\"publisher\":{\"@id\":\"https:\/\/www.kss-sachsen.de\/#organization\"},\"image\":{\"@id\":\"https:\/\/www.kss-sachsen.de\/pm_16_20#primaryimage\"},\"thumbnailUrl\":\"https:\/\/www.kss-sachsen.de\/wp-content\/uploads\/2019\/01\/header_logo_Zeichenfl\u00e4che-1.png\",\"articleSection\":[\"Aktuelles\",\"Pressemitteilung\"],\"inLanguage\":\"de\",\"potentialAction\":[{\"@type\":\"CommentAction\",\"name\":\"Comment\",\"target\":[\"https:\/\/www.kss-sachsen.de\/pm_16_20#respond\"]}]},{\"@type\":\"WebPage\",\"@id\":\"https:\/\/www.kss-sachsen.de\/pm_16_20\",\"url\":\"https:\/\/www.kss-sachsen.de\/pm_16_20\",\"name\":\"Studierende fordern sofortigen R\u00fccktritt Karliczeks - KSS\",\"isPartOf\":{\"@id\":\"https:\/\/www.kss-sachsen.de\/#website\"},\"primaryImageOfPage\":{\"@id\":\"https:\/\/www.kss-sachsen.de\/pm_16_20#primaryimage\"},\"image\":{\"@id\":\"https:\/\/www.kss-sachsen.de\/pm_16_20#primaryimage\"},\"thumbnailUrl\":\"https:\/\/www.kss-sachsen.de\/wp-content\/uploads\/2019\/01\/header_logo_Zeichenfl\u00e4che-1.png\",\"datePublished\":\"2020-05-04T06:33:50+00:00\",\"dateModified\":\"2020-05-04T06:52:08+00:00\",\"breadcrumb\":{\"@id\":\"https:\/\/www.kss-sachsen.de\/pm_16_20#breadcrumb\"},\"inLanguage\":\"de\",\"potentialAction\":[{\"@type\":\"ReadAction\",\"target\":[\"https:\/\/www.kss-sachsen.de\/pm_16_20\"]}]},{\"@type\":\"ImageObject\",\"inLanguage\":\"de\",\"@id\":\"https:\/\/www.kss-sachsen.de\/pm_16_20#primaryimage\",\"url\":\"https:\/\/www.kss-sachsen.de\/wp-content\/uploads\/2019\/01\/header_logo_Zeichenfl\u00e4che-1.png\",\"contentUrl\":\"https:\/\/www.kss-sachsen.de\/wp-content\/uploads\/2019\/01\/header_logo_Zeichenfl\u00e4che-1.png\",\"width\":1920,\"height\":850},{\"@type\":\"BreadcrumbList\",\"@id\":\"https:\/\/www.kss-sachsen.de\/pm_16_20#breadcrumb\",\"itemListElement\":[{\"@type\":\"ListItem\",\"position\":1,\"name\":\"Home\",\"item\":\"https:\/\/www.kss-sachsen.de\/\"},{\"@type\":\"ListItem\",\"position\":2,\"name\":\"Studierende fordern sofortigen R\u00fccktritt Karliczeks\"}]},{\"@type\":\"WebSite\",\"@id\":\"https:\/\/www.kss-sachsen.de\/#website\",\"url\":\"https:\/\/www.kss-sachsen.de\/\",\"name\":\"Konferenz S\u00e4chsischer Studierendenschaften\",\"description\":\"Konferenz S\u00e4chsischer Studierendenschaften\",\"publisher\":{\"@id\":\"https:\/\/www.kss-sachsen.de\/#organization\"},\"potentialAction\":[{\"@type\":\"SearchAction\",\"target\":{\"@type\":\"EntryPoint\",\"urlTemplate\":\"https:\/\/www.kss-sachsen.de\/?s={search_term_string}\"},\"query-input\":{\"@type\":\"PropertyValueSpecification\",\"valueRequired\":true,\"valueName\":\"search_term_string\"}}],\"inLanguage\":\"de\"},{\"@type\":\"Organization\",\"@id\":\"https:\/\/www.kss-sachsen.de\/#organization\",\"name\":\"Konferenz S\u00e4chsischer Studierendenschaften\",\"url\":\"https:\/\/www.kss-sachsen.de\/\",\"logo\":{\"@type\":\"ImageObject\",\"inLanguage\":\"de\",\"@id\":\"https:\/\/www.kss-sachsen.de\/#\/schema\/logo\/image\/\",\"url\":\"https:\/\/www.kss-sachsen.de\/wp-content\/uploads\/2023\/02\/Logo-KSS.png\",\"contentUrl\":\"https:\/\/www.kss-sachsen.de\/wp-content\/uploads\/2023\/02\/Logo-KSS.png\",\"width\":2239,\"height\":1528,\"caption\":\"Konferenz S\u00e4chsischer Studierendenschaften\"},\"image\":{\"@id\":\"https:\/\/www.kss-sachsen.de\/#\/schema\/logo\/image\/\"},\"sameAs\":[\"https:\/\/www.instagram.com\/kss_sachsen\/\"]},{\"@type\":\"Person\",\"@id\":\"https:\/\/www.kss-sachsen.de\/#\/schema\/person\/fbcf1c2438e102156e84a4ba5c3daa64\",\"name\":\"administration\",\"image\":{\"@type\":\"ImageObject\",\"inLanguage\":\"de\",\"@id\":\"https:\/\/www.kss-sachsen.de\/#\/schema\/person\/image\/\",\"url\":\"https:\/\/secure.gravatar.com\/avatar\/e4ecd4cb3a6714c2adcf507161262d91?s=96&d=mm&r=g\",\"contentUrl\":\"https:\/\/secure.gravatar.com\/avatar\/e4ecd4cb3a6714c2adcf507161262d91?s=96&d=mm&r=g\",\"caption\":\"administration\"},\"url\":\"https:\/\/www.kss-sachsen.de\/?author=1\"}]}<\/script>\n<!-- \/ Yoast SEO plugin. -->","yoast_head_json":{"title":"Studierende fordern sofortigen R\u00fccktritt Karliczeks - KSS","robots":{"index":"index","follow":"follow","max-snippet":"max-snippet:-1","max-image-preview":"max-image-preview:large","max-video-preview":"max-video-preview:-1"},"canonical":"https:\/\/www.kss-sachsen.de\/pm_16_20","og_locale":"de_DE","og_type":"article","og_title":"Studierende fordern sofortigen R\u00fccktritt Karliczeks - KSS","og_description":"Die unterzeichnenden studentischen Organisationen fordern den sofortigen R\u00fccktritt von Bundesministerin Anja Karliczek. &nbsp; Leonie Ackermann, Vorstand des bundesweiten studentischen Dachverbands fzs, verurteilt das Vorgehen der Ministerin in der Krise scharf: \u201eAnja Karliczek hat durch ihr politisches Agieren in den vergangenen sechs Wochen grob fahrl\u00e4ssig gegen\u00fcber Studierenden in Not gehandelt und deren Situation mit jedem Tag, der tatenlos vergangen ist, verschlimmert.Hier weiter lesen...","og_url":"https:\/\/www.kss-sachsen.de\/pm_16_20","og_site_name":"KSS","article_published_time":"2020-05-04T06:33:50+00:00","article_modified_time":"2020-05-04T06:52:08+00:00","og_image":[{"width":1920,"height":850,"url":"https:\/\/www.kss-sachsen.de\/wp-content\/uploads\/2019\/01\/header_logo_Zeichenfl\u00e4che-1.png","type":"image\/png"}],"author":"administration","twitter_card":"summary_large_image","twitter_misc":{"Verfasst von":"administration","Gesch\u00e4tzte Lesezeit":"4\u00a0Minuten"},"schema":{"@context":"https:\/\/schema.org","@graph":[{"@type":"Article","@id":"https:\/\/www.kss-sachsen.de\/pm_16_20#article","isPartOf":{"@id":"https:\/\/www.kss-sachsen.de\/pm_16_20"},"author":{"name":"administration","@id":"https:\/\/www.kss-sachsen.de\/#\/schema\/person\/fbcf1c2438e102156e84a4ba5c3daa64"},"headline":"Studierende fordern sofortigen R\u00fccktritt Karliczeks","datePublished":"2020-05-04T06:33:50+00:00","dateModified":"2020-05-04T06:52:08+00:00","mainEntityOfPage":{"@id":"https:\/\/www.kss-sachsen.de\/pm_16_20"},"wordCount":728,"commentCount":0,"publisher":{"@id":"https:\/\/www.kss-sachsen.de\/#organization"},"image":{"@id":"https:\/\/www.kss-sachsen.de\/pm_16_20#primaryimage"},"thumbnailUrl":"https:\/\/www.kss-sachsen.de\/wp-content\/uploads\/2019\/01\/header_logo_Zeichenfl\u00e4che-1.png","articleSection":["Aktuelles","Pressemitteilung"],"inLanguage":"de","potentialAction":[{"@type":"CommentAction","name":"Comment","target":["https:\/\/www.kss-sachsen.de\/pm_16_20#respond"]}]},{"@type":"WebPage","@id":"https:\/\/www.kss-sachsen.de\/pm_16_20","url":"https:\/\/www.kss-sachsen.de\/pm_16_20","name":"Studierende fordern sofortigen R\u00fccktritt Karliczeks - KSS","isPartOf":{"@id":"https:\/\/www.kss-sachsen.de\/#website"},"primaryImageOfPage":{"@id":"https:\/\/www.kss-sachsen.de\/pm_16_20#primaryimage"},"image":{"@id":"https:\/\/www.kss-sachsen.de\/pm_16_20#primaryimage"},"thumbnailUrl":"https:\/\/www.kss-sachsen.de\/wp-content\/uploads\/2019\/01\/header_logo_Zeichenfl\u00e4che-1.png","datePublished":"2020-05-04T06:33:50+00:00","dateModified":"2020-05-04T06:52:08+00:00","breadcrumb":{"@id":"https:\/\/www.kss-sachsen.de\/pm_16_20#breadcrumb"},"inLanguage":"de","potentialAction":[{"@type":"ReadAction","target":["https:\/\/www.kss-sachsen.de\/pm_16_20"]}]},{"@type":"ImageObject","inLanguage":"de","@id":"https:\/\/www.kss-sachsen.de\/pm_16_20#primaryimage","url":"https:\/\/www.kss-sachsen.de\/wp-content\/uploads\/2019\/01\/header_logo_Zeichenfl\u00e4che-1.png","contentUrl":"https:\/\/www.kss-sachsen.de\/wp-content\/uploads\/2019\/01\/header_logo_Zeichenfl\u00e4che-1.png","width":1920,"height":850},{"@type":"BreadcrumbList","@id":"https:\/\/www.kss-sachsen.de\/pm_16_20#breadcrumb","itemListElement":[{"@type":"ListItem","position":1,"name":"Home","item":"https:\/\/www.kss-sachsen.de\/"},{"@type":"ListItem","position":2,"name":"Studierende fordern sofortigen R\u00fccktritt Karliczeks"}]},{"@type":"WebSite","@id":"https:\/\/www.kss-sachsen.de\/#website","url":"https:\/\/www.kss-sachsen.de\/","name":"Konferenz S\u00e4chsischer Studierendenschaften","description":"Konferenz S\u00e4chsischer Studierendenschaften","publisher":{"@id":"https:\/\/www.kss-sachsen.de\/#organization"},"potentialAction":[{"@type":"SearchAction","target":{"@type":"EntryPoint","urlTemplate":"https:\/\/www.kss-sachsen.de\/?s={search_term_string}"},"query-input":{"@type":"PropertyValueSpecification","valueRequired":true,"valueName":"search_term_string"}}],"inLanguage":"de"},{"@type":"Organization","@id":"https:\/\/www.kss-sachsen.de\/#organization","name":"Konferenz S\u00e4chsischer Studierendenschaften","url":"https:\/\/www.kss-sachsen.de\/","logo":{"@type":"ImageObject","inLanguage":"de","@id":"https:\/\/www.kss-sachsen.de\/#\/schema\/logo\/image\/","url":"https:\/\/www.kss-sachsen.de\/wp-content\/uploads\/2023\/02\/Logo-KSS.png","contentUrl":"https:\/\/www.kss-sachsen.de\/wp-content\/uploads\/2023\/02\/Logo-KSS.png","width":2239,"height":1528,"caption":"Konferenz S\u00e4chsischer Studierendenschaften"},"image":{"@id":"https:\/\/www.kss-sachsen.de\/#\/schema\/logo\/image\/"},"sameAs":["https:\/\/www.instagram.com\/kss_sachsen\/"]},{"@type":"Person","@id":"https:\/\/www.kss-sachsen.de\/#\/schema\/person\/fbcf1c2438e102156e84a4ba5c3daa64","name":"administration","image":{"@type":"ImageObject","inLanguage":"de","@id":"https:\/\/www.kss-sachsen.de\/#\/schema\/person\/image\/","url":"https:\/\/secure.gravatar.com\/avatar\/e4ecd4cb3a6714c2adcf507161262d91?s=96&d=mm&r=g","contentUrl":"https:\/\/secure.gravatar.com\/avatar\/e4ecd4cb3a6714c2adcf507161262d91?s=96&d=mm&r=g","caption":"administration"},"url":"https:\/\/www.kss-sachsen.de\/?author=1"}]}},"_links":{"self":[{"href":"https:\/\/www.kss-sachsen.de\/index.php?rest_route=\/wp\/v2\/posts\/1653"}],"collection":[{"href":"https:\/\/www.kss-sachsen.de\/index.php?rest_route=\/wp\/v2\/posts"}],"about":[{"href":"https:\/\/www.kss-sachsen.de\/index.php?rest_route=\/wp\/v2\/types\/post"}],"author":[{"embeddable":true,"href":"https:\/\/www.kss-sachsen.de\/index.php?rest_route=\/wp\/v2\/users\/1"}],"replies":[{"embeddable":true,"href":"https:\/\/www.kss-sachsen.de\/index.php?rest_route=%2Fwp%2Fv2%2Fcomments&post=1653"}],"version-history":[{"count":6,"href":"https:\/\/www.kss-sachsen.de\/index.php?rest_route=\/wp\/v2\/posts\/1653\/revisions"}],"predecessor-version":[{"id":1659,"href":"https:\/\/www.kss-sachsen.de\/index.php?rest_route=\/wp\/v2\/posts\/1653\/revisions\/1659"}],"wp:featuredmedia":[{"embeddable":true,"href":"https:\/\/www.kss-sachsen.de\/index.php?rest_route=\/wp\/v2\/media\/1303"}],"wp:attachment":[{"href":"https:\/\/www.kss-sachsen.de\/index.php?rest_route=%2Fwp%2Fv2%2Fmedia&parent=1653"}],"wp:term":[{"taxonomy":"category","embeddable":true,"href":"https:\/\/www.kss-sachsen.de\/index.php?rest_route=%2Fwp%2Fv2%2Fcategories&post=1653"},{"taxonomy":"post_tag","embeddable":true,"href":"https:\/\/www.kss-sachsen.de\/index.php?rest_route=%2Fwp%2Fv2%2Ftags&post=1653"}],"curies":[{"name":"wp","href":"https:\/\/api.w.org\/{rel}","templated":true}]}}