{"id":1766,"date":"2020-07-22T07:20:15","date_gmt":"2020-07-22T05:20:15","guid":{"rendered":"https:\/\/www.kss-sachsen.de\/?p=1766"},"modified":"2020-07-22T07:24:35","modified_gmt":"2020-07-22T05:24:35","slug":"politikerinnen-von-koalition-und-opposition-fordern-uni-leipzig-zur-umkehr-auf-leipziger-bundnis-demonstriert-vor-landtag","status":"publish","type":"post","link":"https:\/\/www.kss-sachsen.de\/pm_24_20","title":{"rendered":"Politiker*innen von Koalition und Opposition fordern Uni Leipzig zur Umkehr auf \u2013 Leipziger B\u00fcndnis demonstriert vor Landtag"},"content":{"rendered":"<p>Am Mittwoch, den 15.07.2020, haben ca. 200 Personen nach Aufruf des B\u00fcndnisses \u201eKeine #LehreOhneZukunft\u201c vor dem Dresdner Landtag demonstriert. Beteiligt waren Dozent*innen des Lehramts an der Uni Leipzig (UL) gemeinsam mit ihren Studierenden, der Gewerkschaft Erziehung und Wissenschaft, Universit\u00e4tsangeh\u00f6rigen aus Dresden sowie den Jugendorganisationen von SPD und Linkspartei.<\/p>\n<p>Anlass war eine aktuelle Stunde im Landtag unter dem Motto: &#8222;Vom Hochschulpakt zum Zukunftsvertrag \u2013 Sachsens Chance f\u00fcr eine Hochschulentwicklung mit guter Arbeit und Qualit\u00e4t im Studium&#8220;. Die Aktuelle Stunde im Rahmen der Plenarsitzung aller Abgeordneten fand u.a. deswegen statt, weil in Leipzig seit Wochen jeden Dienstag Proteste gegen die aktuelle Personalpolitik des Rektorats der UL auf die Stra\u00dfe getragen wird. Das Rektorat hat eine massive Erh\u00f6hung des Lehrdeputats (zu unterrichtende w\u00f6chentliche Stunden) vieler Mitarbeitenden beschlossen. Ebenso werden Stellen bei den Dozent*innen gek\u00fcrzt. (vgl. PM des B\u00fcndnisses, abrufbar: <a href=\"https:\/\/www.gew-sachsen.de\/presse\/pressemitteilungen\/neuigkeiten\/lehreohnezukunft\/\">https:\/\/www.gew-sachsen.de\/presse\/pressemitteilungen\/neuigkeiten\/lehreohnezukunft\/<\/a>)<\/p>\n<p>\u201eIch bin \u00fcberw\u00e4ltigt vom Engagement meiner Dozent*innen und Kommiliton*innen, welche trotz der aktuell stattfindenden Pr\u00fcfungsphase und der chronischen \u00dcberlastung auf Seiten der Dozent*innen mit ca. 150 Personen am Mittwoch von Leipzig nach Dresden zum Demonstrieren angereist sind. Das zeigt, wie wichtig das Thema f\u00fcr die Beteiligten in der Lehr*innenbildung ist! Gerade als Bildungsgewerkschaft sind wir in gro\u00dfer Sorge, dass aufgrund des nun endg\u00fcltig stattfindenden Abverkaufs der Lehramtsbildung auch die Sch\u00fcler*innen von Morgen eine niedrigere Qualit\u00e4t der Schulbildung erfahren.\u201c, stellt <strong>Adrian Wei\u00df von der Jungen GEW<\/strong> fest.<\/p>\n<p>Das B\u00fcndnis fordert vom Rektorat die Stellenzuweisungen unverz\u00fcglich zur\u00fcckzunehmen und die aktuell laufenden Vertr\u00e4ge der Dozent*innen um 9 Monate zu verl\u00e4ngern. Bis zum Wintersemester 2021\/22 sollen dann in Absprache mit den Betroffenen und dem Land Personalkategorien geschaffen werden, welche eine gute Lehre f\u00fcr die k\u00fcnftigen Lehrer*innen erm\u00f6glichen.<\/p>\n<p>In Bezug auf die Reden der Abgeordneten im Landtag, welche vor der Debatte auch pers\u00f6nlich zu den Demonstrierenden sprachen, f\u00fchrt <strong>Felix Fink, Referent f\u00fcr Lehramt des Student_innenRates der Uni Leipzig<\/strong>, aus:<\/p>\n<p>\u201eFast noch erfreuter bin ich \u00fcber die gro\u00dfe Unterst\u00fctzung, die wir aus der Politik erhalten haben! Insbesondere die Abgeordneten der Fraktionen von SPD, Gr\u00fcnen und Linkspartei stellten sehr deutlich fest, dass die Uni Leipzig ihre katastrophalen Entscheidungen in der Lehramtsbildung zur\u00fccknehmen sollten. Das ist genau das, was wir seit Wochen fordern \u2013 so falsch k\u00f6nnen wir mit unserer scharfen Kritik an der Rektorin Prof. Sch\u00fccking und ihren Prorektoren wohl nicht liegen. Auch die CDU betonte die Forderungen, welche der Geldgeber im Rahmen des \u201aZukunftsvertrages Studium und Lehre st\u00e4rken\u2018 aufgestellt hat. Diese kann und wird die Uni Leipzig durch die fortlaufende Prekarisierung unserer Dozent*innen jedoch niemals einhalten! Wie die Lehre mit einer Erh\u00f6hung des ohnehin schon kaum schaffbaren Lehrdeputats \u201agest\u00e4rkt\u2018 werden soll (Zweck der Mittel aus dem Zukunftsvertrag), bleibt das gro\u00dfe Geheimnis unseres Rektorats.\u201c<\/p>\n<p>Zum weiteren Vorgehen stellt Fink fest:<\/p>\n<p>\u201eDem Rektorat unserer Universit\u00e4t sollte nach der Debatte im Landtag nun bewusst sein, welche Anforderungen die demokratisch gew\u00e4hlten Abgeordneten im Landtag an ihre Arbeit stellen. Aus dieser Analyse kann nur folgen, die Beschl\u00fcsse zu den Lehrdeputatserh\u00f6hungen und Stellenk\u00fcrzung unverz\u00fcglich zur\u00fcckzunehmen und auf das Angebot der Politik einzugehen, die bestehenden Arbeitsvertr\u00e4ge um 9 Monate zu verl\u00e4ngern. Anderenfalls, so denke ich, muss meiner Universit\u00e4t in Zukunft die Leine durch das Land fester angelegt werden, sodass eine Mittelvergabe auf den Cent genau an ganz konkrete Arbeitsvertr\u00e4ge und Bedingungen gebunden wird, um eine zweckentfremdete Nutzung zu verhindern. Ich bin ma\u00dflos entt\u00e4uscht, dass sich die Uni so weit von ihren Studierenden und Besch\u00e4ftigten entfernt. Gleichzeitig bin ich umso erfreuter \u00fcber den gro\u00dfen Zusammenhalt zwischen den Studierenden, Dozierenden und vielen Professor*innen!\u201c<\/p>\n<p>F\u00fcr die Landespolitik erg\u00e4nzt <strong>Johanna Mehler, Referentin f\u00fcr Lehramt der Konferenz S\u00e4chsischer Studierendenschaften<\/strong>:<\/p>\n<p>\u201eWir erwarten, dass Herr Minister Gemkow alles in seiner Macht Stehende tut, um den Bed\u00fcrfnissen der Studierenden und Dozierenden sowie den Anforderungen der Abgeordneten des s\u00e4chsischen Landtags gerecht zu werden. Dies bedeutet in seiner Funktion als Dienstvorgesetzter die Uni Leipzig mit geeigneten Ma\u00dfnahmen wieder auf jenen Pfad zu bringen, welcher im Interesse aller Dozierenden, Lehramtsstudierenden und damit auch den Sch\u00fcler*innen in den Schulen liegt. Das hei\u00dft: Sofortige Zur\u00fccknahme der Entscheidung des Rektorats \u00fcber die neuen Stellen, Verl\u00e4ngerung der aktuellen Stellen um 9 Monate wo dies m\u00f6glich ist und den Einstieg in einen Dialog auf Augenh\u00f6he mit Fakult\u00e4ten, Mittelbau- und Studierendenvertretungen vor Ort f\u00fcr die Entwicklung einer qualitativen, nachhaltigen Stellensituation, die den erkl\u00e4rten Zielen des Zukunftsvertrags gerecht wird.\u201c<\/p>\n<p>&nbsp;<\/p>\n<p>Die Pressemitteilung ist auch als\u00a0<a href=\"https:\/\/cloud.kss-sachsen.de\/s\/8UcHiFyzWROKnQ8\">.pdf<\/a>\u00a0verf\u00fcgbar.<\/p>\n<p>&nbsp;<\/p>\n<p><u>W\u00f6rtliche Zitate aus der Landtagsdebatte vom 15.07.2020 zum Thema Zukunftsvertrag<\/u><\/p>\n<p>&nbsp;<\/p>\n<p>Holger Mann, Hochschulpolitischer Sprecher der Regierungsfraktion SPD:<\/p>\n<p>\u201eDas, was gerade in Leipzig passiert, hat im Origin\u00e4ren nichts mit dem Zukunftsvertrag, der zwischen Bund und L\u00e4ndern verhandelt wurde, zu tun. [\u2026]<\/p>\n<p>Wir wollen keine Entwissenschaftlichung des Studiums und es ist auch nicht ad\u00e4quat, die Lehrbeauftragten f\u00fcr besondere Aufgaben mit 20 Deputatsstunden in diesem Ma\u00dfe auszuweiten und auf 73 Prozent der Besch\u00e4ftigungsverh\u00e4ltnisse an der Erziehungswissenschaftlichen Fakult\u00e4t und lehramtsbildenden Strukturen in Leipzig auszuweiten. Das kritisieren wir. [&#8230;]<\/p>\n<p>Wenn jetzt in Leipzig also Vorgriffe auf diese Entscheidung und Stellenvergabe [auf Basis des kommenden Doppelhaushaltes der Regierung, Anm. FF], die wir ja [\u2026] erst im April n\u00e4chsten Jahres miteinander beschlie\u00dfen k\u00f6nnen, passieren, so muss man sagen, das geh\u00f6rt noch mal kritisch reflektiert und revidiert, weil solche Strukturen sollten jetzt nicht zu einer Verschlechterung der Arbeitsverh\u00e4ltnisse der Studien- und Lehrbedingungen f\u00fchren.\u201c<\/p>\n<p>Dr. Claudia Maicher, Hochschulpolitische Sprecherin der Regierungsfraktion der Gr\u00fcnen:<\/p>\n<p>\u201eIm Koalitionsvertrag haben wir uns klar dazu bekannt: aus den Mitteln des Zukunftsvertrages werden die bisher befristeten \u00dcberlastpakete und das Bildungspaket dauerhaft abgesichert, also diese Stellen unbefristet f\u00fcr die Hochschulen ausgebracht. Wir haben uns vorgenommen, neue Personalkategorien mit den Schwerpunkten Lehre, Forschung und Wissenschaftsmanagement neben der Professur zu schaffen. Da steht nichts von Verzicht auf wissenschaftliche Mitarbeiterinnen und Mitarbeiter oder einfache Ersetzung durch Lehrkr\u00e4fte f\u00fcr besondere Aufgaben mit stark erh\u00f6hten Deputaten. Forschungsbasierte Lehre \u2013 nicht nur f\u00fcrs Lehramt \u2013 kann nicht von LfBAs \u00fcbernommen werden und das sollen sie gesetzlich ja auch nicht. [&#8230;]<\/p>\n<p>Eine Zunahme von unbefristeten Hochdeputatslehrkr\u00e4ften in der universit\u00e4ren Lehre wollte meiner Einsch\u00e4tzung nach der Zukunftsvertrag nicht hervorbringen. Die heutige Demonstration der Lehramtsstudierenden vor dem Hohen Haus, ist nicht die erste und zeugt davon, dass es offenbar Fehlentwicklungen gibt. Hier werden die Chancen des Zukunftsvertrages nicht so genutzt.\u201c<\/p>\n<p>Anna Gorskih, Hochschulpolitische Sprecherin der Oppositionsfraktion DIE LINKE.:<\/p>\n<p>\u201eWenn ich den Kollegen Mann richtig verstanden habe, sieht man zumindest ein, dass die Uni Leipzig hier Strukturen schafft, die zumindest so nicht intendiert waren. Das haben Sie gesagt und ich hoffe deswegen, dass Sie sich hier tatkr\u00e4ftig daf\u00fcr einsetzen werden, um diese Situation zu kl\u00e4ren und die Qualit\u00e4t der Lehre an der UL zu sichern. [&#8230;]<\/p>\n<p>Ich finde, das Vorgehen der UL ist hier h\u00f6chst unverantwortlich und genauso unverst\u00e4ndlich finde ich das intransparente Vorgehen des Ministeriums, bei welchem Verantwortungen zwischen Rektorat und Ministerium hin und her geschoben werden. Wenn hier nicht z\u00fcgig umgelenkt wird, haben wir in ein paar Jahren vielleicht zahlenm\u00e4\u00dfig mehr Lehrkr\u00e4fte, die wir auf den Arbeitsmarkt schicken, die aber bei Weitem nicht so gut ausgebildet werden konnten wie es eigentlich sinnvoll w\u00e4re.\u201c<\/p>\n<p>Wissenschaftsminister Sebastian Gemkow (CDU):<\/p>\n<p>\u201eDie verl\u00e4ssliche Mittelbereitstellung durch Bund und L\u00e4nder erm\u00f6glicht den Hochschulen mehr dauerhafte Besch\u00e4ftigungsverh\u00e4ltnisse. [&#8230;] Und damit sind und bleiben die Hauptziele, die Entwicklung von Lehre und Studium soll in ihrer Stabilit\u00e4t und Kontinuit\u00e4t fortgesetzt werden. Dabei besteht f\u00fcr die Hochschulen im Freistaat Sachsen nat\u00fcrlich die Herausforderung, durch die Verbesserung der Betreuungssituation, die Steigerung der Lehrqualit\u00e4t und die Qualit\u00e4tssicherung den Studienerfolg zu sichern und zu verbessern und so den Absolvent*innen einen weiterhin erfolgreichen Berufseinstieg zu erm\u00f6glichen.\u201c<\/p>\n<p>Quelle: <a href=\"https:\/\/www.landtag.sachsen.de\/de\/aktuelles\/videoarchiv\/sitzung\/1445\/4?page=1\">https:\/\/www.landtag.sachsen.de\/de\/aktuelles\/videoarchiv\/sitzung\/1445\/4?page=1<\/a><\/p>\n","protected":false},"excerpt":{"rendered":"<p>Am Mittwoch, den 15.07.2020, haben ca. 200 Personen nach Aufruf des B\u00fcndnisses \u201eKeine #LehreOhneZukunft\u201c vor dem Dresdner Landtag demonstriert. Beteiligt waren Dozent*innen des Lehramts an der Uni Leipzig (UL) gemeinsam mit ihren Studierenden, der Gewerkschaft Erziehung und Wissenschaft, Universit\u00e4tsangeh\u00f6rigen aus Dresden sowie den Jugendorganisationen von SPD und Linkspartei. Anlass war eine aktuelle Stunde im Landtag unter dem Motto: &#8222;Vom Hochschulpakt<a class=\"read-more\" href=\"https:\/\/www.kss-sachsen.de\/pm_24_20\">Hier weiter lesen&#8230;<\/a><\/p>\n","protected":false},"author":1,"featured_media":1770,"comment_status":"open","ping_status":"open","sticky":false,"template":"","format":"standard","meta":{"footnotes":""},"categories":[28,11],"tags":[],"yoast_head":"<!-- This site is optimized with the Yoast SEO plugin v23.5 - https:\/\/yoast.com\/wordpress\/plugins\/seo\/ -->\n<title>Politiker*innen von Koalition und Opposition fordern Uni Leipzig zur Umkehr auf \u2013 Leipziger B\u00fcndnis demonstriert vor Landtag - KSS<\/title>\n<meta name=\"robots\" content=\"index, follow, max-snippet:-1, max-image-preview:large, max-video-preview:-1\" \/>\n<link rel=\"canonical\" href=\"https:\/\/www.kss-sachsen.de\/pm_24_20\" \/>\n<meta property=\"og:locale\" content=\"de_DE\" \/>\n<meta property=\"og:type\" content=\"article\" \/>\n<meta property=\"og:title\" content=\"Politiker*innen von Koalition und Opposition fordern Uni Leipzig zur Umkehr auf \u2013 Leipziger B\u00fcndnis demonstriert vor Landtag - KSS\" \/>\n<meta property=\"og:description\" content=\"Am Mittwoch, den 15.07.2020, haben ca. 200 Personen nach Aufruf des B\u00fcndnisses \u201eKeine #LehreOhneZukunft\u201c vor dem Dresdner Landtag demonstriert. Beteiligt waren Dozent*innen des Lehramts an der Uni Leipzig (UL) gemeinsam mit ihren Studierenden, der Gewerkschaft Erziehung und Wissenschaft, Universit\u00e4tsangeh\u00f6rigen aus Dresden sowie den Jugendorganisationen von SPD und Linkspartei. Anlass war eine aktuelle Stunde im Landtag unter dem Motto: &#8222;Vom HochschulpaktHier weiter lesen...\" \/>\n<meta property=\"og:url\" content=\"https:\/\/www.kss-sachsen.de\/pm_24_20\" \/>\n<meta property=\"og:site_name\" content=\"KSS\" \/>\n<meta property=\"article:published_time\" content=\"2020-07-22T05:20:15+00:00\" \/>\n<meta property=\"article:modified_time\" content=\"2020-07-22T05:24:35+00:00\" \/>\n<meta property=\"og:image\" content=\"https:\/\/www.kss-sachsen.de\/wp-content\/uploads\/2020\/07\/photo_2020-07-22_08-12-13.jpg\" \/>\n\t<meta property=\"og:image:width\" content=\"1276\" \/>\n\t<meta property=\"og:image:height\" content=\"956\" \/>\n\t<meta property=\"og:image:type\" content=\"image\/jpeg\" \/>\n<meta name=\"author\" content=\"administration\" \/>\n<meta name=\"twitter:card\" content=\"summary_large_image\" \/>\n<meta name=\"twitter:label1\" content=\"Verfasst von\" \/>\n\t<meta name=\"twitter:data1\" content=\"administration\" \/>\n\t<meta name=\"twitter:label2\" content=\"Gesch\u00e4tzte Lesezeit\" \/>\n\t<meta name=\"twitter:data2\" content=\"7\u00a0Minuten\" \/>\n<script type=\"application\/ld+json\" class=\"yoast-schema-graph\">{\"@context\":\"https:\/\/schema.org\",\"@graph\":[{\"@type\":\"Article\",\"@id\":\"https:\/\/www.kss-sachsen.de\/pm_24_20#article\",\"isPartOf\":{\"@id\":\"https:\/\/www.kss-sachsen.de\/pm_24_20\"},\"author\":{\"name\":\"administration\",\"@id\":\"https:\/\/www.kss-sachsen.de\/#\/schema\/person\/fbcf1c2438e102156e84a4ba5c3daa64\"},\"headline\":\"Politiker*innen von Koalition und Opposition fordern Uni Leipzig zur Umkehr auf \u2013 Leipziger B\u00fcndnis demonstriert vor Landtag\",\"datePublished\":\"2020-07-22T05:20:15+00:00\",\"dateModified\":\"2020-07-22T05:24:35+00:00\",\"mainEntityOfPage\":{\"@id\":\"https:\/\/www.kss-sachsen.de\/pm_24_20\"},\"wordCount\":1360,\"commentCount\":0,\"publisher\":{\"@id\":\"https:\/\/www.kss-sachsen.de\/#organization\"},\"image\":{\"@id\":\"https:\/\/www.kss-sachsen.de\/pm_24_20#primaryimage\"},\"thumbnailUrl\":\"https:\/\/www.kss-sachsen.de\/wp-content\/uploads\/2020\/07\/photo_2020-07-22_08-12-13.jpg\",\"articleSection\":[\"Aktuelles\",\"Pressemitteilung\"],\"inLanguage\":\"de\",\"potentialAction\":[{\"@type\":\"CommentAction\",\"name\":\"Comment\",\"target\":[\"https:\/\/www.kss-sachsen.de\/pm_24_20#respond\"]}]},{\"@type\":\"WebPage\",\"@id\":\"https:\/\/www.kss-sachsen.de\/pm_24_20\",\"url\":\"https:\/\/www.kss-sachsen.de\/pm_24_20\",\"name\":\"Politiker*innen von Koalition und Opposition fordern Uni Leipzig zur Umkehr auf \u2013 Leipziger B\u00fcndnis demonstriert vor Landtag - KSS\",\"isPartOf\":{\"@id\":\"https:\/\/www.kss-sachsen.de\/#website\"},\"primaryImageOfPage\":{\"@id\":\"https:\/\/www.kss-sachsen.de\/pm_24_20#primaryimage\"},\"image\":{\"@id\":\"https:\/\/www.kss-sachsen.de\/pm_24_20#primaryimage\"},\"thumbnailUrl\":\"https:\/\/www.kss-sachsen.de\/wp-content\/uploads\/2020\/07\/photo_2020-07-22_08-12-13.jpg\",\"datePublished\":\"2020-07-22T05:20:15+00:00\",\"dateModified\":\"2020-07-22T05:24:35+00:00\",\"breadcrumb\":{\"@id\":\"https:\/\/www.kss-sachsen.de\/pm_24_20#breadcrumb\"},\"inLanguage\":\"de\",\"potentialAction\":[{\"@type\":\"ReadAction\",\"target\":[\"https:\/\/www.kss-sachsen.de\/pm_24_20\"]}]},{\"@type\":\"ImageObject\",\"inLanguage\":\"de\",\"@id\":\"https:\/\/www.kss-sachsen.de\/pm_24_20#primaryimage\",\"url\":\"https:\/\/www.kss-sachsen.de\/wp-content\/uploads\/2020\/07\/photo_2020-07-22_08-12-13.jpg\",\"contentUrl\":\"https:\/\/www.kss-sachsen.de\/wp-content\/uploads\/2020\/07\/photo_2020-07-22_08-12-13.jpg\",\"width\":1276,\"height\":956},{\"@type\":\"BreadcrumbList\",\"@id\":\"https:\/\/www.kss-sachsen.de\/pm_24_20#breadcrumb\",\"itemListElement\":[{\"@type\":\"ListItem\",\"position\":1,\"name\":\"Home\",\"item\":\"https:\/\/www.kss-sachsen.de\/\"},{\"@type\":\"ListItem\",\"position\":2,\"name\":\"Politiker*innen von Koalition und Opposition fordern Uni Leipzig zur Umkehr auf \u2013 Leipziger B\u00fcndnis demonstriert vor Landtag\"}]},{\"@type\":\"WebSite\",\"@id\":\"https:\/\/www.kss-sachsen.de\/#website\",\"url\":\"https:\/\/www.kss-sachsen.de\/\",\"name\":\"Konferenz S\u00e4chsischer Studierendenschaften\",\"description\":\"Konferenz S\u00e4chsischer Studierendenschaften\",\"publisher\":{\"@id\":\"https:\/\/www.kss-sachsen.de\/#organization\"},\"potentialAction\":[{\"@type\":\"SearchAction\",\"target\":{\"@type\":\"EntryPoint\",\"urlTemplate\":\"https:\/\/www.kss-sachsen.de\/?s={search_term_string}\"},\"query-input\":{\"@type\":\"PropertyValueSpecification\",\"valueRequired\":true,\"valueName\":\"search_term_string\"}}],\"inLanguage\":\"de\"},{\"@type\":\"Organization\",\"@id\":\"https:\/\/www.kss-sachsen.de\/#organization\",\"name\":\"Konferenz S\u00e4chsischer Studierendenschaften\",\"url\":\"https:\/\/www.kss-sachsen.de\/\",\"logo\":{\"@type\":\"ImageObject\",\"inLanguage\":\"de\",\"@id\":\"https:\/\/www.kss-sachsen.de\/#\/schema\/logo\/image\/\",\"url\":\"https:\/\/www.kss-sachsen.de\/wp-content\/uploads\/2023\/02\/Logo-KSS.png\",\"contentUrl\":\"https:\/\/www.kss-sachsen.de\/wp-content\/uploads\/2023\/02\/Logo-KSS.png\",\"width\":2239,\"height\":1528,\"caption\":\"Konferenz S\u00e4chsischer Studierendenschaften\"},\"image\":{\"@id\":\"https:\/\/www.kss-sachsen.de\/#\/schema\/logo\/image\/\"},\"sameAs\":[\"https:\/\/www.instagram.com\/kss_sachsen\/\"]},{\"@type\":\"Person\",\"@id\":\"https:\/\/www.kss-sachsen.de\/#\/schema\/person\/fbcf1c2438e102156e84a4ba5c3daa64\",\"name\":\"administration\",\"image\":{\"@type\":\"ImageObject\",\"inLanguage\":\"de\",\"@id\":\"https:\/\/www.kss-sachsen.de\/#\/schema\/person\/image\/\",\"url\":\"https:\/\/secure.gravatar.com\/avatar\/e4ecd4cb3a6714c2adcf507161262d91?s=96&d=mm&r=g\",\"contentUrl\":\"https:\/\/secure.gravatar.com\/avatar\/e4ecd4cb3a6714c2adcf507161262d91?s=96&d=mm&r=g\",\"caption\":\"administration\"},\"url\":\"https:\/\/www.kss-sachsen.de\/?author=1\"}]}<\/script>\n<!-- \/ Yoast SEO plugin. -->","yoast_head_json":{"title":"Politiker*innen von Koalition und Opposition fordern Uni Leipzig zur Umkehr auf \u2013 Leipziger B\u00fcndnis demonstriert vor Landtag - KSS","robots":{"index":"index","follow":"follow","max-snippet":"max-snippet:-1","max-image-preview":"max-image-preview:large","max-video-preview":"max-video-preview:-1"},"canonical":"https:\/\/www.kss-sachsen.de\/pm_24_20","og_locale":"de_DE","og_type":"article","og_title":"Politiker*innen von Koalition und Opposition fordern Uni Leipzig zur Umkehr auf \u2013 Leipziger B\u00fcndnis demonstriert vor Landtag - KSS","og_description":"Am Mittwoch, den 15.07.2020, haben ca. 200 Personen nach Aufruf des B\u00fcndnisses \u201eKeine #LehreOhneZukunft\u201c vor dem Dresdner Landtag demonstriert. Beteiligt waren Dozent*innen des Lehramts an der Uni Leipzig (UL) gemeinsam mit ihren Studierenden, der Gewerkschaft Erziehung und Wissenschaft, Universit\u00e4tsangeh\u00f6rigen aus Dresden sowie den Jugendorganisationen von SPD und Linkspartei. Anlass war eine aktuelle Stunde im Landtag unter dem Motto: &#8222;Vom HochschulpaktHier weiter lesen...","og_url":"https:\/\/www.kss-sachsen.de\/pm_24_20","og_site_name":"KSS","article_published_time":"2020-07-22T05:20:15+00:00","article_modified_time":"2020-07-22T05:24:35+00:00","og_image":[{"width":1276,"height":956,"url":"https:\/\/www.kss-sachsen.de\/wp-content\/uploads\/2020\/07\/photo_2020-07-22_08-12-13.jpg","type":"image\/jpeg"}],"author":"administration","twitter_card":"summary_large_image","twitter_misc":{"Verfasst von":"administration","Gesch\u00e4tzte Lesezeit":"7\u00a0Minuten"},"schema":{"@context":"https:\/\/schema.org","@graph":[{"@type":"Article","@id":"https:\/\/www.kss-sachsen.de\/pm_24_20#article","isPartOf":{"@id":"https:\/\/www.kss-sachsen.de\/pm_24_20"},"author":{"name":"administration","@id":"https:\/\/www.kss-sachsen.de\/#\/schema\/person\/fbcf1c2438e102156e84a4ba5c3daa64"},"headline":"Politiker*innen von Koalition und Opposition fordern Uni Leipzig zur Umkehr auf \u2013 Leipziger B\u00fcndnis demonstriert vor Landtag","datePublished":"2020-07-22T05:20:15+00:00","dateModified":"2020-07-22T05:24:35+00:00","mainEntityOfPage":{"@id":"https:\/\/www.kss-sachsen.de\/pm_24_20"},"wordCount":1360,"commentCount":0,"publisher":{"@id":"https:\/\/www.kss-sachsen.de\/#organization"},"image":{"@id":"https:\/\/www.kss-sachsen.de\/pm_24_20#primaryimage"},"thumbnailUrl":"https:\/\/www.kss-sachsen.de\/wp-content\/uploads\/2020\/07\/photo_2020-07-22_08-12-13.jpg","articleSection":["Aktuelles","Pressemitteilung"],"inLanguage":"de","potentialAction":[{"@type":"CommentAction","name":"Comment","target":["https:\/\/www.kss-sachsen.de\/pm_24_20#respond"]}]},{"@type":"WebPage","@id":"https:\/\/www.kss-sachsen.de\/pm_24_20","url":"https:\/\/www.kss-sachsen.de\/pm_24_20","name":"Politiker*innen von Koalition und Opposition fordern Uni Leipzig zur Umkehr auf \u2013 Leipziger B\u00fcndnis demonstriert vor Landtag - KSS","isPartOf":{"@id":"https:\/\/www.kss-sachsen.de\/#website"},"primaryImageOfPage":{"@id":"https:\/\/www.kss-sachsen.de\/pm_24_20#primaryimage"},"image":{"@id":"https:\/\/www.kss-sachsen.de\/pm_24_20#primaryimage"},"thumbnailUrl":"https:\/\/www.kss-sachsen.de\/wp-content\/uploads\/2020\/07\/photo_2020-07-22_08-12-13.jpg","datePublished":"2020-07-22T05:20:15+00:00","dateModified":"2020-07-22T05:24:35+00:00","breadcrumb":{"@id":"https:\/\/www.kss-sachsen.de\/pm_24_20#breadcrumb"},"inLanguage":"de","potentialAction":[{"@type":"ReadAction","target":["https:\/\/www.kss-sachsen.de\/pm_24_20"]}]},{"@type":"ImageObject","inLanguage":"de","@id":"https:\/\/www.kss-sachsen.de\/pm_24_20#primaryimage","url":"https:\/\/www.kss-sachsen.de\/wp-content\/uploads\/2020\/07\/photo_2020-07-22_08-12-13.jpg","contentUrl":"https:\/\/www.kss-sachsen.de\/wp-content\/uploads\/2020\/07\/photo_2020-07-22_08-12-13.jpg","width":1276,"height":956},{"@type":"BreadcrumbList","@id":"https:\/\/www.kss-sachsen.de\/pm_24_20#breadcrumb","itemListElement":[{"@type":"ListItem","position":1,"name":"Home","item":"https:\/\/www.kss-sachsen.de\/"},{"@type":"ListItem","position":2,"name":"Politiker*innen von Koalition und Opposition fordern Uni Leipzig zur Umkehr auf \u2013 Leipziger B\u00fcndnis demonstriert vor Landtag"}]},{"@type":"WebSite","@id":"https:\/\/www.kss-sachsen.de\/#website","url":"https:\/\/www.kss-sachsen.de\/","name":"Konferenz S\u00e4chsischer Studierendenschaften","description":"Konferenz S\u00e4chsischer Studierendenschaften","publisher":{"@id":"https:\/\/www.kss-sachsen.de\/#organization"},"potentialAction":[{"@type":"SearchAction","target":{"@type":"EntryPoint","urlTemplate":"https:\/\/www.kss-sachsen.de\/?s={search_term_string}"},"query-input":{"@type":"PropertyValueSpecification","valueRequired":true,"valueName":"search_term_string"}}],"inLanguage":"de"},{"@type":"Organization","@id":"https:\/\/www.kss-sachsen.de\/#organization","name":"Konferenz S\u00e4chsischer Studierendenschaften","url":"https:\/\/www.kss-sachsen.de\/","logo":{"@type":"ImageObject","inLanguage":"de","@id":"https:\/\/www.kss-sachsen.de\/#\/schema\/logo\/image\/","url":"https:\/\/www.kss-sachsen.de\/wp-content\/uploads\/2023\/02\/Logo-KSS.png","contentUrl":"https:\/\/www.kss-sachsen.de\/wp-content\/uploads\/2023\/02\/Logo-KSS.png","width":2239,"height":1528,"caption":"Konferenz S\u00e4chsischer Studierendenschaften"},"image":{"@id":"https:\/\/www.kss-sachsen.de\/#\/schema\/logo\/image\/"},"sameAs":["https:\/\/www.instagram.com\/kss_sachsen\/"]},{"@type":"Person","@id":"https:\/\/www.kss-sachsen.de\/#\/schema\/person\/fbcf1c2438e102156e84a4ba5c3daa64","name":"administration","image":{"@type":"ImageObject","inLanguage":"de","@id":"https:\/\/www.kss-sachsen.de\/#\/schema\/person\/image\/","url":"https:\/\/secure.gravatar.com\/avatar\/e4ecd4cb3a6714c2adcf507161262d91?s=96&d=mm&r=g","contentUrl":"https:\/\/secure.gravatar.com\/avatar\/e4ecd4cb3a6714c2adcf507161262d91?s=96&d=mm&r=g","caption":"administration"},"url":"https:\/\/www.kss-sachsen.de\/?author=1"}]}},"_links":{"self":[{"href":"https:\/\/www.kss-sachsen.de\/index.php?rest_route=\/wp\/v2\/posts\/1766"}],"collection":[{"href":"https:\/\/www.kss-sachsen.de\/index.php?rest_route=\/wp\/v2\/posts"}],"about":[{"href":"https:\/\/www.kss-sachsen.de\/index.php?rest_route=\/wp\/v2\/types\/post"}],"author":[{"embeddable":true,"href":"https:\/\/www.kss-sachsen.de\/index.php?rest_route=\/wp\/v2\/users\/1"}],"replies":[{"embeddable":true,"href":"https:\/\/www.kss-sachsen.de\/index.php?rest_route=%2Fwp%2Fv2%2Fcomments&post=1766"}],"version-history":[{"count":3,"href":"https:\/\/www.kss-sachsen.de\/index.php?rest_route=\/wp\/v2\/posts\/1766\/revisions"}],"predecessor-version":[{"id":1769,"href":"https:\/\/www.kss-sachsen.de\/index.php?rest_route=\/wp\/v2\/posts\/1766\/revisions\/1769"}],"wp:featuredmedia":[{"embeddable":true,"href":"https:\/\/www.kss-sachsen.de\/index.php?rest_route=\/wp\/v2\/media\/1770"}],"wp:attachment":[{"href":"https:\/\/www.kss-sachsen.de\/index.php?rest_route=%2Fwp%2Fv2%2Fmedia&parent=1766"}],"wp:term":[{"taxonomy":"category","embeddable":true,"href":"https:\/\/www.kss-sachsen.de\/index.php?rest_route=%2Fwp%2Fv2%2Fcategories&post=1766"},{"taxonomy":"post_tag","embeddable":true,"href":"https:\/\/www.kss-sachsen.de\/index.php?rest_route=%2Fwp%2Fv2%2Ftags&post=1766"}],"curies":[{"name":"wp","href":"https:\/\/api.w.org\/{rel}","templated":true}]}}