{"id":2081,"date":"2021-02-09T19:57:41","date_gmt":"2021-02-09T18:57:41","guid":{"rendered":"https:\/\/www.kss-sachsen.de\/?p=2081"},"modified":"2021-02-09T19:57:41","modified_gmt":"2021-02-09T18:57:41","slug":"doch-nicht-langer-bafog-fur-alle","status":"publish","type":"post","link":"https:\/\/www.kss-sachsen.de\/PM_02_21","title":{"rendered":"Doch nicht l\u00e4nger BAf\u00f6G f\u00fcr alle"},"content":{"rendered":"<p><strong>KSS kritisiert Umsetzung der Regelstudienzeitverl\u00e4ngerung in Folge der Corona Pandemie<\/strong><\/p>\n<p>Am 16.12. hat der s\u00e4chsische Landtag das S\u00e4chsische Hochschulfreiheitsgesetz (S\u00e4chsHSFG) um einen Paragrafen 114a erg\u00e4nzt. Durch den neuen Paragrafen wird die Regelstudienzeit von Studierenden, die im vergangenen Sommer- bzw. aktuellen Wintersemester immatrikuliert und nicht beurlaubt waren, um jeweils ein Semester erh\u00f6ht. Die Dauer der BAf\u00f6G-F\u00f6rderung ist daran gekoppelt. Das Landesamt f\u00fcr Ausbildungsf\u00f6rderung m\u00f6chte nun jedoch einigen Studierenden die verl\u00e4ngerte F\u00f6rderung verwehren. Es wies die BAf\u00f6G-\u00c4mter an, nur f\u00fcr Studierende, deren urspr\u00fcngliche Regelstudienzeit nach Beginn des Sommersemesters 2020 endet, die F\u00f6rderungsh\u00f6chstdauer zu erh\u00f6hen. Die Konferenz S\u00e4chsischer Studierendenschaften (KSS) hat f\u00fcr dieses Vorgehen keinerlei Verst\u00e4ndnis und fordert die l\u00e4ngere F\u00f6rderung f\u00fcr alle BAf\u00f6G-berechtigten Studierenden.<\/p>\n<p><strong>Claudia Mei\u00dfner, Referentin Soziales der KSS<\/strong>, erkl\u00e4rt dazu: \u201eDie zus\u00e4tzliche Einschr\u00e4nkung des Landesamts ist nicht nachvollziehbar und entbehrt jedweder Grundlage. Der Gesetzestext ist eindeutig und gew\u00e4hrt allen nicht beurlaubten Studierenden die Regelstudienzeiterh\u00f6hung. Deswegen rufen wir Studierende, insbesondere die im Sommersemester knapp \u00fcber ihrer Regelstudienzeit waren, auf in Widerspruch zu gehen und werden sie dahingehend unterst\u00fctzen.\u201c Die durchschnittliche Studiendauer vieler Studieng\u00e4nge liegt deutlich \u00fcber der Regelstudienzeit. Dieses strukturelle Problem gab es schon vor der Pandemie, wird durch sie versch\u00e4rft und nun in der Auslegung des Gesetzes v\u00f6llig missachtet. \u201eDas Ziel des Gesetzes war es, der ohnehin sehr niedrigen Anzahl an BAf\u00f6G-Empf\u00e4nger*innen, trotz der Corona Pandemie Sicherheit bei ihrer Studienfinanzierung zu geben. Gerade denen, die kurz vor dem Abschluss stehen, nimmt das Land diese Sicherheit nun wieder.\u201c erg\u00e4nzt Mei\u00dfner.<\/p>\n<p>Einige Studierende haben im Sommersemester einen Antrag auf F\u00f6rderung \u00fcber die F\u00f6rderh\u00f6chstdauer bewilligt bekommen. Damit bescheinigten ihnen die BAf\u00f6G-\u00c4mter, dass sie aus guten Gr\u00fcnden \u00fcber die Regelstudienzeit hinaus studieren und weiter gef\u00f6rdert werden. Doch die Erh\u00f6hung der F\u00f6rderungsdauer im Rahmen des Gesetzes k\u00f6nnen sie nun nicht in Anspruch nehmen. \u201eDiese Studierenden befinden sich in der absurden Situation, dass deren Verz\u00f6gerung unabh\u00e4ngig von der Pandemie gut begr\u00fcndet war, ihnen die Verz\u00f6gerung durch die Pandemie nun aber nicht anerkannt werden soll. Die restriktive Umsetzung des Landesamts trifft damit beispielsweise diejenigen, die in Gremien aktiv waren und w\u00e4hrend der Krise besonders gefordert wurden. Sie versch\u00e4rft also ohne Not die desastr\u00f6se finanzielle Situation vieler Studierender in Krisensituationen weiter!\u201c kritisiert <strong>Lukas Eichinger<\/strong><strong>, Sprecher der KSS<\/strong>, abschlie\u00dfend.<\/p>\n<p>Die Pressemitteilung ist auch als <a href=\"https:\/\/cloud.kss-sachsen.de\/s\/av19oteCJ1VZyX9\" target=\"_blank\">.pdf<\/a> verf\u00fcgbar.<\/p>\n","protected":false},"excerpt":{"rendered":"<p>KSS kritisiert Umsetzung der Regelstudienzeitverl\u00e4ngerung in Folge der Corona Pandemie Am 16.12. hat der s\u00e4chsische Landtag das S\u00e4chsische Hochschulfreiheitsgesetz (S\u00e4chsHSFG) um einen Paragrafen 114a erg\u00e4nzt. Durch den neuen Paragrafen wird die Regelstudienzeit von Studierenden, die im vergangenen Sommer- bzw. aktuellen Wintersemester immatrikuliert und nicht beurlaubt waren, um jeweils ein Semester erh\u00f6ht. Die Dauer der BAf\u00f6G-F\u00f6rderung ist daran gekoppelt. Das Landesamt<a class=\"read-more\" href=\"https:\/\/www.kss-sachsen.de\/PM_02_21\">Hier weiter lesen&#8230;<\/a><\/p>\n","protected":false},"author":1,"featured_media":0,"comment_status":"open","ping_status":"open","sticky":false,"template":"","format":"standard","meta":{"footnotes":""},"categories":[28,2,11,6],"tags":[],"yoast_head":"<!-- This site is optimized with the Yoast SEO plugin v23.5 - https:\/\/yoast.com\/wordpress\/plugins\/seo\/ -->\n<title>Doch nicht l\u00e4nger BAf\u00f6G f\u00fcr alle - KSS<\/title>\n<meta name=\"robots\" content=\"index, follow, max-snippet:-1, max-image-preview:large, max-video-preview:-1\" \/>\n<link rel=\"canonical\" href=\"https:\/\/www.kss-sachsen.de\/PM_02_21\" \/>\n<meta property=\"og:locale\" content=\"de_DE\" \/>\n<meta property=\"og:type\" content=\"article\" \/>\n<meta property=\"og:title\" content=\"Doch nicht l\u00e4nger BAf\u00f6G f\u00fcr alle - KSS\" \/>\n<meta property=\"og:description\" content=\"KSS kritisiert Umsetzung der Regelstudienzeitverl\u00e4ngerung in Folge der Corona Pandemie Am 16.12. hat der s\u00e4chsische Landtag das S\u00e4chsische Hochschulfreiheitsgesetz (S\u00e4chsHSFG) um einen Paragrafen 114a erg\u00e4nzt. Durch den neuen Paragrafen wird die Regelstudienzeit von Studierenden, die im vergangenen Sommer- bzw. aktuellen Wintersemester immatrikuliert und nicht beurlaubt waren, um jeweils ein Semester erh\u00f6ht. Die Dauer der BAf\u00f6G-F\u00f6rderung ist daran gekoppelt. Das LandesamtHier weiter lesen...\" \/>\n<meta property=\"og:url\" content=\"https:\/\/www.kss-sachsen.de\/PM_02_21\" \/>\n<meta property=\"og:site_name\" content=\"KSS\" \/>\n<meta property=\"article:published_time\" content=\"2021-02-09T18:57:41+00:00\" \/>\n<meta name=\"author\" content=\"administration\" \/>\n<meta name=\"twitter:card\" content=\"summary_large_image\" \/>\n<meta name=\"twitter:label1\" content=\"Verfasst von\" \/>\n\t<meta name=\"twitter:data1\" content=\"administration\" \/>\n\t<meta name=\"twitter:label2\" content=\"Gesch\u00e4tzte Lesezeit\" \/>\n\t<meta name=\"twitter:data2\" content=\"2\u00a0Minuten\" \/>\n<script type=\"application\/ld+json\" class=\"yoast-schema-graph\">{\"@context\":\"https:\/\/schema.org\",\"@graph\":[{\"@type\":\"Article\",\"@id\":\"https:\/\/www.kss-sachsen.de\/PM_02_21#article\",\"isPartOf\":{\"@id\":\"https:\/\/www.kss-sachsen.de\/PM_02_21\"},\"author\":{\"name\":\"administration\",\"@id\":\"https:\/\/www.kss-sachsen.de\/#\/schema\/person\/fbcf1c2438e102156e84a4ba5c3daa64\"},\"headline\":\"Doch nicht l\u00e4nger BAf\u00f6G f\u00fcr alle\",\"datePublished\":\"2021-02-09T18:57:41+00:00\",\"dateModified\":\"2021-02-09T18:57:41+00:00\",\"mainEntityOfPage\":{\"@id\":\"https:\/\/www.kss-sachsen.de\/PM_02_21\"},\"wordCount\":435,\"commentCount\":0,\"publisher\":{\"@id\":\"https:\/\/www.kss-sachsen.de\/#organization\"},\"articleSection\":[\"Aktuelles\",\"BAf\u00f6G, Studierendenwerke\",\"Pressemitteilung\",\"Pressemitteilung KSS\"],\"inLanguage\":\"de\",\"potentialAction\":[{\"@type\":\"CommentAction\",\"name\":\"Comment\",\"target\":[\"https:\/\/www.kss-sachsen.de\/PM_02_21#respond\"]}]},{\"@type\":\"WebPage\",\"@id\":\"https:\/\/www.kss-sachsen.de\/PM_02_21\",\"url\":\"https:\/\/www.kss-sachsen.de\/PM_02_21\",\"name\":\"Doch nicht l\u00e4nger BAf\u00f6G f\u00fcr alle - KSS\",\"isPartOf\":{\"@id\":\"https:\/\/www.kss-sachsen.de\/#website\"},\"datePublished\":\"2021-02-09T18:57:41+00:00\",\"dateModified\":\"2021-02-09T18:57:41+00:00\",\"breadcrumb\":{\"@id\":\"https:\/\/www.kss-sachsen.de\/PM_02_21#breadcrumb\"},\"inLanguage\":\"de\",\"potentialAction\":[{\"@type\":\"ReadAction\",\"target\":[\"https:\/\/www.kss-sachsen.de\/PM_02_21\"]}]},{\"@type\":\"BreadcrumbList\",\"@id\":\"https:\/\/www.kss-sachsen.de\/PM_02_21#breadcrumb\",\"itemListElement\":[{\"@type\":\"ListItem\",\"position\":1,\"name\":\"Home\",\"item\":\"https:\/\/www.kss-sachsen.de\/\"},{\"@type\":\"ListItem\",\"position\":2,\"name\":\"Doch nicht l\u00e4nger BAf\u00f6G f\u00fcr alle\"}]},{\"@type\":\"WebSite\",\"@id\":\"https:\/\/www.kss-sachsen.de\/#website\",\"url\":\"https:\/\/www.kss-sachsen.de\/\",\"name\":\"Konferenz S\u00e4chsischer Studierendenschaften\",\"description\":\"Konferenz S\u00e4chsischer Studierendenschaften\",\"publisher\":{\"@id\":\"https:\/\/www.kss-sachsen.de\/#organization\"},\"potentialAction\":[{\"@type\":\"SearchAction\",\"target\":{\"@type\":\"EntryPoint\",\"urlTemplate\":\"https:\/\/www.kss-sachsen.de\/?s={search_term_string}\"},\"query-input\":{\"@type\":\"PropertyValueSpecification\",\"valueRequired\":true,\"valueName\":\"search_term_string\"}}],\"inLanguage\":\"de\"},{\"@type\":\"Organization\",\"@id\":\"https:\/\/www.kss-sachsen.de\/#organization\",\"name\":\"Konferenz S\u00e4chsischer Studierendenschaften\",\"url\":\"https:\/\/www.kss-sachsen.de\/\",\"logo\":{\"@type\":\"ImageObject\",\"inLanguage\":\"de\",\"@id\":\"https:\/\/www.kss-sachsen.de\/#\/schema\/logo\/image\/\",\"url\":\"https:\/\/www.kss-sachsen.de\/wp-content\/uploads\/2023\/02\/Logo-KSS.png\",\"contentUrl\":\"https:\/\/www.kss-sachsen.de\/wp-content\/uploads\/2023\/02\/Logo-KSS.png\",\"width\":2239,\"height\":1528,\"caption\":\"Konferenz S\u00e4chsischer Studierendenschaften\"},\"image\":{\"@id\":\"https:\/\/www.kss-sachsen.de\/#\/schema\/logo\/image\/\"},\"sameAs\":[\"https:\/\/www.instagram.com\/kss_sachsen\/\"]},{\"@type\":\"Person\",\"@id\":\"https:\/\/www.kss-sachsen.de\/#\/schema\/person\/fbcf1c2438e102156e84a4ba5c3daa64\",\"name\":\"administration\",\"image\":{\"@type\":\"ImageObject\",\"inLanguage\":\"de\",\"@id\":\"https:\/\/www.kss-sachsen.de\/#\/schema\/person\/image\/\",\"url\":\"https:\/\/secure.gravatar.com\/avatar\/e4ecd4cb3a6714c2adcf507161262d91?s=96&d=mm&r=g\",\"contentUrl\":\"https:\/\/secure.gravatar.com\/avatar\/e4ecd4cb3a6714c2adcf507161262d91?s=96&d=mm&r=g\",\"caption\":\"administration\"},\"url\":\"https:\/\/www.kss-sachsen.de\/?author=1\"}]}<\/script>\n<!-- \/ Yoast SEO plugin. -->","yoast_head_json":{"title":"Doch nicht l\u00e4nger BAf\u00f6G f\u00fcr alle - KSS","robots":{"index":"index","follow":"follow","max-snippet":"max-snippet:-1","max-image-preview":"max-image-preview:large","max-video-preview":"max-video-preview:-1"},"canonical":"https:\/\/www.kss-sachsen.de\/PM_02_21","og_locale":"de_DE","og_type":"article","og_title":"Doch nicht l\u00e4nger BAf\u00f6G f\u00fcr alle - KSS","og_description":"KSS kritisiert Umsetzung der Regelstudienzeitverl\u00e4ngerung in Folge der Corona Pandemie Am 16.12. hat der s\u00e4chsische Landtag das S\u00e4chsische Hochschulfreiheitsgesetz (S\u00e4chsHSFG) um einen Paragrafen 114a erg\u00e4nzt. Durch den neuen Paragrafen wird die Regelstudienzeit von Studierenden, die im vergangenen Sommer- bzw. aktuellen Wintersemester immatrikuliert und nicht beurlaubt waren, um jeweils ein Semester erh\u00f6ht. Die Dauer der BAf\u00f6G-F\u00f6rderung ist daran gekoppelt. Das LandesamtHier weiter lesen...","og_url":"https:\/\/www.kss-sachsen.de\/PM_02_21","og_site_name":"KSS","article_published_time":"2021-02-09T18:57:41+00:00","author":"administration","twitter_card":"summary_large_image","twitter_misc":{"Verfasst von":"administration","Gesch\u00e4tzte Lesezeit":"2\u00a0Minuten"},"schema":{"@context":"https:\/\/schema.org","@graph":[{"@type":"Article","@id":"https:\/\/www.kss-sachsen.de\/PM_02_21#article","isPartOf":{"@id":"https:\/\/www.kss-sachsen.de\/PM_02_21"},"author":{"name":"administration","@id":"https:\/\/www.kss-sachsen.de\/#\/schema\/person\/fbcf1c2438e102156e84a4ba5c3daa64"},"headline":"Doch nicht l\u00e4nger BAf\u00f6G f\u00fcr alle","datePublished":"2021-02-09T18:57:41+00:00","dateModified":"2021-02-09T18:57:41+00:00","mainEntityOfPage":{"@id":"https:\/\/www.kss-sachsen.de\/PM_02_21"},"wordCount":435,"commentCount":0,"publisher":{"@id":"https:\/\/www.kss-sachsen.de\/#organization"},"articleSection":["Aktuelles","BAf\u00f6G, Studierendenwerke","Pressemitteilung","Pressemitteilung KSS"],"inLanguage":"de","potentialAction":[{"@type":"CommentAction","name":"Comment","target":["https:\/\/www.kss-sachsen.de\/PM_02_21#respond"]}]},{"@type":"WebPage","@id":"https:\/\/www.kss-sachsen.de\/PM_02_21","url":"https:\/\/www.kss-sachsen.de\/PM_02_21","name":"Doch nicht l\u00e4nger BAf\u00f6G f\u00fcr alle - KSS","isPartOf":{"@id":"https:\/\/www.kss-sachsen.de\/#website"},"datePublished":"2021-02-09T18:57:41+00:00","dateModified":"2021-02-09T18:57:41+00:00","breadcrumb":{"@id":"https:\/\/www.kss-sachsen.de\/PM_02_21#breadcrumb"},"inLanguage":"de","potentialAction":[{"@type":"ReadAction","target":["https:\/\/www.kss-sachsen.de\/PM_02_21"]}]},{"@type":"BreadcrumbList","@id":"https:\/\/www.kss-sachsen.de\/PM_02_21#breadcrumb","itemListElement":[{"@type":"ListItem","position":1,"name":"Home","item":"https:\/\/www.kss-sachsen.de\/"},{"@type":"ListItem","position":2,"name":"Doch nicht l\u00e4nger BAf\u00f6G f\u00fcr alle"}]},{"@type":"WebSite","@id":"https:\/\/www.kss-sachsen.de\/#website","url":"https:\/\/www.kss-sachsen.de\/","name":"Konferenz S\u00e4chsischer Studierendenschaften","description":"Konferenz S\u00e4chsischer Studierendenschaften","publisher":{"@id":"https:\/\/www.kss-sachsen.de\/#organization"},"potentialAction":[{"@type":"SearchAction","target":{"@type":"EntryPoint","urlTemplate":"https:\/\/www.kss-sachsen.de\/?s={search_term_string}"},"query-input":{"@type":"PropertyValueSpecification","valueRequired":true,"valueName":"search_term_string"}}],"inLanguage":"de"},{"@type":"Organization","@id":"https:\/\/www.kss-sachsen.de\/#organization","name":"Konferenz S\u00e4chsischer Studierendenschaften","url":"https:\/\/www.kss-sachsen.de\/","logo":{"@type":"ImageObject","inLanguage":"de","@id":"https:\/\/www.kss-sachsen.de\/#\/schema\/logo\/image\/","url":"https:\/\/www.kss-sachsen.de\/wp-content\/uploads\/2023\/02\/Logo-KSS.png","contentUrl":"https:\/\/www.kss-sachsen.de\/wp-content\/uploads\/2023\/02\/Logo-KSS.png","width":2239,"height":1528,"caption":"Konferenz S\u00e4chsischer Studierendenschaften"},"image":{"@id":"https:\/\/www.kss-sachsen.de\/#\/schema\/logo\/image\/"},"sameAs":["https:\/\/www.instagram.com\/kss_sachsen\/"]},{"@type":"Person","@id":"https:\/\/www.kss-sachsen.de\/#\/schema\/person\/fbcf1c2438e102156e84a4ba5c3daa64","name":"administration","image":{"@type":"ImageObject","inLanguage":"de","@id":"https:\/\/www.kss-sachsen.de\/#\/schema\/person\/image\/","url":"https:\/\/secure.gravatar.com\/avatar\/e4ecd4cb3a6714c2adcf507161262d91?s=96&d=mm&r=g","contentUrl":"https:\/\/secure.gravatar.com\/avatar\/e4ecd4cb3a6714c2adcf507161262d91?s=96&d=mm&r=g","caption":"administration"},"url":"https:\/\/www.kss-sachsen.de\/?author=1"}]}},"_links":{"self":[{"href":"https:\/\/www.kss-sachsen.de\/index.php?rest_route=\/wp\/v2\/posts\/2081"}],"collection":[{"href":"https:\/\/www.kss-sachsen.de\/index.php?rest_route=\/wp\/v2\/posts"}],"about":[{"href":"https:\/\/www.kss-sachsen.de\/index.php?rest_route=\/wp\/v2\/types\/post"}],"author":[{"embeddable":true,"href":"https:\/\/www.kss-sachsen.de\/index.php?rest_route=\/wp\/v2\/users\/1"}],"replies":[{"embeddable":true,"href":"https:\/\/www.kss-sachsen.de\/index.php?rest_route=%2Fwp%2Fv2%2Fcomments&post=2081"}],"version-history":[{"count":2,"href":"https:\/\/www.kss-sachsen.de\/index.php?rest_route=\/wp\/v2\/posts\/2081\/revisions"}],"predecessor-version":[{"id":2083,"href":"https:\/\/www.kss-sachsen.de\/index.php?rest_route=\/wp\/v2\/posts\/2081\/revisions\/2083"}],"wp:attachment":[{"href":"https:\/\/www.kss-sachsen.de\/index.php?rest_route=%2Fwp%2Fv2%2Fmedia&parent=2081"}],"wp:term":[{"taxonomy":"category","embeddable":true,"href":"https:\/\/www.kss-sachsen.de\/index.php?rest_route=%2Fwp%2Fv2%2Fcategories&post=2081"},{"taxonomy":"post_tag","embeddable":true,"href":"https:\/\/www.kss-sachsen.de\/index.php?rest_route=%2Fwp%2Fv2%2Ftags&post=2081"}],"curies":[{"name":"wp","href":"https:\/\/api.w.org\/{rel}","templated":true}]}}