{"id":2138,"date":"2021-03-11T02:17:11","date_gmt":"2021-03-11T01:17:11","guid":{"rendered":"https:\/\/www.kss-sachsen.de\/?p=2138"},"modified":"2021-03-11T08:01:02","modified_gmt":"2021-03-11T07:01:02","slug":"corona-auch-an-hochschulen-nicht-vorbei","status":"publish","type":"post","link":"https:\/\/www.kss-sachsen.de\/PM_04_21","title":{"rendered":"Corona auch an Hochschulen nicht vorbei"},"content":{"rendered":"<div id=\"magicdomid3\" class=\"ace-line\" spellcheck=\"true\"><strong><span class=\"author-a-hqoz65zz83zug35iz81zz69zdz79zz65zn\">KSS fordert erneute Regelstudienzeiterh\u00f6hung f\u00fcr das<\/span><span class=\"author-a-z87zbz73zz74z1z82zz69zrz65z48s2xmz80z\"> kommende<\/span><span class=\"author-a-hqoz65zz83zug35iz81zz69zdz79zz65zn\"> Sommersemester<\/span><\/strong><\/div>\n<p>&nbsp;<\/p>\n<div id=\"magicdomid5\" class=\"ace-line\" spellcheck=\"true\"><span class=\"author-a-hqoz65zz83zug35iz81zz69zdz79zz65zn\">Am 17.12. beschloss der S\u00e4chsische Landtag eine Erg\u00e4nzung des S\u00e4chsischen Hochschulfreiheitsgesetz (S\u00e4chsHSFG). Der neue \u00a7114a <\/span><span class=\"author-a-z87zbz73zz74z1z82zz69zrz65z48s2xmz80z\">verl\u00e4ngert <\/span><span class=\"author-a-hqoz65zz83zug35iz81zz69zdz79zz65zn\">die individuelle Regelstudienzeit der Studierenden und damit auch den BAf\u00f6G Anspruch<\/span><span class=\"author-a-z87zbz73zz74z1z82zz69zrz65z48s2xmz80z\"> aufgrund der <\/span><span class=\"author-a-hqoz65zz83zug35iz81zz69zdz79zz65zn\">Auswirkungen der <\/span><span class=\"author-a-z87zbz73zz74z1z82zz69zrz65z48s2xmz80z\">Corona-Pandemie<\/span><span class=\"author-a-hqoz65zz83zug35iz81zz69zdz79zz65zn\">. Zun\u00e4chst gilt diese Regelung nur f\u00fcr die letzten beiden Semester. Im Absatz 3 des neuen Paragrafen bekommt das S\u00e4chsische Ministerium f\u00fcr Wissenschaft, Kultur und Tourismus (<\/span><span class=\"author-a-hqoz65zz83zug35iz81zz69zdz79zz65zn comment fakecomment-r3MC6I9AsieiWBbX\">SMWK<\/span><span class=\"author-a-hqoz65zz83zug35iz81zz69zdz79zz65zn\">) jedoch die M\u00f6glichkeit per Rechtsverordnung diese Ma\u00dfnahme f\u00fcr das kommende Semester zu verl\u00e4ngern. Die Konferenz S\u00e4chsischer Studierendenschaften (KSS) fordert das Ministerium auf<\/span><span class=\"author-a-z87zbz73zz74z1z82zz69zrz65z48s2xmz80z\">,<\/span><span class=\"author-a-hqoz65zz83zug35iz81zz69zdz79zz65zn\"> diese Verl\u00e4ngerung sofort zu beschlie\u00dfen.<\/span><\/div>\n<p>&nbsp;<\/p>\n<div id=\"magicdomid7\" class=\"ace-line\" spellcheck=\"true\"><span class=\"author-a-z83zz90zvz69zaz77zz86zz122zz75z5pz82zz122zfz82zh\">\u201e<\/span><span class=\"author-a-hqoz65zz83zug35iz81zz69zdz79zz65zn\">Es ist <\/span><span class=\"author-a-z87zbz73zz74z1z82zz69zrz65z48s2xmz80z\">schon <\/span><span class=\"author-a-hqoz65zz83zug35iz81zz69zdz79zz65zn\">jetzt absehbar, dass auch das Sommersemester kein normales Semester wird. <\/span><span class=\"author-a-z87zbz73zz74z1z82zz69zrz65z48s2xmz80z\">Durch teils steigende <\/span><span class=\"author-a-hqoz65zz83zug35iz81zz69zdz79zz65zn\">Inzidenzzahlen <\/span><span class=\"author-a-z87zbz73zz74z1z82zz69zrz65z48s2xmz80z\">und den<\/span><span class=\"author-a-hqoz65zz83zug35iz81zz69zdz79zz65zn\"> Gefahren durch die<\/span><span class=\"author-a-z87zbz73zz74z1z82zz69zrz65z48s2xmz80z\"> Mutationen <\/span><span class=\"author-a-hqoz65zz83zug35iz81zz69zdz79zz65zn\">ist auch in den n\u00e4chsten Monaten nicht an volle H\u00f6rs\u00e4le zu denken<\/span><span class=\"author-a-z87zbz73zz74z1z82zz69zrz65z48s2xmz80z\">.<\/span> <span class=\"author-a-z87zbz73zz74z1z82zz69zrz65z48s2xmz80z\">D<\/span><span class=\"author-a-hqoz65zz83zug35iz81zz69zdz79zz65zn\">igitale und hybride Formate <\/span><span class=\"author-a-z87zbz73zz74z1z82zz69zrz65z48s2xmz80z\">bleiben <\/span><span class=\"author-a-hqoz65zz83zug35iz81zz69zdz79zz65zn\">weiterhin der Alltag. Damit bestehen f\u00fcr viele Studierende unver\u00e4ndert Probleme wie unzureichende Internetverbindung<\/span><span class=\"author-a-z87zbz73zz74z1z82zz69zrz65z48s2xmz80z\"> und<\/span><span class=\"author-a-hqoz65zz83zug35iz81zz69zdz79zz65zn\"> technische Ausstattung, <\/span><span class=\"author-a-z87zbz73zz74z1z82zz69zrz65z48s2xmz80z\">zus\u00e4tzliche <\/span><span class=\"author-a-hqoz65zz83zug35iz81zz69zdz79zz65zn\">famili\u00e4re Verpflichtungen oder psychische Belastungen.<\/span><span class=\"author-a-z87zbz73zz74z1z82zz69zrz65z48s2xmz80z\"> Die Krise erschwert das Studium <\/span><span class=\"author-a-hqoz65zz83zug35iz81zz69zdz79zz65zn\">weiterhin <\/span><span class=\"author-a-z87zbz73zz74z1z82zz69zrz65z48s2xmz80z\">deutlich<\/span><span class=\"author-a-hqoz65zz83zug35iz81zz69zdz79zz65zn\"> und diese Nachteile m\u00fcssen ausgeglichen werden<\/span><span class=\"author-a-z87zbz73zz74z1z82zz69zrz65z48s2xmz80z\">. De<\/span><span class=\"author-a-hqoz65zz83zug35iz81zz69zdz79zz65zn\">swegen fordern wir die Staatsregierung auf den<\/span><span class=\"author-a-z87zbz73zz74z1z82zz69zrz65z48s2xmz80z\"> Paragraf 114a <\/span><span class=\"author-a-hqoz65zz83zug35iz81zz69zdz79zz65zn\">unverz\u00fcglich zu <\/span><span class=\"author-a-z87zbz73zz74z1z82zz69zrz65z48s2xmz80z\">verl\u00e4nger<\/span><span class=\"author-a-hqoz65zz83zug35iz81zz69zdz79zz65zn\">n<\/span><span class=\"author-a-z87zbz73zz74z1z82zz69zrz65z48s2xmz80z\">.<\/span><span class=\"author-a-z83zz90zvz69zaz77zz86zz122zz75z5pz82zz122zfz82zh\">\u201c<\/span><span class=\"author-a-hqoz65zz83zug35iz81zz69zdz79zz65zn\"> erl\u00e4utert <strong>Lukas Eichinger<\/strong><\/span><strong><span class=\"author-a-z83zz90zvz69zaz77zz86zz122zz75z5pz82zz122zfz82zh\">,<\/span><\/strong><span class=\"author-a-hqoz65zz83zug35iz81zz69zdz79zz65zn\"><strong> Sprecher der KSS<\/strong>.<\/span><\/div>\n<p>&nbsp;<\/p>\n<div id=\"magicdomid9\" class=\"ace-line\" spellcheck=\"true\"><strong><span class=\"author-a-hqoz65zz83zug35iz81zz69zdz79zz65zn\">Claudia Mei\u00dfner<\/span><span class=\"author-a-z83zz90zvz69zaz77zz86zz122zz75z5pz82zz122zfz82zh\">,<\/span><span class=\"author-a-hqoz65zz83zug35iz81zz69zdz79zz65zn\"> Referentin Soziales der KSS<\/span><\/strong><span class=\"author-a-z83zz90zvz69zaz77zz86zz122zz75z5pz82zz122zfz82zh\">,<\/span><span class=\"author-a-hqoz65zz83zug35iz81zz69zdz79zz65zn\"> erg\u00e4nzt: <\/span><span class=\"author-a-z83zz90zvz69zaz77zz86zz122zz75z5pz82zz122zfz82zh\">\u201e<\/span><span class=\"author-a-hqoz65zz83zug35iz81zz69zdz79zz65zn\">Der sp\u00e4te Beschluss <\/span><span class=\"author-a-z87zbz73zz74z1z82zz69zrz65z48s2xmz80z\">des Coronaparagrafen<\/span><span class=\"author-a-hqoz65zz83zug35iz81zz69zdz79zz65zn\"> letzten Dezember<\/span><span class=\"author-a-z87zbz73zz74z1z82zz69zrz65z48s2xmz80z\"> sorgt seit Monaten f\u00fcr Komplikationen. Nun hat das Ministerium die M\u00f6glichkeit ausnahmsweise zu agieren, statt zu sp\u00e4t zu reagieren. <\/span><span class=\"author-a-hqoz65zz83zug35iz81zz69zdz79zz65zn\">Die Studierenden brauchen Planungssicherheit, insbesondere wenn es um den BAf\u00f6G Anspruch geht. <\/span><span class=\"author-a-z87zbz73zz74z1z82zz69zrz65z48s2xmz80z\">Die Antr\u00e4ge daf\u00fcr m\u00fcssen sp\u00e4testens zu Beginn des Semesters gestellt sein. Viele <\/span><span class=\"author-a-hqoz65zz83zug35iz81zz69zdz79zz65zn\">m\u00fcssen<\/span><span class=\"author-a-z87zbz73zz74z1z82zz69zrz65z48s2xmz80z\"> jedoch momentan noch davon aus<\/span><span class=\"author-a-hqoz65zz83zug35iz81zz69zdz79zz65zn\">gehen<\/span><span class=\"author-a-z87zbz73zz74z1z82zz69zrz65z48s2xmz80z\">, dass ihnen keine weitere F\u00f6rderung zusteht. Die zeitnahe Verl\u00e4ngerung der Regelstudienzeiterh\u00f6hung f\u00fcr das Sommersemester ist somit essenziell! <\/span><span class=\"author-a-hqoz65zz83zug35iz81zz69zdz79zz65zn\">Bisher kann kein r\u00fcckwirkender BAf\u00f6G Anspruch<\/span><span class=\"author-a-z87zbz73zz74z1z82zz69zrz65z48s2xmz80z\"> geltend gemacht werden wodurch\u00a0<\/span><span class=\"author-a-hqoz65zz83zug35iz81zz69zdz79zz65zn\"> dringend n\u00f6tiges Geld<\/span><span class=\"author-a-z87zbz73zz74z1z82zz69zrz65z48s2xmz80z\"> versagt werden k\u00f6nnte<\/span><span class=\"author-a-hqoz65zz83zug35iz81zz69zdz79zz65zn\">.<\/span><span class=\"author-a-z79zz75zz66zz71z5z67zz76z74z87zz89zggz85zz65z6\"> Zudem m\u00fcssen Studierende, die ihren Antrag<\/span><span class=\"author-a-z87zbz73zz74z1z82zz69zrz65z48s2xmz80z\"> auf gut Gl\u00fcck<\/span><span class=\"author-a-z79zz75zz66zz71z5z67zz76z74z87zz89zggz85zz65z6\"> rechtzeitig stellen,<\/span><span class=\"author-a-z87zbz73zz74z1z82zz69zrz65z48s2xmz80z\"> bis zur Rechtsverordnung d<\/span><span class=\"author-a-hqoz65zz83zug35iz81zz69zdz79zz65zn\">es<\/span><span class=\"author-a-z87zbz73zz74z1z82zz69zrz65z48s2xmz80z\"> Ministerium<\/span><span class=\"author-a-hqoz65zz83zug35iz81zz69zdz79zz65zn\">s<\/span><span class=\"author-a-z79zz75zz66zz71z5z67zz76z74z87zz89zggz85zz65z6\"> war<\/span><span class=\"author-a-z87zbz73zz74z1z82zz69zrz65z48s2xmz80z\">t<\/span><span class=\"author-a-z79zz75zz66zz71z5z67zz76z74z87zz89zggz85zz65z6\">en und diese Zeit <\/span><span class=\"author-a-hqoz65zz83zug35iz81zz69zdz79zz65zn\">ohne BAf\u00f6G <\/span><span class=\"author-a-z79zz75zz66zz71z5z67zz76z74z87zz89zggz85zz65z6\">finanziell \u00fcberbr\u00fccken. <\/span><span class=\"author-a-hqoz65zz83zug35iz81zz69zdz79zz65zn\">Deswegen darf das SMWK um Staatsminister Gemkow diesmal keine Zeit verlieren und muss die Verl\u00e4ngerung der Ma\u00dfnahmen des \u00a7114a sofort veranlassen.<\/span><span class=\"author-a-z83zz90zvz69zaz77zz86zz122zz75z5pz82zz122zfz82zh\">\u201c<\/span><\/div>\n<p>&nbsp;<\/p>\n<p>Die Pressemitteilung ist auch als <a href=\"https:\/\/cloud.kss-sachsen.de\/s\/78p1eHMO2qklVVm\">.pdf<\/a> verf\u00fcgbar.<\/p>\n<div class=\"ace-line\" spellcheck=\"true\"><\/div>\n<div id=\"magicdomid10\" class=\"ace-line\" spellcheck=\"true\"><\/div>\n<p>&nbsp;<\/p>\n","protected":false},"excerpt":{"rendered":"<p>KSS fordert erneute Regelstudienzeiterh\u00f6hung f\u00fcr das kommende Sommersemester &nbsp; Am 17.12. beschloss der S\u00e4chsische Landtag eine Erg\u00e4nzung des S\u00e4chsischen Hochschulfreiheitsgesetz (S\u00e4chsHSFG). Der neue \u00a7114a verl\u00e4ngert die individuelle Regelstudienzeit der Studierenden und damit auch den BAf\u00f6G Anspruch aufgrund der Auswirkungen der Corona-Pandemie. Zun\u00e4chst gilt diese Regelung nur f\u00fcr die letzten beiden Semester. Im Absatz 3 des neuen Paragrafen bekommt das S\u00e4chsische<a class=\"read-more\" href=\"https:\/\/www.kss-sachsen.de\/PM_04_21\">Hier weiter lesen&#8230;<\/a><\/p>\n","protected":false},"author":1,"featured_media":1303,"comment_status":"open","ping_status":"open","sticky":false,"template":"","format":"standard","meta":{"footnotes":""},"categories":[28,3,11,6],"tags":[],"yoast_head":"<!-- This site is optimized with the Yoast SEO plugin v23.5 - https:\/\/yoast.com\/wordpress\/plugins\/seo\/ -->\n<title>Corona auch an Hochschulen nicht vorbei - KSS<\/title>\n<meta name=\"robots\" content=\"index, follow, max-snippet:-1, max-image-preview:large, max-video-preview:-1\" \/>\n<link rel=\"canonical\" href=\"https:\/\/www.kss-sachsen.de\/PM_04_21\" \/>\n<meta property=\"og:locale\" content=\"de_DE\" \/>\n<meta property=\"og:type\" content=\"article\" \/>\n<meta property=\"og:title\" content=\"Corona auch an Hochschulen nicht vorbei - KSS\" \/>\n<meta property=\"og:description\" content=\"KSS fordert erneute Regelstudienzeiterh\u00f6hung f\u00fcr das kommende Sommersemester &nbsp; Am 17.12. beschloss der S\u00e4chsische Landtag eine Erg\u00e4nzung des S\u00e4chsischen Hochschulfreiheitsgesetz (S\u00e4chsHSFG). Der neue \u00a7114a verl\u00e4ngert die individuelle Regelstudienzeit der Studierenden und damit auch den BAf\u00f6G Anspruch aufgrund der Auswirkungen der Corona-Pandemie. Zun\u00e4chst gilt diese Regelung nur f\u00fcr die letzten beiden Semester. Im Absatz 3 des neuen Paragrafen bekommt das S\u00e4chsischeHier weiter lesen...\" \/>\n<meta property=\"og:url\" content=\"https:\/\/www.kss-sachsen.de\/PM_04_21\" \/>\n<meta property=\"og:site_name\" content=\"KSS\" \/>\n<meta property=\"article:published_time\" content=\"2021-03-11T01:17:11+00:00\" \/>\n<meta property=\"article:modified_time\" content=\"2021-03-11T07:01:02+00:00\" \/>\n<meta property=\"og:image\" content=\"https:\/\/www.kss-sachsen.de\/wp-content\/uploads\/2019\/01\/header_logo_Zeichenfl\u00e4che-1.png\" \/>\n\t<meta property=\"og:image:width\" content=\"1920\" \/>\n\t<meta property=\"og:image:height\" content=\"850\" \/>\n\t<meta property=\"og:image:type\" content=\"image\/png\" \/>\n<meta name=\"author\" content=\"administration\" \/>\n<meta name=\"twitter:card\" content=\"summary_large_image\" \/>\n<meta name=\"twitter:label1\" content=\"Verfasst von\" \/>\n\t<meta name=\"twitter:data1\" content=\"administration\" \/>\n\t<meta name=\"twitter:label2\" content=\"Gesch\u00e4tzte Lesezeit\" \/>\n\t<meta name=\"twitter:data2\" content=\"2\u00a0Minuten\" \/>\n<script type=\"application\/ld+json\" class=\"yoast-schema-graph\">{\"@context\":\"https:\/\/schema.org\",\"@graph\":[{\"@type\":\"Article\",\"@id\":\"https:\/\/www.kss-sachsen.de\/PM_04_21#article\",\"isPartOf\":{\"@id\":\"https:\/\/www.kss-sachsen.de\/PM_04_21\"},\"author\":{\"name\":\"administration\",\"@id\":\"https:\/\/www.kss-sachsen.de\/#\/schema\/person\/fbcf1c2438e102156e84a4ba5c3daa64\"},\"headline\":\"Corona auch an Hochschulen nicht vorbei\",\"datePublished\":\"2021-03-11T01:17:11+00:00\",\"dateModified\":\"2021-03-11T07:01:02+00:00\",\"mainEntityOfPage\":{\"@id\":\"https:\/\/www.kss-sachsen.de\/PM_04_21\"},\"wordCount\":408,\"commentCount\":0,\"publisher\":{\"@id\":\"https:\/\/www.kss-sachsen.de\/#organization\"},\"image\":{\"@id\":\"https:\/\/www.kss-sachsen.de\/PM_04_21#primaryimage\"},\"thumbnailUrl\":\"https:\/\/www.kss-sachsen.de\/wp-content\/uploads\/2019\/01\/header_logo_Zeichenfl\u00e4che-1.png\",\"articleSection\":[\"Aktuelles\",\"Hochschulgesetz\",\"Pressemitteilung\",\"Pressemitteilung KSS\"],\"inLanguage\":\"de\",\"potentialAction\":[{\"@type\":\"CommentAction\",\"name\":\"Comment\",\"target\":[\"https:\/\/www.kss-sachsen.de\/PM_04_21#respond\"]}]},{\"@type\":\"WebPage\",\"@id\":\"https:\/\/www.kss-sachsen.de\/PM_04_21\",\"url\":\"https:\/\/www.kss-sachsen.de\/PM_04_21\",\"name\":\"Corona auch an Hochschulen nicht vorbei - KSS\",\"isPartOf\":{\"@id\":\"https:\/\/www.kss-sachsen.de\/#website\"},\"primaryImageOfPage\":{\"@id\":\"https:\/\/www.kss-sachsen.de\/PM_04_21#primaryimage\"},\"image\":{\"@id\":\"https:\/\/www.kss-sachsen.de\/PM_04_21#primaryimage\"},\"thumbnailUrl\":\"https:\/\/www.kss-sachsen.de\/wp-content\/uploads\/2019\/01\/header_logo_Zeichenfl\u00e4che-1.png\",\"datePublished\":\"2021-03-11T01:17:11+00:00\",\"dateModified\":\"2021-03-11T07:01:02+00:00\",\"breadcrumb\":{\"@id\":\"https:\/\/www.kss-sachsen.de\/PM_04_21#breadcrumb\"},\"inLanguage\":\"de\",\"potentialAction\":[{\"@type\":\"ReadAction\",\"target\":[\"https:\/\/www.kss-sachsen.de\/PM_04_21\"]}]},{\"@type\":\"ImageObject\",\"inLanguage\":\"de\",\"@id\":\"https:\/\/www.kss-sachsen.de\/PM_04_21#primaryimage\",\"url\":\"https:\/\/www.kss-sachsen.de\/wp-content\/uploads\/2019\/01\/header_logo_Zeichenfl\u00e4che-1.png\",\"contentUrl\":\"https:\/\/www.kss-sachsen.de\/wp-content\/uploads\/2019\/01\/header_logo_Zeichenfl\u00e4che-1.png\",\"width\":1920,\"height\":850},{\"@type\":\"BreadcrumbList\",\"@id\":\"https:\/\/www.kss-sachsen.de\/PM_04_21#breadcrumb\",\"itemListElement\":[{\"@type\":\"ListItem\",\"position\":1,\"name\":\"Home\",\"item\":\"https:\/\/www.kss-sachsen.de\/\"},{\"@type\":\"ListItem\",\"position\":2,\"name\":\"Corona auch an Hochschulen nicht vorbei\"}]},{\"@type\":\"WebSite\",\"@id\":\"https:\/\/www.kss-sachsen.de\/#website\",\"url\":\"https:\/\/www.kss-sachsen.de\/\",\"name\":\"Konferenz S\u00e4chsischer Studierendenschaften\",\"description\":\"Konferenz S\u00e4chsischer Studierendenschaften\",\"publisher\":{\"@id\":\"https:\/\/www.kss-sachsen.de\/#organization\"},\"potentialAction\":[{\"@type\":\"SearchAction\",\"target\":{\"@type\":\"EntryPoint\",\"urlTemplate\":\"https:\/\/www.kss-sachsen.de\/?s={search_term_string}\"},\"query-input\":{\"@type\":\"PropertyValueSpecification\",\"valueRequired\":true,\"valueName\":\"search_term_string\"}}],\"inLanguage\":\"de\"},{\"@type\":\"Organization\",\"@id\":\"https:\/\/www.kss-sachsen.de\/#organization\",\"name\":\"Konferenz S\u00e4chsischer Studierendenschaften\",\"url\":\"https:\/\/www.kss-sachsen.de\/\",\"logo\":{\"@type\":\"ImageObject\",\"inLanguage\":\"de\",\"@id\":\"https:\/\/www.kss-sachsen.de\/#\/schema\/logo\/image\/\",\"url\":\"https:\/\/www.kss-sachsen.de\/wp-content\/uploads\/2023\/02\/Logo-KSS.png\",\"contentUrl\":\"https:\/\/www.kss-sachsen.de\/wp-content\/uploads\/2023\/02\/Logo-KSS.png\",\"width\":2239,\"height\":1528,\"caption\":\"Konferenz S\u00e4chsischer Studierendenschaften\"},\"image\":{\"@id\":\"https:\/\/www.kss-sachsen.de\/#\/schema\/logo\/image\/\"},\"sameAs\":[\"https:\/\/www.instagram.com\/kss_sachsen\/\"]},{\"@type\":\"Person\",\"@id\":\"https:\/\/www.kss-sachsen.de\/#\/schema\/person\/fbcf1c2438e102156e84a4ba5c3daa64\",\"name\":\"administration\",\"image\":{\"@type\":\"ImageObject\",\"inLanguage\":\"de\",\"@id\":\"https:\/\/www.kss-sachsen.de\/#\/schema\/person\/image\/\",\"url\":\"https:\/\/secure.gravatar.com\/avatar\/e4ecd4cb3a6714c2adcf507161262d91?s=96&d=mm&r=g\",\"contentUrl\":\"https:\/\/secure.gravatar.com\/avatar\/e4ecd4cb3a6714c2adcf507161262d91?s=96&d=mm&r=g\",\"caption\":\"administration\"},\"url\":\"https:\/\/www.kss-sachsen.de\/?author=1\"}]}<\/script>\n<!-- \/ Yoast SEO plugin. -->","yoast_head_json":{"title":"Corona auch an Hochschulen nicht vorbei - KSS","robots":{"index":"index","follow":"follow","max-snippet":"max-snippet:-1","max-image-preview":"max-image-preview:large","max-video-preview":"max-video-preview:-1"},"canonical":"https:\/\/www.kss-sachsen.de\/PM_04_21","og_locale":"de_DE","og_type":"article","og_title":"Corona auch an Hochschulen nicht vorbei - KSS","og_description":"KSS fordert erneute Regelstudienzeiterh\u00f6hung f\u00fcr das kommende Sommersemester &nbsp; Am 17.12. beschloss der S\u00e4chsische Landtag eine Erg\u00e4nzung des S\u00e4chsischen Hochschulfreiheitsgesetz (S\u00e4chsHSFG). Der neue \u00a7114a verl\u00e4ngert die individuelle Regelstudienzeit der Studierenden und damit auch den BAf\u00f6G Anspruch aufgrund der Auswirkungen der Corona-Pandemie. Zun\u00e4chst gilt diese Regelung nur f\u00fcr die letzten beiden Semester. Im Absatz 3 des neuen Paragrafen bekommt das S\u00e4chsischeHier weiter lesen...","og_url":"https:\/\/www.kss-sachsen.de\/PM_04_21","og_site_name":"KSS","article_published_time":"2021-03-11T01:17:11+00:00","article_modified_time":"2021-03-11T07:01:02+00:00","og_image":[{"width":1920,"height":850,"url":"https:\/\/www.kss-sachsen.de\/wp-content\/uploads\/2019\/01\/header_logo_Zeichenfl\u00e4che-1.png","type":"image\/png"}],"author":"administration","twitter_card":"summary_large_image","twitter_misc":{"Verfasst von":"administration","Gesch\u00e4tzte Lesezeit":"2\u00a0Minuten"},"schema":{"@context":"https:\/\/schema.org","@graph":[{"@type":"Article","@id":"https:\/\/www.kss-sachsen.de\/PM_04_21#article","isPartOf":{"@id":"https:\/\/www.kss-sachsen.de\/PM_04_21"},"author":{"name":"administration","@id":"https:\/\/www.kss-sachsen.de\/#\/schema\/person\/fbcf1c2438e102156e84a4ba5c3daa64"},"headline":"Corona auch an Hochschulen nicht vorbei","datePublished":"2021-03-11T01:17:11+00:00","dateModified":"2021-03-11T07:01:02+00:00","mainEntityOfPage":{"@id":"https:\/\/www.kss-sachsen.de\/PM_04_21"},"wordCount":408,"commentCount":0,"publisher":{"@id":"https:\/\/www.kss-sachsen.de\/#organization"},"image":{"@id":"https:\/\/www.kss-sachsen.de\/PM_04_21#primaryimage"},"thumbnailUrl":"https:\/\/www.kss-sachsen.de\/wp-content\/uploads\/2019\/01\/header_logo_Zeichenfl\u00e4che-1.png","articleSection":["Aktuelles","Hochschulgesetz","Pressemitteilung","Pressemitteilung KSS"],"inLanguage":"de","potentialAction":[{"@type":"CommentAction","name":"Comment","target":["https:\/\/www.kss-sachsen.de\/PM_04_21#respond"]}]},{"@type":"WebPage","@id":"https:\/\/www.kss-sachsen.de\/PM_04_21","url":"https:\/\/www.kss-sachsen.de\/PM_04_21","name":"Corona auch an Hochschulen nicht vorbei - KSS","isPartOf":{"@id":"https:\/\/www.kss-sachsen.de\/#website"},"primaryImageOfPage":{"@id":"https:\/\/www.kss-sachsen.de\/PM_04_21#primaryimage"},"image":{"@id":"https:\/\/www.kss-sachsen.de\/PM_04_21#primaryimage"},"thumbnailUrl":"https:\/\/www.kss-sachsen.de\/wp-content\/uploads\/2019\/01\/header_logo_Zeichenfl\u00e4che-1.png","datePublished":"2021-03-11T01:17:11+00:00","dateModified":"2021-03-11T07:01:02+00:00","breadcrumb":{"@id":"https:\/\/www.kss-sachsen.de\/PM_04_21#breadcrumb"},"inLanguage":"de","potentialAction":[{"@type":"ReadAction","target":["https:\/\/www.kss-sachsen.de\/PM_04_21"]}]},{"@type":"ImageObject","inLanguage":"de","@id":"https:\/\/www.kss-sachsen.de\/PM_04_21#primaryimage","url":"https:\/\/www.kss-sachsen.de\/wp-content\/uploads\/2019\/01\/header_logo_Zeichenfl\u00e4che-1.png","contentUrl":"https:\/\/www.kss-sachsen.de\/wp-content\/uploads\/2019\/01\/header_logo_Zeichenfl\u00e4che-1.png","width":1920,"height":850},{"@type":"BreadcrumbList","@id":"https:\/\/www.kss-sachsen.de\/PM_04_21#breadcrumb","itemListElement":[{"@type":"ListItem","position":1,"name":"Home","item":"https:\/\/www.kss-sachsen.de\/"},{"@type":"ListItem","position":2,"name":"Corona auch an Hochschulen nicht vorbei"}]},{"@type":"WebSite","@id":"https:\/\/www.kss-sachsen.de\/#website","url":"https:\/\/www.kss-sachsen.de\/","name":"Konferenz S\u00e4chsischer Studierendenschaften","description":"Konferenz S\u00e4chsischer Studierendenschaften","publisher":{"@id":"https:\/\/www.kss-sachsen.de\/#organization"},"potentialAction":[{"@type":"SearchAction","target":{"@type":"EntryPoint","urlTemplate":"https:\/\/www.kss-sachsen.de\/?s={search_term_string}"},"query-input":{"@type":"PropertyValueSpecification","valueRequired":true,"valueName":"search_term_string"}}],"inLanguage":"de"},{"@type":"Organization","@id":"https:\/\/www.kss-sachsen.de\/#organization","name":"Konferenz S\u00e4chsischer Studierendenschaften","url":"https:\/\/www.kss-sachsen.de\/","logo":{"@type":"ImageObject","inLanguage":"de","@id":"https:\/\/www.kss-sachsen.de\/#\/schema\/logo\/image\/","url":"https:\/\/www.kss-sachsen.de\/wp-content\/uploads\/2023\/02\/Logo-KSS.png","contentUrl":"https:\/\/www.kss-sachsen.de\/wp-content\/uploads\/2023\/02\/Logo-KSS.png","width":2239,"height":1528,"caption":"Konferenz S\u00e4chsischer Studierendenschaften"},"image":{"@id":"https:\/\/www.kss-sachsen.de\/#\/schema\/logo\/image\/"},"sameAs":["https:\/\/www.instagram.com\/kss_sachsen\/"]},{"@type":"Person","@id":"https:\/\/www.kss-sachsen.de\/#\/schema\/person\/fbcf1c2438e102156e84a4ba5c3daa64","name":"administration","image":{"@type":"ImageObject","inLanguage":"de","@id":"https:\/\/www.kss-sachsen.de\/#\/schema\/person\/image\/","url":"https:\/\/secure.gravatar.com\/avatar\/e4ecd4cb3a6714c2adcf507161262d91?s=96&d=mm&r=g","contentUrl":"https:\/\/secure.gravatar.com\/avatar\/e4ecd4cb3a6714c2adcf507161262d91?s=96&d=mm&r=g","caption":"administration"},"url":"https:\/\/www.kss-sachsen.de\/?author=1"}]}},"_links":{"self":[{"href":"https:\/\/www.kss-sachsen.de\/index.php?rest_route=\/wp\/v2\/posts\/2138"}],"collection":[{"href":"https:\/\/www.kss-sachsen.de\/index.php?rest_route=\/wp\/v2\/posts"}],"about":[{"href":"https:\/\/www.kss-sachsen.de\/index.php?rest_route=\/wp\/v2\/types\/post"}],"author":[{"embeddable":true,"href":"https:\/\/www.kss-sachsen.de\/index.php?rest_route=\/wp\/v2\/users\/1"}],"replies":[{"embeddable":true,"href":"https:\/\/www.kss-sachsen.de\/index.php?rest_route=%2Fwp%2Fv2%2Fcomments&post=2138"}],"version-history":[{"count":11,"href":"https:\/\/www.kss-sachsen.de\/index.php?rest_route=\/wp\/v2\/posts\/2138\/revisions"}],"predecessor-version":[{"id":2149,"href":"https:\/\/www.kss-sachsen.de\/index.php?rest_route=\/wp\/v2\/posts\/2138\/revisions\/2149"}],"wp:featuredmedia":[{"embeddable":true,"href":"https:\/\/www.kss-sachsen.de\/index.php?rest_route=\/wp\/v2\/media\/1303"}],"wp:attachment":[{"href":"https:\/\/www.kss-sachsen.de\/index.php?rest_route=%2Fwp%2Fv2%2Fmedia&parent=2138"}],"wp:term":[{"taxonomy":"category","embeddable":true,"href":"https:\/\/www.kss-sachsen.de\/index.php?rest_route=%2Fwp%2Fv2%2Fcategories&post=2138"},{"taxonomy":"post_tag","embeddable":true,"href":"https:\/\/www.kss-sachsen.de\/index.php?rest_route=%2Fwp%2Fv2%2Ftags&post=2138"}],"curies":[{"name":"wp","href":"https:\/\/api.w.org\/{rel}","templated":true}]}}