{"id":2150,"date":"2021-03-15T18:17:26","date_gmt":"2021-03-15T17:17:26","guid":{"rendered":"https:\/\/www.kss-sachsen.de\/?p=2150"},"modified":"2021-03-16T17:56:08","modified_gmt":"2021-03-16T16:56:08","slug":"3-newsletter-2021","status":"publish","type":"post","link":"https:\/\/www.kss-sachsen.de\/newsletter_maerz21","title":{"rendered":"3. Newsletter 2021"},"content":{"rendered":"<div id=\"magicdomid4\" class=\"ace-line\" spellcheck=\"true\"><span class=\"author-a-z87zbz73zz74z1z82zz69zrz65z48s2xmz80z\">Liebe Mitstreiter*innen und Interessierte der KSS,<\/span><\/div>\n<div id=\"magicdomid5\" class=\"ace-line\" spellcheck=\"true\"><\/div>\n<div id=\"magicdomid6\" class=\"ace-line\" spellcheck=\"true\">\n<p><span class=\"author-a-hqoz65zz83zug35iz81zz69zdz79zz65zn\">erneut m\u00f6chten wir euch zur<\/span><span class=\"author-a-z87zbz73zz74z1z82zz69zrz65z48s2xmz80z\"> Mitte des Monats einen Einblick in unsere Themen und aktuelle Arbeit<\/span><span class=\"author-a-hqoz65zz83zug35iz81zz69zdz79zz65zn\"> geben<\/span><span class=\"author-a-z87zbz73zz74z1z82zz69zrz65z48s2xmz80z\">. <\/span><span class=\"author-a-hqoz65zz83zug35iz81zz69zdz79zz65zn\">Denn s<\/span><span class=\"author-a-z87zbz73zz74z1z82zz69zrz65z48s2xmz80z\">eit dem letzten Newsletter ist <\/span><span class=\"author-a-hqoz65zz83zug35iz81zz69zdz79zz65zn\">wieder<\/span><span class=\"author-a-z87zbz73zz74z1z82zz69zrz65z48s2xmz80z\"> einiges passiert. <\/span><span class=\"author-a-hqoz65zz83zug35iz81zz69zdz79zz65zn\">\u00dcber folgende<\/span><span class=\"author-a-z87zbz73zz74z1z82zz69zrz65z48s2xmz80z\"> Themen w<\/span><span class=\"author-a-hqoz65zz83zug35iz81zz69zdz79zz65zn\">ollen wir euch in der gewohnten K\u00fcrze berichten<\/span><span class=\"author-a-z87zbz73zz74z1z82zz69zrz65z48s2xmz80z\">:<\/span><\/p>\n<p>&nbsp;<\/p>\n<\/div>\n<div class=\"ace-line\" spellcheck=\"true\">\n<ol>\n<li>Regelstudienzeiterh\u00f6hung durch den \u00a7114a S\u00e4chsHSFG<\/li>\n<li>K\u00fcrzungen von Tutor*innenmitteln<\/li>\n<li>Bildungswissenschaftliche Klausur im Staatsexamen Lehramt<\/li>\n<li>Treffen mit Staatsminister Gemkow<\/li>\n<li>Gremienworkshop<\/li>\n<li>Sitzung des LSR (Landessprecher*innenrat)<\/li>\n<li>Ausblick<\/li>\n<\/ol>\n<\/div>\n<p><strong><a href=\"https:\/\/www.lists.kss-sachsen.de\/mailman\/listinfo\/newsletter\" target=\"_blank\">Hier k\u00f6nnt ihr den Newsletter abonnieren!<\/a><\/strong><\/p>\n<div class=\"ace-line\" spellcheck=\"true\">\n<div id=\"magicdomid17\" class=\"ace-line list-start-number1\" spellcheck=\"true\">\n<p><b><span class=\"author-a-hqoz65zz83zug35iz81zz69zdz79zz65zn\">1. Regelstudienzeiterh\u00f6hung durch den \u00a7114a S\u00e4chsHSFG<\/span><\/b><\/p>\n<p>&nbsp;<\/p>\n<\/div>\n<div id=\"magicdomid18\" class=\"ace-line\" spellcheck=\"true\"><\/div>\n<div id=\"magicdomid19\" class=\"ace-line\" spellcheck=\"true\"><span class=\"author-a-hqoz65zz83zug35iz81zz69zdz79zz65zn\">Dieser Paragraf begleitet uns nun schon eine ganze Weile sehr intensiv und wird es wohl auch noch weiter.<\/span><\/div>\n<div id=\"magicdomid20\" class=\"ace-line\" spellcheck=\"true\"><span class=\"author-a-hqoz65zz83zug35iz81zz69zdz79zz65zn\">Einerseits haben wir bereits jetzt gegen\u00fcber der Landespolitik, insbesondere dem Staatsministerium f\u00fcr Wissenschaft, Kultur und Tourismus (SMWK), klar gemacht, dass es die im Gesetzestext eigens vorgesehene Verl\u00e4ngerung des Paragrafen braucht. K\u00fcrzlich haben wir dazu auch eine Pressemitteilung herausgeben, die die Regelstudienzeitverl\u00e4ngerung auch f\u00fcr das Sommersemester fordert und ihr weiter unten finden k\u00f6nnt.<\/span><\/div>\n<div id=\"magicdomid21\" class=\"ace-line\" spellcheck=\"true\"><span class=\"author-a-hqoz65zz83zug35iz81zz69zdz79zz65zn\">Au\u00dferdem k\u00e4mpfen wir weiter f\u00fcr die Regelstudienzeitverl\u00e4ngerung bei allen Studierenden und nicht nur denen, die im letzten Sommersemester noch in Regelstudienzeit waren. Mittlerweile konnten wir das SMWK schon davon \u00fcberzeugen. Nun muss es sich gegen\u00fcber dem Bundesministerium f\u00fcr Bildung und Forschung (BMBF), bei dem die Kompetenz f\u00fcr diese Entscheidung liegt, daf\u00fcr einsetzen. Die Auslegung in diesem Fall steht allerdings noch aus.<\/span><\/div>\n<div id=\"magicdomid22\" class=\"ace-line\" spellcheck=\"true\"><span class=\"author-a-hqoz65zz83zug35iz81zz69zdz79zz65zn\">Zum Schluss gibt es jedoch auch gute Nachrichten. <\/span><span class=\"author-a-z87zbz73zz74z1z82zz69zrz65z48s2xmz80z\">Vor wenigen Tagen kam die Meldung <\/span><span class=\"author-a-hqoz65zz83zug35iz81zz69zdz79zz65zn\">der Studierendenwerke<\/span><span class=\"author-a-z87zbz73zz74z1z82zz69zrz65z48s2xmz80z\">, dass <\/span><span class=\"author-a-hqoz65zz83zug35iz81zz69zdz79zz65zn\">derzeit ausnahmsweise auch<\/span><span class=\"author-a-z87zbz73zz74z1z82zz69zrz65z48s2xmz80z\"> r\u00fcckwirkend BAf\u00f6G-Antr\u00e4ge gestellt werden k\u00f6nnen. <\/span><span class=\"author-a-hqoz65zz83zug35iz81zz69zdz79zz65zn\">Dies ist n\u00f6tig geworden, weil die Regelstudienzeitverl\u00e4ngerung in Sachsen zu sp\u00e4t f\u00fcr die rechtzeitige Beantragung von BAf\u00f6G kam. Alle, die nicht bis Oktober ihren BAf\u00f6G Antrag gestellt haben, weil sie noch nicht wissen konnten, dass sie weiterhin berechtigt sind, k\u00f6nnen noch bis 30.04.2021 einen r\u00fcckwirkenden Antrag stellen.<\/span><\/div>\n<div id=\"magicdomid78\" class=\"ace-line\"><\/div>\n<div id=\"magicdomid25\" class=\"ace-line\" spellcheck=\"true\"><span style=\"font-size: xx-small;\"><b><br \/>\n<\/b><\/span><\/div>\n<div id=\"magicdomid26\" class=\"ace-line\" spellcheck=\"true\">\n<p><b><span class=\"author-a-hqoz65zz83zug35iz81zz69zdz79zz65zn\">2. K\u00fcrzungen von Tutor*innenmitteln<\/span><\/b><\/p>\n<p>&nbsp;<\/p>\n<\/div>\n<div id=\"magicdomid27\" class=\"ace-line\" spellcheck=\"true\"><\/div>\n<div id=\"magicdomid98\" class=\"ace-line\"><span class=\"author-a-hqoz65zz83zug35iz81zz69zdz79zz65zn\">Mitte Februar bekamen wir zum ersten Mal mit, dass<\/span><span class=\"author-a-z87zbz73zz74z1z82zz69zrz65z48s2xmz80z\"> es an verschiedenen Hochschule<\/span><span class=\"author-a-hqoz65zz83zug35iz81zz69zdz79zz65zn\">n<\/span><span class=\"author-a-z87zbz73zz74z1z82zz69zrz65z48s2xmz80z\"> hie\u00df<\/span> <span class=\"author-a-z87zbz73zz74z1z82zz69zrz65z48s2xmz80z\">mit Auslaufen des <\/span><span class=\"author-a-hqoz65zz83zug35iz81zz69zdz79zz65zn\">Hochschul<\/span><span class=\"author-a-z87zbz73zz74z1z82zz69zrz65z48s2xmz80z\">paktes <\/span><span class=\"author-a-hqoz65zz83zug35iz81zz69zdz79zz65zn\">gingen <\/span><span class=\"author-a-z87zbz73zz74z1z82zz69zrz65z48s2xmz80z\">teils erhebliche K\u00fcrzungen <\/span><span class=\"author-a-hqoz65zz83zug35iz81zz69zdz79zz65zn\">insbesondere bei Mitteln f\u00fcr studentische Tutor*innen <\/span><span class=\"author-a-z87zbz73zz74z1z82zz69zrz65z48s2xmz80z\">einher. <\/span><span class=\"author-a-hqoz65zz83zug35iz81zz69zdz79zz65zn\">Auch nach einigem Nachfragen und Diskussionen sowohl mit den Hochschulleitungen als auch dem Ministerium ist nicht klar wer f\u00fcr die Bereitstellung der Mittel verantwortlich sein soll oder wie K\u00fcrzungen verhindert werden k\u00f6nnen. Es besteht jetzt schon eine enge Kooperation mit einigen Fachschaftsr\u00e4ten und im Moment planen wir das weitere Vorgehen, um den gro\u00dffl\u00e4chigen Wegfall von Tutorien m\u00f6glichst noch zu verhindern.<\/span><\/div>\n<div id=\"magicdomid79\" class=\"ace-line\"><\/div>\n<div id=\"magicdomid32\" class=\"ace-line\" spellcheck=\"true\"><span style=\"font-size: xx-small;\"><b><br \/>\n<\/b><\/span><\/div>\n<div id=\"magicdomid80\" class=\"ace-line\">\n<p><b><span class=\"author-a-hqoz65zz83zug35iz81zz69zdz79zz65zn\">3. Bildungswissenschaftliche Klausur Staatsexamen Lehramt<\/span><\/b><\/p>\n<p>&nbsp;<\/p>\n<\/div>\n<div id=\"magicdomid34\" class=\"ace-line\" spellcheck=\"true\"><\/div>\n<div id=\"magicdomid99\" class=\"ace-line\">\n<p><span class=\"author-a-hqoz65zz83zug35iz81zz69zdz79zz65zn\">Die bildungswissenschaftliche Klausur sollte bis Anfang des Monats noch pr\u00e4sent vom <\/span><span class=\"author-a-z83zz90zvz69zaz77zz86zz122zz75z5pz82zz122zfz82zh\">26.03. &#8211; <\/span><span class=\"author-a-hqoz65zz83zug35iz81zz69zdz79zz65zn\">0<\/span><span class=\"author-a-z83zz90zvz69zaz77zz86zz122zz75z5pz82zz122zfz82zh\">1<\/span><span class=\"author-a-hqoz65zz83zug35iz81zz69zdz79zz65zn\">.04. stattfinden. <\/span><span class=\"author-a-z87zbz73zz74z1z82zz69zrz65z48s2xmz80z\">Erst nach einem unbeantworteten <\/span><span class=\"author-a-hqoz65zz83zug35iz81zz69zdz79zz65zn\">offenen <\/span><span class=\"author-a-z87zbz73zz74z1z82zz69zrz65z48s2xmz80z\">Brief mit <\/span><span class=\"author-a-hqoz65zz83zug35iz81zz69zdz79zz65zn\">der <\/span><span class=\"author-a-z87zbz73zz74z1z82zz69zrz65z48s2xmz80z\">Forderung <\/span><span class=\"author-a-hqoz65zz83zug35iz81zz69zdz79zz65zn\">nach <\/span><span class=\"author-a-z87zbz73zz74z1z82zz69zrz65z48s2xmz80z\">einer Onlineklausur, und anschlie\u00dfendem medialen Druck aufgrund der Infektionslage wurde sie vom Kultusminister Piwarz vorerst<\/span><span class=\"author-a-hqoz65zz83zug35iz81zz69zdz79zz65zn\"> auf unbestimmte Zeit<\/span><span class=\"author-a-z87zbz73zz74z1z82zz69zrz65z48s2xmz80z\"> verschoben<\/span><span class=\"author-a-hqoz65zz83zug35iz81zz69zdz79zz65zn\">, doch wird weiterhin in Pr\u00e4senz geplant. Unabh\u00e4ngig von einer Pr\u00e4senzpr\u00fcfung, die aus unserer Sicht h\u00f6chstproblematisch ist, bringt die Verschiebung erhebliche Planungsunsicherheiten und negative Folgen mit sich. Allerdings k\u00f6nnte nach <\/span><span class=\"author-a-z87zbz73zz74z1z82zz69zrz65z48s2xmz80z\">\u00a713a der Lehramtspr\u00fcfungsordnung (LAPO) die Klausur auch ausgesetzt werden. Das ist <\/span><span class=\"author-a-hqoz65zz83zug35iz81zz69zdz79zz65zn\">f\u00fcr uns mittlerweile <\/span><span class=\"author-a-z87zbz73zz74z1z82zz69zrz65z48s2xmz80z\">nach <\/span><span class=\"author-a-hqoz65zz83zug35iz81zz69zdz79zz65zn\">der schlechten Vorbereitung, dem langen Z\u00f6gern und letztendlich falschen Entscheidung<\/span><span class=\"author-a-z83zz90zvz69zaz77zz86zz122zz75z5pz82zz122zfz82zh\">e<\/span><span class=\"author-a-hqoz65zz83zug35iz81zz69zdz79zz65zn\">n<\/span><span class=\"author-a-z87zbz73zz74z1z82zz69zrz65z48s2xmz80z\"> die einzig vern\u00fcnftige L\u00f6sung<\/span><span class=\"author-a-hqoz65zz83zug35iz81zz69zdz79zz65zn\">. Daf\u00fcr werden wir gemeinsam mit den betroffenen Lehramtsstudierenden k\u00e4mpfen!<\/span><\/p>\n<p>&nbsp;<\/p>\n<\/div>\n<div id=\"magicdomid36\" class=\"ace-line\" spellcheck=\"true\"><\/div>\n<div class=\"ace-line\" spellcheck=\"true\"><\/div>\n<div id=\"magicdomid37\" class=\"ace-line\" spellcheck=\"true\">\n<p><b><span class=\"author-a-hqoz65zz83zug35iz81zz69zdz79zz65zn\">4. Treffen mit dem Staatsminister Gemkow<\/span><\/b><\/p>\n<p>&nbsp;<\/p>\n<\/div>\n<div id=\"magicdomid38\" class=\"ace-line\" spellcheck=\"true\"><\/div>\n<div id=\"magicdomid101\" class=\"ace-line\"><span class=\"author-a-z87zbz73zz74z1z82zz69zrz65z48s2xmz80z\">Am 1. M\u00e4rz waren unsere beiden Sprecher Paul und Lukas zum letzten Termin der Legislatur im SMWK eingeladen. Bei dem eineinhalbst\u00fcndigen Gespr\u00e4ch ging es um die <\/span><span class=\"author-a-hqoz65zz83zug35iz81zz69zdz79zz65zn\">oben schon genannten Themen <\/span><span class=\"author-a-z87zbz73zz74z1z82zz69zrz65z48s2xmz80z\">Tutor*innenmittel, den Paragrafen 114a, <\/span><span class=\"author-a-hqoz65zz83zug35iz81zz69zdz79zz65zn\">aber auch <\/span><span class=\"author-a-z87zbz73zz74z1z82zz69zrz65z48s2xmz80z\">die Novelle des S\u00e4chsHSFG und die Corona Situation jetzt sowie <\/span><span class=\"author-a-hqoz65zz83zug35iz81zz69zdz79zz65zn\">im<\/span><span class=\"author-a-z87zbz73zz74z1z82zz69zrz65z48s2xmz80z\"> Sommersemester. <\/span><span class=\"author-a-hqoz65zz83zug35iz81zz69zdz79zz65zn\">Bei einigen diesen Themen konnten wir vermeintliche oder tats\u00e4chliche Erfolge erzielen. Bei den meisten hei\u00dft es leider abwarten und weiter dranbleiben.<\/span><\/div>\n<div id=\"magicdomid40\" class=\"ace-line\" spellcheck=\"true\"><\/div>\n<div id=\"magicdomid41\" class=\"ace-line\" spellcheck=\"true\"><span style=\"font-size: xx-small;\"><b><span class=\"author-a-hqoz65zz83zug35iz81zz69zdz79zz65zn\"><br \/>\n<\/span><\/b><\/span><\/div>\n<div class=\"ace-line\" spellcheck=\"true\">\n<p><b><span class=\"author-a-hqoz65zz83zug35iz81zz69zdz79zz65zn\">5. Gremienworkshop<\/span><\/b><\/p>\n<p>&nbsp;<\/p>\n<\/div>\n<div id=\"magicdomid42\" class=\"ace-line\" spellcheck=\"true\"><\/div>\n<div id=\"magicdomid43\" class=\"ace-line\" spellcheck=\"true\"><span class=\"author-a-hqoz65zz83zug35iz81zz69zdz79zz65zn\">Am Wochenende des 10. und 11.04. bieten wir einen kostenfreien digitalen Gremieneinf\u00fchrungsworkshop an. In drei verschiedenen Teilen wollen wir alle grundlegenden und wichtigen Informationen f\u00fcr die Gremienarbeit vermitteln. Zun\u00e4chst gibt es eine generelle Einf\u00fchrung in alle wichtigen Gremien, w\u00e4hrend es danach speziell um Pr\u00fcfungsrecht und den Pr\u00fcfungsausschuss bzw. die Arbeit in der Studienkommission gehen wird. Die drei Teile werden sich auf die zwei Tage aufteilen und jeweils ungef\u00e4hr 6 Stunden in Anspruch nehmen. Anmelden k\u00f6nnt ihr euch einfach unter <a class=\"moz-txt-link-abbreviated\" href=\"mailto:sprecherinnen@kss-sachsen.de\">sprecherinnen@kss-sachsen.de<\/a>.<\/span><\/div>\n<div id=\"magicdomid44\" class=\"ace-line\" spellcheck=\"true\"><\/div>\n<div id=\"magicdomid45\" class=\"ace-line\" spellcheck=\"true\"><b><span class=\"author-a-hqoz65zz83zug35iz81zz69zdz79zz65zn\"><br \/>\n<\/span><\/b><\/div>\n<div class=\"ace-line\" spellcheck=\"true\">\n<p><b><span class=\"author-a-hqoz65zz83zug35iz81zz69zdz79zz65zn\">6. Sitzung des Landessprecher*innenrats<\/span><\/b><\/p>\n<p>&nbsp;<\/p>\n<\/div>\n<div id=\"magicdomid46\" class=\"ace-line\" spellcheck=\"true\"><\/div>\n<div id=\"magicdomid47\" class=\"ace-line\" spellcheck=\"true\"><span class=\"author-a-hqoz65zz83zug35iz81zz69zdz79zz65zn\">Auf der letzten LSR Sitzung haben sich viele neue und alte Kandidierende f\u00fcr die n\u00e4chste Legislatur als Sprecher*innen und Amtstr\u00e4ger*innen vorgestellt. Die Wahl wird nun in den n\u00e4chsten Wochen als Briefwahl durchgef\u00fchrt. Au\u00dferdem haben wir drei weitere Amtstr\u00e4ger*innen f\u00fcr Ausl\u00e4ndische Studierende, Feminismus und \u00d6kologie ausgeschrieben. Bewerbt euch gern! Weitere wichtige Themen, um die es in der Sitzung ging, waren die Diskussion und erste Lesungen der Finanzvereinbarung, sozusagen dem Haushaltsplan der KSS, Finanzantr\u00e4ge zu einem Gremieneinf\u00fchrungs- und einem How-to-KSS Workshop und Diskussion einer Stelle zur Pr\u00e4vention von Rechtsextremismus im Hochschulkontext bei der KSS<\/span><\/div>\n<div id=\"magicdomid114\" class=\"ace-line\">\n<p><span class=\"author-a-hqoz65zz83zug35iz81zz69zdz79zz65zn\">Die ausf\u00fchrliche Sitzungszusammenfassung zu diesen Themen gibt es wie immer auf <\/span><span class=\"author-a-z83zz90zvz69zaz77zz86zz122zz75z5pz82zz122zfz82zh\"><a href=\"https:\/\/www.kss-sachsen.de\/sitzungszusammenfassungen\">unserer Website<\/a>.<\/span><\/p>\n<p>&nbsp;<\/p>\n<\/div>\n<div id=\"magicdomid97\" class=\"ace-line\"><\/div>\n<div id=\"magicdomid59\" class=\"ace-line\" spellcheck=\"true\">\n<p><b><span class=\"author-a-hqoz65zz83zug35iz81zz69zdz79zz65zn\">7. Ausblick<\/span><\/b><\/p>\n<p>&nbsp;<\/p>\n<\/div>\n<div id=\"magicdomid60\" class=\"ace-line\" spellcheck=\"true\"><\/div>\n<div id=\"magicdomid61\" class=\"ace-line\" spellcheck=\"true\">\n<p><span class=\"author-a-hqoz65zz83zug35iz81zz69zdz79zz65zn\">In den n\u00e4chsten Wochen wird es weiter um die K\u00fcrzungen der Tutor*innenmittel, die bildungswissenschaftliche Klausur, aber auch um den \u00a7114a des Hochschulgesetzes gehen. Doch ab Anfang April haben wir auch noch eine gr\u00f6\u00dfere Aktion geplant. Mit Beginn des neuen Semesters wird es eine gemeinsame Kampagne mit vielen anderen Verb\u00e4nden zur Novellierung des Hochschulgesetzes geben. Au\u00dferdem \u00fcbernimmt am 01.04. auch schon wieder ein neues Team die Arbeit der KSS.<\/span><\/p>\n<p>&nbsp;<\/p>\n<\/div>\n<\/div>\n<div class=\"ace-line\" spellcheck=\"true\"><\/div>\n<div class=\"ace-line\" spellcheck=\"true\"><strong>Pressemitteilungen und Pressespiegel<\/strong><\/div>\n<div class=\"ace-line\" spellcheck=\"true\">\n<div class=\"ace-line\" spellcheck=\"true\"><span style=\"font-size: xx-small;\"><b><span class=\"author-a-hqoz65zz83zug35iz81zz69zdz79zz65zn\"><br \/>\n<\/span><\/b><\/span><\/div>\n<div class=\"ace-line\" spellcheck=\"true\"><span class=\"author-a-hqoz65zz83zug35iz81zz69zdz79zz65zn\">Bildungswissenschaftliche Klausur Staatsexamen Lehramt<\/span><\/div>\n<div id=\"magicdomid64\" class=\"ace-line\" spellcheck=\"true\">\n<ul>\n<li><span class=\"author-a-z87zbz73zz74z1z82zz69zrz65z48s2xmz80z url\">Pressemitteilung &#8222;S\u00e4chsische Studierende fordern Absage der schriftlichen Staatsexamenspr\u00fcfung&#8220;: <\/span><span class=\"author-a-z87zbz73zz74z1z82zz69zrz65z48s2xmz80z url\"><a href=\"https:\/\/www.kss-sachsen.de\/PM_03_21\" rel=\"noreferrer noopener\">https:\/\/www.kss-sachsen.de\/PM_03_21<\/a><\/span><\/li>\n<li><span class=\"author-a-z87zbz73zz74z1z82zz69zrz65z48s2xmz80z url\">S\u00e4chsische Zeitung:<br \/>\n<\/span><span class=\"author-a-hqoz65zz83zug35iz81zz69zdz79zz65zn url\"><a href=\"https:\/\/www.saechsische.de\/coronavirus\/protest-gegen-staatsexamen-lehramt-kultusministerium-piwarz-pruefungen-corona5398882-html-5398882-plus.html\" rel=\"noreferrer noopener\">https:\/\/www.saechsische.de\/coronavirus\/protest-gegen-staatsexamen-lehramt-kultusministerium-piwarz-pruefungen-corona5398882-html-5398882-plus.html<\/a><\/span><\/p>\n<div id=\"magicdomid122\" class=\"ace-line\"><span class=\"author-a-hqoz65zz83zug35iz81zz69zdz79zz65zn url\"><a href=\"https:\/\/www.saechsische.de\/coronavirus\/er-will-praesenzpruefungen-an-unis-piwarz-studium-klausur-tu-dresden-student-corona-html-5382392-plus.html\" rel=\"noreferrer noopener\">https:\/\/www.saechsische.de\/coronavirus\/er-will-praesenzpruefungen-an-unis-piwarz-studium-klausur-tu-dresden-student-corona-html-5382392-plus.html<\/a><\/span><\/div>\n<div id=\"magicdomid124\" class=\"ace-line\"><\/div>\n<div id=\"magicdomid124\" class=\"ace-line\"><\/div>\n<\/li>\n<\/ul>\n<\/div>\n<p>Verl\u00e4ngerung der Regelstudienzeit auch im Sommersemester 2021<\/p>\n<\/div>\n<div class=\"ace-line\" spellcheck=\"true\">\n<ul>\n<li>Pressemitteilung &#8222;Corona auch an Hochschulen nicht vorbei&#8220;: <span class=\"author-a-z83zz90zvz69zaz77zz86zz122zz75z5pz82zz122zfz82zh url\"><a href=\"https:\/\/www.kss-sachsen.de\/PM_04_21\" rel=\"noreferrer noopener\">https:\/\/www.kss-sachsen.de\/PM_04_21<\/a><\/span><\/li>\n<li><span class=\"author-a-z83zz90zvz69zaz77zz86zz122zz75z5pz82zz122zfz82zh url\">DPA-Nachrichtenmeldung in der Zeit: <\/span>\n<div id=\"magicdomid121\" class=\"ace-line\"><span class=\"author-a-z83zz90zvz69zaz77zz86zz122zz75z5pz82zz122zfz82zh url\"><a href=\"https:\/\/www.zeit.de\/news\/2021-03\/11\/studierendenschaften-fuer-verlaengerung-der-regelstudienzeit?utm_referrer=https%3A%2F%2Fwww.google.com%2F\" rel=\"noreferrer noopener\">https:\/\/www.zeit.de\/news\/2021-03\/11\/studierendenschaften-fuer-verlaengerung-der-regelstudienzeit?utm_referrer=https%3A%2F%2Fwww.google.com%2F<\/a><\/span><\/div>\n<\/li>\n<\/ul>\n<\/div>\n","protected":false},"excerpt":{"rendered":"<p>Liebe Mitstreiter*innen und Interessierte der KSS, erneut m\u00f6chten wir euch zur Mitte des Monats einen Einblick in unsere Themen und aktuelle Arbeit geben. Denn seit dem letzten Newsletter ist wieder einiges passiert. \u00dcber folgende Themen wollen wir euch in der gewohnten K\u00fcrze berichten: &nbsp; Regelstudienzeiterh\u00f6hung durch den \u00a7114a S\u00e4chsHSFG K\u00fcrzungen von Tutor*innenmitteln Bildungswissenschaftliche Klausur im Staatsexamen Lehramt Treffen mit Staatsminister<a class=\"read-more\" href=\"https:\/\/www.kss-sachsen.de\/newsletter_maerz21\">Hier weiter lesen&#8230;<\/a><\/p>\n","protected":false},"author":1,"featured_media":2155,"comment_status":"open","ping_status":"open","sticky":false,"template":"","format":"standard","meta":{"footnotes":""},"categories":[28],"tags":[],"yoast_head":"<!-- This site is optimized with the Yoast SEO plugin v23.5 - https:\/\/yoast.com\/wordpress\/plugins\/seo\/ -->\n<title>3. Newsletter 2021 - KSS<\/title>\n<meta name=\"robots\" content=\"index, follow, max-snippet:-1, max-image-preview:large, max-video-preview:-1\" \/>\n<link rel=\"canonical\" href=\"https:\/\/www.kss-sachsen.de\/newsletter_maerz21\" \/>\n<meta property=\"og:locale\" content=\"de_DE\" \/>\n<meta property=\"og:type\" content=\"article\" \/>\n<meta property=\"og:title\" content=\"3. Newsletter 2021 - KSS\" \/>\n<meta property=\"og:description\" content=\"Liebe Mitstreiter*innen und Interessierte der KSS, erneut m\u00f6chten wir euch zur Mitte des Monats einen Einblick in unsere Themen und aktuelle Arbeit geben. Denn seit dem letzten Newsletter ist wieder einiges passiert. \u00dcber folgende Themen wollen wir euch in der gewohnten K\u00fcrze berichten: &nbsp; Regelstudienzeiterh\u00f6hung durch den \u00a7114a S\u00e4chsHSFG K\u00fcrzungen von Tutor*innenmitteln Bildungswissenschaftliche Klausur im Staatsexamen Lehramt Treffen mit StaatsministerHier weiter lesen...\" \/>\n<meta property=\"og:url\" content=\"https:\/\/www.kss-sachsen.de\/newsletter_maerz21\" \/>\n<meta property=\"og:site_name\" content=\"KSS\" \/>\n<meta property=\"article:published_time\" content=\"2021-03-15T17:17:26+00:00\" \/>\n<meta property=\"article:modified_time\" content=\"2021-03-16T16:56:08+00:00\" \/>\n<meta property=\"og:image\" content=\"https:\/\/www.kss-sachsen.de\/wp-content\/uploads\/2021\/03\/Newsletter_M\u00e4rz.jpg\" \/>\n\t<meta property=\"og:image:width\" content=\"3000\" \/>\n\t<meta property=\"og:image:height\" content=\"1570\" \/>\n\t<meta property=\"og:image:type\" content=\"image\/jpeg\" \/>\n<meta name=\"author\" content=\"administration\" \/>\n<meta name=\"twitter:card\" content=\"summary_large_image\" \/>\n<meta name=\"twitter:label1\" content=\"Verfasst von\" \/>\n\t<meta name=\"twitter:data1\" content=\"administration\" \/>\n\t<meta name=\"twitter:label2\" content=\"Gesch\u00e4tzte Lesezeit\" \/>\n\t<meta name=\"twitter:data2\" content=\"5\u00a0Minuten\" \/>\n<script type=\"application\/ld+json\" class=\"yoast-schema-graph\">{\"@context\":\"https:\/\/schema.org\",\"@graph\":[{\"@type\":\"Article\",\"@id\":\"https:\/\/www.kss-sachsen.de\/newsletter_maerz21#article\",\"isPartOf\":{\"@id\":\"https:\/\/www.kss-sachsen.de\/newsletter_maerz21\"},\"author\":{\"name\":\"administration\",\"@id\":\"https:\/\/www.kss-sachsen.de\/#\/schema\/person\/fbcf1c2438e102156e84a4ba5c3daa64\"},\"headline\":\"3. Newsletter 2021\",\"datePublished\":\"2021-03-15T17:17:26+00:00\",\"dateModified\":\"2021-03-16T16:56:08+00:00\",\"mainEntityOfPage\":{\"@id\":\"https:\/\/www.kss-sachsen.de\/newsletter_maerz21\"},\"wordCount\":1016,\"commentCount\":0,\"publisher\":{\"@id\":\"https:\/\/www.kss-sachsen.de\/#organization\"},\"image\":{\"@id\":\"https:\/\/www.kss-sachsen.de\/newsletter_maerz21#primaryimage\"},\"thumbnailUrl\":\"https:\/\/www.kss-sachsen.de\/wp-content\/uploads\/2021\/03\/Newsletter_M\u00e4rz.jpg\",\"articleSection\":[\"Aktuelles\"],\"inLanguage\":\"de\",\"potentialAction\":[{\"@type\":\"CommentAction\",\"name\":\"Comment\",\"target\":[\"https:\/\/www.kss-sachsen.de\/newsletter_maerz21#respond\"]}]},{\"@type\":\"WebPage\",\"@id\":\"https:\/\/www.kss-sachsen.de\/newsletter_maerz21\",\"url\":\"https:\/\/www.kss-sachsen.de\/newsletter_maerz21\",\"name\":\"3. Newsletter 2021 - KSS\",\"isPartOf\":{\"@id\":\"https:\/\/www.kss-sachsen.de\/#website\"},\"primaryImageOfPage\":{\"@id\":\"https:\/\/www.kss-sachsen.de\/newsletter_maerz21#primaryimage\"},\"image\":{\"@id\":\"https:\/\/www.kss-sachsen.de\/newsletter_maerz21#primaryimage\"},\"thumbnailUrl\":\"https:\/\/www.kss-sachsen.de\/wp-content\/uploads\/2021\/03\/Newsletter_M\u00e4rz.jpg\",\"datePublished\":\"2021-03-15T17:17:26+00:00\",\"dateModified\":\"2021-03-16T16:56:08+00:00\",\"breadcrumb\":{\"@id\":\"https:\/\/www.kss-sachsen.de\/newsletter_maerz21#breadcrumb\"},\"inLanguage\":\"de\",\"potentialAction\":[{\"@type\":\"ReadAction\",\"target\":[\"https:\/\/www.kss-sachsen.de\/newsletter_maerz21\"]}]},{\"@type\":\"ImageObject\",\"inLanguage\":\"de\",\"@id\":\"https:\/\/www.kss-sachsen.de\/newsletter_maerz21#primaryimage\",\"url\":\"https:\/\/www.kss-sachsen.de\/wp-content\/uploads\/2021\/03\/Newsletter_M\u00e4rz.jpg\",\"contentUrl\":\"https:\/\/www.kss-sachsen.de\/wp-content\/uploads\/2021\/03\/Newsletter_M\u00e4rz.jpg\",\"width\":3000,\"height\":1570},{\"@type\":\"BreadcrumbList\",\"@id\":\"https:\/\/www.kss-sachsen.de\/newsletter_maerz21#breadcrumb\",\"itemListElement\":[{\"@type\":\"ListItem\",\"position\":1,\"name\":\"Home\",\"item\":\"https:\/\/www.kss-sachsen.de\/\"},{\"@type\":\"ListItem\",\"position\":2,\"name\":\"3. Newsletter 2021\"}]},{\"@type\":\"WebSite\",\"@id\":\"https:\/\/www.kss-sachsen.de\/#website\",\"url\":\"https:\/\/www.kss-sachsen.de\/\",\"name\":\"Konferenz S\u00e4chsischer Studierendenschaften\",\"description\":\"Konferenz S\u00e4chsischer Studierendenschaften\",\"publisher\":{\"@id\":\"https:\/\/www.kss-sachsen.de\/#organization\"},\"potentialAction\":[{\"@type\":\"SearchAction\",\"target\":{\"@type\":\"EntryPoint\",\"urlTemplate\":\"https:\/\/www.kss-sachsen.de\/?s={search_term_string}\"},\"query-input\":{\"@type\":\"PropertyValueSpecification\",\"valueRequired\":true,\"valueName\":\"search_term_string\"}}],\"inLanguage\":\"de\"},{\"@type\":\"Organization\",\"@id\":\"https:\/\/www.kss-sachsen.de\/#organization\",\"name\":\"Konferenz S\u00e4chsischer Studierendenschaften\",\"url\":\"https:\/\/www.kss-sachsen.de\/\",\"logo\":{\"@type\":\"ImageObject\",\"inLanguage\":\"de\",\"@id\":\"https:\/\/www.kss-sachsen.de\/#\/schema\/logo\/image\/\",\"url\":\"https:\/\/www.kss-sachsen.de\/wp-content\/uploads\/2023\/02\/Logo-KSS.png\",\"contentUrl\":\"https:\/\/www.kss-sachsen.de\/wp-content\/uploads\/2023\/02\/Logo-KSS.png\",\"width\":2239,\"height\":1528,\"caption\":\"Konferenz S\u00e4chsischer Studierendenschaften\"},\"image\":{\"@id\":\"https:\/\/www.kss-sachsen.de\/#\/schema\/logo\/image\/\"},\"sameAs\":[\"https:\/\/www.instagram.com\/kss_sachsen\/\"]},{\"@type\":\"Person\",\"@id\":\"https:\/\/www.kss-sachsen.de\/#\/schema\/person\/fbcf1c2438e102156e84a4ba5c3daa64\",\"name\":\"administration\",\"image\":{\"@type\":\"ImageObject\",\"inLanguage\":\"de\",\"@id\":\"https:\/\/www.kss-sachsen.de\/#\/schema\/person\/image\/\",\"url\":\"https:\/\/secure.gravatar.com\/avatar\/e4ecd4cb3a6714c2adcf507161262d91?s=96&d=mm&r=g\",\"contentUrl\":\"https:\/\/secure.gravatar.com\/avatar\/e4ecd4cb3a6714c2adcf507161262d91?s=96&d=mm&r=g\",\"caption\":\"administration\"},\"url\":\"https:\/\/www.kss-sachsen.de\/?author=1\"}]}<\/script>\n<!-- \/ Yoast SEO plugin. -->","yoast_head_json":{"title":"3. Newsletter 2021 - KSS","robots":{"index":"index","follow":"follow","max-snippet":"max-snippet:-1","max-image-preview":"max-image-preview:large","max-video-preview":"max-video-preview:-1"},"canonical":"https:\/\/www.kss-sachsen.de\/newsletter_maerz21","og_locale":"de_DE","og_type":"article","og_title":"3. Newsletter 2021 - KSS","og_description":"Liebe Mitstreiter*innen und Interessierte der KSS, erneut m\u00f6chten wir euch zur Mitte des Monats einen Einblick in unsere Themen und aktuelle Arbeit geben. Denn seit dem letzten Newsletter ist wieder einiges passiert. \u00dcber folgende Themen wollen wir euch in der gewohnten K\u00fcrze berichten: &nbsp; Regelstudienzeiterh\u00f6hung durch den \u00a7114a S\u00e4chsHSFG K\u00fcrzungen von Tutor*innenmitteln Bildungswissenschaftliche Klausur im Staatsexamen Lehramt Treffen mit StaatsministerHier weiter lesen...","og_url":"https:\/\/www.kss-sachsen.de\/newsletter_maerz21","og_site_name":"KSS","article_published_time":"2021-03-15T17:17:26+00:00","article_modified_time":"2021-03-16T16:56:08+00:00","og_image":[{"width":3000,"height":1570,"url":"https:\/\/www.kss-sachsen.de\/wp-content\/uploads\/2021\/03\/Newsletter_M\u00e4rz.jpg","type":"image\/jpeg"}],"author":"administration","twitter_card":"summary_large_image","twitter_misc":{"Verfasst von":"administration","Gesch\u00e4tzte Lesezeit":"5\u00a0Minuten"},"schema":{"@context":"https:\/\/schema.org","@graph":[{"@type":"Article","@id":"https:\/\/www.kss-sachsen.de\/newsletter_maerz21#article","isPartOf":{"@id":"https:\/\/www.kss-sachsen.de\/newsletter_maerz21"},"author":{"name":"administration","@id":"https:\/\/www.kss-sachsen.de\/#\/schema\/person\/fbcf1c2438e102156e84a4ba5c3daa64"},"headline":"3. Newsletter 2021","datePublished":"2021-03-15T17:17:26+00:00","dateModified":"2021-03-16T16:56:08+00:00","mainEntityOfPage":{"@id":"https:\/\/www.kss-sachsen.de\/newsletter_maerz21"},"wordCount":1016,"commentCount":0,"publisher":{"@id":"https:\/\/www.kss-sachsen.de\/#organization"},"image":{"@id":"https:\/\/www.kss-sachsen.de\/newsletter_maerz21#primaryimage"},"thumbnailUrl":"https:\/\/www.kss-sachsen.de\/wp-content\/uploads\/2021\/03\/Newsletter_M\u00e4rz.jpg","articleSection":["Aktuelles"],"inLanguage":"de","potentialAction":[{"@type":"CommentAction","name":"Comment","target":["https:\/\/www.kss-sachsen.de\/newsletter_maerz21#respond"]}]},{"@type":"WebPage","@id":"https:\/\/www.kss-sachsen.de\/newsletter_maerz21","url":"https:\/\/www.kss-sachsen.de\/newsletter_maerz21","name":"3. Newsletter 2021 - KSS","isPartOf":{"@id":"https:\/\/www.kss-sachsen.de\/#website"},"primaryImageOfPage":{"@id":"https:\/\/www.kss-sachsen.de\/newsletter_maerz21#primaryimage"},"image":{"@id":"https:\/\/www.kss-sachsen.de\/newsletter_maerz21#primaryimage"},"thumbnailUrl":"https:\/\/www.kss-sachsen.de\/wp-content\/uploads\/2021\/03\/Newsletter_M\u00e4rz.jpg","datePublished":"2021-03-15T17:17:26+00:00","dateModified":"2021-03-16T16:56:08+00:00","breadcrumb":{"@id":"https:\/\/www.kss-sachsen.de\/newsletter_maerz21#breadcrumb"},"inLanguage":"de","potentialAction":[{"@type":"ReadAction","target":["https:\/\/www.kss-sachsen.de\/newsletter_maerz21"]}]},{"@type":"ImageObject","inLanguage":"de","@id":"https:\/\/www.kss-sachsen.de\/newsletter_maerz21#primaryimage","url":"https:\/\/www.kss-sachsen.de\/wp-content\/uploads\/2021\/03\/Newsletter_M\u00e4rz.jpg","contentUrl":"https:\/\/www.kss-sachsen.de\/wp-content\/uploads\/2021\/03\/Newsletter_M\u00e4rz.jpg","width":3000,"height":1570},{"@type":"BreadcrumbList","@id":"https:\/\/www.kss-sachsen.de\/newsletter_maerz21#breadcrumb","itemListElement":[{"@type":"ListItem","position":1,"name":"Home","item":"https:\/\/www.kss-sachsen.de\/"},{"@type":"ListItem","position":2,"name":"3. Newsletter 2021"}]},{"@type":"WebSite","@id":"https:\/\/www.kss-sachsen.de\/#website","url":"https:\/\/www.kss-sachsen.de\/","name":"Konferenz S\u00e4chsischer Studierendenschaften","description":"Konferenz S\u00e4chsischer Studierendenschaften","publisher":{"@id":"https:\/\/www.kss-sachsen.de\/#organization"},"potentialAction":[{"@type":"SearchAction","target":{"@type":"EntryPoint","urlTemplate":"https:\/\/www.kss-sachsen.de\/?s={search_term_string}"},"query-input":{"@type":"PropertyValueSpecification","valueRequired":true,"valueName":"search_term_string"}}],"inLanguage":"de"},{"@type":"Organization","@id":"https:\/\/www.kss-sachsen.de\/#organization","name":"Konferenz S\u00e4chsischer Studierendenschaften","url":"https:\/\/www.kss-sachsen.de\/","logo":{"@type":"ImageObject","inLanguage":"de","@id":"https:\/\/www.kss-sachsen.de\/#\/schema\/logo\/image\/","url":"https:\/\/www.kss-sachsen.de\/wp-content\/uploads\/2023\/02\/Logo-KSS.png","contentUrl":"https:\/\/www.kss-sachsen.de\/wp-content\/uploads\/2023\/02\/Logo-KSS.png","width":2239,"height":1528,"caption":"Konferenz S\u00e4chsischer Studierendenschaften"},"image":{"@id":"https:\/\/www.kss-sachsen.de\/#\/schema\/logo\/image\/"},"sameAs":["https:\/\/www.instagram.com\/kss_sachsen\/"]},{"@type":"Person","@id":"https:\/\/www.kss-sachsen.de\/#\/schema\/person\/fbcf1c2438e102156e84a4ba5c3daa64","name":"administration","image":{"@type":"ImageObject","inLanguage":"de","@id":"https:\/\/www.kss-sachsen.de\/#\/schema\/person\/image\/","url":"https:\/\/secure.gravatar.com\/avatar\/e4ecd4cb3a6714c2adcf507161262d91?s=96&d=mm&r=g","contentUrl":"https:\/\/secure.gravatar.com\/avatar\/e4ecd4cb3a6714c2adcf507161262d91?s=96&d=mm&r=g","caption":"administration"},"url":"https:\/\/www.kss-sachsen.de\/?author=1"}]}},"_links":{"self":[{"href":"https:\/\/www.kss-sachsen.de\/index.php?rest_route=\/wp\/v2\/posts\/2150"}],"collection":[{"href":"https:\/\/www.kss-sachsen.de\/index.php?rest_route=\/wp\/v2\/posts"}],"about":[{"href":"https:\/\/www.kss-sachsen.de\/index.php?rest_route=\/wp\/v2\/types\/post"}],"author":[{"embeddable":true,"href":"https:\/\/www.kss-sachsen.de\/index.php?rest_route=\/wp\/v2\/users\/1"}],"replies":[{"embeddable":true,"href":"https:\/\/www.kss-sachsen.de\/index.php?rest_route=%2Fwp%2Fv2%2Fcomments&post=2150"}],"version-history":[{"count":6,"href":"https:\/\/www.kss-sachsen.de\/index.php?rest_route=\/wp\/v2\/posts\/2150\/revisions"}],"predecessor-version":[{"id":2157,"href":"https:\/\/www.kss-sachsen.de\/index.php?rest_route=\/wp\/v2\/posts\/2150\/revisions\/2157"}],"wp:featuredmedia":[{"embeddable":true,"href":"https:\/\/www.kss-sachsen.de\/index.php?rest_route=\/wp\/v2\/media\/2155"}],"wp:attachment":[{"href":"https:\/\/www.kss-sachsen.de\/index.php?rest_route=%2Fwp%2Fv2%2Fmedia&parent=2150"}],"wp:term":[{"taxonomy":"category","embeddable":true,"href":"https:\/\/www.kss-sachsen.de\/index.php?rest_route=%2Fwp%2Fv2%2Fcategories&post=2150"},{"taxonomy":"post_tag","embeddable":true,"href":"https:\/\/www.kss-sachsen.de\/index.php?rest_route=%2Fwp%2Fv2%2Ftags&post=2150"}],"curies":[{"name":"wp","href":"https:\/\/api.w.org\/{rel}","templated":true}]}}