{"id":2158,"date":"2021-04-01T08:21:26","date_gmt":"2021-04-01T06:21:26","guid":{"rendered":"https:\/\/www.kss-sachsen.de\/?p=2158"},"modified":"2021-04-01T08:21:26","modified_gmt":"2021-04-01T06:21:26","slug":"entscheidendes-jahr-fur-sachsens-studierende","status":"publish","type":"post","link":"https:\/\/www.kss-sachsen.de\/pm_06_21","title":{"rendered":"Entscheidendes Jahr f\u00fcr Sachsens Studierende"},"content":{"rendered":"<h3>Landesstudierendenvertretung w\u00e4hlt neue Sprecher*innen und Amtstr\u00e4ger*innen<\/h3>\n<p>Sie stellen sich der Herausforderung, k\u00fcnftig die Interessen aller S\u00e4chsischen Studierenden zu vertreten:\u00a0Sabine Giese (HTWK Leipzig) und Paul Senf (TU Dresden) wurden gemeinsam mit einem neuen Team aus Amtstr\u00e4ger*innen zu den Sprecher*innen der Konferenz S\u00e4chsischer Studierendenschaften (KSS) gew\u00e4hlt. Ihre einj\u00e4hrige Legislaturperiode beginnt am heutigen 01. April. Mit den weiterhin erschwerten Distanzformaten im eingeschr\u00e4nkten Hochschulbetrieb, der anstehenden Novelle des S\u00e4chsischen Hochschulfreiheitsgesetzes und der kommenden Bundestagswahl ist diese Legislatur gerade f\u00fcr Studierende von immenser Bedeutung.<\/p>\n<p>&#8222;Die letzten beiden Semester waren enorm von der Corona-Pandemie gepr\u00e4gt. In vielen Bereichen wurden Studierende dabei stark vernachl\u00e4ssigt. Wir m\u00f6chten weiterhin daf\u00fcr eintreten, dass auch studentische Anliegen die Aufmerksamkeit bekommen, die sie verdient haben. Zum Beispiel hat uns die Corona-Krise gezeigt, dass die Studienfinanzierung in einem desolaten Zustand ist. P\u00fcnktlich zum 50. Jubil\u00e4um braucht es deswegen eine echte und umfassende BAf\u00f6G-Reform. Daf\u00fcr werden wir gemeinsam mit anderen Studierendenvertretungen im Vorfeld der Bundestagswahl k\u00e4mpfen.&#8220;, erl\u00e4utert <strong>Sabine Giese, neu gew\u00e4hlte Sprecherin der KSS<\/strong>.<\/p>\n<p><strong>Paul Senf, erneut gew\u00e4hlter Sprecher der KSS,<\/strong> erg\u00e4nzt: &#8222;In meiner zweiten Amtszeit m\u00f6chte ich abschlie\u00dfen, was wir diese Legislatur begonnen haben. Mit der anstehenden Novellierung des S\u00e4chsischen Hochschulfreiheitsgesetz (S\u00e4chsHSFG) bekommen wir die M\u00f6glichkeit, ein weder zeitgem\u00e4\u00dfes noch partizipatives Gesetz grundlegend zu reformieren. Es muss allen Mitgliedern der Hochschulen, insbesondere den Studierenden als gr\u00f6\u00dfte Statusgruppe, gerecht werden. Wir m\u00f6chten im Gesetzgebungsprozess vor allem eine Demokratisierung der Hochschulen und ein eigenverantwortliches Studium mit gr\u00f6\u00dferer Flexibilit\u00e4t f\u00fcr die Studierenden erreichen.&#8220;<\/p>\n<p>Die beiden Sprecher*innen werden dabei von neuen und erneut gew\u00e4hlten Amtstr\u00e4ger*innen unterst\u00fctzt. Maximilian Franke (HTW Dresden) in der Koordination, Johanna Mehler (HMT Leipzig) als Vertretung f\u00fcr das Lehramt und Felix Fink (Uni Leipzig) f\u00fcr Themen in der Hochschulpolitik k\u00f6nnen bereits einige Erfahrungen aus der letzten Amtszeit mitbringen. Frischen Wind bringen Jenny Phan (HTW Dresden) als Referentin \u00d6ffentlichkeitsarbeit und Andreas M\u00fcller (TU BA Freiberg) als neuer Beauftragter f\u00fcr Finanzen. F\u00fcr einige noch unbesetzte \u00c4mter werden weiterhin engagierte Studierende aus Sachsen gesucht.<\/p>\n<p>Die Pressemitteilung ist auch als <a href=\"https:\/\/cloud.kss-sachsen.de\/s\/dTzNW4zDV3azpiU\">.pdf<\/a> verf\u00fcgbar.<\/p>\n","protected":false},"excerpt":{"rendered":"<p>Landesstudierendenvertretung w\u00e4hlt neue Sprecher*innen und Amtstr\u00e4ger*innen Sie stellen sich der Herausforderung, k\u00fcnftig die Interessen aller S\u00e4chsischen Studierenden zu vertreten:\u00a0Sabine Giese (HTWK Leipzig) und Paul Senf (TU Dresden) wurden gemeinsam mit einem neuen Team aus Amtstr\u00e4ger*innen zu den Sprecher*innen der Konferenz S\u00e4chsischer Studierendenschaften (KSS) gew\u00e4hlt. Ihre einj\u00e4hrige Legislaturperiode beginnt am heutigen 01. April. Mit den weiterhin erschwerten Distanzformaten im eingeschr\u00e4nkten Hochschulbetrieb,<a class=\"read-more\" href=\"https:\/\/www.kss-sachsen.de\/pm_06_21\">Hier weiter lesen&#8230;<\/a><\/p>\n","protected":false},"author":1,"featured_media":0,"comment_status":"open","ping_status":"open","sticky":false,"template":"","format":"standard","meta":{"footnotes":""},"categories":[11,6],"tags":[],"yoast_head":"<!-- This site is optimized with the Yoast SEO plugin v23.5 - https:\/\/yoast.com\/wordpress\/plugins\/seo\/ -->\n<title>Entscheidendes Jahr f\u00fcr Sachsens Studierende - KSS<\/title>\n<meta name=\"robots\" content=\"index, follow, max-snippet:-1, max-image-preview:large, max-video-preview:-1\" \/>\n<link rel=\"canonical\" href=\"https:\/\/www.kss-sachsen.de\/pm_06_21\" \/>\n<meta property=\"og:locale\" content=\"de_DE\" \/>\n<meta property=\"og:type\" content=\"article\" \/>\n<meta property=\"og:title\" content=\"Entscheidendes Jahr f\u00fcr Sachsens Studierende - KSS\" \/>\n<meta property=\"og:description\" content=\"Landesstudierendenvertretung w\u00e4hlt neue Sprecher*innen und Amtstr\u00e4ger*innen Sie stellen sich der Herausforderung, k\u00fcnftig die Interessen aller S\u00e4chsischen Studierenden zu vertreten:\u00a0Sabine Giese (HTWK Leipzig) und Paul Senf (TU Dresden) wurden gemeinsam mit einem neuen Team aus Amtstr\u00e4ger*innen zu den Sprecher*innen der Konferenz S\u00e4chsischer Studierendenschaften (KSS) gew\u00e4hlt. Ihre einj\u00e4hrige Legislaturperiode beginnt am heutigen 01. April. Mit den weiterhin erschwerten Distanzformaten im eingeschr\u00e4nkten Hochschulbetrieb,Hier weiter lesen...\" \/>\n<meta property=\"og:url\" content=\"https:\/\/www.kss-sachsen.de\/pm_06_21\" \/>\n<meta property=\"og:site_name\" content=\"KSS\" \/>\n<meta property=\"article:published_time\" content=\"2021-04-01T06:21:26+00:00\" \/>\n<meta name=\"author\" content=\"administration\" \/>\n<meta name=\"twitter:card\" content=\"summary_large_image\" \/>\n<meta name=\"twitter:label1\" content=\"Verfasst von\" \/>\n\t<meta name=\"twitter:data1\" content=\"administration\" \/>\n\t<meta name=\"twitter:label2\" content=\"Gesch\u00e4tzte Lesezeit\" \/>\n\t<meta name=\"twitter:data2\" content=\"2\u00a0Minuten\" \/>\n<script type=\"application\/ld+json\" class=\"yoast-schema-graph\">{\"@context\":\"https:\/\/schema.org\",\"@graph\":[{\"@type\":\"Article\",\"@id\":\"https:\/\/www.kss-sachsen.de\/pm_06_21#article\",\"isPartOf\":{\"@id\":\"https:\/\/www.kss-sachsen.de\/pm_06_21\"},\"author\":{\"name\":\"administration\",\"@id\":\"https:\/\/www.kss-sachsen.de\/#\/schema\/person\/fbcf1c2438e102156e84a4ba5c3daa64\"},\"headline\":\"Entscheidendes Jahr f\u00fcr Sachsens Studierende\",\"datePublished\":\"2021-04-01T06:21:26+00:00\",\"dateModified\":\"2021-04-01T06:21:26+00:00\",\"mainEntityOfPage\":{\"@id\":\"https:\/\/www.kss-sachsen.de\/pm_06_21\"},\"wordCount\":380,\"commentCount\":0,\"publisher\":{\"@id\":\"https:\/\/www.kss-sachsen.de\/#organization\"},\"articleSection\":[\"Pressemitteilung\",\"Pressemitteilung KSS\"],\"inLanguage\":\"de\",\"potentialAction\":[{\"@type\":\"CommentAction\",\"name\":\"Comment\",\"target\":[\"https:\/\/www.kss-sachsen.de\/pm_06_21#respond\"]}]},{\"@type\":\"WebPage\",\"@id\":\"https:\/\/www.kss-sachsen.de\/pm_06_21\",\"url\":\"https:\/\/www.kss-sachsen.de\/pm_06_21\",\"name\":\"Entscheidendes Jahr f\u00fcr Sachsens Studierende - KSS\",\"isPartOf\":{\"@id\":\"https:\/\/www.kss-sachsen.de\/#website\"},\"datePublished\":\"2021-04-01T06:21:26+00:00\",\"dateModified\":\"2021-04-01T06:21:26+00:00\",\"breadcrumb\":{\"@id\":\"https:\/\/www.kss-sachsen.de\/pm_06_21#breadcrumb\"},\"inLanguage\":\"de\",\"potentialAction\":[{\"@type\":\"ReadAction\",\"target\":[\"https:\/\/www.kss-sachsen.de\/pm_06_21\"]}]},{\"@type\":\"BreadcrumbList\",\"@id\":\"https:\/\/www.kss-sachsen.de\/pm_06_21#breadcrumb\",\"itemListElement\":[{\"@type\":\"ListItem\",\"position\":1,\"name\":\"Home\",\"item\":\"https:\/\/www.kss-sachsen.de\/\"},{\"@type\":\"ListItem\",\"position\":2,\"name\":\"Entscheidendes Jahr f\u00fcr Sachsens Studierende\"}]},{\"@type\":\"WebSite\",\"@id\":\"https:\/\/www.kss-sachsen.de\/#website\",\"url\":\"https:\/\/www.kss-sachsen.de\/\",\"name\":\"Konferenz S\u00e4chsischer Studierendenschaften\",\"description\":\"Konferenz S\u00e4chsischer Studierendenschaften\",\"publisher\":{\"@id\":\"https:\/\/www.kss-sachsen.de\/#organization\"},\"potentialAction\":[{\"@type\":\"SearchAction\",\"target\":{\"@type\":\"EntryPoint\",\"urlTemplate\":\"https:\/\/www.kss-sachsen.de\/?s={search_term_string}\"},\"query-input\":{\"@type\":\"PropertyValueSpecification\",\"valueRequired\":true,\"valueName\":\"search_term_string\"}}],\"inLanguage\":\"de\"},{\"@type\":\"Organization\",\"@id\":\"https:\/\/www.kss-sachsen.de\/#organization\",\"name\":\"Konferenz S\u00e4chsischer Studierendenschaften\",\"url\":\"https:\/\/www.kss-sachsen.de\/\",\"logo\":{\"@type\":\"ImageObject\",\"inLanguage\":\"de\",\"@id\":\"https:\/\/www.kss-sachsen.de\/#\/schema\/logo\/image\/\",\"url\":\"https:\/\/www.kss-sachsen.de\/wp-content\/uploads\/2023\/02\/Logo-KSS.png\",\"contentUrl\":\"https:\/\/www.kss-sachsen.de\/wp-content\/uploads\/2023\/02\/Logo-KSS.png\",\"width\":2239,\"height\":1528,\"caption\":\"Konferenz S\u00e4chsischer Studierendenschaften\"},\"image\":{\"@id\":\"https:\/\/www.kss-sachsen.de\/#\/schema\/logo\/image\/\"},\"sameAs\":[\"https:\/\/www.instagram.com\/kss_sachsen\/\"]},{\"@type\":\"Person\",\"@id\":\"https:\/\/www.kss-sachsen.de\/#\/schema\/person\/fbcf1c2438e102156e84a4ba5c3daa64\",\"name\":\"administration\",\"image\":{\"@type\":\"ImageObject\",\"inLanguage\":\"de\",\"@id\":\"https:\/\/www.kss-sachsen.de\/#\/schema\/person\/image\/\",\"url\":\"https:\/\/secure.gravatar.com\/avatar\/e4ecd4cb3a6714c2adcf507161262d91?s=96&d=mm&r=g\",\"contentUrl\":\"https:\/\/secure.gravatar.com\/avatar\/e4ecd4cb3a6714c2adcf507161262d91?s=96&d=mm&r=g\",\"caption\":\"administration\"},\"url\":\"https:\/\/www.kss-sachsen.de\/?author=1\"}]}<\/script>\n<!-- \/ Yoast SEO plugin. -->","yoast_head_json":{"title":"Entscheidendes Jahr f\u00fcr Sachsens Studierende - KSS","robots":{"index":"index","follow":"follow","max-snippet":"max-snippet:-1","max-image-preview":"max-image-preview:large","max-video-preview":"max-video-preview:-1"},"canonical":"https:\/\/www.kss-sachsen.de\/pm_06_21","og_locale":"de_DE","og_type":"article","og_title":"Entscheidendes Jahr f\u00fcr Sachsens Studierende - KSS","og_description":"Landesstudierendenvertretung w\u00e4hlt neue Sprecher*innen und Amtstr\u00e4ger*innen Sie stellen sich der Herausforderung, k\u00fcnftig die Interessen aller S\u00e4chsischen Studierenden zu vertreten:\u00a0Sabine Giese (HTWK Leipzig) und Paul Senf (TU Dresden) wurden gemeinsam mit einem neuen Team aus Amtstr\u00e4ger*innen zu den Sprecher*innen der Konferenz S\u00e4chsischer Studierendenschaften (KSS) gew\u00e4hlt. Ihre einj\u00e4hrige Legislaturperiode beginnt am heutigen 01. April. Mit den weiterhin erschwerten Distanzformaten im eingeschr\u00e4nkten Hochschulbetrieb,Hier weiter lesen...","og_url":"https:\/\/www.kss-sachsen.de\/pm_06_21","og_site_name":"KSS","article_published_time":"2021-04-01T06:21:26+00:00","author":"administration","twitter_card":"summary_large_image","twitter_misc":{"Verfasst von":"administration","Gesch\u00e4tzte Lesezeit":"2\u00a0Minuten"},"schema":{"@context":"https:\/\/schema.org","@graph":[{"@type":"Article","@id":"https:\/\/www.kss-sachsen.de\/pm_06_21#article","isPartOf":{"@id":"https:\/\/www.kss-sachsen.de\/pm_06_21"},"author":{"name":"administration","@id":"https:\/\/www.kss-sachsen.de\/#\/schema\/person\/fbcf1c2438e102156e84a4ba5c3daa64"},"headline":"Entscheidendes Jahr f\u00fcr Sachsens Studierende","datePublished":"2021-04-01T06:21:26+00:00","dateModified":"2021-04-01T06:21:26+00:00","mainEntityOfPage":{"@id":"https:\/\/www.kss-sachsen.de\/pm_06_21"},"wordCount":380,"commentCount":0,"publisher":{"@id":"https:\/\/www.kss-sachsen.de\/#organization"},"articleSection":["Pressemitteilung","Pressemitteilung KSS"],"inLanguage":"de","potentialAction":[{"@type":"CommentAction","name":"Comment","target":["https:\/\/www.kss-sachsen.de\/pm_06_21#respond"]}]},{"@type":"WebPage","@id":"https:\/\/www.kss-sachsen.de\/pm_06_21","url":"https:\/\/www.kss-sachsen.de\/pm_06_21","name":"Entscheidendes Jahr f\u00fcr Sachsens Studierende - KSS","isPartOf":{"@id":"https:\/\/www.kss-sachsen.de\/#website"},"datePublished":"2021-04-01T06:21:26+00:00","dateModified":"2021-04-01T06:21:26+00:00","breadcrumb":{"@id":"https:\/\/www.kss-sachsen.de\/pm_06_21#breadcrumb"},"inLanguage":"de","potentialAction":[{"@type":"ReadAction","target":["https:\/\/www.kss-sachsen.de\/pm_06_21"]}]},{"@type":"BreadcrumbList","@id":"https:\/\/www.kss-sachsen.de\/pm_06_21#breadcrumb","itemListElement":[{"@type":"ListItem","position":1,"name":"Home","item":"https:\/\/www.kss-sachsen.de\/"},{"@type":"ListItem","position":2,"name":"Entscheidendes Jahr f\u00fcr Sachsens Studierende"}]},{"@type":"WebSite","@id":"https:\/\/www.kss-sachsen.de\/#website","url":"https:\/\/www.kss-sachsen.de\/","name":"Konferenz S\u00e4chsischer Studierendenschaften","description":"Konferenz S\u00e4chsischer Studierendenschaften","publisher":{"@id":"https:\/\/www.kss-sachsen.de\/#organization"},"potentialAction":[{"@type":"SearchAction","target":{"@type":"EntryPoint","urlTemplate":"https:\/\/www.kss-sachsen.de\/?s={search_term_string}"},"query-input":{"@type":"PropertyValueSpecification","valueRequired":true,"valueName":"search_term_string"}}],"inLanguage":"de"},{"@type":"Organization","@id":"https:\/\/www.kss-sachsen.de\/#organization","name":"Konferenz S\u00e4chsischer Studierendenschaften","url":"https:\/\/www.kss-sachsen.de\/","logo":{"@type":"ImageObject","inLanguage":"de","@id":"https:\/\/www.kss-sachsen.de\/#\/schema\/logo\/image\/","url":"https:\/\/www.kss-sachsen.de\/wp-content\/uploads\/2023\/02\/Logo-KSS.png","contentUrl":"https:\/\/www.kss-sachsen.de\/wp-content\/uploads\/2023\/02\/Logo-KSS.png","width":2239,"height":1528,"caption":"Konferenz S\u00e4chsischer Studierendenschaften"},"image":{"@id":"https:\/\/www.kss-sachsen.de\/#\/schema\/logo\/image\/"},"sameAs":["https:\/\/www.instagram.com\/kss_sachsen\/"]},{"@type":"Person","@id":"https:\/\/www.kss-sachsen.de\/#\/schema\/person\/fbcf1c2438e102156e84a4ba5c3daa64","name":"administration","image":{"@type":"ImageObject","inLanguage":"de","@id":"https:\/\/www.kss-sachsen.de\/#\/schema\/person\/image\/","url":"https:\/\/secure.gravatar.com\/avatar\/e4ecd4cb3a6714c2adcf507161262d91?s=96&d=mm&r=g","contentUrl":"https:\/\/secure.gravatar.com\/avatar\/e4ecd4cb3a6714c2adcf507161262d91?s=96&d=mm&r=g","caption":"administration"},"url":"https:\/\/www.kss-sachsen.de\/?author=1"}]}},"_links":{"self":[{"href":"https:\/\/www.kss-sachsen.de\/index.php?rest_route=\/wp\/v2\/posts\/2158"}],"collection":[{"href":"https:\/\/www.kss-sachsen.de\/index.php?rest_route=\/wp\/v2\/posts"}],"about":[{"href":"https:\/\/www.kss-sachsen.de\/index.php?rest_route=\/wp\/v2\/types\/post"}],"author":[{"embeddable":true,"href":"https:\/\/www.kss-sachsen.de\/index.php?rest_route=\/wp\/v2\/users\/1"}],"replies":[{"embeddable":true,"href":"https:\/\/www.kss-sachsen.de\/index.php?rest_route=%2Fwp%2Fv2%2Fcomments&post=2158"}],"version-history":[{"count":2,"href":"https:\/\/www.kss-sachsen.de\/index.php?rest_route=\/wp\/v2\/posts\/2158\/revisions"}],"predecessor-version":[{"id":2160,"href":"https:\/\/www.kss-sachsen.de\/index.php?rest_route=\/wp\/v2\/posts\/2158\/revisions\/2160"}],"wp:attachment":[{"href":"https:\/\/www.kss-sachsen.de\/index.php?rest_route=%2Fwp%2Fv2%2Fmedia&parent=2158"}],"wp:term":[{"taxonomy":"category","embeddable":true,"href":"https:\/\/www.kss-sachsen.de\/index.php?rest_route=%2Fwp%2Fv2%2Fcategories&post=2158"},{"taxonomy":"post_tag","embeddable":true,"href":"https:\/\/www.kss-sachsen.de\/index.php?rest_route=%2Fwp%2Fv2%2Ftags&post=2158"}],"curies":[{"name":"wp","href":"https:\/\/api.w.org\/{rel}","templated":true}]}}