{"id":2322,"date":"2021-07-09T15:55:32","date_gmt":"2021-07-09T13:55:32","guid":{"rendered":"https:\/\/www.kss-sachsen.de\/?p=2322"},"modified":"2021-07-09T16:11:45","modified_gmt":"2021-07-09T14:11:45","slug":"studentische-interessenvertretung-direkt-im-sachsischen-landtag","status":"publish","type":"post","link":"https:\/\/www.kss-sachsen.de\/news_0721","title":{"rendered":"Studentische Interessenvertretung direkt im S\u00e4chsischen Landtag?!"},"content":{"rendered":"<div id=\"magicdomid26\" class=\"ace-line\"><span class=\"author-a-ytz80znwz76z3qz77zz78zaz88zz78zz79zjz67z\">Wir waren letzten Montag wieder zu einer Anh\u00f6rung in den S\u00e4chsischen Wissenschaftsausschuss geladen! Dort hatten wir die M\u00f6glichkeit, unter mehreren Sachverst\u00e4ndigen eine Stellungnahme zu einem Gesetzesentwurf\u00a0abzugeben und standen den Abgeordneten im Ausschuss f\u00fcr R\u00fcckfragen zur Verf\u00fcgung.\u00a0<\/span><\/div>\n<div id=\"magicdomid29\" class=\"ace-line\"><span class=\"author-a-ytz80znwz76z3qz77zz78zaz88zz78zz79zjz67z\">Damit wurde den Anwesenden erm\u00f6glicht, sich ihre Meinung auf Grundlade fundierter Expertise selbst bilden zu k\u00f6nnen. Da die KSS gem\u00e4\u00df S\u00e4chsHSFG zu Gesetzes\u00e4nderungen, die das Hochschulgesetz betreffen, auch geh\u00f6rt werden muss, z\u00e4hlten auch wir zu diesen Expert*innen und vertraten die studentischen Interessen im Ausschuss.\u00a0<\/span><\/div>\n<div id=\"magicdomid30\" class=\"ace-line\"><span class=\"author-a-ytz80znwz76z3qz77zz78zaz88zz78zz79zjz67z\">\u00a0<\/span><\/div>\n<div class=\"ace-line\"><\/div>\n<div class=\"ace-line\"><\/div>\n<div id=\"magicdomid31\" class=\"ace-line\"><strong><span class=\"author-a-ytz80znwz76z3qz77zz78zaz88zz78zz79zjz67z\">Worum ging es in der Anh\u00f6rung?<\/span><\/strong><\/div>\n<div id=\"magicdomid32\" class=\"ace-line\"><span class=\"author-a-ytz80znwz76z3qz77zz78zaz88zz78zz79zjz67z\">\u00a0<\/span><\/div>\n<div id=\"magicdomid33\" class=\"ace-line\"><span class=\"author-a-ytz80znwz76z3qz77zz78zaz88zz78zz79zjz67z\">Es ging zum einen vordergr\u00fcndig um ein neues Gesetz zur Sicherung des \u00e4rztlichen Bedarfs in l\u00e4ndlichen Gebieten \u2013 der Land\u00e4rzt*innenquote &#8211; und zum anderen wurde die Wiederherstellung der Verfassten Studierendenschaft behandelt.\u00a0<\/span><\/div>\n<div class=\"ace-line\"><\/div>\n<div id=\"magicdomid35\" class=\"ace-line\"><span class=\"author-a-ytz80znwz76z3qz77zz78zaz88zz78zz79zjz67z\">Die Idee einer Land\u00e4rzt*innenquote ist es, eine Vorabquote f\u00fcr das Medizinstudium zu schaffen. Auf diese Studienpl\u00e4tze k\u00f6nnen sich angehende Studierende gesondert bewerben. Sollte der Studienplatz angetreten werden, verpflichten sie sich daf\u00fcr, direkt nach ihrer mindestens elfj\u00e4hrigen Ausbildung und dem Erhalt der Approbation f\u00fcr weitere zehn Jahre eine T\u00e4tigkeit als zumeist Allgemeinmediziner*innen im l\u00e4ndlichen Raum auszu\u00fcben. Andernfalls w\u00fcrde ihnen eine Vertragsstrafe von derzeit 250.000 Euro drohen. Demnach soll die Quote eine Ma\u00dfnahme gegen die medizinische Unterversorgung auf dem Land darstellen.<\/span><\/div>\n<div id=\"magicdomid36\" class=\"ace-line\"><span class=\"author-a-ytz80znwz76z3qz77zz78zaz88zz78zz79zjz67z\">\u00a0<\/span><\/div>\n<div id=\"magicdomid37\" class=\"ace-line\"><span class=\"author-a-ytz80znwz76z3qz77zz78zaz88zz78zz79zjz67z\">Die Wiederherstellung der verfassten Studierendenschaft bedeutet, dass die 2012 eingef\u00fchrte Austrittsoption aus dieser nun abgeschafft werden soll. Die verfasste Studierendenschaft setzt sich eigentlich aus allen Studierenden einer Hochschule zusammen und ist eine demokratische Solidargemeinschaft, die von den Fachschafts- und Studierendenr\u00e4ten, sowie uns als KSS vertreten wird. So zahlen beispielsweise alle Mitglieder einen gewissen Beitrag, um damit gemeinsam ein Semesterticket oder g\u00fcnstiges Essen in der Mensa zu finanzieren. Jedoch gibt es seit knapp einem Jahrzehnt eine Austrittsoption aus dieser Gemeinschaft, wodurch die Studierenden, die austreten, keine Beitr\u00e4ge mehr zahlen und sich nicht mehr durch die gew\u00e4hlten Vertretungen repr\u00e4sentieren lassen. Diese Austrittsoption soll mit dem Gesetz nun abgeschafft werden.<\/span><\/div>\n<div id=\"magicdomid38\" class=\"ace-line\"><span class=\"author-a-ytz80znwz76z3qz77zz78zaz88zz78zz79zjz67z\">\u00a0<\/span><\/div>\n<div id=\"magicdomid39\" class=\"ace-line\"><strong><span class=\"author-a-ytz80znwz76z3qz77zz78zaz88zz78zz79zjz67z\">Was halten wir nun davon?<\/span><\/strong><\/div>\n<div id=\"magicdomid40\" class=\"ace-line\"><span class=\"author-a-ytz80znwz76z3qz77zz78zaz88zz78zz79zjz67z\">\u00a0<\/span><\/div>\n<div id=\"magicdomid41\" class=\"ace-line\"><span class=\"author-a-ytz80znwz76z3qz77zz78zaz88zz78zz79zjz67z\">Die Land\u00e4rzt*innenquote lehnen wir klar ab. Aus unserer Sicht kann es keine L\u00f6sung sein, Studienanf\u00e4nger*innen auf mehr als zwei Jahrzehnte zu verpflichten und damit ihre freie Lebensgestaltung derart einzuschr\u00e4nken. Noch dazu gibt es andere Ma\u00dfnahmen, wie das Medizinstudium zu reformieren, w\u00e4hrend des Studiums Anreize zu schaffen oder den l\u00e4ndlichen Raum bzw. \u00e4rztliche T\u00e4tigkeit aktiver zu unterst\u00fctzen und \u00c4rzt*innen zum Beispiel bei einer Niederlassung auf dem Land aktiv zu f\u00f6rdern. Diese Alternativen w\u00fcrden schneller, zielgenauer und nachhaltiger wirken. Aufgrund des grundrechtseinschr\u00e4nkenden Charakters halten wir die Quote in keinster Weise f\u00fcr das Mittel der Wahl.\u00a0<\/span><\/div>\n<div id=\"magicdomid42\" class=\"ace-line\"><span class=\"author-a-ytz80znwz76z3qz77zz78zaz88zz78zz79zjz67z\">Die Abschaffung der Austrittsoption aus der verfassten Studierendenschaft wiederum halten wir f\u00fcr unbedingt notwendig. Es ist nicht nachvollziehbar, weshalb Studierende aus der demokratisch organisierten Studierendenschaft einfach austreten k\u00f6nnen,\u00a0anstelle sich an den demokratischen Prozessen zu beteiligen, um die eigenen Vorstellungen umzusetzen. Mit der Wiederherstellung der verfassten Studierendenschaft k\u00f6nnen die gew\u00e4hlten Vertretungen mit einer gest\u00e4rkteren Stimme handeln und auch Angebote wie z.B. das Semesterticket noch attraktiver gestalten.<\/span><\/div>\n<div id=\"magicdomid43\" class=\"ace-line\"><span class=\"author-a-ytz80znwz76z3qz77zz78zaz88zz78zz79zjz67z\">Wir kritisieren allerdings grunds\u00e4tzlich, dass die beiden Themen in dieser Form miteinander vermischt werden. Es ist offensichtlich, dass keinerlei gemeinsame Schnittmengen bestehen und sie lediglich aus strategischen Gr\u00fcnden gemeinsam behandelt und abgestimmt werden sollen. Aufgrund der ohnehin schon hohen Komplexit\u00e4t der beiden Bereiche ben\u00f6tigen sie ausreichend Raum, um getrennt voneinander ausf\u00fchrlich diskutiert zu werden.<\/span><\/div>\n<div id=\"magicdomid44\" class=\"ace-line\"><span class=\"author-a-ytz80znwz76z3qz77zz78zaz88zz78zz79zjz67z\">\u00a0<\/span><\/div>\n<div id=\"magicdomid45\" class=\"ace-line\"><strong><span class=\"author-a-ytz80znwz76z3qz77zz78zaz88zz78zz79zjz67z\">Wie lief nun also die Anh\u00f6rung?<\/span><\/strong><\/div>\n<div id=\"magicdomid46\" class=\"ace-line\"><span class=\"author-a-ytz80znwz76z3qz77zz78zaz88zz78zz79zjz67z\">\u00a0<\/span><\/div>\n<div id=\"magicdomid47\" class=\"ace-line\"><span class=\"author-a-ytz80znwz76z3qz77zz78zaz88zz78zz79zjz67z\">Es ist genau das eingetreten, was wir kritisiert und bef\u00fcrchtet haben. Die Anh\u00f6rung drehte sich fast ausschlie\u00dflich um die Land\u00e4rzt*innenquote und unsere Sprecherin Bine war die Einzige, die sich in ihrem Eingangsstatement zur verfassten Studierendenschaft ge\u00e4u\u00dfert hat. Auch die Kritik an der Quote und der gemeinsamen Behandlung haben wir zu Beginn vorgetragen. Fragen gingen fast ausschlie\u00dflich an die anderen Sachverst\u00e4ndigen und handelten sich vor allem um die juristischen Details der Quotenregelung. Auf die Sicht der Studierenden als eine der Hauptbetroffenen wurde leider so gut wie gar nicht eingegangen.<\/span><\/div>\n<div id=\"magicdomid48\" class=\"ace-line\"><span class=\"author-a-ytz80znwz76z3qz77zz78zaz88zz78zz79zjz67z\">\u00a0<\/span><\/div>\n<div id=\"magicdomid49\" class=\"ace-line\"><span class=\"author-a-ytz80znwz76z3qz77zz78zaz88zz78zz79zjz67z\">Nichtsdestotrotz freuen wir uns sehr, dass der jahrelange Kampf f\u00fcr die Abschaffung der Austrittsoption endlich Fr\u00fcchte tr\u00e4gt.. F\u00fcr die Land\u00e4rzt*innenquote kamen sowohl von uns, als auch von den anderen Sachverst\u00e4ndigen noch einige konstruktive Vorschl\u00e4ge, wie die M\u00f6glichkeit nach einer Teilzeit- anstelle einer Vollzeitt\u00e4tigkeit und die weitere St\u00e4rkung der Allgemeinmediziner*innen auf dem Land. Wir hoffen dadurch, diese Ma\u00dfnahme zumindest noch ein bisschen in ihrem einschr\u00e4nkenden Charakter abschw\u00e4chen zu k\u00f6nnen.<\/span><\/div>\n<div id=\"magicdomid50\" class=\"ace-line\"><span class=\"author-a-ytz80znwz76z3qz77zz78zaz88zz78zz79zjz67z\">\u00a0<\/span><\/div>\n<div id=\"magicdomid51\" class=\"ace-line\"><span class=\"author-a-ytz80znwz76z3qz77zz78zaz88zz78zz79zjz67z\">Den gesamten Prozess werden wir selbstverst\u00e4ndlich auch weiterhin begleiten und euch auf dem neuesten Stand halten. Das gesamte Eingangsstatement, das Bine so \u00e4hnlich im Landtag vorgetragen hat, k\u00f6nnt ihr <a href=\"https:\/\/cloud.kss-sachsen.de\/s\/EbD6BDXB4iCmlPF\">hier nachlesen<\/a>.\u00a0<\/span><\/div>\n","protected":false},"excerpt":{"rendered":"<p>Wir waren letzten Montag wieder zu einer Anh\u00f6rung in den S\u00e4chsischen Wissenschaftsausschuss geladen! Dort hatten wir die M\u00f6glichkeit, unter mehreren Sachverst\u00e4ndigen eine Stellungnahme zu einem Gesetzesentwurf\u00a0abzugeben und standen den Abgeordneten im Ausschuss f\u00fcr R\u00fcckfragen zur Verf\u00fcgung.\u00a0 Damit wurde den Anwesenden erm\u00f6glicht, sich ihre Meinung auf Grundlade fundierter Expertise selbst bilden zu k\u00f6nnen. Da die KSS gem\u00e4\u00df S\u00e4chsHSFG zu Gesetzes\u00e4nderungen, die<a class=\"read-more\" href=\"https:\/\/www.kss-sachsen.de\/news_0721\">Hier weiter lesen&#8230;<\/a><\/p>\n","protected":false},"author":1,"featured_media":2323,"comment_status":"open","ping_status":"open","sticky":false,"template":"","format":"standard","meta":{"footnotes":""},"categories":[1],"tags":[],"yoast_head":"<!-- This site is optimized with the Yoast SEO plugin v23.5 - https:\/\/yoast.com\/wordpress\/plugins\/seo\/ -->\n<title>Studentische Interessenvertretung direkt im S\u00e4chsischen Landtag?! - KSS<\/title>\n<meta name=\"robots\" content=\"index, follow, max-snippet:-1, max-image-preview:large, max-video-preview:-1\" \/>\n<link rel=\"canonical\" href=\"https:\/\/www.kss-sachsen.de\/news_0721\" \/>\n<meta property=\"og:locale\" content=\"de_DE\" \/>\n<meta property=\"og:type\" content=\"article\" \/>\n<meta property=\"og:title\" content=\"Studentische Interessenvertretung direkt im S\u00e4chsischen Landtag?! - KSS\" \/>\n<meta property=\"og:description\" content=\"Wir waren letzten Montag wieder zu einer Anh\u00f6rung in den S\u00e4chsischen Wissenschaftsausschuss geladen! Dort hatten wir die M\u00f6glichkeit, unter mehreren Sachverst\u00e4ndigen eine Stellungnahme zu einem Gesetzesentwurf\u00a0abzugeben und standen den Abgeordneten im Ausschuss f\u00fcr R\u00fcckfragen zur Verf\u00fcgung.\u00a0 Damit wurde den Anwesenden erm\u00f6glicht, sich ihre Meinung auf Grundlade fundierter Expertise selbst bilden zu k\u00f6nnen. Da die KSS gem\u00e4\u00df S\u00e4chsHSFG zu Gesetzes\u00e4nderungen, dieHier weiter lesen...\" \/>\n<meta property=\"og:url\" content=\"https:\/\/www.kss-sachsen.de\/news_0721\" \/>\n<meta property=\"og:site_name\" content=\"KSS\" \/>\n<meta property=\"article:published_time\" content=\"2021-07-09T13:55:32+00:00\" \/>\n<meta property=\"article:modified_time\" content=\"2021-07-09T14:11:45+00:00\" \/>\n<meta property=\"og:image\" content=\"https:\/\/www.kss-sachsen.de\/wp-content\/uploads\/2021\/07\/photo1625842331.jpeg\" \/>\n\t<meta property=\"og:image:width\" content=\"1280\" \/>\n\t<meta property=\"og:image:height\" content=\"960\" \/>\n\t<meta property=\"og:image:type\" content=\"image\/jpeg\" \/>\n<meta name=\"author\" content=\"administration\" \/>\n<meta name=\"twitter:card\" content=\"summary_large_image\" \/>\n<meta name=\"twitter:label1\" content=\"Verfasst von\" \/>\n\t<meta name=\"twitter:data1\" content=\"administration\" \/>\n\t<meta name=\"twitter:label2\" content=\"Gesch\u00e4tzte Lesezeit\" \/>\n\t<meta name=\"twitter:data2\" content=\"4\u00a0Minuten\" \/>\n<script type=\"application\/ld+json\" class=\"yoast-schema-graph\">{\"@context\":\"https:\/\/schema.org\",\"@graph\":[{\"@type\":\"Article\",\"@id\":\"https:\/\/www.kss-sachsen.de\/news_0721#article\",\"isPartOf\":{\"@id\":\"https:\/\/www.kss-sachsen.de\/news_0721\"},\"author\":{\"name\":\"administration\",\"@id\":\"https:\/\/www.kss-sachsen.de\/#\/schema\/person\/fbcf1c2438e102156e84a4ba5c3daa64\"},\"headline\":\"Studentische Interessenvertretung direkt im S\u00e4chsischen Landtag?!\",\"datePublished\":\"2021-07-09T13:55:32+00:00\",\"dateModified\":\"2021-07-09T14:11:45+00:00\",\"mainEntityOfPage\":{\"@id\":\"https:\/\/www.kss-sachsen.de\/news_0721\"},\"wordCount\":813,\"commentCount\":0,\"publisher\":{\"@id\":\"https:\/\/www.kss-sachsen.de\/#organization\"},\"image\":{\"@id\":\"https:\/\/www.kss-sachsen.de\/news_0721#primaryimage\"},\"thumbnailUrl\":\"https:\/\/www.kss-sachsen.de\/wp-content\/uploads\/2021\/07\/photo1625842331.jpeg\",\"articleSection\":[\"Uncategorized\"],\"inLanguage\":\"de\",\"potentialAction\":[{\"@type\":\"CommentAction\",\"name\":\"Comment\",\"target\":[\"https:\/\/www.kss-sachsen.de\/news_0721#respond\"]}]},{\"@type\":\"WebPage\",\"@id\":\"https:\/\/www.kss-sachsen.de\/news_0721\",\"url\":\"https:\/\/www.kss-sachsen.de\/news_0721\",\"name\":\"Studentische Interessenvertretung direkt im S\u00e4chsischen Landtag?! - KSS\",\"isPartOf\":{\"@id\":\"https:\/\/www.kss-sachsen.de\/#website\"},\"primaryImageOfPage\":{\"@id\":\"https:\/\/www.kss-sachsen.de\/news_0721#primaryimage\"},\"image\":{\"@id\":\"https:\/\/www.kss-sachsen.de\/news_0721#primaryimage\"},\"thumbnailUrl\":\"https:\/\/www.kss-sachsen.de\/wp-content\/uploads\/2021\/07\/photo1625842331.jpeg\",\"datePublished\":\"2021-07-09T13:55:32+00:00\",\"dateModified\":\"2021-07-09T14:11:45+00:00\",\"breadcrumb\":{\"@id\":\"https:\/\/www.kss-sachsen.de\/news_0721#breadcrumb\"},\"inLanguage\":\"de\",\"potentialAction\":[{\"@type\":\"ReadAction\",\"target\":[\"https:\/\/www.kss-sachsen.de\/news_0721\"]}]},{\"@type\":\"ImageObject\",\"inLanguage\":\"de\",\"@id\":\"https:\/\/www.kss-sachsen.de\/news_0721#primaryimage\",\"url\":\"https:\/\/www.kss-sachsen.de\/wp-content\/uploads\/2021\/07\/photo1625842331.jpeg\",\"contentUrl\":\"https:\/\/www.kss-sachsen.de\/wp-content\/uploads\/2021\/07\/photo1625842331.jpeg\",\"width\":1280,\"height\":960},{\"@type\":\"BreadcrumbList\",\"@id\":\"https:\/\/www.kss-sachsen.de\/news_0721#breadcrumb\",\"itemListElement\":[{\"@type\":\"ListItem\",\"position\":1,\"name\":\"Home\",\"item\":\"https:\/\/www.kss-sachsen.de\/\"},{\"@type\":\"ListItem\",\"position\":2,\"name\":\"Studentische Interessenvertretung direkt im S\u00e4chsischen Landtag?!\"}]},{\"@type\":\"WebSite\",\"@id\":\"https:\/\/www.kss-sachsen.de\/#website\",\"url\":\"https:\/\/www.kss-sachsen.de\/\",\"name\":\"Konferenz S\u00e4chsischer Studierendenschaften\",\"description\":\"Konferenz S\u00e4chsischer Studierendenschaften\",\"publisher\":{\"@id\":\"https:\/\/www.kss-sachsen.de\/#organization\"},\"potentialAction\":[{\"@type\":\"SearchAction\",\"target\":{\"@type\":\"EntryPoint\",\"urlTemplate\":\"https:\/\/www.kss-sachsen.de\/?s={search_term_string}\"},\"query-input\":{\"@type\":\"PropertyValueSpecification\",\"valueRequired\":true,\"valueName\":\"search_term_string\"}}],\"inLanguage\":\"de\"},{\"@type\":\"Organization\",\"@id\":\"https:\/\/www.kss-sachsen.de\/#organization\",\"name\":\"Konferenz S\u00e4chsischer Studierendenschaften\",\"url\":\"https:\/\/www.kss-sachsen.de\/\",\"logo\":{\"@type\":\"ImageObject\",\"inLanguage\":\"de\",\"@id\":\"https:\/\/www.kss-sachsen.de\/#\/schema\/logo\/image\/\",\"url\":\"https:\/\/www.kss-sachsen.de\/wp-content\/uploads\/2023\/02\/Logo-KSS.png\",\"contentUrl\":\"https:\/\/www.kss-sachsen.de\/wp-content\/uploads\/2023\/02\/Logo-KSS.png\",\"width\":2239,\"height\":1528,\"caption\":\"Konferenz S\u00e4chsischer Studierendenschaften\"},\"image\":{\"@id\":\"https:\/\/www.kss-sachsen.de\/#\/schema\/logo\/image\/\"},\"sameAs\":[\"https:\/\/www.instagram.com\/kss_sachsen\/\"]},{\"@type\":\"Person\",\"@id\":\"https:\/\/www.kss-sachsen.de\/#\/schema\/person\/fbcf1c2438e102156e84a4ba5c3daa64\",\"name\":\"administration\",\"image\":{\"@type\":\"ImageObject\",\"inLanguage\":\"de\",\"@id\":\"https:\/\/www.kss-sachsen.de\/#\/schema\/person\/image\/\",\"url\":\"https:\/\/secure.gravatar.com\/avatar\/e4ecd4cb3a6714c2adcf507161262d91?s=96&d=mm&r=g\",\"contentUrl\":\"https:\/\/secure.gravatar.com\/avatar\/e4ecd4cb3a6714c2adcf507161262d91?s=96&d=mm&r=g\",\"caption\":\"administration\"},\"url\":\"https:\/\/www.kss-sachsen.de\/?author=1\"}]}<\/script>\n<!-- \/ Yoast SEO plugin. -->","yoast_head_json":{"title":"Studentische Interessenvertretung direkt im S\u00e4chsischen Landtag?! - KSS","robots":{"index":"index","follow":"follow","max-snippet":"max-snippet:-1","max-image-preview":"max-image-preview:large","max-video-preview":"max-video-preview:-1"},"canonical":"https:\/\/www.kss-sachsen.de\/news_0721","og_locale":"de_DE","og_type":"article","og_title":"Studentische Interessenvertretung direkt im S\u00e4chsischen Landtag?! - KSS","og_description":"Wir waren letzten Montag wieder zu einer Anh\u00f6rung in den S\u00e4chsischen Wissenschaftsausschuss geladen! Dort hatten wir die M\u00f6glichkeit, unter mehreren Sachverst\u00e4ndigen eine Stellungnahme zu einem Gesetzesentwurf\u00a0abzugeben und standen den Abgeordneten im Ausschuss f\u00fcr R\u00fcckfragen zur Verf\u00fcgung.\u00a0 Damit wurde den Anwesenden erm\u00f6glicht, sich ihre Meinung auf Grundlade fundierter Expertise selbst bilden zu k\u00f6nnen. Da die KSS gem\u00e4\u00df S\u00e4chsHSFG zu Gesetzes\u00e4nderungen, dieHier weiter lesen...","og_url":"https:\/\/www.kss-sachsen.de\/news_0721","og_site_name":"KSS","article_published_time":"2021-07-09T13:55:32+00:00","article_modified_time":"2021-07-09T14:11:45+00:00","og_image":[{"width":1280,"height":960,"url":"https:\/\/www.kss-sachsen.de\/wp-content\/uploads\/2021\/07\/photo1625842331.jpeg","type":"image\/jpeg"}],"author":"administration","twitter_card":"summary_large_image","twitter_misc":{"Verfasst von":"administration","Gesch\u00e4tzte Lesezeit":"4\u00a0Minuten"},"schema":{"@context":"https:\/\/schema.org","@graph":[{"@type":"Article","@id":"https:\/\/www.kss-sachsen.de\/news_0721#article","isPartOf":{"@id":"https:\/\/www.kss-sachsen.de\/news_0721"},"author":{"name":"administration","@id":"https:\/\/www.kss-sachsen.de\/#\/schema\/person\/fbcf1c2438e102156e84a4ba5c3daa64"},"headline":"Studentische Interessenvertretung direkt im S\u00e4chsischen Landtag?!","datePublished":"2021-07-09T13:55:32+00:00","dateModified":"2021-07-09T14:11:45+00:00","mainEntityOfPage":{"@id":"https:\/\/www.kss-sachsen.de\/news_0721"},"wordCount":813,"commentCount":0,"publisher":{"@id":"https:\/\/www.kss-sachsen.de\/#organization"},"image":{"@id":"https:\/\/www.kss-sachsen.de\/news_0721#primaryimage"},"thumbnailUrl":"https:\/\/www.kss-sachsen.de\/wp-content\/uploads\/2021\/07\/photo1625842331.jpeg","articleSection":["Uncategorized"],"inLanguage":"de","potentialAction":[{"@type":"CommentAction","name":"Comment","target":["https:\/\/www.kss-sachsen.de\/news_0721#respond"]}]},{"@type":"WebPage","@id":"https:\/\/www.kss-sachsen.de\/news_0721","url":"https:\/\/www.kss-sachsen.de\/news_0721","name":"Studentische Interessenvertretung direkt im S\u00e4chsischen Landtag?! - KSS","isPartOf":{"@id":"https:\/\/www.kss-sachsen.de\/#website"},"primaryImageOfPage":{"@id":"https:\/\/www.kss-sachsen.de\/news_0721#primaryimage"},"image":{"@id":"https:\/\/www.kss-sachsen.de\/news_0721#primaryimage"},"thumbnailUrl":"https:\/\/www.kss-sachsen.de\/wp-content\/uploads\/2021\/07\/photo1625842331.jpeg","datePublished":"2021-07-09T13:55:32+00:00","dateModified":"2021-07-09T14:11:45+00:00","breadcrumb":{"@id":"https:\/\/www.kss-sachsen.de\/news_0721#breadcrumb"},"inLanguage":"de","potentialAction":[{"@type":"ReadAction","target":["https:\/\/www.kss-sachsen.de\/news_0721"]}]},{"@type":"ImageObject","inLanguage":"de","@id":"https:\/\/www.kss-sachsen.de\/news_0721#primaryimage","url":"https:\/\/www.kss-sachsen.de\/wp-content\/uploads\/2021\/07\/photo1625842331.jpeg","contentUrl":"https:\/\/www.kss-sachsen.de\/wp-content\/uploads\/2021\/07\/photo1625842331.jpeg","width":1280,"height":960},{"@type":"BreadcrumbList","@id":"https:\/\/www.kss-sachsen.de\/news_0721#breadcrumb","itemListElement":[{"@type":"ListItem","position":1,"name":"Home","item":"https:\/\/www.kss-sachsen.de\/"},{"@type":"ListItem","position":2,"name":"Studentische Interessenvertretung direkt im S\u00e4chsischen Landtag?!"}]},{"@type":"WebSite","@id":"https:\/\/www.kss-sachsen.de\/#website","url":"https:\/\/www.kss-sachsen.de\/","name":"Konferenz S\u00e4chsischer Studierendenschaften","description":"Konferenz S\u00e4chsischer Studierendenschaften","publisher":{"@id":"https:\/\/www.kss-sachsen.de\/#organization"},"potentialAction":[{"@type":"SearchAction","target":{"@type":"EntryPoint","urlTemplate":"https:\/\/www.kss-sachsen.de\/?s={search_term_string}"},"query-input":{"@type":"PropertyValueSpecification","valueRequired":true,"valueName":"search_term_string"}}],"inLanguage":"de"},{"@type":"Organization","@id":"https:\/\/www.kss-sachsen.de\/#organization","name":"Konferenz S\u00e4chsischer Studierendenschaften","url":"https:\/\/www.kss-sachsen.de\/","logo":{"@type":"ImageObject","inLanguage":"de","@id":"https:\/\/www.kss-sachsen.de\/#\/schema\/logo\/image\/","url":"https:\/\/www.kss-sachsen.de\/wp-content\/uploads\/2023\/02\/Logo-KSS.png","contentUrl":"https:\/\/www.kss-sachsen.de\/wp-content\/uploads\/2023\/02\/Logo-KSS.png","width":2239,"height":1528,"caption":"Konferenz S\u00e4chsischer Studierendenschaften"},"image":{"@id":"https:\/\/www.kss-sachsen.de\/#\/schema\/logo\/image\/"},"sameAs":["https:\/\/www.instagram.com\/kss_sachsen\/"]},{"@type":"Person","@id":"https:\/\/www.kss-sachsen.de\/#\/schema\/person\/fbcf1c2438e102156e84a4ba5c3daa64","name":"administration","image":{"@type":"ImageObject","inLanguage":"de","@id":"https:\/\/www.kss-sachsen.de\/#\/schema\/person\/image\/","url":"https:\/\/secure.gravatar.com\/avatar\/e4ecd4cb3a6714c2adcf507161262d91?s=96&d=mm&r=g","contentUrl":"https:\/\/secure.gravatar.com\/avatar\/e4ecd4cb3a6714c2adcf507161262d91?s=96&d=mm&r=g","caption":"administration"},"url":"https:\/\/www.kss-sachsen.de\/?author=1"}]}},"_links":{"self":[{"href":"https:\/\/www.kss-sachsen.de\/index.php?rest_route=\/wp\/v2\/posts\/2322"}],"collection":[{"href":"https:\/\/www.kss-sachsen.de\/index.php?rest_route=\/wp\/v2\/posts"}],"about":[{"href":"https:\/\/www.kss-sachsen.de\/index.php?rest_route=\/wp\/v2\/types\/post"}],"author":[{"embeddable":true,"href":"https:\/\/www.kss-sachsen.de\/index.php?rest_route=\/wp\/v2\/users\/1"}],"replies":[{"embeddable":true,"href":"https:\/\/www.kss-sachsen.de\/index.php?rest_route=%2Fwp%2Fv2%2Fcomments&post=2322"}],"version-history":[{"count":5,"href":"https:\/\/www.kss-sachsen.de\/index.php?rest_route=\/wp\/v2\/posts\/2322\/revisions"}],"predecessor-version":[{"id":2330,"href":"https:\/\/www.kss-sachsen.de\/index.php?rest_route=\/wp\/v2\/posts\/2322\/revisions\/2330"}],"wp:featuredmedia":[{"embeddable":true,"href":"https:\/\/www.kss-sachsen.de\/index.php?rest_route=\/wp\/v2\/media\/2323"}],"wp:attachment":[{"href":"https:\/\/www.kss-sachsen.de\/index.php?rest_route=%2Fwp%2Fv2%2Fmedia&parent=2322"}],"wp:term":[{"taxonomy":"category","embeddable":true,"href":"https:\/\/www.kss-sachsen.de\/index.php?rest_route=%2Fwp%2Fv2%2Fcategories&post=2322"},{"taxonomy":"post_tag","embeddable":true,"href":"https:\/\/www.kss-sachsen.de\/index.php?rest_route=%2Fwp%2Fv2%2Ftags&post=2322"}],"curies":[{"name":"wp","href":"https:\/\/api.w.org\/{rel}","templated":true}]}}