{"id":2395,"date":"2021-08-20T11:32:25","date_gmt":"2021-08-20T09:32:25","guid":{"rendered":"https:\/\/www.kss-sachsen.de\/?p=2395"},"modified":"2021-08-20T11:32:25","modified_gmt":"2021-08-20T09:32:25","slug":"8-newsletter-2021","status":"publish","type":"post","link":"https:\/\/www.kss-sachsen.de\/newsletter_august21","title":{"rendered":"8. Newsletter 2021"},"content":{"rendered":"<div id=\"magicdomid6\" class=\"ace-line\"><span class=\"author-a-ytz80znwz76z3qz77zz78zaz88zz78zz79zjz67z\">Liebe Mitstreiter*innen und Interessierte der KSS,<\/p>\n<p>hiermit bekommt ihr den monatlichen Einblick in unsere Themen und aktuelle Arbeit. \u00dcber folgende Themen wollen wir euch in der gewohnten K\u00fcrze berichten:<br \/>\n<\/span><\/div>\n<ol>\n<li class=\"ace-line\"><span class=\"author-a-ytz80znwz76z3qz77zz78zaz88zz78zz79zjz67z\">Impfungen f\u00fcr Studis<\/span><\/li>\n<li id=\"magicdomid7\" class=\"ace-line\"><span class=\"author-a-ytz80znwz76z3qz77zz78zaz88zz78zz79zjz67z\">Regelungen zum kommenden Wintersemester<\/span><\/li>\n<li id=\"magicdomid8\" class=\"ace-line\"><span class=\"author-a-ytz80znwz76z3qz77zz78zaz88zz78zz79zjz67z\">Bundestagswahl<\/span><span class=\"author-a-z69zbtkz90zz84zz122zz82zyxyz80zz72zsvz77z\">kampagne<\/span><\/li>\n<li id=\"magicdomid77\" class=\"ace-line\"><span class=\"author-a-ytz80znwz76z3qz77zz78zaz88zz78zz79zjz67z\">Veranstaltungen zur Bundestagswahl<\/span><\/li>\n<li id=\"magicdomid86\" class=\"ace-line\"><span class=\"author-a-ytz80znwz76z3qz77zz78zaz88zz78zz79zjz67z\">Hochschulgesetz<\/span><\/li>\n<li id=\"magicdomid102\" class=\"ace-line\"><span class=\"author-a-ytz80znwz76z3qz77zz78zaz88zz78zz79zjz67z\">Treffen mit Minister Gemkow<\/span><\/li>\n<li id=\"magicdomid104\" class=\"ace-line\"><span class=\"author-a-ytz80znwz76z3qz77zz78zaz88zz78zz79zjz67z\">Notlage bei der psychosozialen Beratung des StuWe<\/span><\/li>\n<li id=\"magicdomid112\" class=\"ace-line\"><span class=\"author-a-ytz80znwz76z3qz77zz78zaz88zz78zz79zjz67z\">Klima<\/span><\/li>\n<li id=\"magicdomid115\" class=\"ace-line\"><span class=\"author-a-ytz80znwz76z3qz77zz78zaz88zz78zz79zjz67z\">LSR-Sitzung <\/span><\/li>\n<li class=\"ace-line\"><span class=\"author-a-ytz80znwz76z3qz77zz78zaz88zz78zz79zjz67z\">Ausblick<\/span><\/li>\n<\/ol>\n<p><span class=\"author-a-ytz80znwz76z3qz77zz78zaz88zz78zz79zjz67z\"><strong><a href=\"https:\/\/www.lists.kss-sachsen.de\/mailman\/listinfo\/newsletter\" target=\"_blank\">Hier k\u00f6nnt ihr den Newsletter abonnieren!<\/a><\/strong><\/p>\n<p><\/span><strong><span class=\"author-a-ytz80znwz76z3qz77zz78zaz88zz78zz79zjz67z\">1. <\/span><span class=\"author-a-z69zbtkz90zz84zz122zz82zyxyz80zz72zsvz77z\">Impfungen f\u00fcr Studis<\/p>\n<p><\/span><\/strong><span class=\"author-a-z69zbtkz90zz84zz122zz82zyxyz80zz72zsvz77z\">Ihr macht euch sicherlich Gedanken, wie das kommende Wintersemester ablaufen wird. Wir nat\u00fcrlich auch und f\u00fcr uns ist klar, dass wir ein viertes digitales Semester in Folge vor allem dadurch verhindern k\u00f6nnen, wenn sich m\u00f6glichst viele von uns <\/span><span class=\"author-a-ytz80znwz76z3qz77zz78zaz88zz78zz79zjz67z\">i<\/span><span class=\"author-a-z69zbtkz90zz84zz122zz82zyxyz80zz72zsvz77z\">mpfen lassen<\/span><span class=\"author-a-ytz80znwz76z3qz77zz78zaz88zz78zz79zjz67z\">!<\/span><span class=\"author-a-z69zbtkz90zz84zz122zz82zyxyz80zz72zsvz77z\"> Mittlerweile gibt es \u00fcberall freie Impftermine <\/span><span class=\"author-a-ytz80znwz76z3qz77zz78zaz88zz78zz79zjz67z\">&#8211; sogar direkt an den Hochschulen. <\/span><span class=\"author-a-z69zbtkz90zz84zz122zz82zyxyz80zz72zsvz77z\">Seid solidarisch und nehmt diese Angebote unbedingt war.\u00a0<\/span><\/p>\n<div id=\"magicdomid20\" class=\"ace-line\"><span class=\"author-a-ytz80znwz76z3qz77zz78zaz88zz78zz79zjz67z\">Unsere Vorschl\u00e4ge, eine zentrale Webseite mit einer \u00dcbersicht \u00fcber alle Impftermine an den Campus einzurichten oder an allen Hochschulen Umfragen zur Impfquote unter den Studierenden zu starten, wurden bisher noch nicht umgesetzt. Besonders letzteres w\u00fcrde eine bessere Datengrundlage zur Entscheidung \u00fcber Pr\u00e4senzveranstaltungen liefern, doch bislang wurde eine solche Umfrage unseres Wissens nur an der TU Dresden durchgef\u00fchrt. <\/span><span class=\"author-a-z69zbtkz90zz84zz122zz82zyxyz80zz72zsvz77z\">Diese hat sich allerdings schon bereit erkl\u00e4rt den anderen Hochschulen ihre Ergebnisse zur Verf\u00fcgung zu stellen, sodass hoffentlich alle mehr Informationen bekommen und davon profitieren<\/span><span class=\"author-a-ytz80znwz76z3qz77zz78zaz88zz78zz79zjz67z\"> k\u00f6nnen<\/span><span class=\"author-a-z69zbtkz90zz84zz122zz82zyxyz80zz72zsvz77z\">.<\/p>\n<p><\/span><strong><span class=\"author-a-ytz80znwz76z3qz77zz78zaz88zz78zz79zjz67z\">2. <\/span><span class=\"author-a-z69zbtkz90zz84zz122zz82zyxyz80zz72zsvz77z\">Regelungen zum kommenden Wintersemester<\/span><\/strong><\/div>\n<div id=\"magicdomid21\" class=\"ace-line\"><\/div>\n<div id=\"magicdomid22\" class=\"ace-line\"><span class=\"author-a-ytz80znwz76z3qz77zz78zaz88zz78zz79zjz67z\">Je<\/span><span class=\"author-a-z69zbtkz90zz84zz122zz82zyxyz80zz72zsvz77z\"> nach den unterschiedlichen Voraussetzungen und Bedarfen <\/span><span class=\"author-a-ytz80znwz76z3qz77zz78zaz88zz78zz79zjz67z\">wird\u00a0<\/span><span class=\"author-a-z69zbtkz90zz84zz122zz82zyxyz80zz72zsvz77z\"> jede Hochschule <\/span><span class=\"author-a-ytz80znwz76z3qz77zz78zaz88zz78zz79zjz67z\">wieder <\/span><span class=\"author-a-z69zbtkz90zz84zz122zz82zyxyz80zz72zsvz77z\">selbst entscheiden<\/span><span class=\"author-a-ytz80znwz76z3qz77zz78zaz88zz78zz79zjz67z\">,<\/span><span class=\"author-a-z69zbtkz90zz84zz122zz82zyxyz80zz72zsvz77z\"> wie das kommende <\/span><span class=\"author-a-ytz80znwz76z3qz77zz78zaz88zz78zz79zjz67z\">Winters<\/span><span class=\"author-a-z69zbtkz90zz84zz122zz82zyxyz80zz72zsvz77z\">emester abl\u00e4uft. Haltet euch<\/span><span class=\"author-a-ytz80znwz76z3qz77zz78zaz88zz78zz79zjz67z\"> also<\/span><span class=\"author-a-z69zbtkz90zz84zz122zz82zyxyz80zz72zsvz77z\"> auf de<\/span><span class=\"author-a-ytz80znwz76z3qz77zz78zaz88zz78zz79zjz67z\">r Webseite<\/span><span class=\"author-a-z69zbtkz90zz84zz122zz82zyxyz80zz72zsvz77z\"> eurer Hochschule auf dem Laufenden.<\/span><\/div>\n<div id=\"magicdomid149\" class=\"ace-line\"><span class=\"author-a-z69zbtkz90zz84zz122zz82zyxyz80zz72zsvz77z\">Es sind sich jedoch alle in der groben Linie einig<\/span><span class=\"author-a-ytz80znwz76z3qz77zz78zaz88zz78zz79zjz67z\">,<\/span><span class=\"author-a-z69zbtkz90zz84zz122zz82zyxyz80zz72zsvz77z\"> wieder so viel Pr\u00e4senz<\/span><span class=\"author-a-ytz80znwz76z3qz77zz78zaz88zz78zz79zjz67z\"> wie m\u00f6glich<\/span> <span class=\"author-a-ytz80znwz76z3qz77zz78zaz88zz78zz79zjz67z\">anzubieten<\/span><span class=\"author-a-z69zbtkz90zz84zz122zz82zyxyz80zz72zsvz77z\">. Wir versuchen momentan bei den Entscheidungstr\u00e4ger*innen bestm\u00f6glichst die doch recht komplexe Gemengelage aus studentischer Sicht einzubringen. Aus unserer Sicht ist mehr Pr\u00e4senzlehre nat\u00fcrlich auf jeden Fall w\u00fcnschenswert. Allerdings dr\u00e4ngen wir darauf<\/span><span class=\"author-a-ytz80znwz76z3qz77zz78zaz88zz78zz79zjz67z\">,<\/span><span class=\"author-a-z69zbtkz90zz84zz122zz82zyxyz80zz72zsvz77z\"> nicht die zu vergessen, die an Pr\u00e4senzlehre nicht teilnehmen k\u00f6nnen oder wollen, weil sie sich bspw. nicht impfen lassen k\u00f6nnen oder gef\u00e4hrdetere Angeh\u00f6rige betreuen. Daher fordern wir, dass<\/span><span class=\"author-a-ytz80znwz76z3qz77zz78zaz88zz78zz79zjz67z\"> es<\/span><span class=\"author-a-z69zbtkz90zz84zz122zz82zyxyz80zz72zsvz77z\"> f\u00fcr diese Gruppe weiterhin vollumf\u00e4nglich digitale Angebote zus\u00e4tzlich zum Pr\u00e4senzbetrieb ge<\/span><span class=\"author-a-ytz80znwz76z3qz77zz78zaz88zz78zz79zjz67z\">ben sollte<\/span><span class=\"author-a-z69zbtkz90zz84zz122zz82zyxyz80zz72zsvz77z\">. Falls dies nicht \u00fcberall m\u00f6glich ist, wovon wir gerade ausgehen, m\u00fcssen diese Nachteile ausgeglichen werden. Deswegen bleiben wir auch bei der Forderung nach einer erneuten Regelstudienzeitverl\u00e4ngerung. Mehr erfahrt ihr im Abschnitt zum Treffen mit dem Staatsminister Gemkow.<\/span><\/div>\n<div id=\"magicdomid76\" class=\"ace-line\"><span class=\"author-a-z69zbtkz90zz84zz122zz82zyxyz80zz72zsvz77z\">Festlegungen zu Freiversuchen und weiteren Regelungen bzgl. der Pandemie werden von den einzelnen Hochschulen getroffen. Auch hier arbeiten wir, aber insbesondere die lokalen Studierendenvertretungen, weiterhin dran. Denn wir glauben, dass dadurch viele Studierende motiviert werden<\/span><span class=\"author-a-ytz80znwz76z3qz77zz78zaz88zz78zz79zjz67z\">,<\/span><span class=\"author-a-z69zbtkz90zz84zz122zz82zyxyz80zz72zsvz77z\"> aufgeschobene Pr\u00fcfungen schneller anzugehen und ein guter \u00dcbergang zum Normalbetrieb geschaff<\/span><span class=\"author-a-ytz80znwz76z3qz77zz78zaz88zz78zz79zjz67z\">en<\/span><span class=\"author-a-z69zbtkz90zz84zz122zz82zyxyz80zz72zsvz77z\"> w<\/span><span class=\"author-a-ytz80znwz76z3qz77zz78zaz88zz78zz79zjz67z\">erden kann<\/span><span class=\"author-a-z69zbtkz90zz84zz122zz82zyxyz80zz72zsvz77z\">.<\/p>\n<p><\/span><strong><span class=\"author-a-ytz80znwz76z3qz77zz78zaz88zz78zz79zjz67z\">3. <\/span><span class=\"author-a-z69zbtkz90zz84zz122zz82zyxyz80zz72zsvz77z\">Bundestagswahl<\/span><span class=\"author-a-ytz80znwz76z3qz77zz78zaz88zz78zz79zjz67z\">kampagne<\/span><\/strong><\/div>\n<div id=\"magicdomid30\" class=\"ace-line\"><\/div>\n<div id=\"magicdomid31\" class=\"ace-line\"><span class=\"author-a-z69zbtkz90zz84zz122zz82zyxyz80zz72zsvz77z\">Am 26.09.2021 wird ein neuer Bundestag gew\u00e4hlt! D<\/span><span class=\"author-a-ytz80znwz76z3qz77zz78zaz88zz78zz79zjz67z\">a es hier um unsere Zukunft geht,<\/span> <span class=\"author-a-ytz80znwz76z3qz77zz78zaz88zz78zz79zjz67z\">ist es uns <\/span><span class=\"author-a-z69zbtkz90zz84zz122zz82zyxyz80zz72zsvz77z\">besonders wichtig<\/span><span class=\"author-a-ytz80znwz76z3qz77zz78zaz88zz78zz79zjz67z\">, viele Studierende <\/span><span class=\"author-a-z69zbtkz90zz84zz122zz82zyxyz80zz72zsvz77z\">zum W\u00e4hlen zu motivieren und bestm\u00f6glich \u00fcber die<\/span><span class=\"author-a-ytz80znwz76z3qz77zz78zaz88zz78zz79zjz67z\"> Wahl zu <\/span><span class=\"author-a-z69zbtkz90zz84zz122zz82zyxyz80zz72zsvz77z\">i<\/span><span class=\"author-a-ytz80znwz76z3qz77zz78zaz88zz78zz79zjz67z\">n<\/span><span class=\"author-a-z69zbtkz90zz84zz122zz82zyxyz80zz72zsvz77z\">formieren<\/span><span class=\"author-a-ytz80znwz76z3qz77zz78zaz88zz78zz79zjz67z\">!\u00a0<\/span><\/div>\n<div id=\"magicdomid32\" class=\"ace-line\"><span class=\"author-a-ytz80znwz76z3qz77zz78zaz88zz78zz79zjz67z\">Denn sehr viele von uns<\/span><span class=\"author-a-z69zbtkz90zz84zz122zz82zyxyz80zz72zsvz77z\"> hatten in der Corona-Krise gro\u00dfe Probleme \u2013 sei es durch Verlust des Nebenjobs, unzureichende Studienfinanzierung, psychische Belastungen oder die Herausforderungen eines komplett digitalen Studiums. Doch die letzten eineinhalb Jahre Pandemie haben leider eindr\u00fccklich gezeigt, wie wenig die studentische Stimme in Politik und Gesellschaft geh\u00f6rt wird.\u00a0<\/span><\/div>\n<div id=\"magicdomid35\" class=\"ace-line\"><span class=\"author-a-ytz80znwz76z3qz77zz78zaz88zz78zz79zjz67z\">F\u00fcr uns ist es<\/span><span class=\"author-a-z69zbtkz90zz84zz122zz82zyxyz80zz72zsvz77z\"> Zeit, das zu \u00e4ndern! Unmute and vote! Hebt die Stummschaltung auf und nutzt eure Stimme zur Bundestagswahl. Unter diesem Motto haben wir im August unsere Kampagne zur Bundestagswahl gestartet<\/span><span class=\"author-a-ytz80znwz76z3qz77zz78zaz88zz78zz79zjz67z\">, in deren Zuge<\/span><span class=\"author-a-z69zbtkz90zz84zz122zz82zyxyz80zz72zsvz77z\"> wir <\/span><span class=\"author-a-ytz80znwz76z3qz77zz78zaz88zz78zz79zjz67z\">einige <\/span><span class=\"author-a-z69zbtkz90zz84zz122zz82zyxyz80zz72zsvz77z\">Veranstaltungen <\/span><span class=\"author-a-ytz80znwz76z3qz77zz78zaz88zz78zz79zjz67z\">organisieren <\/span><span class=\"author-a-z69zbtkz90zz84zz122zz82zyxyz80zz72zsvz77z\">und die Positionen der Parteien zu Themen, die Studierende und die Hochschulen betreffen<\/span><span class=\"author-a-ytz80znwz76z3qz77zz78zaz88zz78zz79zjz67z\"> momentan<\/span><span class=\"author-a-z69zbtkz90zz84zz122zz82zyxyz80zz72zsvz77z\"> zusammen<\/span><span class=\"author-a-ytz80znwz76z3qz77zz78zaz88zz78zz79zjz67z\">tragen.<\/span><span class=\"author-a-z69zbtkz90zz84zz122zz82zyxyz80zz72zsvz77z\"> Alle Infos zur Kampagne gibt es unter <a href=\"http:\/\/studis.vote\/btw21\">http:\/\/studis.vote\/btw21<\/a>.<\/p>\n<p><\/span><strong><span class=\"author-a-ytz80znwz76z3qz77zz78zaz88zz78zz79zjz67z\">4. <\/span><span class=\"author-a-z69zbtkz90zz84zz122zz82zyxyz80zz72zsvz77z\">Veranstaltungen zur Bundestagswahl<\/span><\/strong><\/div>\n<div id=\"magicdomid36\" class=\"ace-line\"><\/div>\n<div id=\"magicdomid1378\" class=\"ace-line\"><span class=\"author-a-z69zbtkz90zz84zz122zz82zyxyz80zz72zsvz77z\">Besonders hinweisen m\u00f6chten wir noch einmal auf zwei Veranstaltungen von uns im Rahmen der Bundestagswahl. Gemeinsam mit der DGB Jugend haben wir zum einen eine BAf\u00f6G Podiumsdiskussion und zum anderen eine Diskussion mit jungen Kandidier<\/span><span class=\"author-a-ytz80znwz76z3qz77zz78zaz88zz78zz79zjz67z\">end<\/span><span class=\"author-a-z69zbtkz90zz84zz122zz82zyxyz80zz72zsvz77z\">en \u00fcber Wohnen, Klima und Bildung organisiert. Um das BAf\u00f6G soll es am 25.08. ab 17:15 im Volkshaus Dresden und im Stream gehen. Mit dabei sind Katja Kipping (DIE LINKE), Dr. Markus Reichel (CDU), Holger Mann (SPD), Merle Spellerberg (B\u00fcndnis 90\/Die Gr\u00fcnen) und Philipp Hartewig (FDP). <\/span><span class=\"author-a-ytz80znwz76z3qz77zz78zaz88zz78zz79zjz67z\">Hier geht es zur Facebook-Veranstaltung, die ihr gern noch teilen k\u00f6nnt: <\/span><span class=\"author-a-ytz80znwz76z3qz77zz78zaz88zz78zz79zjz67z url\"><a href=\"https:\/\/www.facebook.com\/events\/162651882556524\/\" rel=\"noreferrer noopener\">https:\/\/www.facebook.com\/events\/162651882556524\/<\/a><\/span><\/div>\n<div id=\"magicdomid39\" class=\"ace-line\"><span class=\"author-a-z69zbtkz90zz84zz122zz82zyxyz80zz72zsvz77z\">Die zweite Veranstaltung wird am 31.08. <\/span><span class=\"author-a-ytz80znwz76z3qz77zz78zaz88zz78zz79zjz67z\">wahrscheinlich vor<\/span><span class=\"author-a-z69zbtkz90zz84zz122zz82zyxyz80zz72zsvz77z\"> dem Paulinum auf dem Augustusplatz in Leipzig stattfinden. Hierf\u00fcr haben wir bereits <\/span><span class=\"author-a-ytz80znwz76z3qz77zz78zaz88zz78zz79zjz67z\">Z<\/span><span class=\"author-a-z69zbtkz90zz84zz122zz82zyxyz80zz72zsvz77z\">usagen von Philipp Hartewig (FDP), Marie M\u00fcser (B\u00fcndnis 90\/Die Gr\u00fcnen), Nadja Sthamer (SPD) und Jessica Heller (CDU). Also haltet euch diese beiden Termine unbedingt frei und kommt vorbei. Alle ausf\u00fchrlichen Infos dazu gibt es unter studis.vote\/btw21\/veranstaltungen.<\/p>\n<p><\/span><strong><span class=\"author-a-ytz80znwz76z3qz77zz78zaz88zz78zz79zjz67z\">5. <\/span><span class=\"author-a-z69zbtkz90zz84zz122zz82zyxyz80zz72zsvz77z\">Hochschulgesetz<\/span><\/strong><\/div>\n<div id=\"magicdomid40\" class=\"ace-line\"><\/div>\n<div id=\"magicdomid1666\" class=\"ace-line\"><span class=\"author-a-z69zbtkz90zz84zz122zz82zyxyz80zz72zsvz77z\">Am 26.07.2021 hat das S\u00e4chsische Staatsministerium f\u00fcr Wissenschaft, Kunst und Tourismus (SMWKT) viele verschiedene Akteur*innen aus Sachsens Hochschullandschaft zu einem offenen Austausch zur Novellierung des S\u00e4chsischen Hochschulfreiheitsgesetzes (S\u00e4chsHSFG) eingeladen. Neben uns, den Gewerkschaften und des akademischen Mittelbaus konnten u. a. auch die einzelnen Hochschulleitungen sowie die Vertretung der Studentenwerke ihre Forderungen und \u00c4nderungsvorschl\u00e4ge f\u00fcr die k\u00fcnftige Gesetzesgebung anbringen. Dadurch, dass die Runde sehr gro\u00df war, diente der Termin weniger zum Austausch von Argumenten, sondern eher<\/span><span class=\"author-a-ytz80znwz76z3qz77zz78zaz88zz78zz79zjz67z\"> um<\/span><span class=\"author-a-z69zbtkz90zz84zz122zz82zyxyz80zz72zsvz77z\"> die Forderungen, die alle Akteur*innen bereits dem Ministerium genannt haben<\/span><span class=\"author-a-ytz80znwz76z3qz77zz78zaz88zz78zz79zjz67z\">,<\/span><span class=\"author-a-z69zbtkz90zz84zz122zz82zyxyz80zz72zsvz77z\"> noch einmal vorzu<\/span><span class=\"author-a-ytz80znwz76z3qz77zz78zaz88zz78zz79zjz67z\">bringen.<\/span><span class=\"author-a-z69zbtkz90zz84zz122zz82zyxyz80zz72zsvz77z\"> Mehr zu diesem Termin k\u00f6nnt ihr in unsere Pressemitteilung unten lesen.\u00a0<\/span><\/div>\n<div id=\"magicdomid43\" class=\"ace-line\"><span class=\"author-a-ytz80znwz76z3qz77zz78zaz88zz78zz79zjz67z\">In Zuge <\/span><span class=\"author-a-z69zbtkz90zz84zz122zz82zyxyz80zz72zsvz77z\">des Austauschs haben wir uns allerdings die M\u00fche gemacht<\/span><span class=\"author-a-ytz80znwz76z3qz77zz78zaz88zz78zz79zjz67z\">,<\/span><span class=\"author-a-z69zbtkz90zz84zz122zz82zyxyz80zz72zsvz77z\"> f\u00fcr nahezu all unsere Forderungen konkrete Gesetzestexte auszuarbeiten. Diese haben wir nun auch dem Ministerium zugesandt, sowie die Petition, die wir vor einigen Monaten gestartet haben<\/span><span class=\"author-a-ytz80znwz76z3qz77zz78zaz88zz78zz79zjz67z\">,<\/span><span class=\"author-a-z69zbtkz90zz84zz122zz82zyxyz80zz72zsvz77z\"> an den Minister Gemkow \u00fcbergeben. Damit haben wir aus unserer Sicht zun\u00e4chst alles getan was in unserer Macht stand, um eine f\u00fcr die Studierenden erfolgreiche Novelle voran zu treiben und sind nun auf den ersten Entwurf des Ministeriums gespannt. Dieser<\/span><span class=\"author-a-ytz80znwz76z3qz77zz78zaz88zz78zz79zjz67z\"> wird nach aktueller Aussage des Ministers wohl bereits im Herbst kommen.<\/p>\n<p><\/span><strong><span class=\"author-a-ytz80znwz76z3qz77zz78zaz88zz78zz79zjz67z\">6. Treffen mit Minister Gemkow<\/span><\/strong><\/div>\n<div id=\"magicdomid44\" class=\"ace-line\"><\/div>\n<div id=\"magicdomid1411\" class=\"ace-line\"><span class=\"author-a-ytz80znwz76z3qz77zz78zaz88zz78zz79zjz67z\">Am 19.08. waren wir wieder zu einem Termin mit Wissenschaftsminister Gemkow ins S\u00e4chsische Staatsministerium f\u00fcr Wissenschaft, Kultur und Tourismus geladen. Hier hatten wir die M\u00f6glichkeit, unsere Petition zum Hochschulgesetz mitsamt der Unterschriftenliste zu \u00fcbergeben<\/span><span class=\"author-a-z69zbtkz90zz84zz122zz82zyxyz80zz72zsvz77z\">. Au\u00dferdem haben wir<\/span><span class=\"author-a-ytz80znwz76z3qz77zz78zaz88zz78zz79zjz67z\"> nochmals<\/span> <span class=\"author-a-ytz80znwz76z3qz77zz78zaz88zz78zz79zjz67z\">den genauen Zeitplan f\u00fcr den <\/span><span class=\"author-a-z69zbtkz90zz84zz122zz82zyxyz80zz72zsvz77z\">ersten <\/span><span class=\"author-a-ytz80znwz76z3qz77zz78zaz88zz78zz79zjz67z\">Gesetzesentwurf <\/span><span class=\"author-a-z69zbtkz90zz84zz122zz82zyxyz80zz72zsvz77z\">erfragt<\/span><span class=\"author-a-ytz80znwz76z3qz77zz78zaz88zz78zz79zjz67z\">, der nach den Aussagen des Ministers nun im Herbst kommen soll.<\/span><\/div>\n<div id=\"magicdomid780\" class=\"ace-line\"><span class=\"author-a-ytz80znwz76z3qz77zz78zaz88zz78zz79zjz67z\">Weiterhin ging es sehr lang um die bereits angerissenen Regelungen bez\u00fcglich der Coronapandemie im kommenden Wintersemester und die Bedingungen f\u00fcr die Erm\u00f6glichung eines Pr\u00e4senzbetriebes, in dem wir uns erneut f\u00fcr die Regelstudienzeit und Freiversuchsregelungen stark machen.\u00a0<\/span><\/div>\n<div id=\"magicdomid47\" class=\"ace-line\"><span class=\"author-a-ytz80znwz76z3qz77zz78zaz88zz78zz79zjz67z\">Doch auch noch ein paar weitere Themen standen auf der Tagesordnung: <\/span><span class=\"author-a-z69zbtkz90zz84zz122zz82zyxyz80zz72zsvz77z\">B<\/span><span class=\"author-a-ytz80znwz76z3qz77zz78zaz88zz78zz79zjz67z\">ei den wegfallenden Tutorien gibt es mittlerweile neue Zahlen, die wir dem Minister aufgearbeitet und vorgelegt haben. Insgesamt fallen zum kommenden Wintersemester landesweit ca. 20 % aller Tutorien weg. Diesen Differenzen m<\/span><span class=\"author-a-z69zbtkz90zz84zz122zz82zyxyz80zz72zsvz77z\">\u00f6<\/span><span class=\"author-a-ytz80znwz76z3qz77zz78zaz88zz78zz79zjz67z\">chte der Minister nun an den einzelnen Hochschulen nachgehen. W<\/span><span class=\"author-a-z69zbtkz90zz84zz122zz82zyxyz80zz72zsvz77z\">eitere Diskussionspunkte waren der Einsatz f\u00fcr<\/span><span class=\"author-a-ytz80znwz76z3qz77zz78zaz88zz78zz79zjz67z\"> Klimagerechtigkeit und Nachhaltigkeit <\/span><span class=\"author-a-z69zbtkz90zz84zz122zz82zyxyz80zz72zsvz77z\">an <\/span><span class=\"author-a-ytz80znwz76z3qz77zz78zaz88zz78zz79zjz67z\">de<\/span><span class=\"author-a-z69zbtkz90zz84zz122zz82zyxyz80zz72zsvz77z\">n<\/span><span class=\"author-a-ytz80znwz76z3qz77zz78zaz88zz78zz79zjz67z\"> s\u00e4chsischen Hochschulen und die derzeitigen Bestrebungen der Gewerkschaften und Studierendenvertretungen f\u00fcr einen studentischen Tarifvertrag (TVStud). Alle Details zum Treffen k\u00f6nnt ihr in unserer aktuellen News<\/span><span class=\"author-a-z69zbtkz90zz84zz122zz82zyxyz80zz72zsvz77z\"> (unten verlinkt)<\/span><span class=\"author-a-ytz80znwz76z3qz77zz78zaz88zz78zz79zjz67z\"> nachlesen.<\/p>\n<p><\/span><strong><span class=\"author-a-ytz80znwz76z3qz77zz78zaz88zz78zz79zjz67z\">7.\u00a0<\/span><span class=\"author-a-ytz80znwz76z3qz77zz78zaz88zz78zz79zjz67z\">Notlage bei der psychosozialen Beratung des StuWe<\/span><\/strong><\/div>\n<div id=\"magicdomid1461\" class=\"ace-line\"><\/div>\n<div id=\"magicdomid52\" class=\"ace-line\"><span class=\"author-a-z69zbtkz90zz84zz122zz82zyxyz80zz72zsvz77z\">Bei diesem<\/span><span class=\"author-a-ytz80znwz76z3qz77zz78zaz88zz78zz79zjz67z\"> Thema sind wir bisher noch nicht sehr involviert, aber m\u00f6chten dennoch <\/span><span class=\"author-a-z69zbtkz90zz84zz122zz82zyxyz80zz72zsvz77z\">gern <\/span><span class=\"author-a-ytz80znwz76z3qz77zz78zaz88zz78zz79zjz67z\">darauf aufmerksam machen: Die <\/span><span class=\"author-a-z69zbtkz90zz84zz122zz82zyxyz80zz72zsvz77z\">S\u00e4chsischen Studierendenwerke fordern gemeinsam ein Corona-Nachsorge-Paket f\u00fcr Studierende. Die Corona-Pandemie hat daf\u00fcr gesorgt, dass die psychosozialen Beratungsstellen deutlich mehr nachgefragt werden, als davor. Studierende haben deswegen inzwischen sehr lange Wartezeiten f\u00fcr diese Hilfsangebote. Deswegen machen die Studierendenwerke darauf aufmerksam, dass insbesondere diese Stellen mit 300.000\u20ac pro Jahr aufgestockt werden m\u00fcssen, um den Mehrbedarf zu decken.<\/span><span class=\"author-a-ytz80znwz76z3qz77zz78zaz88zz78zz79zjz67z\"><\/p>\n<p><\/span><strong><span class=\"author-a-ytz80znwz76z3qz77zz78zaz88zz78zz79zjz67z\">8. <\/span><span class=\"author-a-z69zbtkz90zz84zz122zz82zyxyz80zz72zsvz77z\">Klima<\/span><\/strong><\/div>\n<div id=\"magicdomid782\" class=\"ace-line\"><\/div>\n<div id=\"magicdomid58\" class=\"ace-line\"><span class=\"author-a-ytz80znwz76z3qz77zz78zaz88zz78zz79zjz67z\">Wir berichteten bereits zuvor \u00fcber die neu eingerichtete AG Nachhaltigkeit und Klimagerechtigkeit der Landesrektor*innenkonferenz (LRK), in der auch wir als Studierendenvertretung involviert sind und kr\u00e4ftig die Arbeit voran treiben! Diese hat sich diesen Monat nun zum zweiten Mal getroffen. <\/span><span class=\"author-a-z69zbtkz90zz84zz122zz82zyxyz80zz72zsvz77z\">Es<\/span><span class=\"author-a-ytz80znwz76z3qz77zz78zaz88zz78zz79zjz67z\"> sollte besprochen werden, wie genau ein Beschluss zum Klimaschutz an den Hochschulen seitens der LRK aussehen k\u00f6nnte. Vereinbart wurde, dass <\/span><span class=\"author-a-z69zbtkz90zz84zz122zz82zyxyz80zz72zsvz77z\">es eine recht gro\u00dfe Verbindlichkeit durch<\/span><span class=\"author-a-ytz80znwz76z3qz77zz78zaz88zz78zz79zjz67z\"> Selbstverpflichtungen <\/span><span class=\"author-a-z69zbtkz90zz84zz122zz82zyxyz80zz72zsvz77z\">der s\u00e4chsischen Hochschulen geben soll<\/span><span class=\"author-a-ytz80znwz76z3qz77zz78zaz88zz78zz79zjz67z\"> &#8211; so wie es von uns auch gefordert wurde. Daf\u00fcr haben wir im Vorfeld umfangreiche Beschlussvorlagen auf Grundlage unseres klimapolitischen Forderungskataloges ausgearbeitet und dem Leiter der AG, Prof. Mietzner, stellvertretender Vorsitzender der LRK, zugesandt. Leider wurden die Ziele dieser Selbstverpflichtungen bisher noch nicht so konkret formuliert, wie wir uns das w\u00fcnschen w\u00fcrden. Wir werden in der Arbeitsgruppe also weiterhin darum streiten, dass die Hochschulen sich ihrer Verantwortung bewusst werden und diese auch so weit wie m\u00f6glich festschreiben.<\/p>\n<p><\/span><strong><span class=\"author-a-ytz80znwz76z3qz77zz78zaz88zz78zz79zjz67z\">9. <\/span><span class=\"author-a-z69zbtkz90zz84zz122zz82zyxyz80zz72zsvz77z\">LSR Sitzung<\/span><\/strong><\/div>\n<div id=\"magicdomid59\" class=\"ace-line\"><\/div>\n<div class=\"ace-line\"><span class=\"author-a-ytz80znwz76z3qz77zz78zaz88zz78zz79zjz67z\">Am 24.07. tagte der 08. Landessprecher*innenrat. Da dieser Termin kurz vor unserem Austausch mit dem Ministerium zur Novellierung des Hochschulgesetzes lag, ging es vor allem um unsere Forderungen und <\/span><span class=\"author-a-z69zbtkz90zz84zz122zz82zyxyz80zz72zsvz77z\">dar<\/span><span class=\"author-a-ytz80znwz76z3qz77zz78zaz88zz78zz79zjz67z\">um einzelne Punkte<\/span><span class=\"author-a-z69zbtkz90zz84zz122zz82zyxyz80zz72zsvz77z\"> nachzubeschlie\u00dfen<\/span><span class=\"author-a-ytz80znwz76z3qz77zz78zaz88zz78zz79zjz67z\">, die uns bei der Ausarbeitung der konkreten Gesetzesvorschl\u00e4ge aufgefallen sind. <\/span><span class=\"author-a-z69zbtkz90zz84zz122zz82zyxyz80zz72zsvz77z\">Au\u00dferdem<\/span><span class=\"author-a-ytz80znwz76z3qz77zz78zaz88zz78zz79zjz67z\"> konnten wir den Grundstein f\u00fcr unsere weitere Arbeit im August und September legen und haben einige finanzielle Mittel f\u00fcr unsere Kampagne zur Bundestagswahl oder die Arbeitsgrundlagen unseres Layouters freigeben k\u00f6nnen. <\/span><span class=\"author-a-z69zbtkz90zz84zz122zz82zyxyz80zz72zsvz77z\">Weiterhin<\/span><span class=\"author-a-ytz80znwz76z3qz77zz78zaz88zz78zz79zjz67z\"> haben wir interne Probleme der Studierendenr\u00e4te besprochen und verglichen, inwieweit die einzelnen Hochschulleitungen derzeit die Arbeit der studentischen Selbstverwaltung unterst\u00fctzen. Insbesondere ging es hier um den Versand von Rundmails an die Studierendenschaft. Dieses Thema verfolgen wir weiter und versuchen derzeit zu sammeln, welche Problemlagen in den Studierendenr\u00e4ten grunds\u00e4tzlich bestehen und wie sie l\u00f6sbar w\u00e4ren.<\/p>\n<p><\/span><strong><span class=\"author-a-ytz80znwz76z3qz77zz78zaz88zz78zz79zjz67z\">10. <\/span><span class=\"author-a-z69zbtkz90zz84zz122zz82zyxyz80zz72zsvz77z\">Ausblick<\/p>\n<p><\/span><\/strong><span class=\"author-a-z69zbtkz90zz84zz122zz82zyxyz80zz72zsvz77z\">In den n\u00e4chsten Wochen wird uns vor allem die Bundestagswahl besch\u00e4ftigen. Daf\u00fcr haben wir neben den beiden schon oben angek\u00fcndigten Veranstaltungen jede Menge Beitr\u00e4ge und Inhalte geplant. Auch die Planung des Wintersemesters wird sicher ein gro\u00dfes Thema werden. In Richtung Bundestagswahl <\/span><span class=\"author-a-ytz80znwz76z3qz77zz78zaz88zz78zz79zjz67z\">wird auch ein Geburtstag gefeiert (nicht). Das BAf\u00f6G wird am 01.09. 50 Jahre alt und wir uns werden am 04.09. am dezentralen Aktionstag mit einer Demo in Leipzig beteiligen<\/span><span class=\"author-a-z69zbtkz90zz84zz122zz82zyxyz80zz72zsvz77z\">.<\/span><\/div>\n<h3 class=\"ace-line\"><span class=\"author-a-z69zbtkz90zz84zz122zz82zyxyz80zz72zsvz77z\">News &amp; Pressemitteilungen<\/span><\/h3>\n<p><strong>Update zur Novelle des S\u00e4chsHSFG<\/strong><\/p>\n<div id=\"magicdomid1713\" class=\"ace-line\">\n<ul class=\"list-bullet1\">\n<li><span class=\"author-a-z69zbtkz90zz84zz122zz82zyxyz80zz72zsvz77z url\"><a href=\"https:\/\/www.kss-sachsen.de\/pm_17_21\" rel=\"noreferrer noopener\">https:\/\/www.kss-sachsen.de\/pm_17_21<\/a><\/span><\/li>\n<\/ul>\n<\/div>\n<div id=\"magicdomid1711\" class=\"ace-line\"><span class=\"author-a-z69zbtkz90zz84zz122zz82zyxyz80zz72zsvz77z b\"><b>5.000 f\u00fcr Update des Hochschulgesetzes \u2013 Petition an Minister \u00fcbergeben<\/b><\/span><\/div>\n<div id=\"magicdomid1712\" class=\"ace-line\">\n<ul class=\"list-bullet1\">\n<li><span class=\"author-a-z69zbtkz90zz84zz122zz82zyxyz80zz72zsvz77z url\"><a href=\"https:\/\/www.kss-sachsen.de\/Treffen_Gemkow\" rel=\"noreferrer noopener\">https:\/\/www.kss-sachsen.de\/Treffen_Gemkow<\/a><\/span><\/li>\n<\/ul>\n<\/div>\n","protected":false},"excerpt":{"rendered":"<p>Liebe Mitstreiter*innen und Interessierte der KSS, hiermit bekommt ihr den monatlichen Einblick in unsere Themen und aktuelle Arbeit. \u00dcber folgende Themen wollen wir euch in der gewohnten K\u00fcrze berichten: Impfungen f\u00fcr Studis Regelungen zum kommenden Wintersemester Bundestagswahlkampagne Veranstaltungen zur Bundestagswahl Hochschulgesetz Treffen mit Minister Gemkow Notlage bei der psychosozialen Beratung des StuWe Klima LSR-Sitzung Ausblick Hier k\u00f6nnt ihr den Newsletter<a class=\"read-more\" href=\"https:\/\/www.kss-sachsen.de\/newsletter_august21\">Hier weiter lesen&#8230;<\/a><\/p>\n","protected":false},"author":1,"featured_media":0,"comment_status":"open","ping_status":"open","sticky":false,"template":"","format":"standard","meta":{"footnotes":""},"categories":[1],"tags":[],"yoast_head":"<!-- This site is optimized with the Yoast SEO plugin v23.5 - https:\/\/yoast.com\/wordpress\/plugins\/seo\/ -->\n<title>8. Newsletter 2021 - KSS<\/title>\n<meta name=\"robots\" content=\"index, follow, max-snippet:-1, max-image-preview:large, max-video-preview:-1\" \/>\n<link rel=\"canonical\" href=\"https:\/\/www.kss-sachsen.de\/newsletter_august21\" \/>\n<meta property=\"og:locale\" content=\"de_DE\" \/>\n<meta property=\"og:type\" content=\"article\" \/>\n<meta property=\"og:title\" content=\"8. Newsletter 2021 - KSS\" \/>\n<meta property=\"og:description\" content=\"Liebe Mitstreiter*innen und Interessierte der KSS, hiermit bekommt ihr den monatlichen Einblick in unsere Themen und aktuelle Arbeit. \u00dcber folgende Themen wollen wir euch in der gewohnten K\u00fcrze berichten: Impfungen f\u00fcr Studis Regelungen zum kommenden Wintersemester Bundestagswahlkampagne Veranstaltungen zur Bundestagswahl Hochschulgesetz Treffen mit Minister Gemkow Notlage bei der psychosozialen Beratung des StuWe Klima LSR-Sitzung Ausblick Hier k\u00f6nnt ihr den NewsletterHier weiter lesen...\" \/>\n<meta property=\"og:url\" content=\"https:\/\/www.kss-sachsen.de\/newsletter_august21\" \/>\n<meta property=\"og:site_name\" content=\"KSS\" \/>\n<meta property=\"article:published_time\" content=\"2021-08-20T09:32:25+00:00\" \/>\n<meta name=\"author\" content=\"administration\" \/>\n<meta name=\"twitter:card\" content=\"summary_large_image\" \/>\n<meta name=\"twitter:label1\" content=\"Verfasst von\" \/>\n\t<meta name=\"twitter:data1\" content=\"administration\" \/>\n\t<meta name=\"twitter:label2\" content=\"Gesch\u00e4tzte Lesezeit\" \/>\n\t<meta name=\"twitter:data2\" content=\"8\u00a0Minuten\" \/>\n<script type=\"application\/ld+json\" class=\"yoast-schema-graph\">{\"@context\":\"https:\/\/schema.org\",\"@graph\":[{\"@type\":\"Article\",\"@id\":\"https:\/\/www.kss-sachsen.de\/newsletter_august21#article\",\"isPartOf\":{\"@id\":\"https:\/\/www.kss-sachsen.de\/newsletter_august21\"},\"author\":{\"name\":\"administration\",\"@id\":\"https:\/\/www.kss-sachsen.de\/#\/schema\/person\/fbcf1c2438e102156e84a4ba5c3daa64\"},\"headline\":\"8. Newsletter 2021\",\"datePublished\":\"2021-08-20T09:32:25+00:00\",\"dateModified\":\"2021-08-20T09:32:25+00:00\",\"mainEntityOfPage\":{\"@id\":\"https:\/\/www.kss-sachsen.de\/newsletter_august21\"},\"wordCount\":1685,\"commentCount\":0,\"publisher\":{\"@id\":\"https:\/\/www.kss-sachsen.de\/#organization\"},\"articleSection\":[\"Uncategorized\"],\"inLanguage\":\"de\",\"potentialAction\":[{\"@type\":\"CommentAction\",\"name\":\"Comment\",\"target\":[\"https:\/\/www.kss-sachsen.de\/newsletter_august21#respond\"]}]},{\"@type\":\"WebPage\",\"@id\":\"https:\/\/www.kss-sachsen.de\/newsletter_august21\",\"url\":\"https:\/\/www.kss-sachsen.de\/newsletter_august21\",\"name\":\"8. Newsletter 2021 - KSS\",\"isPartOf\":{\"@id\":\"https:\/\/www.kss-sachsen.de\/#website\"},\"datePublished\":\"2021-08-20T09:32:25+00:00\",\"dateModified\":\"2021-08-20T09:32:25+00:00\",\"breadcrumb\":{\"@id\":\"https:\/\/www.kss-sachsen.de\/newsletter_august21#breadcrumb\"},\"inLanguage\":\"de\",\"potentialAction\":[{\"@type\":\"ReadAction\",\"target\":[\"https:\/\/www.kss-sachsen.de\/newsletter_august21\"]}]},{\"@type\":\"BreadcrumbList\",\"@id\":\"https:\/\/www.kss-sachsen.de\/newsletter_august21#breadcrumb\",\"itemListElement\":[{\"@type\":\"ListItem\",\"position\":1,\"name\":\"Home\",\"item\":\"https:\/\/www.kss-sachsen.de\/\"},{\"@type\":\"ListItem\",\"position\":2,\"name\":\"8. Newsletter 2021\"}]},{\"@type\":\"WebSite\",\"@id\":\"https:\/\/www.kss-sachsen.de\/#website\",\"url\":\"https:\/\/www.kss-sachsen.de\/\",\"name\":\"Konferenz S\u00e4chsischer Studierendenschaften\",\"description\":\"Konferenz S\u00e4chsischer Studierendenschaften\",\"publisher\":{\"@id\":\"https:\/\/www.kss-sachsen.de\/#organization\"},\"potentialAction\":[{\"@type\":\"SearchAction\",\"target\":{\"@type\":\"EntryPoint\",\"urlTemplate\":\"https:\/\/www.kss-sachsen.de\/?s={search_term_string}\"},\"query-input\":{\"@type\":\"PropertyValueSpecification\",\"valueRequired\":true,\"valueName\":\"search_term_string\"}}],\"inLanguage\":\"de\"},{\"@type\":\"Organization\",\"@id\":\"https:\/\/www.kss-sachsen.de\/#organization\",\"name\":\"Konferenz S\u00e4chsischer Studierendenschaften\",\"url\":\"https:\/\/www.kss-sachsen.de\/\",\"logo\":{\"@type\":\"ImageObject\",\"inLanguage\":\"de\",\"@id\":\"https:\/\/www.kss-sachsen.de\/#\/schema\/logo\/image\/\",\"url\":\"https:\/\/www.kss-sachsen.de\/wp-content\/uploads\/2023\/02\/Logo-KSS.png\",\"contentUrl\":\"https:\/\/www.kss-sachsen.de\/wp-content\/uploads\/2023\/02\/Logo-KSS.png\",\"width\":2239,\"height\":1528,\"caption\":\"Konferenz S\u00e4chsischer Studierendenschaften\"},\"image\":{\"@id\":\"https:\/\/www.kss-sachsen.de\/#\/schema\/logo\/image\/\"},\"sameAs\":[\"https:\/\/www.instagram.com\/kss_sachsen\/\"]},{\"@type\":\"Person\",\"@id\":\"https:\/\/www.kss-sachsen.de\/#\/schema\/person\/fbcf1c2438e102156e84a4ba5c3daa64\",\"name\":\"administration\",\"image\":{\"@type\":\"ImageObject\",\"inLanguage\":\"de\",\"@id\":\"https:\/\/www.kss-sachsen.de\/#\/schema\/person\/image\/\",\"url\":\"https:\/\/secure.gravatar.com\/avatar\/e4ecd4cb3a6714c2adcf507161262d91?s=96&d=mm&r=g\",\"contentUrl\":\"https:\/\/secure.gravatar.com\/avatar\/e4ecd4cb3a6714c2adcf507161262d91?s=96&d=mm&r=g\",\"caption\":\"administration\"},\"url\":\"https:\/\/www.kss-sachsen.de\/?author=1\"}]}<\/script>\n<!-- \/ Yoast SEO plugin. -->","yoast_head_json":{"title":"8. Newsletter 2021 - KSS","robots":{"index":"index","follow":"follow","max-snippet":"max-snippet:-1","max-image-preview":"max-image-preview:large","max-video-preview":"max-video-preview:-1"},"canonical":"https:\/\/www.kss-sachsen.de\/newsletter_august21","og_locale":"de_DE","og_type":"article","og_title":"8. Newsletter 2021 - KSS","og_description":"Liebe Mitstreiter*innen und Interessierte der KSS, hiermit bekommt ihr den monatlichen Einblick in unsere Themen und aktuelle Arbeit. \u00dcber folgende Themen wollen wir euch in der gewohnten K\u00fcrze berichten: Impfungen f\u00fcr Studis Regelungen zum kommenden Wintersemester Bundestagswahlkampagne Veranstaltungen zur Bundestagswahl Hochschulgesetz Treffen mit Minister Gemkow Notlage bei der psychosozialen Beratung des StuWe Klima LSR-Sitzung Ausblick Hier k\u00f6nnt ihr den NewsletterHier weiter lesen...","og_url":"https:\/\/www.kss-sachsen.de\/newsletter_august21","og_site_name":"KSS","article_published_time":"2021-08-20T09:32:25+00:00","author":"administration","twitter_card":"summary_large_image","twitter_misc":{"Verfasst von":"administration","Gesch\u00e4tzte Lesezeit":"8\u00a0Minuten"},"schema":{"@context":"https:\/\/schema.org","@graph":[{"@type":"Article","@id":"https:\/\/www.kss-sachsen.de\/newsletter_august21#article","isPartOf":{"@id":"https:\/\/www.kss-sachsen.de\/newsletter_august21"},"author":{"name":"administration","@id":"https:\/\/www.kss-sachsen.de\/#\/schema\/person\/fbcf1c2438e102156e84a4ba5c3daa64"},"headline":"8. Newsletter 2021","datePublished":"2021-08-20T09:32:25+00:00","dateModified":"2021-08-20T09:32:25+00:00","mainEntityOfPage":{"@id":"https:\/\/www.kss-sachsen.de\/newsletter_august21"},"wordCount":1685,"commentCount":0,"publisher":{"@id":"https:\/\/www.kss-sachsen.de\/#organization"},"articleSection":["Uncategorized"],"inLanguage":"de","potentialAction":[{"@type":"CommentAction","name":"Comment","target":["https:\/\/www.kss-sachsen.de\/newsletter_august21#respond"]}]},{"@type":"WebPage","@id":"https:\/\/www.kss-sachsen.de\/newsletter_august21","url":"https:\/\/www.kss-sachsen.de\/newsletter_august21","name":"8. Newsletter 2021 - KSS","isPartOf":{"@id":"https:\/\/www.kss-sachsen.de\/#website"},"datePublished":"2021-08-20T09:32:25+00:00","dateModified":"2021-08-20T09:32:25+00:00","breadcrumb":{"@id":"https:\/\/www.kss-sachsen.de\/newsletter_august21#breadcrumb"},"inLanguage":"de","potentialAction":[{"@type":"ReadAction","target":["https:\/\/www.kss-sachsen.de\/newsletter_august21"]}]},{"@type":"BreadcrumbList","@id":"https:\/\/www.kss-sachsen.de\/newsletter_august21#breadcrumb","itemListElement":[{"@type":"ListItem","position":1,"name":"Home","item":"https:\/\/www.kss-sachsen.de\/"},{"@type":"ListItem","position":2,"name":"8. Newsletter 2021"}]},{"@type":"WebSite","@id":"https:\/\/www.kss-sachsen.de\/#website","url":"https:\/\/www.kss-sachsen.de\/","name":"Konferenz S\u00e4chsischer Studierendenschaften","description":"Konferenz S\u00e4chsischer Studierendenschaften","publisher":{"@id":"https:\/\/www.kss-sachsen.de\/#organization"},"potentialAction":[{"@type":"SearchAction","target":{"@type":"EntryPoint","urlTemplate":"https:\/\/www.kss-sachsen.de\/?s={search_term_string}"},"query-input":{"@type":"PropertyValueSpecification","valueRequired":true,"valueName":"search_term_string"}}],"inLanguage":"de"},{"@type":"Organization","@id":"https:\/\/www.kss-sachsen.de\/#organization","name":"Konferenz S\u00e4chsischer Studierendenschaften","url":"https:\/\/www.kss-sachsen.de\/","logo":{"@type":"ImageObject","inLanguage":"de","@id":"https:\/\/www.kss-sachsen.de\/#\/schema\/logo\/image\/","url":"https:\/\/www.kss-sachsen.de\/wp-content\/uploads\/2023\/02\/Logo-KSS.png","contentUrl":"https:\/\/www.kss-sachsen.de\/wp-content\/uploads\/2023\/02\/Logo-KSS.png","width":2239,"height":1528,"caption":"Konferenz S\u00e4chsischer Studierendenschaften"},"image":{"@id":"https:\/\/www.kss-sachsen.de\/#\/schema\/logo\/image\/"},"sameAs":["https:\/\/www.instagram.com\/kss_sachsen\/"]},{"@type":"Person","@id":"https:\/\/www.kss-sachsen.de\/#\/schema\/person\/fbcf1c2438e102156e84a4ba5c3daa64","name":"administration","image":{"@type":"ImageObject","inLanguage":"de","@id":"https:\/\/www.kss-sachsen.de\/#\/schema\/person\/image\/","url":"https:\/\/secure.gravatar.com\/avatar\/e4ecd4cb3a6714c2adcf507161262d91?s=96&d=mm&r=g","contentUrl":"https:\/\/secure.gravatar.com\/avatar\/e4ecd4cb3a6714c2adcf507161262d91?s=96&d=mm&r=g","caption":"administration"},"url":"https:\/\/www.kss-sachsen.de\/?author=1"}]}},"_links":{"self":[{"href":"https:\/\/www.kss-sachsen.de\/index.php?rest_route=\/wp\/v2\/posts\/2395"}],"collection":[{"href":"https:\/\/www.kss-sachsen.de\/index.php?rest_route=\/wp\/v2\/posts"}],"about":[{"href":"https:\/\/www.kss-sachsen.de\/index.php?rest_route=\/wp\/v2\/types\/post"}],"author":[{"embeddable":true,"href":"https:\/\/www.kss-sachsen.de\/index.php?rest_route=\/wp\/v2\/users\/1"}],"replies":[{"embeddable":true,"href":"https:\/\/www.kss-sachsen.de\/index.php?rest_route=%2Fwp%2Fv2%2Fcomments&post=2395"}],"version-history":[{"count":9,"href":"https:\/\/www.kss-sachsen.de\/index.php?rest_route=\/wp\/v2\/posts\/2395\/revisions"}],"predecessor-version":[{"id":2405,"href":"https:\/\/www.kss-sachsen.de\/index.php?rest_route=\/wp\/v2\/posts\/2395\/revisions\/2405"}],"wp:attachment":[{"href":"https:\/\/www.kss-sachsen.de\/index.php?rest_route=%2Fwp%2Fv2%2Fmedia&parent=2395"}],"wp:term":[{"taxonomy":"category","embeddable":true,"href":"https:\/\/www.kss-sachsen.de\/index.php?rest_route=%2Fwp%2Fv2%2Fcategories&post=2395"},{"taxonomy":"post_tag","embeddable":true,"href":"https:\/\/www.kss-sachsen.de\/index.php?rest_route=%2Fwp%2Fv2%2Ftags&post=2395"}],"curies":[{"name":"wp","href":"https:\/\/api.w.org\/{rel}","templated":true}]}}