{"id":2530,"date":"2021-09-21T13:10:53","date_gmt":"2021-09-21T11:10:53","guid":{"rendered":"https:\/\/www.kss-sachsen.de\/?p=2530"},"modified":"2021-09-21T13:12:24","modified_gmt":"2021-09-21T11:12:24","slug":"9-newsletter-2021","status":"publish","type":"post","link":"https:\/\/www.kss-sachsen.de\/newsletter_september2021","title":{"rendered":"9. Newsletter 2021"},"content":{"rendered":"<div id=\"magicdomid2\" class=\"ace-line\"><span class=\"author-a-z69zbtkz90zz84zz122zz82zyxyz80zz72zsvz77z\">Liebe Mitstreiter*innen und Interessierte der KSS,<\/span><\/div>\n<div id=\"magicdomid4\" class=\"ace-line\"><span class=\"author-a-z69zbtkz90zz84zz122zz82zyxyz80zz72zsvz77z\"><span class=\"author-a-z69zbtkz90zz84zz122zz82zyxyz80zz72zsvz77z\"><br \/>\nhiermit bekommt ihr den monatlichen Einblick in unsere Themen und aktuelle Arbeit. \u00dcber folgende Themen wollen wir euch in der gewohnten K\u00fcrze berichten:<\/span><\/span>&nbsp;<\/p>\n<\/div>\n<ol>\n<li id=\"magicdomid6\" class=\"ace-line\"><span class=\"author-a-z69zbtkz90zz84zz122zz82zyxyz80zz72zsvz77z\">Planung des<\/span><span class=\"author-a-ytz80znwz76z3qz77zz78zaz88zz78zz79zjz67z\"> Wintersemester\u00a0<\/span><\/li>\n<li id=\"magicdomid7\" class=\"ace-line\"><span class=\"author-a-ytz80znwz76z3qz77zz78zaz88zz78zz79zjz67z\">Impfungen<\/span><span class=\"author-a-z69zbtkz90zz84zz122zz82zyxyz80zz72zsvz77z\"> und Impfumfrage<\/span><\/li>\n<li id=\"magicdomid8\" class=\"ace-line\"><span class=\"author-a-ytz80znwz76z3qz77zz78zaz88zz78zz79zjz67z\">Bundestagswahlkampagne<\/span><span class=\"author-a-z69zbtkz90zz84zz122zz82zyxyz80zz72zsvz77z\"> &#8222;Unmute and Vote&#8220;<\/span><\/li>\n<li id=\"magicdomid61\" class=\"ace-line\"><span class=\"author-a-z69zbtkz90zz84zz122zz82zyxyz80zz72zsvz77z\">Dezentraler Aktionstag zur #Bildungskrise in Leipzig<\/span><\/li>\n<li id=\"magicdomid142\" class=\"ace-line\"><span class=\"author-a-z69zbtkz90zz84zz122zz82zyxyz80zz72zsvz77z\">Klimafreundliches Mensaangebot<\/span><\/li>\n<li id=\"magicdomid66\" class=\"ace-line\"><span class=\"author-a-z69zbtkz90zz84zz122zz82zyxyz80zz72zsvz77z\">Sitzung des Landessprecher*innenrats<\/span><\/li>\n<li id=\"magicdomid68\" class=\"ace-line\"><span class=\"author-a-ytz80znwz76z3qz77zz78zaz88zz78zz79zjz67z\">Ausblick<\/span><\/li>\n<\/ol>\n<div id=\"magicdomid14\" class=\"ace-line\"><span class=\"author-a-z69zbtkz90zz84zz122zz82zyxyz80zz72zsvz77z b\"><b><span class=\"author-a-ytz80znwz76z3qz77zz78zaz88zz78zz79zjz67z\"><strong><a href=\"https:\/\/www.lists.kss-sachsen.de\/mailman\/listinfo\/newsletter\" target=\"_blank\">Hier k\u00f6nnt ihr den Newsletter abonnieren!<\/a><\/strong><\/span><\/p>\n<p>1. Planung des Wintersemester\u00a0<\/b><\/span><\/div>\n<div id=\"magicdomid16\" class=\"ace-line\"><span class=\"author-a-ytz80znwz76z3qz77zz78zaz88zz78zz79zjz67z\"><br \/>\nNach drei fast ausschlie\u00dflich digitalen Semestern gibt es mit <\/span><span class=\"author-a-z69zbtkz90zz84zz122zz82zyxyz80zz72zsvz77z\">einer,<\/span><span class=\"author-a-ytz80znwz76z3qz77zz78zaz88zz78zz79zjz67z\"> besonders unter uns Studierenden, aber auch der Gesamtgesellschaft, <\/span><span class=\"author-a-z69zbtkz90zz84zz122zz82zyxyz80zz72zsvz77z\">steigenden Impfquote <\/span><span class=\"author-a-ytz80znwz76z3qz77zz78zaz88zz78zz79zjz67z\">endlich wieder die Hoffnung auf mehr Pr\u00e4senz. Dar\u00fcber sind sich auch die s\u00e4chsischen Hochschulen und das Wissenschaftsministerium einig und haben ein <a href=\"https:\/\/www.coronavirus.sachsen.de\/download\/EckpunkteWintersemester2021.pdf\">Eckpunktepapier<\/a> mit empfohlenen Regelungen an den s\u00e4chsischen Hochschulen ausgearbeitet, die mehr Pr\u00e4senz im Wintersemester erm\u00f6glichen werden. Besonders hier\u00fcber haben wir in unserem gemeinsamen Treffen mit dem Vorstand der LRK und der Staatssekret\u00e4rin gesprochen. In diesem Zusammenhang fordern wir insbesondere eine st\u00e4rkere Kontrolle der 3G-Regelungen, verpflichtende digitale Alternativen und eine Verl\u00e4ngerung der Sonderregelungen, damit wirklich keine Studierenden Nachteile erleiden m\u00fcssen. Die genaue Beschlusslage zum Pr\u00e4senzsemester k\u00f6nnt ihr auf <a href=\"https:\/\/www.kss-sachsen.de\/Wise21_22\">unserer Webseite <\/a>nachlesen.\u00a0<\/span><\/div>\n<div id=\"magicdomid18\" class=\"ace-line\"><span class=\"author-a-z69zbtkz90zz84zz122zz82zyxyz80zz72zsvz77z b\"><b><br \/>\n2. <\/b><\/span><span class=\"author-a-ytz80znwz76z3qz77zz78zaz88zz78zz79zjz67z b\"><b>Impfungen und Impf<\/b><\/span><span class=\"author-a-z69zbtkz90zz84zz122zz82zyxyz80zz72zsvz77z b\"><b>umfrage<\/b><\/span><\/div>\n<div id=\"magicdomid20\" class=\"ace-line\"><span class=\"author-a-ytz80znwz76z3qz77zz78zaz88zz78zz79zjz67z\"><br \/>\nIn <\/span><span class=\"author-a-z69zbtkz90zz84zz122zz82zyxyz80zz72zsvz77z\">dem vorangegangenen<\/span><span class=\"author-a-ytz80znwz76z3qz77zz78zaz88zz78zz79zjz67z\"> Treffen mit dem LRK-Vorstand haben wir angeregt, dass eine Umfrage zur Impfquote an den Hochschulen die Planung erleichtern w\u00fcrde und allen Hochschulangeh\u00f6rigen mehr Sicherheit geben k\u00f6nnte. Trotz damaligem Widerspruch in der LRK, bef\u00fcrwortet diese nun doch die sachsenweite Befragung aller Hochschulangeh\u00f6rigen zum Impfstand, nachdem die Umfrage an der TU Dresden bisher recht erfolgreich verlief. Dort nahmen mit ca. 41 % der Befragten ein gro\u00dfer Teil an der Umfrage teil. Hiervon gaben 82 % an, bereits vollst\u00e4ndig geimpft zu sein und weitere 8 % haben dies noch vor. Mit diesen ersten Ergebnissen sind wir zuversichtlich, dass das Pr\u00e4senzsemester m\u00f6glich wird &#8211; dennoch reicht dies noch nicht aus, um alle Einschr\u00e4nkungen fallen zu lassen. Wir m\u00f6chten euch dazu ermutigen, an der Umfrage zur Impfquote an eurer Hochschule teilzunehmen und &#8211; falls noch nicht geschehen &#8211; euch noch impfen zu lassen. Einige Hochschulen bieten hierf\u00fcr auch<\/span><span class=\"author-a-z69zbtkz90zz84zz122zz82zyxyz80zz72zsvz77z\"> weiterhin<\/span><span class=\"author-a-ytz80znwz76z3qz77zz78zaz88zz78zz79zjz67z\"> Impfm\u00f6glichkeiten direkt am Campus an.\u00a0<\/span><\/div>\n<div id=\"magicdomid22\" class=\"ace-line\"><span class=\"author-a-z69zbtkz90zz84zz122zz82zyxyz80zz72zsvz77z b\"><b><br \/>\n3. <\/b><\/span><span class=\"author-a-ytz80znwz76z3qz77zz78zaz88zz78zz79zjz67z b\"><b>Bundestagswahl<\/b><\/span><span class=\"author-a-z69zbtkz90zz84zz122zz82zyxyz80zz72zsvz77z b\"><b>kampagne &#8222;Unmute and Vote&#8220;<\/b><\/span><\/div>\n<div id=\"magicdomid24\" class=\"ace-line\"><span class=\"author-a-ytz80znwz76z3qz77zz78zaz88zz78zz79zjz67z\"><br \/>\nDie kommende Bundestagswahl ist f\u00fcr die studentischen Belange besonders wichtig: Denn f\u00fcr uns Studierende muss sich politisch dringend einiges \u00e4ndern, auf das wir seit Monaten, wenn nicht sogar Jahren und Jahrzehnten, hinweisen. Nicht nur eine angemessene Studienfinanzierung ist unbedingt notwendig, sondern es geht auch um bezahlbaren Wohnraum, konsequenten Klimaschutz oder die bessere Finanzierung der Studierendenwerke \u2013 z.B. in der psychoszialen Beratung von Studierenden.\u00a0<\/span><\/div>\n<div id=\"magicdomid25\" class=\"ace-line\"><span class=\"author-a-ytz80znwz76z3qz77zz78zaz88zz78zz79zjz67z\">In der Corona-Krise wurde die studentische Stimme oft nicht geh\u00f6rt \u2013 daher ist es nun Zeit, das zu \u00e4ndern. <\/span><span class=\"author-a-z69zbtkz90zz84zz122zz82zyxyz80zz72zsvz77z\">Deswegen<\/span><span class=\"author-a-ytz80znwz76z3qz77zz78zaz88zz78zz79zjz67z\"> m\u00f6chten <\/span><span class=\"author-a-z69zbtkz90zz84zz122zz82zyxyz80zz72zsvz77z\">wir <\/span><span class=\"author-a-ytz80znwz76z3qz77zz78zaz88zz78zz79zjz67z\">euch<\/span><span class=\"author-a-z69zbtkz90zz84zz122zz82zyxyz80zz72zsvz77z\"> mit unserer Kampagne &#8222;Unmute and Vote&#8220;<\/span><span class=\"author-a-ytz80znwz76z3qz77zz78zaz88zz78zz79zjz67z\"> die M\u00f6glichkeit geben euer Kreuz m\u00f6glichst informiert zu setzen. Daher haben wir uns einiges an Arbeit f\u00fcr euch gemacht und umfangreiche Angebote an Informationen zur Wahl und den inhaltlichen Positionen der Parteien zusammen getragen. Alles was wir Studierende \u00fcber die Wahl wissen <\/span><span class=\"author-a-z69zbtkz90zz84zz122zz82zyxyz80zz72zsvz77z\">sollten<\/span><span class=\"author-a-ytz80znwz76z3qz77zz78zaz88zz78zz79zjz67z\">, findet ihr unter studis.vote\/btw21 \u2013 von dem Grund warum gerade auch wir unbedingt w\u00e4hlen m\u00fcssen, wie das gemacht werden kann bis hin zu wof\u00fcr welche Parteien stehen. Konkret findet ihr Aufzeichnungen von zwei Podiumsdiskussionen mit Bundestagskandidierenden \u00fcber studentische Themen, einen Vergleich der Wahlprogramme \u2013 auch aufgearbeitet in \u00fcbersichtlichen Grafiken-, diverse Wahlpr\u00fcfsteine und auch Videos zu den Positionierungen anderer Organisiation<\/span><span class=\"author-a-z69zbtkz90zz84zz122zz82zyxyz80zz72zsvz77z\"> auf <a href=\"https:\/\/studis.vote\/btw21\">unserer Website<\/a><\/span><span class=\"author-a-ytz80znwz76z3qz77zz78zaz88zz78zz79zjz67z\">.<\/span><span class=\"author-a-z69zbtkz90zz84zz122zz82zyxyz80zz72zsvz77z\"> Reinschauen<\/span> <span class=\"author-a-z69zbtkz90zz84zz122zz82zyxyz80zz72zsvz77z\">lohnt sich also!<\/span><\/div>\n<div id=\"magicdomid27\" class=\"ace-line\"><span class=\"author-a-z69zbtkz90zz84zz122zz82zyxyz80zz72zsvz77z b\"><b><br \/>\n4. <\/b><\/span><span class=\"author-a-ytz80znwz76z3qz77zz78zaz88zz78zz79zjz67z b\"><b>Dezentraler Aktionstag zur #Bildungskrise in Leipzig<\/b><\/span><\/div>\n<div id=\"magicdomid29\" class=\"ace-line\"><span class=\"author-a-ytz80znwz76z3qz77zz78zaz88zz78zz79zjz67z\"><br \/>\nAm 04.09. wurde von vielen studentischen Initiativen ein dezentraler Aktionstag organisiert. Vorrangig ging es um die dringend notwendige Reform de<\/span><span class=\"author-a-z69zbtkz90zz84zz122zz82zyxyz80zz72zsvz77z\">s<\/span><span class=\"author-a-ytz80znwz76z3qz77zz78zaz88zz78zz79zjz67z\"> BAf\u00f6G, welches Anfang diesen Monats 50 Jahre alt geworden ist. Doch nicht nur in der Studienfinanzierung zeigt unser Bildungssystem einige L\u00fccken: Besch\u00e4ftigungsverh\u00e4ltnisse &#8211; auch in Sachsens Hochschulen &#8211; sind sowohl bei Studierenden als auch dem Mittelbau zum gro\u00dfen Teil prek\u00e4r. Studentischer Wohnraum wird immer knapper und weiterhin werden im Bund sogar Bildungsetats gek\u00fcrzt?! Mit diesen Dauerkrisen soll nun Schluss sein!<\/span><\/div>\n<div id=\"magicdomid30\" class=\"ace-line\"><span class=\"author-a-ytz80znwz76z3qz77zz78zaz88zz78zz79zjz67z\">Auch wir waren daher auf dem Augustusplatz in Leipzig mit einer kleinen Kundgebung dabei und haben auf die diversen Unzul\u00e4nglichkeiten des (Hochschul)bildungssystem aufmerksam gemacht sowie Unterschriften f\u00fcr die Petitionen zum BAf\u00f6G bzw. einem studentischen Tarifvertrag gesammelt. Mit vielen Transpis, einigen Redebeitr\u00e4gen und guter Laune kamen wir mit einigen Menschen ins Gespr\u00e4ch und konnten sie von unseren Forderungen \u00fcberzeugen.\u00a0<\/span><\/div>\n<div id=\"magicdomid178\" class=\"ace-line\"><span class=\"author-a-z69zbtkz90zz84zz122zz82zyxyz80zz72zsvz77z b\"><b><br \/>\n5. Klimafreundliches Mensaangebot<\/b><\/span><\/div>\n<div id=\"magicdomid602\" class=\"ace-line\"><span class=\"author-a-z69zbtkz90zz84zz122zz82zyxyz80zz72zsvz77z\"><br \/>\nKlimaschutzbem\u00fchungen im Hochschulbetrieb waren Anfang September ein kursierendes Thema in den Medien. Beispielsweise wurde \u00fcber die nun \u00fcberwiegende vegane Versorgung in Berliner Mensen, aber auch die geplanten Ma\u00dfnahmen f\u00fcr mehr Klimaschutz und Nachhaltigkeit in Sachsens Hochschulen berichtet. Dazu haben wir uns gemeinsam mit der AG Mensa der TU-Umweltinitiative in einer Pressemitteilung, die ihr unten findet ge\u00e4u\u00dfert. Einerseits braucht es aus unserer Sicht auch in Sachsen deutlich mehr vegetarische und vor allem vegane Alternativen in der Mensa. Andererseits fordern wir ganz allgemein gr\u00f6\u00dftm\u00f6gliche Verbindlichkeit, Konsequenz und konkrete Ziele f\u00fcr Klimaschutz an den Hochschulen. F\u00fcr diese Ziele setzen wir uns auf Landesebene und an den verschiedenen Hochschulstandorten weiter ein.<\/span><\/div>\n<div id=\"magicdomid175\" class=\"ace-line\"><span class=\"author-a-z69zbtkz90zz84zz122zz82zyxyz80zz72zsvz77z b\"><b><br \/>\n6. <\/b><\/span><span class=\"author-a-ytz80znwz76z3qz77zz78zaz88zz78zz79zjz67z b\"><b>Sitzung des Landessprecher*innenrates<\/b><\/span><\/div>\n<div id=\"magicdomid34\" class=\"ace-line\"><span class=\"author-a-ytz80znwz76z3qz77zz78zaz88zz78zz79zjz67z\"><br \/>\nNachdem wir zu unserer letzten Sitzung nicht beschlussf\u00e4hig waren, tagten wir nun wieder online und haben endlich unseren Beschluss \u00fcber die notwendigen Regelungen im kommenden Wintersemester gefasst. Aber es ging auch \u00fcber die Gr\u00fcndung eines sachsenweiten Arbeitskreises zur Einf\u00fchrung des Semestertickets f\u00fcr alle Studierenden in Sachsen, um Verwaltungsprobleme an den einzelnen Studierendenschaften und um die Wahl unseres neuen (&amp; alten) Beauftragten f\u00fcr Administration und Rechentechnik. Auch Marie, neues Mitglied des fzs-Vorstand, war anwesend und hat sich vorgestellt und wir hatten mal wieder Zeit, uns \u00fcber aktuelle Problemlagen an unseren Hochschulen auszutauschen.\u00a0<\/span><\/div>\n<div id=\"magicdomid35\" class=\"ace-line\"><span class=\"author-a-ytz80znwz76z3qz77zz78zaz88zz78zz79zjz67z\">Die n\u00e4chste Sitzung des LSR wird (vielleicht sogar in Pr\u00e4senz an der HTW Dresden) am Samstag, den 16.10. stattfinden.<\/span><\/div>\n<div id=\"magicdomid177\" class=\"ace-line\"><span class=\"author-a-z69zbtkz90zz84zz122zz82zyxyz80zz72zsvz77z b\"><b><br \/>\n7. <\/b><\/span><span class=\"author-a-ytz80znwz76z3qz77zz78zaz88zz78zz79zjz67z b\"><b>Ausblick<\/b><\/span><\/div>\n<div id=\"magicdomid39\" class=\"ace-line\"><span class=\"author-a-z69zbtkz90zz84zz122zz82zyxyz80zz72zsvz77z\"><br \/>\nIn den n\u00e4chsten Tagen bis zur Bundestagswahl werden wir noch einiges mit unserer Kampagne zu tun haben und auf Social Media einige Videos zu Motivationen von Studierenden zu w\u00e4hlen, sowie Share-Pics mit Wahlprogrammvergleichen ver\u00f6ffentlichen. Auch den Ausgang der Wahl und die entsprechenden Folgen werden wir nat\u00fcrlich gespannt verfolgen. An den Hochschulen finden mit Beginn des neuen Semesters auch die Erstsemestereinf\u00fchrungen statt. Das bedeutet vor allem viel Engagement der entsprechenden Fachschaftsr\u00e4te und Studierendenr\u00e4te. Doch auch wir werden versuchen einiges von unserem Merch und nat\u00fcrlich auch inhaltliche Inputs zu Hochschulpolitik unter die neuen Erstsemester*innen zu bringen. Ansonsten wird Ende des Monats im s\u00e4chsischen Landtag unter anderem auch der Gesetzesentwurf zum sogenannten Land\u00e4rzt*innengesetz, der auch die Wiederherstellung der verfassten Studierendenschaft beinhaltet, behandelt. Dazu werden wir uns nat\u00fcrlich auch an entsprechender Stelle \u00e4u\u00dfern.<\/span><\/div>\n<h3 id=\"magicdomid607\" class=\"ace-line\"><span class=\"author-a-ytz80znwz76z3qz77zz78zaz88zz78zz79zjz67z\"><br \/>\nNews und Pressemitteilungen:<br \/>\n<\/span><\/h3>\n<div id=\"magicdomid614\" class=\"ace-line\">\n<p class=\"ace-line\"><span class=\"author-a-z69zbtkz90zz84zz122zz82zyxyz80zz72zsvz77z\"><strong>Klimaschutz: Hochschulen m\u00fcssen Vorbild sein<\/strong><br \/>\n<\/span><\/p>\n<ul class=\"list-bullet1\">\n<li><span class=\"author-a-z69zbtkz90zz84zz122zz82zyxyz80zz72zsvz77z url\"><a href=\"https:\/\/www.kss-sachsen.de\/pm_18_21\" rel=\"noreferrer noopener\">https:\/\/www.kss-sachsen.de\/pm_18_21<\/a><\/span><\/li>\n<\/ul>\n<p><strong><span class=\"author-a-z69zbtkz90zz84zz122zz82zyxyz80zz72zsvz77z\">Ein Jahrhundert studentische Selbstorganisiation und Mitbestimmung: Studentenwerk Leipzig feiert 100 Jahre<\/span><\/strong><\/p>\n<\/div>\n<div id=\"magicdomid615\" class=\"ace-line\">\n<ul class=\"list-bullet1\">\n<li><span class=\"author-a-z69zbtkz90zz84zz122zz82zyxyz80zz72zsvz77z url\"><a href=\"https:\/\/www.kss-sachsen.de\/pm_19_21\" rel=\"noreferrer noopener\">https:\/\/www.kss-sachsen.de\/pm_19_21<\/a><\/span><\/li>\n<\/ul>\n<\/div>\n<div id=\"magicdomid49\" class=\"ace-line\"><\/div>\n<div id=\"magicdomid50\" class=\"ace-line\"><strong><span class=\"author-a-ytz80znwz76z3qz77zz78zaz88zz78zz79zjz67z\">Endlich mehr Pr\u00e4senz, aber das bitte kontrolliert!<\/p>\n<p><\/span><\/strong><\/div>\n<div id=\"magicdomid51\" class=\"ace-line\">\n<ul class=\"list-bullet1\">\n<li><span class=\"author-a-ytz80znwz76z3qz77zz78zaz88zz78zz79zjz67z url\"><a href=\"https:\/\/www.kss-sachsen.de\/pm_20_21\" rel=\"noreferrer noopener\">https:\/\/www.kss-sachsen.de\/pm_20_21<\/a><\/span><\/li>\n<\/ul>\n<\/div>\n<div id=\"magicdomid52\" class=\"ace-line\"><\/div>\n<div id=\"magicdomid53\" class=\"ace-line\"><strong><span class=\"author-a-ytz80znwz76z3qz77zz78zaz88zz78zz79zjz67z\">Unmute &amp; vote zur Bundestagswahl 2021<\/p>\n<p><\/span><\/strong><\/div>\n<div id=\"magicdomid54\" class=\"ace-line\">\n<ul class=\"list-bullet1\">\n<li><span class=\"author-a-ytz80znwz76z3qz77zz78zaz88zz78zz79zjz67z url\"><a href=\"https:\/\/www.kss-sachsen.de\/unmuteandvote\" rel=\"noreferrer noopener\">https:\/\/www.kss-sachsen.de\/unmuteandvote<\/a><\/span><\/li>\n<\/ul>\n<\/div>\n","protected":false},"excerpt":{"rendered":"<p>Liebe Mitstreiter*innen und Interessierte der KSS, hiermit bekommt ihr den monatlichen Einblick in unsere Themen und aktuelle Arbeit. \u00dcber folgende Themen wollen wir euch in der gewohnten K\u00fcrze berichten:&nbsp; Planung des Wintersemester\u00a0 Impfungen und Impfumfrage Bundestagswahlkampagne &#8222;Unmute and Vote&#8220; Dezentraler Aktionstag zur #Bildungskrise in Leipzig Klimafreundliches Mensaangebot Sitzung des Landessprecher*innenrats Ausblick Hier k\u00f6nnt ihr den Newsletter abonnieren! 1. Planung des<a class=\"read-more\" href=\"https:\/\/www.kss-sachsen.de\/newsletter_september2021\">Hier weiter lesen&#8230;<\/a><\/p>\n","protected":false},"author":1,"featured_media":0,"comment_status":"open","ping_status":"open","sticky":false,"template":"","format":"standard","meta":{"footnotes":""},"categories":[1],"tags":[],"yoast_head":"<!-- This site is optimized with the Yoast SEO plugin v23.5 - https:\/\/yoast.com\/wordpress\/plugins\/seo\/ -->\n<title>9. Newsletter 2021 - KSS<\/title>\n<meta name=\"robots\" content=\"index, follow, max-snippet:-1, max-image-preview:large, max-video-preview:-1\" \/>\n<link rel=\"canonical\" href=\"https:\/\/www.kss-sachsen.de\/newsletter_september2021\" \/>\n<meta property=\"og:locale\" content=\"de_DE\" \/>\n<meta property=\"og:type\" content=\"article\" \/>\n<meta property=\"og:title\" content=\"9. Newsletter 2021 - KSS\" \/>\n<meta property=\"og:description\" content=\"Liebe Mitstreiter*innen und Interessierte der KSS, hiermit bekommt ihr den monatlichen Einblick in unsere Themen und aktuelle Arbeit. \u00dcber folgende Themen wollen wir euch in der gewohnten K\u00fcrze berichten:&nbsp; Planung des Wintersemester\u00a0 Impfungen und Impfumfrage Bundestagswahlkampagne &#8222;Unmute and Vote&#8220; Dezentraler Aktionstag zur #Bildungskrise in Leipzig Klimafreundliches Mensaangebot Sitzung des Landessprecher*innenrats Ausblick Hier k\u00f6nnt ihr den Newsletter abonnieren! 1. Planung desHier weiter lesen...\" \/>\n<meta property=\"og:url\" content=\"https:\/\/www.kss-sachsen.de\/newsletter_september2021\" \/>\n<meta property=\"og:site_name\" content=\"KSS\" \/>\n<meta property=\"article:published_time\" content=\"2021-09-21T11:10:53+00:00\" \/>\n<meta property=\"article:modified_time\" content=\"2021-09-21T11:12:24+00:00\" \/>\n<meta name=\"author\" content=\"administration\" \/>\n<meta name=\"twitter:card\" content=\"summary_large_image\" \/>\n<meta name=\"twitter:label1\" content=\"Verfasst von\" \/>\n\t<meta name=\"twitter:data1\" content=\"administration\" \/>\n\t<meta name=\"twitter:label2\" content=\"Gesch\u00e4tzte Lesezeit\" \/>\n\t<meta name=\"twitter:data2\" content=\"6\u00a0Minuten\" \/>\n<script type=\"application\/ld+json\" class=\"yoast-schema-graph\">{\"@context\":\"https:\/\/schema.org\",\"@graph\":[{\"@type\":\"Article\",\"@id\":\"https:\/\/www.kss-sachsen.de\/newsletter_september2021#article\",\"isPartOf\":{\"@id\":\"https:\/\/www.kss-sachsen.de\/newsletter_september2021\"},\"author\":{\"name\":\"administration\",\"@id\":\"https:\/\/www.kss-sachsen.de\/#\/schema\/person\/fbcf1c2438e102156e84a4ba5c3daa64\"},\"headline\":\"9. Newsletter 2021\",\"datePublished\":\"2021-09-21T11:10:53+00:00\",\"dateModified\":\"2021-09-21T11:12:24+00:00\",\"mainEntityOfPage\":{\"@id\":\"https:\/\/www.kss-sachsen.de\/newsletter_september2021\"},\"wordCount\":1160,\"commentCount\":0,\"publisher\":{\"@id\":\"https:\/\/www.kss-sachsen.de\/#organization\"},\"articleSection\":[\"Uncategorized\"],\"inLanguage\":\"de\",\"potentialAction\":[{\"@type\":\"CommentAction\",\"name\":\"Comment\",\"target\":[\"https:\/\/www.kss-sachsen.de\/newsletter_september2021#respond\"]}]},{\"@type\":\"WebPage\",\"@id\":\"https:\/\/www.kss-sachsen.de\/newsletter_september2021\",\"url\":\"https:\/\/www.kss-sachsen.de\/newsletter_september2021\",\"name\":\"9. Newsletter 2021 - KSS\",\"isPartOf\":{\"@id\":\"https:\/\/www.kss-sachsen.de\/#website\"},\"datePublished\":\"2021-09-21T11:10:53+00:00\",\"dateModified\":\"2021-09-21T11:12:24+00:00\",\"breadcrumb\":{\"@id\":\"https:\/\/www.kss-sachsen.de\/newsletter_september2021#breadcrumb\"},\"inLanguage\":\"de\",\"potentialAction\":[{\"@type\":\"ReadAction\",\"target\":[\"https:\/\/www.kss-sachsen.de\/newsletter_september2021\"]}]},{\"@type\":\"BreadcrumbList\",\"@id\":\"https:\/\/www.kss-sachsen.de\/newsletter_september2021#breadcrumb\",\"itemListElement\":[{\"@type\":\"ListItem\",\"position\":1,\"name\":\"Home\",\"item\":\"https:\/\/www.kss-sachsen.de\/\"},{\"@type\":\"ListItem\",\"position\":2,\"name\":\"9. Newsletter 2021\"}]},{\"@type\":\"WebSite\",\"@id\":\"https:\/\/www.kss-sachsen.de\/#website\",\"url\":\"https:\/\/www.kss-sachsen.de\/\",\"name\":\"Konferenz S\u00e4chsischer Studierendenschaften\",\"description\":\"Konferenz S\u00e4chsischer Studierendenschaften\",\"publisher\":{\"@id\":\"https:\/\/www.kss-sachsen.de\/#organization\"},\"potentialAction\":[{\"@type\":\"SearchAction\",\"target\":{\"@type\":\"EntryPoint\",\"urlTemplate\":\"https:\/\/www.kss-sachsen.de\/?s={search_term_string}\"},\"query-input\":{\"@type\":\"PropertyValueSpecification\",\"valueRequired\":true,\"valueName\":\"search_term_string\"}}],\"inLanguage\":\"de\"},{\"@type\":\"Organization\",\"@id\":\"https:\/\/www.kss-sachsen.de\/#organization\",\"name\":\"Konferenz S\u00e4chsischer Studierendenschaften\",\"url\":\"https:\/\/www.kss-sachsen.de\/\",\"logo\":{\"@type\":\"ImageObject\",\"inLanguage\":\"de\",\"@id\":\"https:\/\/www.kss-sachsen.de\/#\/schema\/logo\/image\/\",\"url\":\"https:\/\/www.kss-sachsen.de\/wp-content\/uploads\/2023\/02\/Logo-KSS.png\",\"contentUrl\":\"https:\/\/www.kss-sachsen.de\/wp-content\/uploads\/2023\/02\/Logo-KSS.png\",\"width\":2239,\"height\":1528,\"caption\":\"Konferenz S\u00e4chsischer Studierendenschaften\"},\"image\":{\"@id\":\"https:\/\/www.kss-sachsen.de\/#\/schema\/logo\/image\/\"},\"sameAs\":[\"https:\/\/www.instagram.com\/kss_sachsen\/\"]},{\"@type\":\"Person\",\"@id\":\"https:\/\/www.kss-sachsen.de\/#\/schema\/person\/fbcf1c2438e102156e84a4ba5c3daa64\",\"name\":\"administration\",\"image\":{\"@type\":\"ImageObject\",\"inLanguage\":\"de\",\"@id\":\"https:\/\/www.kss-sachsen.de\/#\/schema\/person\/image\/\",\"url\":\"https:\/\/secure.gravatar.com\/avatar\/e4ecd4cb3a6714c2adcf507161262d91?s=96&d=mm&r=g\",\"contentUrl\":\"https:\/\/secure.gravatar.com\/avatar\/e4ecd4cb3a6714c2adcf507161262d91?s=96&d=mm&r=g\",\"caption\":\"administration\"},\"url\":\"https:\/\/www.kss-sachsen.de\/?author=1\"}]}<\/script>\n<!-- \/ Yoast SEO plugin. -->","yoast_head_json":{"title":"9. Newsletter 2021 - KSS","robots":{"index":"index","follow":"follow","max-snippet":"max-snippet:-1","max-image-preview":"max-image-preview:large","max-video-preview":"max-video-preview:-1"},"canonical":"https:\/\/www.kss-sachsen.de\/newsletter_september2021","og_locale":"de_DE","og_type":"article","og_title":"9. Newsletter 2021 - KSS","og_description":"Liebe Mitstreiter*innen und Interessierte der KSS, hiermit bekommt ihr den monatlichen Einblick in unsere Themen und aktuelle Arbeit. \u00dcber folgende Themen wollen wir euch in der gewohnten K\u00fcrze berichten:&nbsp; Planung des Wintersemester\u00a0 Impfungen und Impfumfrage Bundestagswahlkampagne &#8222;Unmute and Vote&#8220; Dezentraler Aktionstag zur #Bildungskrise in Leipzig Klimafreundliches Mensaangebot Sitzung des Landessprecher*innenrats Ausblick Hier k\u00f6nnt ihr den Newsletter abonnieren! 1. Planung desHier weiter lesen...","og_url":"https:\/\/www.kss-sachsen.de\/newsletter_september2021","og_site_name":"KSS","article_published_time":"2021-09-21T11:10:53+00:00","article_modified_time":"2021-09-21T11:12:24+00:00","author":"administration","twitter_card":"summary_large_image","twitter_misc":{"Verfasst von":"administration","Gesch\u00e4tzte Lesezeit":"6\u00a0Minuten"},"schema":{"@context":"https:\/\/schema.org","@graph":[{"@type":"Article","@id":"https:\/\/www.kss-sachsen.de\/newsletter_september2021#article","isPartOf":{"@id":"https:\/\/www.kss-sachsen.de\/newsletter_september2021"},"author":{"name":"administration","@id":"https:\/\/www.kss-sachsen.de\/#\/schema\/person\/fbcf1c2438e102156e84a4ba5c3daa64"},"headline":"9. Newsletter 2021","datePublished":"2021-09-21T11:10:53+00:00","dateModified":"2021-09-21T11:12:24+00:00","mainEntityOfPage":{"@id":"https:\/\/www.kss-sachsen.de\/newsletter_september2021"},"wordCount":1160,"commentCount":0,"publisher":{"@id":"https:\/\/www.kss-sachsen.de\/#organization"},"articleSection":["Uncategorized"],"inLanguage":"de","potentialAction":[{"@type":"CommentAction","name":"Comment","target":["https:\/\/www.kss-sachsen.de\/newsletter_september2021#respond"]}]},{"@type":"WebPage","@id":"https:\/\/www.kss-sachsen.de\/newsletter_september2021","url":"https:\/\/www.kss-sachsen.de\/newsletter_september2021","name":"9. Newsletter 2021 - KSS","isPartOf":{"@id":"https:\/\/www.kss-sachsen.de\/#website"},"datePublished":"2021-09-21T11:10:53+00:00","dateModified":"2021-09-21T11:12:24+00:00","breadcrumb":{"@id":"https:\/\/www.kss-sachsen.de\/newsletter_september2021#breadcrumb"},"inLanguage":"de","potentialAction":[{"@type":"ReadAction","target":["https:\/\/www.kss-sachsen.de\/newsletter_september2021"]}]},{"@type":"BreadcrumbList","@id":"https:\/\/www.kss-sachsen.de\/newsletter_september2021#breadcrumb","itemListElement":[{"@type":"ListItem","position":1,"name":"Home","item":"https:\/\/www.kss-sachsen.de\/"},{"@type":"ListItem","position":2,"name":"9. Newsletter 2021"}]},{"@type":"WebSite","@id":"https:\/\/www.kss-sachsen.de\/#website","url":"https:\/\/www.kss-sachsen.de\/","name":"Konferenz S\u00e4chsischer Studierendenschaften","description":"Konferenz S\u00e4chsischer Studierendenschaften","publisher":{"@id":"https:\/\/www.kss-sachsen.de\/#organization"},"potentialAction":[{"@type":"SearchAction","target":{"@type":"EntryPoint","urlTemplate":"https:\/\/www.kss-sachsen.de\/?s={search_term_string}"},"query-input":{"@type":"PropertyValueSpecification","valueRequired":true,"valueName":"search_term_string"}}],"inLanguage":"de"},{"@type":"Organization","@id":"https:\/\/www.kss-sachsen.de\/#organization","name":"Konferenz S\u00e4chsischer Studierendenschaften","url":"https:\/\/www.kss-sachsen.de\/","logo":{"@type":"ImageObject","inLanguage":"de","@id":"https:\/\/www.kss-sachsen.de\/#\/schema\/logo\/image\/","url":"https:\/\/www.kss-sachsen.de\/wp-content\/uploads\/2023\/02\/Logo-KSS.png","contentUrl":"https:\/\/www.kss-sachsen.de\/wp-content\/uploads\/2023\/02\/Logo-KSS.png","width":2239,"height":1528,"caption":"Konferenz S\u00e4chsischer Studierendenschaften"},"image":{"@id":"https:\/\/www.kss-sachsen.de\/#\/schema\/logo\/image\/"},"sameAs":["https:\/\/www.instagram.com\/kss_sachsen\/"]},{"@type":"Person","@id":"https:\/\/www.kss-sachsen.de\/#\/schema\/person\/fbcf1c2438e102156e84a4ba5c3daa64","name":"administration","image":{"@type":"ImageObject","inLanguage":"de","@id":"https:\/\/www.kss-sachsen.de\/#\/schema\/person\/image\/","url":"https:\/\/secure.gravatar.com\/avatar\/e4ecd4cb3a6714c2adcf507161262d91?s=96&d=mm&r=g","contentUrl":"https:\/\/secure.gravatar.com\/avatar\/e4ecd4cb3a6714c2adcf507161262d91?s=96&d=mm&r=g","caption":"administration"},"url":"https:\/\/www.kss-sachsen.de\/?author=1"}]}},"_links":{"self":[{"href":"https:\/\/www.kss-sachsen.de\/index.php?rest_route=\/wp\/v2\/posts\/2530"}],"collection":[{"href":"https:\/\/www.kss-sachsen.de\/index.php?rest_route=\/wp\/v2\/posts"}],"about":[{"href":"https:\/\/www.kss-sachsen.de\/index.php?rest_route=\/wp\/v2\/types\/post"}],"author":[{"embeddable":true,"href":"https:\/\/www.kss-sachsen.de\/index.php?rest_route=\/wp\/v2\/users\/1"}],"replies":[{"embeddable":true,"href":"https:\/\/www.kss-sachsen.de\/index.php?rest_route=%2Fwp%2Fv2%2Fcomments&post=2530"}],"version-history":[{"count":7,"href":"https:\/\/www.kss-sachsen.de\/index.php?rest_route=\/wp\/v2\/posts\/2530\/revisions"}],"predecessor-version":[{"id":2537,"href":"https:\/\/www.kss-sachsen.de\/index.php?rest_route=\/wp\/v2\/posts\/2530\/revisions\/2537"}],"wp:attachment":[{"href":"https:\/\/www.kss-sachsen.de\/index.php?rest_route=%2Fwp%2Fv2%2Fmedia&parent=2530"}],"wp:term":[{"taxonomy":"category","embeddable":true,"href":"https:\/\/www.kss-sachsen.de\/index.php?rest_route=%2Fwp%2Fv2%2Fcategories&post=2530"},{"taxonomy":"post_tag","embeddable":true,"href":"https:\/\/www.kss-sachsen.de\/index.php?rest_route=%2Fwp%2Fv2%2Ftags&post=2530"}],"curies":[{"name":"wp","href":"https:\/\/api.w.org\/{rel}","templated":true}]}}