{"id":2548,"date":"2021-10-24T11:56:19","date_gmt":"2021-10-24T09:56:19","guid":{"rendered":"https:\/\/www.kss-sachsen.de\/?p=2548"},"modified":"2021-10-29T18:05:15","modified_gmt":"2021-10-29T16:05:15","slug":"10-newsletter","status":"publish","type":"post","link":"https:\/\/www.kss-sachsen.de\/newsletter_oktober2021","title":{"rendered":"10. Newsletter 2021"},"content":{"rendered":"<div id=\"magicdomid2\" class=\"ace-line\"><span class=\"author-a-z69zbtkz90zz84zz122zz82zyxyz80zz72zsvz77z\">Liebe Mitstreiter*innen und Interessierte der KSS,<\/span><\/div>\n<div id=\"magicdomid4\" class=\"ace-line\"><span class=\"author-a-z69zbtkz90zz84zz122zz82zyxyz80zz72zsvz77z\"><br \/>\nhiermit bekommt ihr den monatlichen Einblick in unsere Themen und aktuelle Arbeit. \u00dcber folgende Themen wollen wir euch in der gewohnten K\u00fcrze berichten:<\/span><\/div>\n<ol>\n<li id=\"magicdomid6\" class=\"ace-line\">\n<div id=\"magicdomid6\" class=\"ace-line\"><span class=\"author-a-ytz80znwz76z3qz77zz78zaz88zz78zz79zjz67z\">3G-Kontrollen und Testm\u00f6glichkeiten an den Hochschulen<\/span><\/div>\n<\/li>\n<li class=\"ace-line\">\n<div id=\"magicdomid7\" class=\"ace-line\"><span class=\"author-a-ytz80znwz76z3qz77zz78zaz88zz78zz79zjz67z\">Treffen mit\u00a0<\/span><span class=\"author-a-z69zbtkz90zz84zz122zz82zyxyz80zz72zsvz77z\">Vorstand der Landesrektor*innenkonferenz<\/span><\/div>\n<\/li>\n<li class=\"ace-line\">\n<div id=\"magicdomid8\" class=\"ace-line\"><span class=\"author-a-ytz80znwz76z3qz77zz78zaz88zz78zz79zjz67z\">Verfasste Studierendenschaft und Land\u00e4rzt*innenquote<\/span><\/div>\n<\/li>\n<li class=\"ace-line\">\n<div id=\"magicdomid9\" class=\"ace-line\"><span class=\"author-a-ytz80znwz76z3qz77zz78zaz88zz78zz79zjz67z\">Landesweites Semesterticket<\/span><\/div>\n<\/li>\n<li class=\"ace-line\">\n<div id=\"magicdomid9\" class=\"ace-line\"><span class=\"author-a-ytz80znwz76z3qz77zz78zaz88zz78zz79zjz67z\">Demonstrationen gegen Querdenker*innen und rechte Bewegungen<\/span><\/div>\n<\/li>\n<li class=\"ace-line\">\n<div id=\"magicdomid11\" class=\"ace-line\"><span class=\"author-a-ytz80znwz76z3qz77zz78zaz88zz78zz79zjz67z\">Fachtagung zu neuem Beratungskonzept f\u00fcr Menschen mit Behinderungen<\/span><\/div>\n<\/li>\n<li class=\"ace-line\">\n<div id=\"magicdomid12\" class=\"ace-line\"><span class=\"author-a-ytz80znwz76z3qz77zz78zaz88zz78zz79zjz67z\">Sitzung des Landessprecher*innenrats<\/span><\/div>\n<\/li>\n<li class=\"ace-line\">\n<div id=\"magicdomid13\" class=\"ace-line\"><span class=\"author-a-ytz80znwz76z3qz77zz78zaz88zz78zz79zjz67z\">Ausblick<\/span><\/div>\n<\/li>\n<\/ol>\n<div id=\"magicdomid14\" class=\"ace-line\">\n<p><span class=\"author-a-z69zbtkz90zz84zz122zz82zyxyz80zz72zsvz77z b\"><b><span class=\"author-a-ytz80znwz76z3qz77zz78zaz88zz78zz79zjz67z\"><strong><a href=\"https:\/\/www.lists.kss-sachsen.de\/mailman\/listinfo\/newsletter\" target=\"_blank\">Hier k\u00f6nnt ihr den Newsletter abonnieren!<\/a><\/strong><\/span><\/b><\/span><\/p>\n<p>&nbsp;<\/p>\n<\/div>\n<p><iframe loading=\"lazy\" title=\"YouTube video player\" src=\"https:\/\/www.youtube.com\/embed\/pNeLO8PE6SU\" width=\"560\" height=\"315\" frameborder=\"0\" allowfullscreen=\"allowfullscreen\"><\/iframe><\/p>\n<p>&nbsp;<\/p>\n<div id=\"magicdomid14\" class=\"ace-line\">\n<div id=\"magicdomid17\" class=\"ace-line\"><span class=\"author-a-ytz80znwz76z3qz77zz78zaz88zz78zz79zjz67z b\"><b>1. 3G-Kontrollen und Testm\u00f6glichkeiten an den Hochschulen<\/b><\/span><\/div>\n<div id=\"magicdomid18\" class=\"ace-line\"><\/div>\n<div id=\"magicdomid19\" class=\"ace-line\"><span class=\"author-a-ytz80znwz76z3qz77zz78zaz88zz78zz79zjz67z\">Seit diesem Monat laufen die Lehrveranstaltungen an den s\u00e4chsischen Hochschulen zu einem gro\u00dfen Teil wieder in Pr\u00e4senz an. Doch der Lehrbetrieb in den H\u00f6rs\u00e4len und an den Hochschulen erfordert nun auch entsprechende Sicherheit<\/span><span class=\"author-a-z69zbtkz90zz84zz122zz82zyxyz80zz72zsvz77z\">sma\u00dfnahmen<\/span><span class=\"author-a-ytz80znwz76z3qz77zz78zaz88zz78zz79zjz67z\">. Bereits im letzten Monat forderteten wir konsequente Kontrollen der 3G-Regelung. An den s\u00e4chsischen Hochschulen wird diese jedoch zu einem gro\u00dfen Teil &#8211; wenn \u00fcberhaupt &#8211; nur stichprobenartig kontrolliert. In Anbetracht dessen, dass Sachsen das Bundesland mit der niedrigsten Impfquote ist,\u00a0<\/span><span class=\"author-a-z69zbtkz90zz84zz122zz82zyxyz80zz72zsvz77z\">kritisieren<\/span><span class=\"author-a-ytz80znwz76z3qz77zz78zaz88zz78zz79zjz67z\">\u00a0wir diese im Vergleich zu anderen L\u00e4ndern eher fahrl\u00e4ssige Handhabung. Damit wirklich alle und insbesondere die Studierenden, die sich oder nahe Angeh\u00f6rige nicht impfen lassen k\u00f6nnen, auch mit m\u00f6glichst gro\u00dfem Schutz vor dem Coronavirus in vollen H\u00f6rs\u00e4len studieren k\u00f6nnen, sprechen wir uns f\u00fcr fl\u00e4chendeckende und konsequentere Kontrollen aus.\u00a0<\/span><\/div>\n<div id=\"magicdomid20\" class=\"ace-line\"><span class=\"author-a-ytz80znwz76z3qz77zz78zaz88zz78zz79zjz67z\">Gleichzeitig muss daf\u00fcr gesorgt werden, dass kostenlose Testm\u00f6glichkeiten niedrigschwellig f\u00fcr alle Studierenden zur Verf\u00fcgung stehen. Hierf\u00fcr wurden an den s\u00e4chsischen Hochschulen bereits Selbsttestzentren organisiert, in denen sich vorerst alle Studierende kostenlos testen lassen k\u00f6nnen. Das erleichtert das Leben von allen, die sich nicht impfen lassen k\u00f6nnen oder ausl\u00e4ndischen Studierenden, die bereits mit einem nicht in der EU anerkannten Impfstoff geimpt sind, ungemein. Mit dem Abbau der H\u00fcrde, Tests mehrfach w\u00f6chentlich ggf. in Testzentren durchzuf\u00fchren, tr\u00e4gt diese Ma\u00dfnahme\u00a0<\/span><span class=\"author-a-z69zbtkz90zz84zz122zz82zyxyz80zz72zsvz77z\">hoffentlich\u00a0<\/span><span class=\"author-a-ytz80znwz76z3qz77zz78zaz88zz78zz79zjz67z\">dazu bei, dass sich\u00a0<\/span><span class=\"author-a-z69zbtkz90zz84zz122zz82zyxyz80zz72zsvz77z\">m\u00f6glichst viele<\/span><span class=\"author-a-ytz80znwz76z3qz77zz78zaz88zz78zz79zjz67z\">\u00a0ungeimpfte Studierenden auch wirklich testen lassen. Weiter unten gelangt ihr zur aktuellen Pressemitteilung.\u00a0<\/span><\/div>\n<p>&nbsp;<\/p>\n<div id=\"magicdomid21\" class=\"ace-line\"><\/div>\n<div id=\"magicdomid22\" class=\"ace-line\"><\/div>\n<div id=\"magicdomid23\" class=\"ace-line\"><span class=\"author-a-ytz80znwz76z3qz77zz78zaz88zz78zz79zjz67z b\"><b>2. Treffen mit\u00a0<\/b><\/span><span class=\"author-a-z69zbtkz90zz84zz122zz82zyxyz80zz72zsvz77z b\"><b>Vorstand der Landesrektor*innenkonferenz<\/b><\/span><\/div>\n<div id=\"magicdomid24\" class=\"ace-line\"><\/div>\n<div id=\"magicdomid25\" class=\"ace-line\"><span class=\"author-a-ytz80znwz76z3qz77zz78zaz88zz78zz79zjz67z\">Auch in diesem Monat haben wir uns wieder mit dem Vorstand der Landesrektorenkonferenz<\/span><span class=\"author-a-z69zbtkz90zz84zz122zz82zyxyz80zz72zsvz77z\">\u00a0(LRK)<\/span><span class=\"author-a-ytz80znwz76z3qz77zz78zaz88zz78zz79zjz67z\">\u00a0[sic] und der Staatssekret\u00e4rin ausgetauscht. Dabei ging es wieder vorrangig um die Corona-Regelungen. Die LRK vertritt dabei weiterhin die Ansicht, dass es in der Selbstverantwortung aller Studierenden liegen sollte, die 3G-Regelung einzuhalten. Die Schnelltestzentren an den Hochschulen sollen jedoch vorerst f\u00fcr alle Studierenden kostenfrei zur Verf\u00fcgung stehen. Da mit Blick auf die Infektionszahlen bereits absehbar ist, dass die \u00dcberlastungsstufe in diesem Wintersemester noch erreicht werden k\u00f6nnte, werden auch bereits \u00dcberlegungen\u00a0<\/span><span class=\"author-a-z69zbtkz90zz84zz122zz82zyxyz80zz72zsvz77z\">angestellt<\/span><span class=\"author-a-ytz80znwz76z3qz77zz78zaz88zz78zz79zjz67z\">, inwieweit die Regelungen an den Hochschulen versch\u00e4rft werden k\u00f6nnen. Diesen Prozess werden wir nat\u00fcrlich begleiten und euch fortlaufend informieren! Desweiteren konnten wir den Rektor*innen nahelegen, dass eine Sozialkontaktstelle f\u00fcr alle Studierenden, denen eine Teilnahme am Pr\u00e4senzbetrieb aufgrund zu gro\u00dfer Entfernung oder zu hohem Risiko nicht m\u00f6glich ist, sinnvoll w\u00e4re. Eine solche existiert bereits in Mittweida. Studierende mit Problemen im Pr\u00e4senzbetrieb k\u00f6nnen sich niedrigschwellig an diese Stelle wenden, welche dann vorrangig die Kommunikation mit den Pr\u00fcfungsaussch\u00fcssen und Lehrenden \u00fcbernimmt, damit individuelle L\u00f6sungen gefunden werden k\u00f6nnen.\u00a0<\/span><\/div>\n<div id=\"magicdomid26\" class=\"ace-line\"><\/div>\n<div id=\"magicdomid27\" class=\"ace-line\"><\/div>\n<p>&nbsp;<\/p>\n<div id=\"magicdomid28\" class=\"ace-line\"><span class=\"author-a-ytz80znwz76z3qz77zz78zaz88zz78zz79zjz67z b\"><b>3. Verfasste Studierendenschaft und Land\u00e4rzt*innenquote<\/b><\/span><\/div>\n<div id=\"magicdomid29\" class=\"ace-line\"><\/div>\n<div id=\"magicdomid30\" class=\"ace-line\"><span class=\"author-a-ytz80znwz76z3qz77zz78zaz88zz78zz79zjz67z\">Am<\/span><span class=\"author-a-z69zbtkz90zz84zz122zz82zyxyz80zz72zsvz77z\">\u00a030.09.<\/span><span class=\"author-a-ytz80znwz76z3qz77zz78zaz88zz78zz79zjz67z\">\u00a0wurde im S\u00e4chsischen Landtag das Land\u00e4rzt*innengesetz beschlossen. Der Kernpunkt des Gesetzes ist die Einf\u00fchrung einer Vorabquote f\u00fcr Medizinstudienbewerber*innen, die sich mit der Zulassung nach ihrem Studium f\u00fcr 10 Jahre zu einer T\u00e4tigkeit im l\u00e4ndlichen Raum verpflichten. Das\u00a0<\/span><span class=\"author-a-z69zbtkz90zz84zz122zz82zyxyz80zz72zsvz77z\">Gesetz\u00a0<\/span><span class=\"author-a-ytz80znwz76z3qz77zz78zaz88zz78zz79zjz67z\">beinhaltet mit der Wiedereinf\u00fchrung der verpflichtenden Mitgliedschaft in der verfassten Studierendenschaft jedoch auch eine \u00c4nderung des S\u00e4chsischen Hochschulfreiheitsgesetzes (S\u00e4chsHSFG). Wir erachten\u00a0<\/span><span class=\"author-a-z69zbtkz90zz84zz122zz82zyxyz80zz72zsvz77z\">e<\/span><span class=\"author-a-ytz80znwz76z3qz77zz78zaz88zz78zz79zjz67z\">ine Vorabquote, die das Problem der \u00e4rztlichen Unterversorgung auf dem Land l\u00f6sen soll, weiterhin als absolut nicht zielf\u00fchrend<\/span><span class=\"author-a-z69zbtkz90zz84zz122zz82zyxyz80zz72zsvz77z\">\u00a0und unverh\u00e4ltnism\u00e4\u00dfig<\/span><span class=\"author-a-ytz80znwz76z3qz77zz78zaz88zz78zz79zjz67z\">. Jedoch freuen wir uns au\u00dferordentlich, dass mit der Abschaffung der Austrittsoption aus der Verfassten Studierendenschaft eine erste unserer Forderungen f\u00fcr das neue Hochschulfreiheitsgesetz\u00a0<\/span><span class=\"author-a-z69zbtkz90zz84zz122zz82zyxyz80zz72zsvz77z\">um<\/span><span class=\"author-a-ytz80znwz76z3qz77zz78zaz88zz78zz79zjz67z\">gesetzt und die Hochschulen nun ein St\u00fcck weit mehr Solidarit\u00e4t und Demokratie in den Studierendenschaften gewinnen konnten. Schaut auch hierf\u00fcr gern in unsere Pressemitteilung zum Thema.<\/span><\/div>\n<div id=\"magicdomid31\" class=\"ace-line\"><\/div>\n<p>&nbsp;<\/p>\n<div id=\"magicdomid32\" class=\"ace-line\"><span class=\"author-a-ytz80znwz76z3qz77zz78zaz88zz78zz79zjz67z b\"><b>4. Landesweites Semesterticket<\/b><\/span><\/div>\n<div id=\"magicdomid33\" class=\"ace-line\"><\/div>\n<div id=\"magicdomid133\" class=\"ace-line\"><span class=\"author-a-ytz80znwz76z3qz77zz78zaz88zz78zz79zjz67z\">Mit der Abschaffung der Austrittsoption aus der Verfassten Studierendenschaft\u00a0<\/span><span class=\"author-a-z69zbtkz90zz84zz122zz82zyxyz80zz72zsvz77z\">ist eine politische Anspruchshaltung verbunden<\/span><span class=\"author-a-ytz80znwz76z3qz77zz78zaz88zz78zz79zjz67z\">,\u00a0<\/span><span class=\"author-a-z69zbtkz90zz84zz122zz82zyxyz80zz72zsvz77z\">nun auch\u00a0<\/span><span class=\"author-a-ytz80znwz76z3qz77zz78zaz88zz78zz79zjz67z\">ein landesweites Semesterticket f\u00fcr alle Studierenden in Sachsen verhandeln zu k\u00f6nnen.\u00a0<\/span><span class=\"author-a-z69zbtkz90zz84zz122zz82zyxyz80zz72zsvz77z\">Bevor wir ein solches Vorhaben \u00fcberhaupt angehen k\u00f6nnen, loten wir nun die Bedarfe aller Studierendenschaften aus und diskutieren, ob ein solches landesweites Semesterticket von den Studierendenr\u00e4ten \u00fcberhaupt gew\u00fcnscht ist oder wie es genau aussehen k\u00f6nnte.\u00a0<\/span><span class=\"author-a-ytz80znwz76z3qz77zz78zaz88zz78zz79zjz67z\">W\u00e4hrend die Studis in Dresden und Chemnitz\u00a0<\/span><span class=\"author-a-z69zbtkz90zz84zz122zz82zyxyz80zz72zsvz77z\">mit ihrem Semesterticket\u00a0<\/span><span class=\"author-a-ytz80znwz76z3qz77zz78zaz88zz78zz79zjz67z\">bereits landesweit\u00a0<\/span><span class=\"author-a-z69zbtkz90zz84zz122zz82zyxyz80zz72zsvz77z\">bestimmte Z\u00fcge<\/span><span class=\"author-a-ytz80znwz76z3qz77zz78zaz88zz78zz79zjz67z\">\u00a0nutzen k\u00f6nnen, haben besonders die kleinen Hochschulstandorte &#8211; aber auch Leipzig &#8211; diesen Vorteil<\/span><span class=\"author-a-z69zbtkz90zz84zz122zz82zyxyz80zz72zsvz77z\">\u00a0nicht und k\u00f6nnen<\/span><span class=\"author-a-ytz80znwz76z3qz77zz78zaz88zz78zz79zjz67z\">\u00a0teilweise<\/span><span class=\"author-a-z69zbtkz90zz84zz122zz82zyxyz80zz72zsvz77z\">\u00a0h\u00f6chstens in ihrer Stadt die \u00f6ffentlichen Verkehrsmittel nutzen<\/span><span class=\"author-a-ytz80znwz76z3qz77zz78zaz88zz78zz79zjz67z\">. In den kommenden Wochen werden wir uns\u00a0also sowohl unter den Studierendenschaften als auch auf politischer Ebene umh\u00f6ren, inwieweit ein landesweites Semesterticket verhandelbar ist. Ihr k\u00f6nnt uns gern eure Meinungen hierzu zukommen lassen!\u00a0<\/span><\/div>\n<p>&nbsp;<\/p>\n<div id=\"magicdomid35\" class=\"ace-line\"><\/div>\n<div id=\"magicdomid36\" class=\"ace-line\"><span class=\"author-a-ytz80znwz76z3qz77zz78zaz88zz78zz79zjz67z b\"><b>5. Demonstrationen gegen Querdenker*innen und rechte Bewegungen<\/b><\/span><\/div>\n<div id=\"magicdomid37\" class=\"ace-line\"><\/div>\n<div id=\"magicdomid38\" class=\"ace-line\"><span class=\"author-a-ytz80znwz76z3qz77zz78zaz88zz78zz79zjz67z\">Am 09. Oktober mobilisierte die Bewegung &#8222;Studenten stehen auf&#8220; bundesweit nach Dresden, um gegen die Corona-Regelungen an den Hochschulen zu demonstrieren. Unterst\u00fctzt wurde die Aktion zu sehr gro\u00dfen Teilen von der Querdenkenszene. Die Kernforderung der Bewegung war, dass der Pr\u00e4senzbetrieb an den Hochschulen ohne\u00a0<\/span><span class=\"author-a-z69zbtkz90zz84zz122zz82zyxyz80zz72zsvz77z\">eine 3G Regelung<\/span><span class=\"author-a-ytz80znwz76z3qz77zz78zaz88zz78zz79zjz67z\">\u00a0erm\u00f6glicht werden muss.\u00a0\u00a0<\/span><span class=\"author-a-z69zbtkz90zz84zz122zz82zyxyz80zz72zsvz77z\">Wir haben gemeinsam mit lokalen Organisationen wie Herz statt Hetze oder den Jusos Dresden eine Gegendemonstration veranstaltet. An drei verschiedenen Stellen auf der Demoroute von &#8222;Studenten stehen auf&#8220; haben wir mit Bannern und Redebeitr\u00e4gen klar gemacht, dass wir an der Seite der Wissenschaft stehen, Verschw\u00f6rungsideologie und Wissenschaftsfeindlichkeit keinen Platz geben, sowie der Infektionsschutz weiterhin h\u00f6chste Priorit\u00e4t haben muss. Unsere Pressemitteilung und Zeitungsartikel findet ihr weiter unten.\u00a0<\/span><span class=\"author-a-ytz80znwz76z3qz77zz78zaz88zz78zz79zjz67z\">Doch\u00a0<\/span><span class=\"author-a-z69zbtkz90zz84zz122zz82zyxyz80zz72zsvz77z\">nicht nur Schwurbler*innen, sondern auch Rassist*innen mussten wir uns in innerhalb einer Woche entgegenstellen. Denn a<\/span><span class=\"author-a-ytz80znwz76z3qz77zz78zaz88zz78zz79zjz67z\">m vergangenen Sonntag, dem 17.10.2021,\u00a0<\/span><span class=\"author-a-z69zbtkz90zz84zz122zz82zyxyz80zz72zsvz77z\">haben wir\u00a0<\/span><span class=\"author-a-ytz80znwz76z3qz77zz78zaz88zz78zz79zjz67z\">die Durchf\u00fchrung der Gegendemo zum 07. Jahrestag der Pegida-Bewegung unterst\u00fctzt. Mit weitaus mehr Demonstrant*innen auf unserer Seite konnten wir gemeinsam mit zahlreichen beteiligten Personen<\/span><span class=\"author-a-z69zbtkz90zz84zz122zz82zyxyz80zz72zsvz77z\">\u00a0und Organisationen ein<\/span><span class=\"author-a-ytz80znwz76z3qz77zz78zaz88zz78zz79zjz67z\">\u00a0starke<\/span><span class=\"author-a-z69zbtkz90zz84zz122zz82zyxyz80zz72zsvz77z\">s<\/span><span class=\"author-a-ytz80znwz76z3qz77zz78zaz88zz78zz79zjz67z\">\u00a0<\/span><span class=\"author-a-z69zbtkz90zz84zz122zz82zyxyz80zz72zsvz77z\">Zeichen<\/span><span class=\"author-a-ytz80znwz76z3qz77zz78zaz88zz78zz79zjz67z\">\u00a0gegen die Hetze von Pegida\u00a0<\/span><span class=\"author-a-z69zbtkz90zz84zz122zz82zyxyz80zz72zsvz77z\">setzen<\/span><span class=\"author-a-ytz80znwz76z3qz77zz78zaz88zz78zz79zjz67z\">. Unter anderem hatte die TU Dresden selbst zum Gegenprotest aufgerufen und Rektorin Frau Prof. Staudinger einen Redebeitrag auf der Zubringerdemonstration<\/span><span class=\"author-a-z69zbtkz90zz84zz122zz82zyxyz80zz72zsvz77z\">, die komplett studentisch organisiert wurde,<\/span><span class=\"author-a-ytz80znwz76z3qz77zz78zaz88zz78zz79zjz67z\">\u00a0gehalten.\u00a0<\/span><\/div>\n<div id=\"magicdomid40\" class=\"ace-line\"><\/div>\n<div id=\"magicdomid41\" class=\"ace-line\"><\/div>\n<p>&nbsp;<\/p>\n<div id=\"magicdomid42\" class=\"ace-line\"><span class=\"author-a-ytz80znwz76z3qz77zz78zaz88zz78zz79zjz67z b\"><b>6. Fachtagung zu neuem Beratungskonzept f\u00fcr Menschen mit Behinderungen<\/b><\/span><\/div>\n<div id=\"magicdomid43\" class=\"ace-line\"><\/div>\n<div id=\"magicdomid44\" class=\"ace-line\"><span class=\"author-a-ytz80znwz76z3qz77zz78zaz88zz78zz79zjz67z\">Am 20. September besuchte unsere Referentin f\u00fcr Inklusion eine offene Tagung des s\u00e4chsischen Beauftragten f\u00fcr die Belange von Menschen mit Behinderungen. Thema war &#8222;die erg\u00e4nzende unabh\u00e4ngige Teilhabeberatung (EUTB) \u2013 ein Erfolgsmodell?&#8220;. Dieses Peer-Counceling-Konzept erm\u00f6glicht eine niederschwellige und kostenlose Beratung von Personen mit Behinderung. Die haupt- oder ehrenamtlich t\u00e4tigen Berater*innen verschaffen sich zusammen mit den Ratsuchenden einen \u00dcberblick \u00fcber m\u00f6gliche Teilhabeleistungen wie bspw. Assistenz, technische Hilfsmittel oder Mehrbedarfe f\u00fcr Ern\u00e4hrung, Wohnen, Gesundheitsvorsorge u.\u00e4. und helfen bei der Antragsstellung. Bundesweit nehmen zu einem geringen Anteil auch Studierende dieses Angebot wahr, auf der Tagung selbst war dies leider kein Thema.\u00a0<\/span><\/div>\n<div id=\"magicdomid178\" class=\"ace-line\"><span class=\"author-a-ytz80znwz76z3qz77zz78zaz88zz78zz79zjz67z\">W\u00e4hrend der Podiumsdiskussion hagelte es schlie\u00dflich auch Kritik seitens der Berater*innen. Es fehle an Vertrauen anderer Beh\u00f6rden gegen\u00fcber der Kompetenz der EUTBs, jede Antragsstellung sei au\u00dferordentlich aufwendig und bed\u00fcrfe trotz klarer Sachlage unentwegt eines Widerspruchs. Dar\u00fcber hinaus lie\u00dfen die Berichte der einzelnen EUTBs sehr deutlich grunds\u00e4tzliche Probleme in Hinsicht auf Stadt-Land-Entwicklung und mangelnder Barrierefreiheit erkennen. Auch die Veranstaltung selbst konnte den Anspr\u00fcchen an Barrierefreiheit nicht gerecht werden. Viele dieser Punkte halten auch nach wie vor viele Behinderte von einem Studium ab. Daher erscheint uns die Notwendigkeit f\u00fcr entsprechende Konzepte durchaus gegeben. Ob die EUTB das Erfolgsmodell sein wird, scheint daher nicht allein bei den EUTBs zu liegen, sondern ber\u00fchrt die Frage, inwiefern wir als Gesellschaft die UN-Behindertenrechtskonvention (UN-BRK) tats\u00e4chlich ernst nehmen. (Quellen unten angegeben)<\/span><\/div>\n<p>&nbsp;<\/p>\n<div id=\"magicdomid137\" class=\"ace-line\"><\/div>\n<div id=\"magicdomid52\" class=\"ace-line\"><\/div>\n<div id=\"magicdomid53\" class=\"ace-line\"><span class=\"author-a-ytz80znwz76z3qz77zz78zaz88zz78zz79zjz67z b\"><b>7. Sitzung des Landessprecher*innenrats<\/b><\/span><\/div>\n<div id=\"magicdomid54\" class=\"ace-line\"><\/div>\n<div id=\"magicdomid55\" class=\"ace-line\"><span class=\"author-a-z69zbtkz90zz84zz122zz82zyxyz80zz72zsvz77z\">Am 16.10. hat unsere seit langem erste beschlussf\u00e4hige Sitzung in\u00a0<\/span><span class=\"author-a-ytz80znwz76z3qz77zz78zaz88zz78zz79zjz67z\">(Teil)p<\/span><span class=\"author-a-z69zbtkz90zz84zz122zz82zyxyz80zz72zsvz77z\">r\u00e4senz stattgefunden.\u00a0<\/span><span class=\"author-a-ytz80znwz76z3qz77zz78zaz88zz78zz79zjz67z\">Die Abstimmungen erfolgen jedoch auch bei uns weiterhin online, solange nicht alle Stimmberechtigten in Pr\u00e4senz vor Ort sein k\u00f6nnen.\u00a0<\/span><span class=\"author-a-z69zbtkz90zz84zz122zz82zyxyz80zz72zsvz77z\">Im StuRa der HTW Dresden ging es vor allem viel um unsere Finanzen. Wir haben eine neue verantwortliche Person bestimmt und Geld f\u00fcr die Weiterbesch\u00e4ftigung unserers Layouters, sowie den Druck von KSS-Kleidung beschlossen. Dar\u00fcber hinaus wurde \u00fcber die Evaluation der Musterrechtsverordnung und damit der S\u00e4chsischen Studienakkreditierungsverordnung gesprochen. Wie immer konnten nat\u00fcrlich auch wir und alle Studierendenr\u00e4te berichten was bei ihnen gerade akutell ist. Daraus ergab sich vor allem eine interessante Diskussion zu den oben schon erw\u00e4hnten Corona-Regelungen und deren Kontrolle. Auch \u00fcber eine m\u00f6gliche zuk\u00fcnftige 2G-Regelung an den Hochschulen haben wir intensiv diskutiert.<\/span><\/div>\n<div id=\"magicdomid56\" class=\"ace-line\"><\/div>\n<p>&nbsp;<\/p>\n<div id=\"magicdomid57\" class=\"ace-line\"><span class=\"author-a-ytz80znwz76z3qz77zz78zaz88zz78zz79zjz67z b\"><b>8. Ausblick<\/b><\/span><\/div>\n<div id=\"magicdomid58\" class=\"ace-line\"><\/div>\n<div id=\"magicdomid59\" class=\"ace-line\"><span class=\"author-a-z69zbtkz90zz84zz122zz82zyxyz80zz72zsvz77z\">Nach der abgeschlossenen Bundestagswahl und unserer Kampagne dazu, sowie einigen externen Verpflichtungen der KSS-Sprecher*innen m\u00fcssen wir uns in den n\u00e4chsten Tagen erst einmal wieder intern organisieren bzw. einen Plan f\u00fcr die n\u00e4chsten Monate entwickeln. Klar ist, dass es wieder oder weiterhin um das S\u00e4chsische Hochschulfreiheitsgesetz gehen wird. Nach der Wiedereinf\u00fchrung der verfassten Studierendenschaft steht uns auch eine spannende Diskussion zu einem landesweiten Semesterticket bevor. Au\u00dferdem werden wir sicher schauen inwiefern wir wieder mehr Bildungsangebote f\u00fcr die Mitglieder der studentischen Selbstverwaltung und aller Studierenden anbieten k\u00f6nnen.<\/span><\/div>\n<div class=\"ace-line\"><\/div>\n<div id=\"magicdomid60\" class=\"ace-line\"><\/div>\n<h3 id=\"magicdomid61\" class=\"ace-line\"><span class=\"author-a-ytz80znwz76z3qz77zz78zaz88zz78zz79zjz67z b\">News und Pressemitteilungen<\/span><span class=\"author-a-ytz80znwz76z3qz77zz78zaz88zz78zz79zjz67z\">:\u00a0<\/span><\/h3>\n<div id=\"magicdomid62\" class=\"ace-line\"><\/div>\n<div id=\"magicdomid63\" class=\"ace-line\"><strong><span class=\"author-a-ytz80znwz76z3qz77zz78zaz88zz78zz79zjz67z\">Als Bundesland mit der geringsten Impfquote die nachl\u00e4ssigsten Coronaregelungen?!<\/span><\/strong><\/div>\n<ul>\n<li id=\"magicdomid64\" class=\"ace-line\"><span class=\"author-a-ytz80znwz76z3qz77zz78zaz88zz78zz79zjz67z url\"><a href=\"https:\/\/www.kss-sachsen.de\/pm_23_21\" rel=\"noreferrer noopener\">https:\/\/www.kss-sachsen.de\/pm_23_21<\/a><\/span><\/li>\n<\/ul>\n<p>&nbsp;<\/p>\n<div id=\"magicdomid65\" class=\"ace-line\"><span class=\"author-a-ytz80znwz76z3qz77zz78zaz88zz78zz79zjz67z\"><strong>Verfasste Studierendenschaft Ja, bitte \u2013 Land\u00e4rzt*innenquote Nein, danke<\/strong> <\/span><\/div>\n<ul>\n<li class=\"ace-line\"><span class=\"author-a-ytz80znwz76z3qz77zz78zaz88zz78zz79zjz67z url\"><a href=\"https:\/\/www.kss-sachsen.de\/pm_21_21\" rel=\"noreferrer noopener\">https:\/\/www.kss-sachsen.de\/pm_21_21<\/a><\/span><\/li>\n<li id=\"magicdomid67\" class=\"ace-line\"><span class=\"author-a-z69zbtkz90zz84zz122zz82zyxyz80zz72zsvz77z url\">Beitrag des MDR:\u00a0<a href=\"https:\/\/www.mdr.de\/nachrichten\/sachsen\/politik\/landtag-beschlossen-landarztquote-100.html\" rel=\"noreferrer noopener\">https:\/\/www.mdr.de\/nachrichten\/sachsen\/politik\/landtag-beschlossen-landarztquote-100.html<\/a><\/span><\/li>\n<\/ul>\n<div id=\"magicdomid68\" class=\"ace-line\"><\/div>\n<div id=\"magicdomid69\" class=\"ace-line\"><strong><span class=\"author-a-ytz80znwz76z3qz77zz78zaz88zz78zz79zjz67z\">Breites B\u00fcndnis organisiert Gegenprotest zu \u201aStudenten stehen auf\u2018<\/span><\/strong><\/div>\n<ul>\n<li id=\"magicdomid70\" class=\"ace-line\"><span class=\"author-a-ytz80znwz76z3qz77zz78zaz88zz78zz79zjz67z url\"><a href=\"https:\/\/www.kss-sachsen.de\/pm_22_21\" rel=\"noreferrer noopener\">https:\/\/www.kss-sachsen.de\/pm_22_21<\/a><\/span><\/li>\n<li class=\"ace-line\">Artikel in der S\u00e4chsischen Zeitung:\u00a0<span class=\"author-a-ytz80znwz76z3qz77zz78zaz88zz78zz79zjz67z url\"><a href=\"https:\/\/www.saechsische.de\/coronavirus\/behinderungen-in-dresden-wegen-demo-gegen-corona-massnahmen-5542449.html\" rel=\"noreferrer noopener\">https:\/\/www.saechsische.de\/coronavirus\/behinderungen-in-dresden-wegen-demo-gegen-corona-massnahmen-5542449.html<\/a><\/span><\/li>\n<\/ul>\n<div id=\"magicdomid78\" class=\"ace-line\"><\/div>\n<div id=\"magicdomid199\" class=\"ace-line\"><strong><span class=\"author-a-z69zbtkz90zz84zz122zz82zyxyz80zz72zsvz77z\">Artikel zum Pegida Protest<\/span><span class=\"author-a-ytz80znwz76z3qz77zz78zaz88zz78zz79zjz67z\">:\u00a0<\/span><\/strong><\/div>\n<ul>\n<li id=\"magicdomid80\" class=\"ace-line\"><span class=\"author-a-z69zbtkz90zz84zz122zz82zyxyz80zz72zsvz77z url\">ZEIT ONLINE:\u00a0<a href=\"https:\/\/www.zeit.de\/news\/2021-10\/17\/demonstrationen-gegen-pegida-in-dresden?utm_referrer=https%3A%2F%2Fwww.google.com%2F\" rel=\"noreferrer noopener\">https:\/\/www.zeit.de\/news\/2021-10\/17\/demonstrationen-gegen-pegida-in-dresden?utm_referrer=https%3A%2F%2Fwww.google.com%2F<\/a><\/span><span class=\"author-a-z69zbtkz90zz84zz122zz82zyxyz80zz72zsvz77z\">\u00a0oder\u00a0<\/span><\/li>\n<li id=\"magicdomid81\" class=\"ace-line\"><span class=\"author-a-z69zbtkz90zz84zz122zz82zyxyz80zz72zsvz77z url\">MDR:\u00a0<a href=\"https:\/\/www.mdr.de\/nachrichten\/sachsen\/dresden\/dresden-radebeul\/demonstrationen-pegida-protest-sperrungen-100.html\" rel=\"noreferrer noopener\">https:\/\/www.mdr.de\/nachrichten\/sachsen\/dresden\/dresden-radebeul\/demonstrationen-pegida-protest-sperrungen-100.html<\/a><\/span><\/li>\n<\/ul>\n<div id=\"magicdomid200\" class=\"ace-line\"><\/div>\n<div class=\"ace-line\"><\/div>\n<div id=\"magicdomid251\" class=\"ace-line\"><strong><span class=\"author-a-ytz80znwz76z3qz77zz78zaz88zz78zz79zjz67z\">Quellen zu Punkt (Fachtagung zur EUTB):\u00a0<\/span><\/strong><\/div>\n<div id=\"magicdomid246\" class=\"ace-line\">\n<ul class=\"list-bullet1\">\n<li><span class=\"author-a-ytz80znwz76z3qz77zz78zaz88zz78zz79zjz67z\">Deutscher Bundestag: Drucksache 19\/31168. Zwischenbericht 2021 zur Evaluation der Erg\u00e4nzenden Unabh\u00e4ngigen Teilhabeberatung vom 21.06.2021, S. 74, online unter:\u00a0<\/span><span class=\"author-a-ytz80znwz76z3qz77zz78zaz88zz78zz79zjz67z url\"><a href=\"https:\/\/dserver.bundestag.de\/btd\/19\/311\/1931168.pdf\" rel=\"noreferrer noopener\">https:\/\/dserver.bundestag.de\/btd\/19\/311\/1931168.pdf<\/a><\/span><span class=\"author-a-ytz80znwz76z3qz77zz78zaz88zz78zz79zjz67z\">\u00a0<\/span><\/li>\n<\/ul>\n<\/div>\n<div id=\"magicdomid247\" class=\"ace-line\">\n<ul class=\"list-bullet1\">\n<li><span class=\"author-a-ytz80znwz76z3qz77zz78zaz88zz78zz79zjz67z\">Deutsches Studentenwerk: Finanzierung behinderungsbedingter Mehrbedarfe, In: Handbuch Studium und Behinderung, online unter:\u00a0<\/span><span class=\"author-a-ytz80znwz76z3qz77zz78zaz88zz78zz79zjz67z url\"><a href=\"https:\/\/www.studentenwerke.de\/sites\/default\/files\/Handbuch_Studium_und_Behinderung_Kap8_0.pdf\" rel=\"noreferrer noopener\">https:\/\/www.studentenwerke.de\/sites\/default\/files\/Handbuch_Studium_und_Behinderung_Kap8_0.pdf<\/a><\/span><span class=\"author-a-ytz80znwz76z3qz77zz78zaz88zz78zz79zjz67z\">\u00a0<\/span><\/li>\n<\/ul>\n<\/div>\n<div id=\"magicdomid248\" class=\"ace-line\">\n<ul class=\"list-bullet1\">\n<li><span class=\"author-a-ytz80znwz76z3qz77zz78zaz88zz78zz79zjz67z\">Freistaat Sachsen, S\u00e4chsische Staatskanzlei: Offene Tagung des Beauftragten zum Thema \u201eEUTB \u2013 Ein Erfolgsmodell, online unter:\u00a0<\/span><span class=\"author-a-ytz80znwz76z3qz77zz78zaz88zz78zz79zjz67z url\"><a href=\"https:\/\/www.medienservice.sachsen.de\/medien\/news\/743869\" rel=\"noreferrer noopener\">https:\/\/www.medienservice.sachsen.de\/medien\/news\/743869<\/a><\/span><span class=\"author-a-ytz80znwz76z3qz77zz78zaz88zz78zz79zjz67z\">\u00a0<\/span><\/li>\n<\/ul>\n<\/div>\n<div id=\"magicdomid249\" class=\"ace-line\">\n<ul class=\"list-bullet1\">\n<li><span class=\"author-a-ytz80znwz76z3qz77zz78zaz88zz78zz79zjz67z\">\u00a0Leipziger Internetzeitung LIZ: Offene Tagung des Beauftragten zum Thema \u201eEUTB \u2013 Ein Erfolgsmodell?\u201c, online unter:\u00a0<\/span><span class=\"author-a-ytz80znwz76z3qz77zz78zaz88zz78zz79zjz67z url\"><a href=\"https:\/\/www.l-iz.de\/melder\/wortmelder\/2021\/09\/offene-tagung-des-beauftragten-zum-thema-eutb-ein-erfolgsmodell-411734\" rel=\"noreferrer noopener\">https:\/\/www.l-iz.de\/melder\/wortmelder\/2021\/09\/offene-tagung-des-beauftragten-zum-thema-eutb-ein-erfolgsmodell-411734<\/a><\/span><\/li>\n<\/ul>\n<\/div>\n<\/div>\n","protected":false},"excerpt":{"rendered":"<p>Liebe Mitstreiter*innen und Interessierte der KSS, hiermit bekommt ihr den monatlichen Einblick in unsere Themen und aktuelle Arbeit. \u00dcber folgende Themen wollen wir euch in der gewohnten K\u00fcrze berichten: 3G-Kontrollen und Testm\u00f6glichkeiten an den Hochschulen Treffen mit\u00a0Vorstand der Landesrektor*innenkonferenz Verfasste Studierendenschaft und Land\u00e4rzt*innenquote Landesweites Semesterticket Demonstrationen gegen Querdenker*innen und rechte Bewegungen Fachtagung zu neuem Beratungskonzept f\u00fcr Menschen mit Behinderungen Sitzung<a class=\"read-more\" href=\"https:\/\/www.kss-sachsen.de\/newsletter_oktober2021\">Hier weiter lesen&#8230;<\/a><\/p>\n","protected":false},"author":1,"featured_media":0,"comment_status":"open","ping_status":"open","sticky":false,"template":"","format":"standard","meta":{"footnotes":""},"categories":[1],"tags":[],"yoast_head":"<!-- This site is optimized with the Yoast SEO plugin v23.5 - https:\/\/yoast.com\/wordpress\/plugins\/seo\/ -->\n<title>10. Newsletter 2021 - KSS<\/title>\n<meta name=\"robots\" content=\"index, follow, max-snippet:-1, max-image-preview:large, max-video-preview:-1\" \/>\n<link rel=\"canonical\" href=\"https:\/\/www.kss-sachsen.de\/newsletter_oktober2021\" \/>\n<meta property=\"og:locale\" content=\"de_DE\" \/>\n<meta property=\"og:type\" content=\"article\" \/>\n<meta property=\"og:title\" content=\"10. Newsletter 2021 - KSS\" \/>\n<meta property=\"og:description\" content=\"Liebe Mitstreiter*innen und Interessierte der KSS, hiermit bekommt ihr den monatlichen Einblick in unsere Themen und aktuelle Arbeit. \u00dcber folgende Themen wollen wir euch in der gewohnten K\u00fcrze berichten: 3G-Kontrollen und Testm\u00f6glichkeiten an den Hochschulen Treffen mit\u00a0Vorstand der Landesrektor*innenkonferenz Verfasste Studierendenschaft und Land\u00e4rzt*innenquote Landesweites Semesterticket Demonstrationen gegen Querdenker*innen und rechte Bewegungen Fachtagung zu neuem Beratungskonzept f\u00fcr Menschen mit Behinderungen SitzungHier weiter lesen...\" \/>\n<meta property=\"og:url\" content=\"https:\/\/www.kss-sachsen.de\/newsletter_oktober2021\" \/>\n<meta property=\"og:site_name\" content=\"KSS\" \/>\n<meta property=\"article:published_time\" content=\"2021-10-24T09:56:19+00:00\" \/>\n<meta property=\"article:modified_time\" content=\"2021-10-29T16:05:15+00:00\" \/>\n<meta name=\"author\" content=\"administration\" \/>\n<meta name=\"twitter:card\" content=\"summary_large_image\" \/>\n<meta name=\"twitter:label1\" content=\"Verfasst von\" \/>\n\t<meta name=\"twitter:data1\" content=\"administration\" \/>\n\t<meta name=\"twitter:label2\" content=\"Gesch\u00e4tzte Lesezeit\" \/>\n\t<meta name=\"twitter:data2\" content=\"9\u00a0Minuten\" \/>\n<script type=\"application\/ld+json\" class=\"yoast-schema-graph\">{\"@context\":\"https:\/\/schema.org\",\"@graph\":[{\"@type\":\"Article\",\"@id\":\"https:\/\/www.kss-sachsen.de\/newsletter_oktober2021#article\",\"isPartOf\":{\"@id\":\"https:\/\/www.kss-sachsen.de\/newsletter_oktober2021\"},\"author\":{\"name\":\"administration\",\"@id\":\"https:\/\/www.kss-sachsen.de\/#\/schema\/person\/fbcf1c2438e102156e84a4ba5c3daa64\"},\"headline\":\"10. Newsletter 2021\",\"datePublished\":\"2021-10-24T09:56:19+00:00\",\"dateModified\":\"2021-10-29T16:05:15+00:00\",\"mainEntityOfPage\":{\"@id\":\"https:\/\/www.kss-sachsen.de\/newsletter_oktober2021\"},\"wordCount\":1765,\"commentCount\":0,\"publisher\":{\"@id\":\"https:\/\/www.kss-sachsen.de\/#organization\"},\"articleSection\":[\"Uncategorized\"],\"inLanguage\":\"de\",\"potentialAction\":[{\"@type\":\"CommentAction\",\"name\":\"Comment\",\"target\":[\"https:\/\/www.kss-sachsen.de\/newsletter_oktober2021#respond\"]}]},{\"@type\":\"WebPage\",\"@id\":\"https:\/\/www.kss-sachsen.de\/newsletter_oktober2021\",\"url\":\"https:\/\/www.kss-sachsen.de\/newsletter_oktober2021\",\"name\":\"10. Newsletter 2021 - KSS\",\"isPartOf\":{\"@id\":\"https:\/\/www.kss-sachsen.de\/#website\"},\"datePublished\":\"2021-10-24T09:56:19+00:00\",\"dateModified\":\"2021-10-29T16:05:15+00:00\",\"breadcrumb\":{\"@id\":\"https:\/\/www.kss-sachsen.de\/newsletter_oktober2021#breadcrumb\"},\"inLanguage\":\"de\",\"potentialAction\":[{\"@type\":\"ReadAction\",\"target\":[\"https:\/\/www.kss-sachsen.de\/newsletter_oktober2021\"]}]},{\"@type\":\"BreadcrumbList\",\"@id\":\"https:\/\/www.kss-sachsen.de\/newsletter_oktober2021#breadcrumb\",\"itemListElement\":[{\"@type\":\"ListItem\",\"position\":1,\"name\":\"Home\",\"item\":\"https:\/\/www.kss-sachsen.de\/\"},{\"@type\":\"ListItem\",\"position\":2,\"name\":\"10. Newsletter 2021\"}]},{\"@type\":\"WebSite\",\"@id\":\"https:\/\/www.kss-sachsen.de\/#website\",\"url\":\"https:\/\/www.kss-sachsen.de\/\",\"name\":\"Konferenz S\u00e4chsischer Studierendenschaften\",\"description\":\"Konferenz S\u00e4chsischer Studierendenschaften\",\"publisher\":{\"@id\":\"https:\/\/www.kss-sachsen.de\/#organization\"},\"potentialAction\":[{\"@type\":\"SearchAction\",\"target\":{\"@type\":\"EntryPoint\",\"urlTemplate\":\"https:\/\/www.kss-sachsen.de\/?s={search_term_string}\"},\"query-input\":{\"@type\":\"PropertyValueSpecification\",\"valueRequired\":true,\"valueName\":\"search_term_string\"}}],\"inLanguage\":\"de\"},{\"@type\":\"Organization\",\"@id\":\"https:\/\/www.kss-sachsen.de\/#organization\",\"name\":\"Konferenz S\u00e4chsischer Studierendenschaften\",\"url\":\"https:\/\/www.kss-sachsen.de\/\",\"logo\":{\"@type\":\"ImageObject\",\"inLanguage\":\"de\",\"@id\":\"https:\/\/www.kss-sachsen.de\/#\/schema\/logo\/image\/\",\"url\":\"https:\/\/www.kss-sachsen.de\/wp-content\/uploads\/2023\/02\/Logo-KSS.png\",\"contentUrl\":\"https:\/\/www.kss-sachsen.de\/wp-content\/uploads\/2023\/02\/Logo-KSS.png\",\"width\":2239,\"height\":1528,\"caption\":\"Konferenz S\u00e4chsischer Studierendenschaften\"},\"image\":{\"@id\":\"https:\/\/www.kss-sachsen.de\/#\/schema\/logo\/image\/\"},\"sameAs\":[\"https:\/\/www.instagram.com\/kss_sachsen\/\"]},{\"@type\":\"Person\",\"@id\":\"https:\/\/www.kss-sachsen.de\/#\/schema\/person\/fbcf1c2438e102156e84a4ba5c3daa64\",\"name\":\"administration\",\"image\":{\"@type\":\"ImageObject\",\"inLanguage\":\"de\",\"@id\":\"https:\/\/www.kss-sachsen.de\/#\/schema\/person\/image\/\",\"url\":\"https:\/\/secure.gravatar.com\/avatar\/e4ecd4cb3a6714c2adcf507161262d91?s=96&d=mm&r=g\",\"contentUrl\":\"https:\/\/secure.gravatar.com\/avatar\/e4ecd4cb3a6714c2adcf507161262d91?s=96&d=mm&r=g\",\"caption\":\"administration\"},\"url\":\"https:\/\/www.kss-sachsen.de\/?author=1\"}]}<\/script>\n<!-- \/ Yoast SEO plugin. -->","yoast_head_json":{"title":"10. Newsletter 2021 - KSS","robots":{"index":"index","follow":"follow","max-snippet":"max-snippet:-1","max-image-preview":"max-image-preview:large","max-video-preview":"max-video-preview:-1"},"canonical":"https:\/\/www.kss-sachsen.de\/newsletter_oktober2021","og_locale":"de_DE","og_type":"article","og_title":"10. Newsletter 2021 - KSS","og_description":"Liebe Mitstreiter*innen und Interessierte der KSS, hiermit bekommt ihr den monatlichen Einblick in unsere Themen und aktuelle Arbeit. \u00dcber folgende Themen wollen wir euch in der gewohnten K\u00fcrze berichten: 3G-Kontrollen und Testm\u00f6glichkeiten an den Hochschulen Treffen mit\u00a0Vorstand der Landesrektor*innenkonferenz Verfasste Studierendenschaft und Land\u00e4rzt*innenquote Landesweites Semesterticket Demonstrationen gegen Querdenker*innen und rechte Bewegungen Fachtagung zu neuem Beratungskonzept f\u00fcr Menschen mit Behinderungen SitzungHier weiter lesen...","og_url":"https:\/\/www.kss-sachsen.de\/newsletter_oktober2021","og_site_name":"KSS","article_published_time":"2021-10-24T09:56:19+00:00","article_modified_time":"2021-10-29T16:05:15+00:00","author":"administration","twitter_card":"summary_large_image","twitter_misc":{"Verfasst von":"administration","Gesch\u00e4tzte Lesezeit":"9\u00a0Minuten"},"schema":{"@context":"https:\/\/schema.org","@graph":[{"@type":"Article","@id":"https:\/\/www.kss-sachsen.de\/newsletter_oktober2021#article","isPartOf":{"@id":"https:\/\/www.kss-sachsen.de\/newsletter_oktober2021"},"author":{"name":"administration","@id":"https:\/\/www.kss-sachsen.de\/#\/schema\/person\/fbcf1c2438e102156e84a4ba5c3daa64"},"headline":"10. Newsletter 2021","datePublished":"2021-10-24T09:56:19+00:00","dateModified":"2021-10-29T16:05:15+00:00","mainEntityOfPage":{"@id":"https:\/\/www.kss-sachsen.de\/newsletter_oktober2021"},"wordCount":1765,"commentCount":0,"publisher":{"@id":"https:\/\/www.kss-sachsen.de\/#organization"},"articleSection":["Uncategorized"],"inLanguage":"de","potentialAction":[{"@type":"CommentAction","name":"Comment","target":["https:\/\/www.kss-sachsen.de\/newsletter_oktober2021#respond"]}]},{"@type":"WebPage","@id":"https:\/\/www.kss-sachsen.de\/newsletter_oktober2021","url":"https:\/\/www.kss-sachsen.de\/newsletter_oktober2021","name":"10. Newsletter 2021 - KSS","isPartOf":{"@id":"https:\/\/www.kss-sachsen.de\/#website"},"datePublished":"2021-10-24T09:56:19+00:00","dateModified":"2021-10-29T16:05:15+00:00","breadcrumb":{"@id":"https:\/\/www.kss-sachsen.de\/newsletter_oktober2021#breadcrumb"},"inLanguage":"de","potentialAction":[{"@type":"ReadAction","target":["https:\/\/www.kss-sachsen.de\/newsletter_oktober2021"]}]},{"@type":"BreadcrumbList","@id":"https:\/\/www.kss-sachsen.de\/newsletter_oktober2021#breadcrumb","itemListElement":[{"@type":"ListItem","position":1,"name":"Home","item":"https:\/\/www.kss-sachsen.de\/"},{"@type":"ListItem","position":2,"name":"10. Newsletter 2021"}]},{"@type":"WebSite","@id":"https:\/\/www.kss-sachsen.de\/#website","url":"https:\/\/www.kss-sachsen.de\/","name":"Konferenz S\u00e4chsischer Studierendenschaften","description":"Konferenz S\u00e4chsischer Studierendenschaften","publisher":{"@id":"https:\/\/www.kss-sachsen.de\/#organization"},"potentialAction":[{"@type":"SearchAction","target":{"@type":"EntryPoint","urlTemplate":"https:\/\/www.kss-sachsen.de\/?s={search_term_string}"},"query-input":{"@type":"PropertyValueSpecification","valueRequired":true,"valueName":"search_term_string"}}],"inLanguage":"de"},{"@type":"Organization","@id":"https:\/\/www.kss-sachsen.de\/#organization","name":"Konferenz S\u00e4chsischer Studierendenschaften","url":"https:\/\/www.kss-sachsen.de\/","logo":{"@type":"ImageObject","inLanguage":"de","@id":"https:\/\/www.kss-sachsen.de\/#\/schema\/logo\/image\/","url":"https:\/\/www.kss-sachsen.de\/wp-content\/uploads\/2023\/02\/Logo-KSS.png","contentUrl":"https:\/\/www.kss-sachsen.de\/wp-content\/uploads\/2023\/02\/Logo-KSS.png","width":2239,"height":1528,"caption":"Konferenz S\u00e4chsischer Studierendenschaften"},"image":{"@id":"https:\/\/www.kss-sachsen.de\/#\/schema\/logo\/image\/"},"sameAs":["https:\/\/www.instagram.com\/kss_sachsen\/"]},{"@type":"Person","@id":"https:\/\/www.kss-sachsen.de\/#\/schema\/person\/fbcf1c2438e102156e84a4ba5c3daa64","name":"administration","image":{"@type":"ImageObject","inLanguage":"de","@id":"https:\/\/www.kss-sachsen.de\/#\/schema\/person\/image\/","url":"https:\/\/secure.gravatar.com\/avatar\/e4ecd4cb3a6714c2adcf507161262d91?s=96&d=mm&r=g","contentUrl":"https:\/\/secure.gravatar.com\/avatar\/e4ecd4cb3a6714c2adcf507161262d91?s=96&d=mm&r=g","caption":"administration"},"url":"https:\/\/www.kss-sachsen.de\/?author=1"}]}},"_links":{"self":[{"href":"https:\/\/www.kss-sachsen.de\/index.php?rest_route=\/wp\/v2\/posts\/2548"}],"collection":[{"href":"https:\/\/www.kss-sachsen.de\/index.php?rest_route=\/wp\/v2\/posts"}],"about":[{"href":"https:\/\/www.kss-sachsen.de\/index.php?rest_route=\/wp\/v2\/types\/post"}],"author":[{"embeddable":true,"href":"https:\/\/www.kss-sachsen.de\/index.php?rest_route=\/wp\/v2\/users\/1"}],"replies":[{"embeddable":true,"href":"https:\/\/www.kss-sachsen.de\/index.php?rest_route=%2Fwp%2Fv2%2Fcomments&post=2548"}],"version-history":[{"count":5,"href":"https:\/\/www.kss-sachsen.de\/index.php?rest_route=\/wp\/v2\/posts\/2548\/revisions"}],"predecessor-version":[{"id":2554,"href":"https:\/\/www.kss-sachsen.de\/index.php?rest_route=\/wp\/v2\/posts\/2548\/revisions\/2554"}],"wp:attachment":[{"href":"https:\/\/www.kss-sachsen.de\/index.php?rest_route=%2Fwp%2Fv2%2Fmedia&parent=2548"}],"wp:term":[{"taxonomy":"category","embeddable":true,"href":"https:\/\/www.kss-sachsen.de\/index.php?rest_route=%2Fwp%2Fv2%2Fcategories&post=2548"},{"taxonomy":"post_tag","embeddable":true,"href":"https:\/\/www.kss-sachsen.de\/index.php?rest_route=%2Fwp%2Fv2%2Ftags&post=2548"}],"curies":[{"name":"wp","href":"https:\/\/api.w.org\/{rel}","templated":true}]}}