{"id":2563,"date":"2021-11-15T15:24:20","date_gmt":"2021-11-15T14:24:20","guid":{"rendered":"https:\/\/www.kss-sachsen.de\/?p=2563"},"modified":"2022-04-13T18:12:54","modified_gmt":"2022-04-13T16:12:54","slug":"kss-und-tv-stud-mobilisieren-zum-streik-prekare-arbeitsbedingungen-endlich-beenden","status":"publish","type":"post","link":"https:\/\/www.kss-sachsen.de\/pm_24_21","title":{"rendered":"KSS und TV-STUD mobilisieren zum Streik &#8211; prek\u00e4re Arbeitsbedingungen endlich beenden!"},"content":{"rendered":"<div class=\"ace-line\" spellcheck=\"true\">\n<p><span class=\"author-a-z73zz88zphip8268z80z3chz71zz73z\">Am<\/span><span class=\"author-a-z72z0z72zz83zaz77znz89zz89z0z81zrz81zube\"> Dienstag, den<\/span><span class=\"author-a-z73zz88zphip8268z80z3chz71zz73z\"> 16.11. <\/span><span class=\"author-a-iz86zv3jmz122z6qz78zxz76z92ro\">wird in an den s\u00e4chsischen Hochschulen gestreikt.<\/span> <span class=\"author-a-iz86zv3jmz122z6qz78zxz76z92ro\">V<\/span><span class=\"author-a-z72z0z72zz83zaz77znz89zz89z0z81zrz81zube\">erbunden <\/span><span class=\"author-a-iz86zv3jmz122z6qz78zxz76z92ro\">damit findet ein <\/span><span class=\"author-a-z73zz88zphip8268z80z3chz71zz73z\">ganzt\u00e4gige<\/span><span class=\"author-a-iz86zv3jmz122z6qz78zxz76z92ro\">r<\/span><span class=\"author-a-z73zz88zphip8268z80z3chz71zz73z\"> Hochschulaktionstag gegen prek\u00e4re Arbeitsbedingungen, schlechte Lehre und K\u00fcrzungen<\/span><span class=\"author-a-iz86zv3jmz122z6qz78zxz76z92ro\"> im Bildungsbereich statt<\/span><span class=\"author-a-z73zz88zphip8268z80z3chz71zz73z\">.<\/span><span class=\"author-a-iz86zv3jmz122z6qz78zxz76z92ro\"> Im Zuge der Tarifverhandlungen des \u00f6ffentlichen Dienst<\/span><span class=\"author-a-0z67zhq1sd9z66zcz72zz86zz71zjz90zl\">e<\/span><span class=\"author-a-iz86zv3jmz122z6qz78zxz76z92ro\">s versuchen studentisch<\/span><span class=\"author-a-0z67zhq1sd9z66zcz72zz86zz71zjz90zl\">e<\/span><span class=\"author-a-iz86zv3jmz122z6qz78zxz76z92ro\"> und wissenschaftliche Besch\u00e4ftigte gemeinsam bessere Arbeitsbedingungen zu erstreiten. Neben einem landesweiten Streikaufruf sind vor allem ganzt\u00e4gig verschiedene Aktionen von den beteiligten Gewerkschaften, der Mittelbauinitiative Leipzig (MULE) und einem studentischen Protestb\u00fcndnis am Leipziger Hochschulstandort geplant<\/span><span class=\"author-a-ugu65mpia8admz76zmz90z\">. Genaue Angaben zu Zeiten und Orten finden Sie auch <a href=\"https:\/\/cloud.kss-sachsen.de\/s\/NQYnOy4S1YRVLnI\">hier<\/a><\/span><span class=\"author-a-iz86zv3jmz122z6qz78zxz76z92ro\">.<\/span><\/p>\n<p><span class=\"author-a-z73zz88zphip8268z80z3chz71zz73z\">Die <\/span><span class=\"author-a-iz86zv3jmz122z6qz78zxz76z92ro\">Konferenz S\u00e4chsischer Studierendenschaften (<\/span><span class=\"author-a-z73zz88zphip8268z80z3chz71zz73z\">KSS<\/span><span class=\"author-a-iz86zv3jmz122z6qz78zxz76z92ro\">)<\/span><span class=\"author-a-z73zz88zphip8268z80z3chz71zz73z\"> und das B\u00fcndnis TVStud rufen dazu auf, sich an den Protesten solidarisch zu beteiligen. <\/span><\/p>\n<p><span class=\"author-a-z73zz88zphip8268z80z3chz71zz73z\">Dazu<\/span><strong> <span class=\"author-a-z72z0z72zz83zaz77znz89zz89z0z81zrz81zube\">Felix Fink, Referent f\u00fcr Hochschulpolitik<\/span><span class=\"author-a-z73zz88zphip8268z80z3chz71zz73z\"> der KSS<\/span><span class=\"author-a-z72z0z72zz83zaz77znz89zz89z0z81zrz81zube\">:\u00a0<\/span><\/strong><span class=\"author-a-z72z0z72zz83zaz77znz89zz89z0z81zrz81zube\">&#8222;Es ist ein Unding, dass sich die Hochschule<\/span><span class=\"author-a-ugu65mpia8admz76zmz90z\">n<\/span><span class=\"author-a-z72z0z72zz83zaz77znz89zz89z0z81zrz81zube\"> v\u00f6llig legal eine<\/span><span class=\"author-a-z72z0z72zz83zaz77znz89zz89z0z81zrz81zube comment fakecomment-mJqeft2KdqyCH3DW\"> Hilfsarmee<\/span><span class=\"author-a-z72z0z72zz83zaz77znz89zz89z0z81zrz81zube\"> von studentischen Hilfskr\u00e4ften halten k<\/span><span class=\"author-a-ugu65mpia8admz76zmz90z\">\u00f6nnen<\/span><span class=\"author-a-z72z0z72zz83zaz77znz89zz89z0z81zrz81zube\">, die <\/span><span class=\"author-a-iz86zv3jmz122z6qz78zxz76z92ro\">mit wissenschaftlicher Arbeit <\/span><span class=\"author-a-z72z0z72zz83zaz77znz89zz89z0z81zrz81zube\">gerade einmal einen Euro \u00fcber dem aktuellen Mindestlohn verdienen und noch dazu keinerlei tarifliche Rechte haben. Damit muss endlich Schluss sein! Wir Studierende stehen aber auch solidarisch an der Seite unserer Dozierenden: <\/span><span class=\"author-a-0z67zhq1sd9z66zcz72zz86zz71zjz90zl\">Denn schlechte Arbeitsbedingungen bedeuten in aller Regel auch schlechte Lehre. Wer auf Hochdeputat<\/span><span class=\"author-a-ugu65mpia8admz76zmz90z\">s<\/span><span class=\"author-a-0z67zhq1sd9z66zcz72zz86zz71zjz90zl\">stellen bis zu einem Duzend Seminare pro Woche geben muss,<\/span><span class=\"author-a-z72z0z72zz83zaz77znz89zz89z0z81zrz81zube\"> hat nat\u00fcrlich keine Zeit zur Betreuung unserer Kommiliton*innen, geschweige denn zur eigenen Weiterbildung und Forschung. Wir k\u00f6nnen uns diese prek\u00e4ren Zust\u00e4nde nicht mehr leisten! Wir unterst\u00fctzen unsere Dozierenden und Kommiliton*innen in ihrem Streik und fordern sie auf die Arbeit niederzulegen.<\/span><span class=\"author-a-z73zz88zphip8268z80z3chz71zz73z\">&#8222;<\/span><\/p>\n<p><span class=\"author-a-z73zz88zphip8268z80z3chz71zz73z\">Dazu<\/span> <span class=\"author-a-z73zz88zphip8268z80z3chz71zz73z\">die betroffene studentisch Besch\u00e4ftige <\/span><strong><span class=\"author-a-z72z0z72zz83zaz77znz89zz89z0z81zrz81zube\">Ch<\/span><span class=\"author-a-z73zz88zphip8268z80z3chz71zz73z\">arlotte<\/span><span class=\"author-a-z72z0z72zz83zaz77znz89zz89z0z81zrz81zube\"> Bl\u00fccher<\/span><span class=\"author-a-z73zz88zphip8268z80z3chz71zz73z\"> vo<\/span><span class=\"author-a-z72z0z72zz83zaz77znz89zz89z0z81zrz81zube\">m B\u00fcndnis<\/span><span class=\"author-a-z73zz88zphip8268z80z3chz71zz73z\"> TVStud Sachsen<\/span><\/strong><span class=\"author-a-z72z0z72zz83zaz77znz89zz89z0z81zrz81zube\"><strong>:<\/strong>\u00a0<\/span><span class=\"author-a-z73zz88zphip8268z80z3chz71zz73z\">&#8222;Unser B\u00fcndnis setzt sich f\u00fcr einen Tarifvertrag f\u00fcr studentisch Besch\u00e4ftigte<\/span><span class=\"author-a-z72z0z72zz83zaz77znz89zz89z0z81zrz81zube\"> (TV Stud)<\/span><span class=\"author-a-z73zz88zphip8268z80z3chz71zz73z\"> an s\u00e4chsischen Hochschulen ein.<\/span> <span class=\"author-a-z73zz88zphip8268z80z3chz71zz73z\">Die Arbeitsbedingungen an<\/span><span class=\"author-a-z72z0z72zz83zaz77znz89zz89z0z81zrz81zube\"> den Universit\u00e4ten und Fachhochschulen<\/span><span class=\"author-a-z73zz88zphip8268z80z3chz71zz73z\"> sind f\u00fcr den Mittelbau und die studentischen Besch\u00e4ftigten denkbar schlecht. Wir hangeln uns von befristetem Vertrag zu befristetem Vertrag ohne Aussicht auf Entfristung. Dazu haben studentisch<\/span><span class=\"author-a-bah8z70zlz81zoz71zz83zz77zz83z6z88z4z90z\">e<\/span><span class=\"author-a-z73zz88zphip8268z80z3chz71zz73z\"> Besch\u00e4ftigte nicht einmal einen Tarifvertrag. Das bedeutet: Schlechte Bezahlung, extrem kurze Arbeitsvertr\u00e4ge, <\/span><span class=\"author-a-z72z0z72zz83zaz77znz89zz89z0z81zrz81zube\">s<\/span><span class=\"author-a-z72z0z72zz83zaz77znz89zz89z0z81zrz81zube \">ehr geringe <\/span><span class=\"author-a-iz86zv3jmz122z6qz78zxz76z92ro \">Urlaubsanspr\u00fcche <\/span><span class=\"author-a-z73zz88zphip8268z80z3chz71zz73z\">und keine Mitbestimmung<\/span><span class=\"author-a-iz86zv3jmz122z6qz78zxz76z92ro\"> bzw. echte Personalvertretung<\/span><span class=\"author-a-z73zz88zphip8268z80z3chz71zz73z\">. Wir studentische Besch\u00e4ftigte sorgen mit daf\u00fcr, dass die <\/span><span class=\"author-a-bah8z70zlz81zoz71zz83zz77zz83z6z88z4z90z\">Hochschulen<\/span><span class=\"author-a-z73zz88zphip8268z80z3chz71zz73z\"> \u00fcberhaupt l<\/span><span class=\"author-a-bah8z70zlz81zoz71zz83zz77zz83z6z88z4z90z\">aufen<\/span><span class=\"author-a-z73zz88zphip8268z80z3chz71zz73z\">. Das ist die gr\u00f6\u00dfte Tarifl\u00fccke im \u00f6ffentlichen Sektor &#8211; wir fordern, dass sie im Rahmen der Verhandlungen zum T<\/span><span class=\"author-a-tz76zz84zz86zlz83zoz81z3z69zz65zz76zz90zjz81zz82z\">arifvertrag der L\u00e4nder<\/span><span class=\"author-a-z73zz88zphip8268z80z3chz71zz73z\"> endlich geschlossen wird! <\/span><span class=\"author-a-z73zz88zphip8268z80z3chz71zz73z b\">Auch wir haben das Recht auf gute Arbeitsbedingungen und tarifliche Absicherung \u2013 ohne Ausnahme!&#8220;<\/span><\/p>\n<p><span class=\"author-a-z72z0z72zz83zaz77znz89zz89z0z81zrz81zube\">Vertreter*innen von KSS und TVStud<\/span><span class=\"author-a-0z67zhq1sd9z66zcz72zz86zz71zjz90zl\"> Sachsen\u00a0<\/span><span class=\"author-a-z72z0z72zz83zaz77znz89zz89z0z81zrz81zube\">werden selbstverst\u00e4ndlich an den Streik- und Protestaktionen an der Universit\u00e4t teilnehmen und stehen dort f\u00fcr Interviewanfragen zur Verf\u00fcgung.<\/span><\/p>\n<p>Die Pressemitteilung finden Sie auch als <a href=\"https:\/\/cloud.kss-sachsen.de\/s\/0XlGXRDStoVD6vA\">pdf<\/a>.<\/p>\n<\/div>\n<div class=\"ace-line\" spellcheck=\"true\"><\/div>\n<div class=\"ace-line\" spellcheck=\"true\"><\/div>\n<div class=\"ace-line\" spellcheck=\"true\"><img loading=\"lazy\" decoding=\"async\" class=\"wp-image-2564 aligncenter\" src=\"https:\/\/www.kss-sachsen.de\/wp-content\/uploads\/2021\/11\/photo5217704310916365352-214x300.jpg\" alt=\"\" width=\"403\" height=\"565\" srcset=\"https:\/\/www.kss-sachsen.de\/wp-content\/uploads\/2021\/11\/photo5217704310916365352-214x300.jpg 214w, https:\/\/www.kss-sachsen.de\/wp-content\/uploads\/2021\/11\/photo5217704310916365352-768x1077.jpg 768w, https:\/\/www.kss-sachsen.de\/wp-content\/uploads\/2021\/11\/photo5217704310916365352-730x1024.jpg 730w, https:\/\/www.kss-sachsen.de\/wp-content\/uploads\/2021\/11\/photo5217704310916365352-520x729.jpg 520w, https:\/\/www.kss-sachsen.de\/wp-content\/uploads\/2021\/11\/photo5217704310916365352-740x1037.jpg 740w, https:\/\/www.kss-sachsen.de\/wp-content\/uploads\/2021\/11\/photo5217704310916365352.jpg 913w\" sizes=\"(max-width: 403px) 100vw, 403px\" \/><\/div>\n<div class=\"ace-line\" spellcheck=\"true\"><\/div>\n<div id=\"magicdomid20\" class=\"ace-line\" spellcheck=\"true\"><\/div>\n<h3 id=\"magicdomid21\" class=\"ace-line\" spellcheck=\"true\"><span class=\"author-a-z73zz88zphip8268z80z3chz71zz73z\">weitere Informationen:\u00a0<\/span><\/h3>\n<div id=\"magicdomid22\" class=\"ace-line\" spellcheck=\"true\"><span class=\"author-a-z73zz88zphip8268z80z3chz71zz73z u\"><u>Hochschulaktionstag:<\/u><\/span><\/div>\n<ul>\n<li class=\"ace-line\" spellcheck=\"true\"><span class=\"author-a-z73zz88zphip8268z80z3chz71zz73z url\"><a href=\"https:\/\/www.gew-sachsen.de\/fileadmin\/media\/images\/sn\/Aktionen_Kampagnen_Veranstaltungen\/2021\/Tarifrunde\/Warnstreik-16.11\/Postkarte-Aktionstag-Uni-Leipzig-16.11..pdf\" rel=\"noreferrer noopener\">https:\/\/www.gew-sachsen.de\/fileadmin\/media\/images\/sn\/Aktionen_Kampagnen_Veranstaltungen\/2021\/Tarifrunde\/Warnstreik-16.11\/Postkarte-Aktionstag-Uni-Leipzig-16.11..pdf<\/a><\/span><\/li>\n<\/ul>\n<div id=\"magicdomid23\" class=\"ace-line\" spellcheck=\"true\"><span class=\"author-a-z73zz88zphip8268z80z3chz71zz73z u\"><u><br \/>\nWarnstreik der GEW:<\/u><\/span><\/div>\n<ul>\n<li class=\"ace-line\" spellcheck=\"true\"><span class=\"author-a-z73zz88zphip8268z80z3chz71zz73z url\"><a href=\"http:\/\/www.gew-sachsen.de\/Streik\" rel=\"noreferrer noopener\">www.gew-sachsen.de\/Streik<\/a><\/span><\/li>\n<\/ul>\n<div id=\"magicdomid24\" class=\"ace-line\" spellcheck=\"true\"><span class=\"author-a-z73zz88zphip8268z80z3chz71zz73z u\"><u><br \/>\nWarnstreik Verdi:<\/u><\/span><\/div>\n<ul>\n<li class=\"ace-line\" spellcheck=\"true\"><span class=\"author-a-ugu65mpia8admz76zmz90z url\"><a href=\"https:\/\/www.l-iz.de\/melder\/wortmelder\/2021\/11\/ver-di-ruft-beschaeftigte-aus-saechsischen-landesdienststellen-und-hochschulen-am-16-november-2021-zum-warnstreik-auf-420704\" rel=\"noreferrer noopener\">https:\/\/www.l-iz.de\/melder\/wortmelder\/2021\/11\/ver-di-ruft-beschaeftigte-aus-saechsischen-landesdienststellen-und-hochschulen-am-16-november-2021-zum-warnstreik-auf-420704<\/a><\/span><\/li>\n<\/ul>\n<div id=\"magicdomid25\" class=\"ace-line\" spellcheck=\"true\"><span class=\"author-a-z73zz88zphip8268z80z3chz71zz73z u\"><u><br \/>\nB\u00fcndnis gegen K\u00fcrzungen an der Fakult\u00e4t f\u00fcr Geschichte, Kunst- und Regionalwissenschaften:<\/u><\/span><\/div>\n<ul>\n<li class=\"ace-line\" spellcheck=\"true\"><span class=\"author-a-z73zz88zphip8268z80z3chz71zz73z url\"><a href=\"https:\/\/gkrstudis.wixsite.com\/zukurzgekommen\" rel=\"noreferrer noopener\">https:\/\/gkrstudis.wixsite.com\/zukurzgekommen<\/a><\/span><span class=\"author-a-tz76zz84zz86zlz83zoz81z3z69zz65zz76zz90zjz81zz82z\">\u00a0<\/span><\/li>\n<\/ul>\n","protected":false},"excerpt":{"rendered":"<p>Am Dienstag, den 16.11. wird in an den s\u00e4chsischen Hochschulen gestreikt. Verbunden damit findet ein ganzt\u00e4giger Hochschulaktionstag gegen prek\u00e4re Arbeitsbedingungen, schlechte Lehre und K\u00fcrzungen im Bildungsbereich statt. Im Zuge der Tarifverhandlungen des \u00f6ffentlichen Dienstes versuchen studentische und wissenschaftliche Besch\u00e4ftigte gemeinsam bessere Arbeitsbedingungen zu erstreiten. Neben einem landesweiten Streikaufruf sind vor allem ganzt\u00e4gig verschiedene Aktionen von den beteiligten Gewerkschaften, der Mittelbauinitiative<a class=\"read-more\" href=\"https:\/\/www.kss-sachsen.de\/pm_24_21\">Hier weiter lesen&#8230;<\/a><\/p>\n","protected":false},"author":1,"featured_media":2571,"comment_status":"open","ping_status":"open","sticky":false,"template":"","format":"standard","meta":{"footnotes":""},"categories":[11,85],"tags":[],"yoast_head":"<!-- This site is optimized with the Yoast SEO plugin v23.5 - https:\/\/yoast.com\/wordpress\/plugins\/seo\/ -->\n<title>KSS und TV-STUD mobilisieren zum Streik - prek\u00e4re Arbeitsbedingungen endlich beenden! - KSS<\/title>\n<meta name=\"robots\" content=\"index, follow, max-snippet:-1, max-image-preview:large, max-video-preview:-1\" \/>\n<link rel=\"canonical\" href=\"https:\/\/www.kss-sachsen.de\/pm_24_21\" \/>\n<meta property=\"og:locale\" content=\"de_DE\" \/>\n<meta property=\"og:type\" content=\"article\" \/>\n<meta property=\"og:title\" content=\"KSS und TV-STUD mobilisieren zum Streik - prek\u00e4re Arbeitsbedingungen endlich beenden! - KSS\" \/>\n<meta property=\"og:description\" content=\"Am Dienstag, den 16.11. wird in an den s\u00e4chsischen Hochschulen gestreikt. Verbunden damit findet ein ganzt\u00e4giger Hochschulaktionstag gegen prek\u00e4re Arbeitsbedingungen, schlechte Lehre und K\u00fcrzungen im Bildungsbereich statt. Im Zuge der Tarifverhandlungen des \u00f6ffentlichen Dienstes versuchen studentische und wissenschaftliche Besch\u00e4ftigte gemeinsam bessere Arbeitsbedingungen zu erstreiten. Neben einem landesweiten Streikaufruf sind vor allem ganzt\u00e4gig verschiedene Aktionen von den beteiligten Gewerkschaften, der MittelbauinitiativeHier weiter lesen...\" \/>\n<meta property=\"og:url\" content=\"https:\/\/www.kss-sachsen.de\/pm_24_21\" \/>\n<meta property=\"og:site_name\" content=\"KSS\" \/>\n<meta property=\"article:published_time\" content=\"2021-11-15T14:24:20+00:00\" \/>\n<meta property=\"article:modified_time\" content=\"2022-04-13T16:12:54+00:00\" \/>\n<meta property=\"og:image\" content=\"https:\/\/www.kss-sachsen.de\/wp-content\/uploads\/2021\/11\/211116_Warnstreik-an-Hochschulen_TW.png\" \/>\n\t<meta property=\"og:image:width\" content=\"1200\" \/>\n\t<meta property=\"og:image:height\" content=\"675\" \/>\n\t<meta property=\"og:image:type\" content=\"image\/png\" \/>\n<meta name=\"author\" content=\"administration\" \/>\n<meta name=\"twitter:card\" content=\"summary_large_image\" \/>\n<meta name=\"twitter:label1\" content=\"Verfasst von\" \/>\n\t<meta name=\"twitter:data1\" content=\"administration\" \/>\n\t<meta name=\"twitter:label2\" content=\"Gesch\u00e4tzte Lesezeit\" \/>\n\t<meta name=\"twitter:data2\" content=\"2\u00a0Minuten\" \/>\n<script type=\"application\/ld+json\" class=\"yoast-schema-graph\">{\"@context\":\"https:\/\/schema.org\",\"@graph\":[{\"@type\":\"Article\",\"@id\":\"https:\/\/www.kss-sachsen.de\/pm_24_21#article\",\"isPartOf\":{\"@id\":\"https:\/\/www.kss-sachsen.de\/pm_24_21\"},\"author\":{\"name\":\"administration\",\"@id\":\"https:\/\/www.kss-sachsen.de\/#\/schema\/person\/fbcf1c2438e102156e84a4ba5c3daa64\"},\"headline\":\"KSS und TV-STUD mobilisieren zum Streik &#8211; prek\u00e4re Arbeitsbedingungen endlich beenden!\",\"datePublished\":\"2021-11-15T14:24:20+00:00\",\"dateModified\":\"2022-04-13T16:12:54+00:00\",\"mainEntityOfPage\":{\"@id\":\"https:\/\/www.kss-sachsen.de\/pm_24_21\"},\"wordCount\":507,\"commentCount\":0,\"publisher\":{\"@id\":\"https:\/\/www.kss-sachsen.de\/#organization\"},\"image\":{\"@id\":\"https:\/\/www.kss-sachsen.de\/pm_24_21#primaryimage\"},\"thumbnailUrl\":\"https:\/\/www.kss-sachsen.de\/wp-content\/uploads\/2021\/11\/211116_Warnstreik-an-Hochschulen_TW.png\",\"articleSection\":[\"Pressemitteilung\",\"Studentische Besch\u00e4ftigte\"],\"inLanguage\":\"de\",\"potentialAction\":[{\"@type\":\"CommentAction\",\"name\":\"Comment\",\"target\":[\"https:\/\/www.kss-sachsen.de\/pm_24_21#respond\"]}]},{\"@type\":\"WebPage\",\"@id\":\"https:\/\/www.kss-sachsen.de\/pm_24_21\",\"url\":\"https:\/\/www.kss-sachsen.de\/pm_24_21\",\"name\":\"KSS und TV-STUD mobilisieren zum Streik - prek\u00e4re Arbeitsbedingungen endlich beenden! - KSS\",\"isPartOf\":{\"@id\":\"https:\/\/www.kss-sachsen.de\/#website\"},\"primaryImageOfPage\":{\"@id\":\"https:\/\/www.kss-sachsen.de\/pm_24_21#primaryimage\"},\"image\":{\"@id\":\"https:\/\/www.kss-sachsen.de\/pm_24_21#primaryimage\"},\"thumbnailUrl\":\"https:\/\/www.kss-sachsen.de\/wp-content\/uploads\/2021\/11\/211116_Warnstreik-an-Hochschulen_TW.png\",\"datePublished\":\"2021-11-15T14:24:20+00:00\",\"dateModified\":\"2022-04-13T16:12:54+00:00\",\"breadcrumb\":{\"@id\":\"https:\/\/www.kss-sachsen.de\/pm_24_21#breadcrumb\"},\"inLanguage\":\"de\",\"potentialAction\":[{\"@type\":\"ReadAction\",\"target\":[\"https:\/\/www.kss-sachsen.de\/pm_24_21\"]}]},{\"@type\":\"ImageObject\",\"inLanguage\":\"de\",\"@id\":\"https:\/\/www.kss-sachsen.de\/pm_24_21#primaryimage\",\"url\":\"https:\/\/www.kss-sachsen.de\/wp-content\/uploads\/2021\/11\/211116_Warnstreik-an-Hochschulen_TW.png\",\"contentUrl\":\"https:\/\/www.kss-sachsen.de\/wp-content\/uploads\/2021\/11\/211116_Warnstreik-an-Hochschulen_TW.png\",\"width\":1200,\"height\":675},{\"@type\":\"BreadcrumbList\",\"@id\":\"https:\/\/www.kss-sachsen.de\/pm_24_21#breadcrumb\",\"itemListElement\":[{\"@type\":\"ListItem\",\"position\":1,\"name\":\"Home\",\"item\":\"https:\/\/www.kss-sachsen.de\/\"},{\"@type\":\"ListItem\",\"position\":2,\"name\":\"KSS und TV-STUD mobilisieren zum Streik &#8211; prek\u00e4re Arbeitsbedingungen endlich beenden!\"}]},{\"@type\":\"WebSite\",\"@id\":\"https:\/\/www.kss-sachsen.de\/#website\",\"url\":\"https:\/\/www.kss-sachsen.de\/\",\"name\":\"Konferenz S\u00e4chsischer Studierendenschaften\",\"description\":\"Konferenz S\u00e4chsischer Studierendenschaften\",\"publisher\":{\"@id\":\"https:\/\/www.kss-sachsen.de\/#organization\"},\"potentialAction\":[{\"@type\":\"SearchAction\",\"target\":{\"@type\":\"EntryPoint\",\"urlTemplate\":\"https:\/\/www.kss-sachsen.de\/?s={search_term_string}\"},\"query-input\":{\"@type\":\"PropertyValueSpecification\",\"valueRequired\":true,\"valueName\":\"search_term_string\"}}],\"inLanguage\":\"de\"},{\"@type\":\"Organization\",\"@id\":\"https:\/\/www.kss-sachsen.de\/#organization\",\"name\":\"Konferenz S\u00e4chsischer Studierendenschaften\",\"url\":\"https:\/\/www.kss-sachsen.de\/\",\"logo\":{\"@type\":\"ImageObject\",\"inLanguage\":\"de\",\"@id\":\"https:\/\/www.kss-sachsen.de\/#\/schema\/logo\/image\/\",\"url\":\"https:\/\/www.kss-sachsen.de\/wp-content\/uploads\/2023\/02\/Logo-KSS.png\",\"contentUrl\":\"https:\/\/www.kss-sachsen.de\/wp-content\/uploads\/2023\/02\/Logo-KSS.png\",\"width\":2239,\"height\":1528,\"caption\":\"Konferenz S\u00e4chsischer Studierendenschaften\"},\"image\":{\"@id\":\"https:\/\/www.kss-sachsen.de\/#\/schema\/logo\/image\/\"},\"sameAs\":[\"https:\/\/www.instagram.com\/kss_sachsen\/\"]},{\"@type\":\"Person\",\"@id\":\"https:\/\/www.kss-sachsen.de\/#\/schema\/person\/fbcf1c2438e102156e84a4ba5c3daa64\",\"name\":\"administration\",\"image\":{\"@type\":\"ImageObject\",\"inLanguage\":\"de\",\"@id\":\"https:\/\/www.kss-sachsen.de\/#\/schema\/person\/image\/\",\"url\":\"https:\/\/secure.gravatar.com\/avatar\/e4ecd4cb3a6714c2adcf507161262d91?s=96&d=mm&r=g\",\"contentUrl\":\"https:\/\/secure.gravatar.com\/avatar\/e4ecd4cb3a6714c2adcf507161262d91?s=96&d=mm&r=g\",\"caption\":\"administration\"},\"url\":\"https:\/\/www.kss-sachsen.de\/?author=1\"}]}<\/script>\n<!-- \/ Yoast SEO plugin. -->","yoast_head_json":{"title":"KSS und TV-STUD mobilisieren zum Streik - prek\u00e4re Arbeitsbedingungen endlich beenden! - KSS","robots":{"index":"index","follow":"follow","max-snippet":"max-snippet:-1","max-image-preview":"max-image-preview:large","max-video-preview":"max-video-preview:-1"},"canonical":"https:\/\/www.kss-sachsen.de\/pm_24_21","og_locale":"de_DE","og_type":"article","og_title":"KSS und TV-STUD mobilisieren zum Streik - prek\u00e4re Arbeitsbedingungen endlich beenden! - KSS","og_description":"Am Dienstag, den 16.11. wird in an den s\u00e4chsischen Hochschulen gestreikt. Verbunden damit findet ein ganzt\u00e4giger Hochschulaktionstag gegen prek\u00e4re Arbeitsbedingungen, schlechte Lehre und K\u00fcrzungen im Bildungsbereich statt. Im Zuge der Tarifverhandlungen des \u00f6ffentlichen Dienstes versuchen studentische und wissenschaftliche Besch\u00e4ftigte gemeinsam bessere Arbeitsbedingungen zu erstreiten. Neben einem landesweiten Streikaufruf sind vor allem ganzt\u00e4gig verschiedene Aktionen von den beteiligten Gewerkschaften, der MittelbauinitiativeHier weiter lesen...","og_url":"https:\/\/www.kss-sachsen.de\/pm_24_21","og_site_name":"KSS","article_published_time":"2021-11-15T14:24:20+00:00","article_modified_time":"2022-04-13T16:12:54+00:00","og_image":[{"width":1200,"height":675,"url":"https:\/\/www.kss-sachsen.de\/wp-content\/uploads\/2021\/11\/211116_Warnstreik-an-Hochschulen_TW.png","type":"image\/png"}],"author":"administration","twitter_card":"summary_large_image","twitter_misc":{"Verfasst von":"administration","Gesch\u00e4tzte Lesezeit":"2\u00a0Minuten"},"schema":{"@context":"https:\/\/schema.org","@graph":[{"@type":"Article","@id":"https:\/\/www.kss-sachsen.de\/pm_24_21#article","isPartOf":{"@id":"https:\/\/www.kss-sachsen.de\/pm_24_21"},"author":{"name":"administration","@id":"https:\/\/www.kss-sachsen.de\/#\/schema\/person\/fbcf1c2438e102156e84a4ba5c3daa64"},"headline":"KSS und TV-STUD mobilisieren zum Streik &#8211; prek\u00e4re Arbeitsbedingungen endlich beenden!","datePublished":"2021-11-15T14:24:20+00:00","dateModified":"2022-04-13T16:12:54+00:00","mainEntityOfPage":{"@id":"https:\/\/www.kss-sachsen.de\/pm_24_21"},"wordCount":507,"commentCount":0,"publisher":{"@id":"https:\/\/www.kss-sachsen.de\/#organization"},"image":{"@id":"https:\/\/www.kss-sachsen.de\/pm_24_21#primaryimage"},"thumbnailUrl":"https:\/\/www.kss-sachsen.de\/wp-content\/uploads\/2021\/11\/211116_Warnstreik-an-Hochschulen_TW.png","articleSection":["Pressemitteilung","Studentische Besch\u00e4ftigte"],"inLanguage":"de","potentialAction":[{"@type":"CommentAction","name":"Comment","target":["https:\/\/www.kss-sachsen.de\/pm_24_21#respond"]}]},{"@type":"WebPage","@id":"https:\/\/www.kss-sachsen.de\/pm_24_21","url":"https:\/\/www.kss-sachsen.de\/pm_24_21","name":"KSS und TV-STUD mobilisieren zum Streik - prek\u00e4re Arbeitsbedingungen endlich beenden! - KSS","isPartOf":{"@id":"https:\/\/www.kss-sachsen.de\/#website"},"primaryImageOfPage":{"@id":"https:\/\/www.kss-sachsen.de\/pm_24_21#primaryimage"},"image":{"@id":"https:\/\/www.kss-sachsen.de\/pm_24_21#primaryimage"},"thumbnailUrl":"https:\/\/www.kss-sachsen.de\/wp-content\/uploads\/2021\/11\/211116_Warnstreik-an-Hochschulen_TW.png","datePublished":"2021-11-15T14:24:20+00:00","dateModified":"2022-04-13T16:12:54+00:00","breadcrumb":{"@id":"https:\/\/www.kss-sachsen.de\/pm_24_21#breadcrumb"},"inLanguage":"de","potentialAction":[{"@type":"ReadAction","target":["https:\/\/www.kss-sachsen.de\/pm_24_21"]}]},{"@type":"ImageObject","inLanguage":"de","@id":"https:\/\/www.kss-sachsen.de\/pm_24_21#primaryimage","url":"https:\/\/www.kss-sachsen.de\/wp-content\/uploads\/2021\/11\/211116_Warnstreik-an-Hochschulen_TW.png","contentUrl":"https:\/\/www.kss-sachsen.de\/wp-content\/uploads\/2021\/11\/211116_Warnstreik-an-Hochschulen_TW.png","width":1200,"height":675},{"@type":"BreadcrumbList","@id":"https:\/\/www.kss-sachsen.de\/pm_24_21#breadcrumb","itemListElement":[{"@type":"ListItem","position":1,"name":"Home","item":"https:\/\/www.kss-sachsen.de\/"},{"@type":"ListItem","position":2,"name":"KSS und TV-STUD mobilisieren zum Streik &#8211; prek\u00e4re Arbeitsbedingungen endlich beenden!"}]},{"@type":"WebSite","@id":"https:\/\/www.kss-sachsen.de\/#website","url":"https:\/\/www.kss-sachsen.de\/","name":"Konferenz S\u00e4chsischer Studierendenschaften","description":"Konferenz S\u00e4chsischer Studierendenschaften","publisher":{"@id":"https:\/\/www.kss-sachsen.de\/#organization"},"potentialAction":[{"@type":"SearchAction","target":{"@type":"EntryPoint","urlTemplate":"https:\/\/www.kss-sachsen.de\/?s={search_term_string}"},"query-input":{"@type":"PropertyValueSpecification","valueRequired":true,"valueName":"search_term_string"}}],"inLanguage":"de"},{"@type":"Organization","@id":"https:\/\/www.kss-sachsen.de\/#organization","name":"Konferenz S\u00e4chsischer Studierendenschaften","url":"https:\/\/www.kss-sachsen.de\/","logo":{"@type":"ImageObject","inLanguage":"de","@id":"https:\/\/www.kss-sachsen.de\/#\/schema\/logo\/image\/","url":"https:\/\/www.kss-sachsen.de\/wp-content\/uploads\/2023\/02\/Logo-KSS.png","contentUrl":"https:\/\/www.kss-sachsen.de\/wp-content\/uploads\/2023\/02\/Logo-KSS.png","width":2239,"height":1528,"caption":"Konferenz S\u00e4chsischer Studierendenschaften"},"image":{"@id":"https:\/\/www.kss-sachsen.de\/#\/schema\/logo\/image\/"},"sameAs":["https:\/\/www.instagram.com\/kss_sachsen\/"]},{"@type":"Person","@id":"https:\/\/www.kss-sachsen.de\/#\/schema\/person\/fbcf1c2438e102156e84a4ba5c3daa64","name":"administration","image":{"@type":"ImageObject","inLanguage":"de","@id":"https:\/\/www.kss-sachsen.de\/#\/schema\/person\/image\/","url":"https:\/\/secure.gravatar.com\/avatar\/e4ecd4cb3a6714c2adcf507161262d91?s=96&d=mm&r=g","contentUrl":"https:\/\/secure.gravatar.com\/avatar\/e4ecd4cb3a6714c2adcf507161262d91?s=96&d=mm&r=g","caption":"administration"},"url":"https:\/\/www.kss-sachsen.de\/?author=1"}]}},"_links":{"self":[{"href":"https:\/\/www.kss-sachsen.de\/index.php?rest_route=\/wp\/v2\/posts\/2563"}],"collection":[{"href":"https:\/\/www.kss-sachsen.de\/index.php?rest_route=\/wp\/v2\/posts"}],"about":[{"href":"https:\/\/www.kss-sachsen.de\/index.php?rest_route=\/wp\/v2\/types\/post"}],"author":[{"embeddable":true,"href":"https:\/\/www.kss-sachsen.de\/index.php?rest_route=\/wp\/v2\/users\/1"}],"replies":[{"embeddable":true,"href":"https:\/\/www.kss-sachsen.de\/index.php?rest_route=%2Fwp%2Fv2%2Fcomments&post=2563"}],"version-history":[{"count":7,"href":"https:\/\/www.kss-sachsen.de\/index.php?rest_route=\/wp\/v2\/posts\/2563\/revisions"}],"predecessor-version":[{"id":2572,"href":"https:\/\/www.kss-sachsen.de\/index.php?rest_route=\/wp\/v2\/posts\/2563\/revisions\/2572"}],"wp:featuredmedia":[{"embeddable":true,"href":"https:\/\/www.kss-sachsen.de\/index.php?rest_route=\/wp\/v2\/media\/2571"}],"wp:attachment":[{"href":"https:\/\/www.kss-sachsen.de\/index.php?rest_route=%2Fwp%2Fv2%2Fmedia&parent=2563"}],"wp:term":[{"taxonomy":"category","embeddable":true,"href":"https:\/\/www.kss-sachsen.de\/index.php?rest_route=%2Fwp%2Fv2%2Fcategories&post=2563"},{"taxonomy":"post_tag","embeddable":true,"href":"https:\/\/www.kss-sachsen.de\/index.php?rest_route=%2Fwp%2Fv2%2Ftags&post=2563"}],"curies":[{"name":"wp","href":"https:\/\/api.w.org\/{rel}","templated":true}]}}