{"id":2573,"date":"2021-11-19T17:27:30","date_gmt":"2021-11-19T16:27:30","guid":{"rendered":"https:\/\/www.kss-sachsen.de\/?p=2573"},"modified":"2022-04-13T18:12:42","modified_gmt":"2022-04-13T16:12:42","slug":"schluss-mit-prekaren-beschaftigungsverhaltnissen-fur-studierende","status":"publish","type":"post","link":"https:\/\/www.kss-sachsen.de\/tvstud_landtag","title":{"rendered":"Schluss mit prek\u00e4ren Besch\u00e4ftigungsverh\u00e4ltnissen f\u00fcr Studierende"},"content":{"rendered":"<p><strong>Landesstudierendenvertretung fordert einen Tarifvertrag f\u00fcr studentisch Besch\u00e4ftigte auch in Sachsen<\/strong><\/p>\n<div id=\"magicdomid126\" class=\"ace-line\"><span class=\"author-a-ytz80znwz76z3qz77zz78zaz88zz78zz79zjz67z\">Nachdem die Tarifgemeinschaft deutscher L\u00e4nder (TdL) die Forderungen der Gewerkschaften bei bereits zwei Verhandlungsterminen abgelehnt hat, zeigt sich auch in Sachsen eine gr\u00f6\u00dfere Unzufriedenheit und\u00a0<\/span><span class=\"author-a-z69zbtkz90zz84zz122zz82zyxyz80zz72zsvz77z\">Aktionsbereitschaft<\/span><span class=\"author-a-ytz80znwz76z3qz77zz78zaz88zz78zz79zjz67z\">\u00a0unter den Studierenden. Sie fordern einen Tarifvertrag f\u00fcr studentische Besch\u00e4ftigte an den Hochschulen &#8211; einen TV Stud &#8211; wie er in Berlin bereits existiert.<\/p>\n<p><img loading=\"lazy\" decoding=\"async\" class=\"alignleft wp-image-2577 size-medium\" src=\"https:\/\/www.kss-sachsen.de\/wp-content\/uploads\/2021\/11\/photo_2021-11-19-18.33.45-300x225.jpeg\" width=\"300\" height=\"225\" srcset=\"https:\/\/www.kss-sachsen.de\/wp-content\/uploads\/2021\/11\/photo_2021-11-19-18.33.45-300x225.jpeg 300w, https:\/\/www.kss-sachsen.de\/wp-content\/uploads\/2021\/11\/photo_2021-11-19-18.33.45-768x576.jpeg 768w, https:\/\/www.kss-sachsen.de\/wp-content\/uploads\/2021\/11\/photo_2021-11-19-18.33.45-1024x768.jpeg 1024w, https:\/\/www.kss-sachsen.de\/wp-content\/uploads\/2021\/11\/photo_2021-11-19-18.33.45-520x390.jpeg 520w, https:\/\/www.kss-sachsen.de\/wp-content\/uploads\/2021\/11\/photo_2021-11-19-18.33.45-740x555.jpeg 740w, https:\/\/www.kss-sachsen.de\/wp-content\/uploads\/2021\/11\/photo_2021-11-19-18.33.45.jpeg 1280w\" sizes=\"(max-width: 300px) 100vw, 300px\" \/>Bereits am Dienstag beteiligten sich viele Studierende an mehreren Streik- und Protestaktionen in Leipzig, zu dem die Gewerkschaften landesweit aufgerufen hatten: &#8222;Der Streiktag am Dienstag war bereits ein voller Erfolg. Er hat vor allem gezeigt, dass sich die K\u00e4mpfe\u00a0<\/span><span class=\"author-a-z69zbtkz90zz84zz122zz82zyxyz80zz72zsvz77z\">z.B. von Studierenden und wissenschaftlichen Mitarbeitenden\u00a0<\/span><span class=\"author-a-ytz80znwz76z3qz77zz78zaz88zz78zz79zjz67z\">verbinden lassen<\/span><span class=\"author-a-z69zbtkz90zz84zz122zz82zyxyz80zz72zsvz77z\">\u00a0und gemeinsam bestritten werden m\u00fcssen<\/span><span class=\"author-a-ytz80znwz76z3qz77zz78zaz88zz78zz79zjz67z\">. Prek\u00e4re Verh\u00e4ltnisse an den Hochschulen m\u00fcssen ein Ende haben &#8211; egal, ob es um Kettenbefristungen, K\u00fcrzungen oder miserable Arbeitsbedingungen geht. F\u00fcr unsere Forderungen nach einem TV-Stud gab es eindeutig gro\u00dfen Zuspruch und viel Solidarit\u00e4t. Es kann schlie\u00dflich einfach nicht sein, dass f\u00fcr uns Studierende\u00a0<\/span><span class=\"author-a-z69zbtkz90zz84zz122zz82zyxyz80zz72zsvz77z\">als Arbeitnehmer*innen\u00a0<\/span><span class=\"author-a-ytz80znwz76z3qz77zz78zaz88zz78zz79zjz67z\">keine Mindesstandards im A<\/span><span class=\"author-a-z69zbtkz90zz84zz122zz82zyxyz80zz72zsvz77z\">ngestellten<\/span><span class=\"author-a-ytz80znwz76z3qz77zz78zaz88zz78zz79zjz67z\">verh\u00e4ltnis gelten. Wir sind unterfinanziert, haben keinen richtigen Urlaubsanspruch<\/span><span class=\"author-a-z69zbtkz90zz84zz122zz82zyxyz80zz72zsvz77z\">,\u00a0<\/span><span class=\"author-a-ytz80znwz76z3qz77zz78zaz88zz78zz79zjz67z\">Anspruch auf\u00a0<\/span><span class=\"author-a-z69zbtkz90zz84zz122zz82zyxyz80zz72zsvz77z\">Lohn<\/span><span class=\"author-a-ytz80znwz76z3qz77zz78zaz88zz78zz79zjz67z\">fortzahlung im Krankheitsfall oder Mitbestimmungsrechte. Noch dazu werden wir zumeist einfach als &#8218;Sachmittel&#8216; bei den Profs abgerechnet und haben keine geregelten Vertragslaufzeiten.<\/span><span class=\"author-a-z69zbtkz90zz84zz122zz82zyxyz80zz72zsvz77z\">\u00a0Kurz um: Wir studentische Besch\u00e4ftigte sorgen mit daf\u00fcr, dass der Laden \u00fcberhaupt l\u00e4uft. Auch wir haben das Recht auf gute Arbeitsbedingungen und tarifliche Absicherung \u2013 ohne Ausnahme!<\/span><span class=\"author-a-ytz80znwz76z3qz77zz78zaz88zz78zz79zjz67z\">&#8222;, erkl\u00e4rt Sabine Giese, Sprecherin der KSS.<\/p>\n<p><img loading=\"lazy\" decoding=\"async\" class=\"size-medium wp-image-2578 alignright\" src=\"https:\/\/www.kss-sachsen.de\/wp-content\/uploads\/2021\/11\/photo_2021-11-19-18.33.57-300x225.jpeg\" alt=\"\" width=\"300\" height=\"225\" srcset=\"https:\/\/www.kss-sachsen.de\/wp-content\/uploads\/2021\/11\/photo_2021-11-19-18.33.57-300x225.jpeg 300w, https:\/\/www.kss-sachsen.de\/wp-content\/uploads\/2021\/11\/photo_2021-11-19-18.33.57-768x576.jpeg 768w, https:\/\/www.kss-sachsen.de\/wp-content\/uploads\/2021\/11\/photo_2021-11-19-18.33.57-1024x768.jpeg 1024w, https:\/\/www.kss-sachsen.de\/wp-content\/uploads\/2021\/11\/photo_2021-11-19-18.33.57-520x390.jpeg 520w, https:\/\/www.kss-sachsen.de\/wp-content\/uploads\/2021\/11\/photo_2021-11-19-18.33.57-740x555.jpeg 740w, https:\/\/www.kss-sachsen.de\/wp-content\/uploads\/2021\/11\/photo_2021-11-19-18.33.57.jpeg 1280w\" sizes=\"(max-width: 300px) 100vw, 300px\" \/>Um den Forderungen Nachdruck zu verleihen und insbesondere in den aktuellen Tarifverhandlungen auf die Problematik aufmerksam zu machen, organisierten die Gewerkschaften sowie Studierendenvertretungen eine weitere Aktion am heutigen Freitagvormittag: Mit Bannern und Fahnen machten sie vor der Glasfront des Landtagsgeb\u00e4udes w\u00e4hrend einer Plenarsitzung des S\u00e4chsischen Landtags auf ihre Forderungen aufmerksam. &#8222;Nachdem ein paar Abgeordnete und schlie\u00dflich auch die Polizei auf uns aufmerksam wurden, mussten wir von der Glasfront vor das Landtagsgeb\u00e4ude wechseln, wo wir auch nur noch kurz bleiben durften. Immerhin Anna Gorskih, hochschulpolitische Sprecherin der Linksfraktion, kam kurz f\u00fcr ein paar Worte und ein Foto dazu.&#8220;, erl\u00e4utert Claudia Mei\u00dfner, Referentin f\u00fcr Soziales im StuRa der TU Dresden.<\/p>\n<p>Paul Senf, Sprecher\u00a0der KSS f\u00e4sst zusammen: &#8222;Wir haben diese Woche einige wichtige Zeichen gesetzt. Der Arbeitsauftrag an die Entscheidungstr\u00e4ger*innen sollte nun klar sein. Wir fordern\u00a0<\/span><span class=\"author-a-z69zbtkz90zz84zz122zz82zyxyz80zz72zsvz77z\">das\u00a0<\/span><span class=\"author-a-ytz80znwz76z3qz77zz78zaz88zz78zz79zjz67z\">Finanzminister<\/span><span class=\"author-a-z69zbtkz90zz84zz122zz82zyxyz80zz72zsvz77z\">ium<\/span><span class=\"author-a-ytz80znwz76z3qz77zz78zaz88zz78zz79zjz67z\">\u00a0dazu auf, zu handeln und sich in den kommenden Verhandlungen aktiv f\u00fcr unsere Bela<\/span><span class=\"author-a-z69zbtkz90zz84zz122zz82zyxyz80zz72zsvz77z\">ng<\/span><span class=\"author-a-ytz80znwz76z3qz77zz78zaz88zz78zz79zjz67z\">e einzusetzen!&#8220;<\/span><\/div>\n<div id=\"magicdomid12\" class=\"ace-line\"><\/div>\n","protected":false},"excerpt":{"rendered":"<p>Landesstudierendenvertretung fordert einen Tarifvertrag f\u00fcr studentisch Besch\u00e4ftigte auch in Sachsen Nachdem die Tarifgemeinschaft deutscher L\u00e4nder (TdL) die Forderungen der Gewerkschaften bei bereits zwei Verhandlungsterminen abgelehnt hat, zeigt sich auch in Sachsen eine gr\u00f6\u00dfere Unzufriedenheit und\u00a0Aktionsbereitschaft\u00a0unter den Studierenden. Sie fordern einen Tarifvertrag f\u00fcr studentische Besch\u00e4ftigte an den Hochschulen &#8211; einen TV Stud &#8211; wie er in Berlin bereits existiert. Bereits am<a class=\"read-more\" href=\"https:\/\/www.kss-sachsen.de\/tvstud_landtag\">Hier weiter lesen&#8230;<\/a><\/p>\n","protected":false},"author":1,"featured_media":2574,"comment_status":"open","ping_status":"open","sticky":false,"template":"","format":"standard","meta":{"footnotes":""},"categories":[11,85],"tags":[],"yoast_head":"<!-- This site is optimized with the Yoast SEO plugin v23.5 - https:\/\/yoast.com\/wordpress\/plugins\/seo\/ -->\n<title>Schluss mit prek\u00e4ren Besch\u00e4ftigungsverh\u00e4ltnissen f\u00fcr Studierende - KSS<\/title>\n<meta name=\"robots\" content=\"index, follow, max-snippet:-1, max-image-preview:large, max-video-preview:-1\" \/>\n<link rel=\"canonical\" href=\"https:\/\/www.kss-sachsen.de\/tvstud_landtag\" \/>\n<meta property=\"og:locale\" content=\"de_DE\" \/>\n<meta property=\"og:type\" content=\"article\" \/>\n<meta property=\"og:title\" content=\"Schluss mit prek\u00e4ren Besch\u00e4ftigungsverh\u00e4ltnissen f\u00fcr Studierende - KSS\" \/>\n<meta property=\"og:description\" content=\"Landesstudierendenvertretung fordert einen Tarifvertrag f\u00fcr studentisch Besch\u00e4ftigte auch in Sachsen Nachdem die Tarifgemeinschaft deutscher L\u00e4nder (TdL) die Forderungen der Gewerkschaften bei bereits zwei Verhandlungsterminen abgelehnt hat, zeigt sich auch in Sachsen eine gr\u00f6\u00dfere Unzufriedenheit und\u00a0Aktionsbereitschaft\u00a0unter den Studierenden. Sie fordern einen Tarifvertrag f\u00fcr studentische Besch\u00e4ftigte an den Hochschulen &#8211; einen TV Stud &#8211; wie er in Berlin bereits existiert. Bereits amHier weiter lesen...\" \/>\n<meta property=\"og:url\" content=\"https:\/\/www.kss-sachsen.de\/tvstud_landtag\" \/>\n<meta property=\"og:site_name\" content=\"KSS\" \/>\n<meta property=\"article:published_time\" content=\"2021-11-19T16:27:30+00:00\" \/>\n<meta property=\"article:modified_time\" content=\"2022-04-13T16:12:42+00:00\" \/>\n<meta property=\"og:image\" content=\"https:\/\/www.kss-sachsen.de\/wp-content\/uploads\/2021\/11\/photo1637341572-2.jpeg\" \/>\n\t<meta property=\"og:image:width\" content=\"1280\" \/>\n\t<meta property=\"og:image:height\" content=\"960\" \/>\n\t<meta property=\"og:image:type\" content=\"image\/jpeg\" \/>\n<meta name=\"author\" content=\"administration\" \/>\n<meta name=\"twitter:card\" content=\"summary_large_image\" \/>\n<meta name=\"twitter:label1\" content=\"Verfasst von\" \/>\n\t<meta name=\"twitter:data1\" content=\"administration\" \/>\n\t<meta name=\"twitter:label2\" content=\"Gesch\u00e4tzte Lesezeit\" \/>\n\t<meta name=\"twitter:data2\" content=\"2\u00a0Minuten\" \/>\n<script type=\"application\/ld+json\" class=\"yoast-schema-graph\">{\"@context\":\"https:\/\/schema.org\",\"@graph\":[{\"@type\":\"Article\",\"@id\":\"https:\/\/www.kss-sachsen.de\/tvstud_landtag#article\",\"isPartOf\":{\"@id\":\"https:\/\/www.kss-sachsen.de\/tvstud_landtag\"},\"author\":{\"name\":\"administration\",\"@id\":\"https:\/\/www.kss-sachsen.de\/#\/schema\/person\/fbcf1c2438e102156e84a4ba5c3daa64\"},\"headline\":\"Schluss mit prek\u00e4ren Besch\u00e4ftigungsverh\u00e4ltnissen f\u00fcr Studierende\",\"datePublished\":\"2021-11-19T16:27:30+00:00\",\"dateModified\":\"2022-04-13T16:12:42+00:00\",\"mainEntityOfPage\":{\"@id\":\"https:\/\/www.kss-sachsen.de\/tvstud_landtag\"},\"wordCount\":430,\"commentCount\":0,\"publisher\":{\"@id\":\"https:\/\/www.kss-sachsen.de\/#organization\"},\"image\":{\"@id\":\"https:\/\/www.kss-sachsen.de\/tvstud_landtag#primaryimage\"},\"thumbnailUrl\":\"https:\/\/www.kss-sachsen.de\/wp-content\/uploads\/2021\/11\/photo1637341572-2.jpeg\",\"articleSection\":[\"Pressemitteilung\",\"Studentische Besch\u00e4ftigte\"],\"inLanguage\":\"de\",\"potentialAction\":[{\"@type\":\"CommentAction\",\"name\":\"Comment\",\"target\":[\"https:\/\/www.kss-sachsen.de\/tvstud_landtag#respond\"]}]},{\"@type\":\"WebPage\",\"@id\":\"https:\/\/www.kss-sachsen.de\/tvstud_landtag\",\"url\":\"https:\/\/www.kss-sachsen.de\/tvstud_landtag\",\"name\":\"Schluss mit prek\u00e4ren Besch\u00e4ftigungsverh\u00e4ltnissen f\u00fcr Studierende - KSS\",\"isPartOf\":{\"@id\":\"https:\/\/www.kss-sachsen.de\/#website\"},\"primaryImageOfPage\":{\"@id\":\"https:\/\/www.kss-sachsen.de\/tvstud_landtag#primaryimage\"},\"image\":{\"@id\":\"https:\/\/www.kss-sachsen.de\/tvstud_landtag#primaryimage\"},\"thumbnailUrl\":\"https:\/\/www.kss-sachsen.de\/wp-content\/uploads\/2021\/11\/photo1637341572-2.jpeg\",\"datePublished\":\"2021-11-19T16:27:30+00:00\",\"dateModified\":\"2022-04-13T16:12:42+00:00\",\"breadcrumb\":{\"@id\":\"https:\/\/www.kss-sachsen.de\/tvstud_landtag#breadcrumb\"},\"inLanguage\":\"de\",\"potentialAction\":[{\"@type\":\"ReadAction\",\"target\":[\"https:\/\/www.kss-sachsen.de\/tvstud_landtag\"]}]},{\"@type\":\"ImageObject\",\"inLanguage\":\"de\",\"@id\":\"https:\/\/www.kss-sachsen.de\/tvstud_landtag#primaryimage\",\"url\":\"https:\/\/www.kss-sachsen.de\/wp-content\/uploads\/2021\/11\/photo1637341572-2.jpeg\",\"contentUrl\":\"https:\/\/www.kss-sachsen.de\/wp-content\/uploads\/2021\/11\/photo1637341572-2.jpeg\",\"width\":1280,\"height\":960},{\"@type\":\"BreadcrumbList\",\"@id\":\"https:\/\/www.kss-sachsen.de\/tvstud_landtag#breadcrumb\",\"itemListElement\":[{\"@type\":\"ListItem\",\"position\":1,\"name\":\"Home\",\"item\":\"https:\/\/www.kss-sachsen.de\/\"},{\"@type\":\"ListItem\",\"position\":2,\"name\":\"Schluss mit prek\u00e4ren Besch\u00e4ftigungsverh\u00e4ltnissen f\u00fcr Studierende\"}]},{\"@type\":\"WebSite\",\"@id\":\"https:\/\/www.kss-sachsen.de\/#website\",\"url\":\"https:\/\/www.kss-sachsen.de\/\",\"name\":\"Konferenz S\u00e4chsischer Studierendenschaften\",\"description\":\"Konferenz S\u00e4chsischer Studierendenschaften\",\"publisher\":{\"@id\":\"https:\/\/www.kss-sachsen.de\/#organization\"},\"potentialAction\":[{\"@type\":\"SearchAction\",\"target\":{\"@type\":\"EntryPoint\",\"urlTemplate\":\"https:\/\/www.kss-sachsen.de\/?s={search_term_string}\"},\"query-input\":{\"@type\":\"PropertyValueSpecification\",\"valueRequired\":true,\"valueName\":\"search_term_string\"}}],\"inLanguage\":\"de\"},{\"@type\":\"Organization\",\"@id\":\"https:\/\/www.kss-sachsen.de\/#organization\",\"name\":\"Konferenz S\u00e4chsischer Studierendenschaften\",\"url\":\"https:\/\/www.kss-sachsen.de\/\",\"logo\":{\"@type\":\"ImageObject\",\"inLanguage\":\"de\",\"@id\":\"https:\/\/www.kss-sachsen.de\/#\/schema\/logo\/image\/\",\"url\":\"https:\/\/www.kss-sachsen.de\/wp-content\/uploads\/2023\/02\/Logo-KSS.png\",\"contentUrl\":\"https:\/\/www.kss-sachsen.de\/wp-content\/uploads\/2023\/02\/Logo-KSS.png\",\"width\":2239,\"height\":1528,\"caption\":\"Konferenz S\u00e4chsischer Studierendenschaften\"},\"image\":{\"@id\":\"https:\/\/www.kss-sachsen.de\/#\/schema\/logo\/image\/\"},\"sameAs\":[\"https:\/\/www.instagram.com\/kss_sachsen\/\"]},{\"@type\":\"Person\",\"@id\":\"https:\/\/www.kss-sachsen.de\/#\/schema\/person\/fbcf1c2438e102156e84a4ba5c3daa64\",\"name\":\"administration\",\"image\":{\"@type\":\"ImageObject\",\"inLanguage\":\"de\",\"@id\":\"https:\/\/www.kss-sachsen.de\/#\/schema\/person\/image\/\",\"url\":\"https:\/\/secure.gravatar.com\/avatar\/e4ecd4cb3a6714c2adcf507161262d91?s=96&d=mm&r=g\",\"contentUrl\":\"https:\/\/secure.gravatar.com\/avatar\/e4ecd4cb3a6714c2adcf507161262d91?s=96&d=mm&r=g\",\"caption\":\"administration\"},\"url\":\"https:\/\/www.kss-sachsen.de\/?author=1\"}]}<\/script>\n<!-- \/ Yoast SEO plugin. -->","yoast_head_json":{"title":"Schluss mit prek\u00e4ren Besch\u00e4ftigungsverh\u00e4ltnissen f\u00fcr Studierende - KSS","robots":{"index":"index","follow":"follow","max-snippet":"max-snippet:-1","max-image-preview":"max-image-preview:large","max-video-preview":"max-video-preview:-1"},"canonical":"https:\/\/www.kss-sachsen.de\/tvstud_landtag","og_locale":"de_DE","og_type":"article","og_title":"Schluss mit prek\u00e4ren Besch\u00e4ftigungsverh\u00e4ltnissen f\u00fcr Studierende - KSS","og_description":"Landesstudierendenvertretung fordert einen Tarifvertrag f\u00fcr studentisch Besch\u00e4ftigte auch in Sachsen Nachdem die Tarifgemeinschaft deutscher L\u00e4nder (TdL) die Forderungen der Gewerkschaften bei bereits zwei Verhandlungsterminen abgelehnt hat, zeigt sich auch in Sachsen eine gr\u00f6\u00dfere Unzufriedenheit und\u00a0Aktionsbereitschaft\u00a0unter den Studierenden. Sie fordern einen Tarifvertrag f\u00fcr studentische Besch\u00e4ftigte an den Hochschulen &#8211; einen TV Stud &#8211; wie er in Berlin bereits existiert. Bereits amHier weiter lesen...","og_url":"https:\/\/www.kss-sachsen.de\/tvstud_landtag","og_site_name":"KSS","article_published_time":"2021-11-19T16:27:30+00:00","article_modified_time":"2022-04-13T16:12:42+00:00","og_image":[{"width":1280,"height":960,"url":"https:\/\/www.kss-sachsen.de\/wp-content\/uploads\/2021\/11\/photo1637341572-2.jpeg","type":"image\/jpeg"}],"author":"administration","twitter_card":"summary_large_image","twitter_misc":{"Verfasst von":"administration","Gesch\u00e4tzte Lesezeit":"2\u00a0Minuten"},"schema":{"@context":"https:\/\/schema.org","@graph":[{"@type":"Article","@id":"https:\/\/www.kss-sachsen.de\/tvstud_landtag#article","isPartOf":{"@id":"https:\/\/www.kss-sachsen.de\/tvstud_landtag"},"author":{"name":"administration","@id":"https:\/\/www.kss-sachsen.de\/#\/schema\/person\/fbcf1c2438e102156e84a4ba5c3daa64"},"headline":"Schluss mit prek\u00e4ren Besch\u00e4ftigungsverh\u00e4ltnissen f\u00fcr Studierende","datePublished":"2021-11-19T16:27:30+00:00","dateModified":"2022-04-13T16:12:42+00:00","mainEntityOfPage":{"@id":"https:\/\/www.kss-sachsen.de\/tvstud_landtag"},"wordCount":430,"commentCount":0,"publisher":{"@id":"https:\/\/www.kss-sachsen.de\/#organization"},"image":{"@id":"https:\/\/www.kss-sachsen.de\/tvstud_landtag#primaryimage"},"thumbnailUrl":"https:\/\/www.kss-sachsen.de\/wp-content\/uploads\/2021\/11\/photo1637341572-2.jpeg","articleSection":["Pressemitteilung","Studentische Besch\u00e4ftigte"],"inLanguage":"de","potentialAction":[{"@type":"CommentAction","name":"Comment","target":["https:\/\/www.kss-sachsen.de\/tvstud_landtag#respond"]}]},{"@type":"WebPage","@id":"https:\/\/www.kss-sachsen.de\/tvstud_landtag","url":"https:\/\/www.kss-sachsen.de\/tvstud_landtag","name":"Schluss mit prek\u00e4ren Besch\u00e4ftigungsverh\u00e4ltnissen f\u00fcr Studierende - KSS","isPartOf":{"@id":"https:\/\/www.kss-sachsen.de\/#website"},"primaryImageOfPage":{"@id":"https:\/\/www.kss-sachsen.de\/tvstud_landtag#primaryimage"},"image":{"@id":"https:\/\/www.kss-sachsen.de\/tvstud_landtag#primaryimage"},"thumbnailUrl":"https:\/\/www.kss-sachsen.de\/wp-content\/uploads\/2021\/11\/photo1637341572-2.jpeg","datePublished":"2021-11-19T16:27:30+00:00","dateModified":"2022-04-13T16:12:42+00:00","breadcrumb":{"@id":"https:\/\/www.kss-sachsen.de\/tvstud_landtag#breadcrumb"},"inLanguage":"de","potentialAction":[{"@type":"ReadAction","target":["https:\/\/www.kss-sachsen.de\/tvstud_landtag"]}]},{"@type":"ImageObject","inLanguage":"de","@id":"https:\/\/www.kss-sachsen.de\/tvstud_landtag#primaryimage","url":"https:\/\/www.kss-sachsen.de\/wp-content\/uploads\/2021\/11\/photo1637341572-2.jpeg","contentUrl":"https:\/\/www.kss-sachsen.de\/wp-content\/uploads\/2021\/11\/photo1637341572-2.jpeg","width":1280,"height":960},{"@type":"BreadcrumbList","@id":"https:\/\/www.kss-sachsen.de\/tvstud_landtag#breadcrumb","itemListElement":[{"@type":"ListItem","position":1,"name":"Home","item":"https:\/\/www.kss-sachsen.de\/"},{"@type":"ListItem","position":2,"name":"Schluss mit prek\u00e4ren Besch\u00e4ftigungsverh\u00e4ltnissen f\u00fcr Studierende"}]},{"@type":"WebSite","@id":"https:\/\/www.kss-sachsen.de\/#website","url":"https:\/\/www.kss-sachsen.de\/","name":"Konferenz S\u00e4chsischer Studierendenschaften","description":"Konferenz S\u00e4chsischer Studierendenschaften","publisher":{"@id":"https:\/\/www.kss-sachsen.de\/#organization"},"potentialAction":[{"@type":"SearchAction","target":{"@type":"EntryPoint","urlTemplate":"https:\/\/www.kss-sachsen.de\/?s={search_term_string}"},"query-input":{"@type":"PropertyValueSpecification","valueRequired":true,"valueName":"search_term_string"}}],"inLanguage":"de"},{"@type":"Organization","@id":"https:\/\/www.kss-sachsen.de\/#organization","name":"Konferenz S\u00e4chsischer Studierendenschaften","url":"https:\/\/www.kss-sachsen.de\/","logo":{"@type":"ImageObject","inLanguage":"de","@id":"https:\/\/www.kss-sachsen.de\/#\/schema\/logo\/image\/","url":"https:\/\/www.kss-sachsen.de\/wp-content\/uploads\/2023\/02\/Logo-KSS.png","contentUrl":"https:\/\/www.kss-sachsen.de\/wp-content\/uploads\/2023\/02\/Logo-KSS.png","width":2239,"height":1528,"caption":"Konferenz S\u00e4chsischer Studierendenschaften"},"image":{"@id":"https:\/\/www.kss-sachsen.de\/#\/schema\/logo\/image\/"},"sameAs":["https:\/\/www.instagram.com\/kss_sachsen\/"]},{"@type":"Person","@id":"https:\/\/www.kss-sachsen.de\/#\/schema\/person\/fbcf1c2438e102156e84a4ba5c3daa64","name":"administration","image":{"@type":"ImageObject","inLanguage":"de","@id":"https:\/\/www.kss-sachsen.de\/#\/schema\/person\/image\/","url":"https:\/\/secure.gravatar.com\/avatar\/e4ecd4cb3a6714c2adcf507161262d91?s=96&d=mm&r=g","contentUrl":"https:\/\/secure.gravatar.com\/avatar\/e4ecd4cb3a6714c2adcf507161262d91?s=96&d=mm&r=g","caption":"administration"},"url":"https:\/\/www.kss-sachsen.de\/?author=1"}]}},"_links":{"self":[{"href":"https:\/\/www.kss-sachsen.de\/index.php?rest_route=\/wp\/v2\/posts\/2573"}],"collection":[{"href":"https:\/\/www.kss-sachsen.de\/index.php?rest_route=\/wp\/v2\/posts"}],"about":[{"href":"https:\/\/www.kss-sachsen.de\/index.php?rest_route=\/wp\/v2\/types\/post"}],"author":[{"embeddable":true,"href":"https:\/\/www.kss-sachsen.de\/index.php?rest_route=\/wp\/v2\/users\/1"}],"replies":[{"embeddable":true,"href":"https:\/\/www.kss-sachsen.de\/index.php?rest_route=%2Fwp%2Fv2%2Fcomments&post=2573"}],"version-history":[{"count":3,"href":"https:\/\/www.kss-sachsen.de\/index.php?rest_route=\/wp\/v2\/posts\/2573\/revisions"}],"predecessor-version":[{"id":2579,"href":"https:\/\/www.kss-sachsen.de\/index.php?rest_route=\/wp\/v2\/posts\/2573\/revisions\/2579"}],"wp:featuredmedia":[{"embeddable":true,"href":"https:\/\/www.kss-sachsen.de\/index.php?rest_route=\/wp\/v2\/media\/2574"}],"wp:attachment":[{"href":"https:\/\/www.kss-sachsen.de\/index.php?rest_route=%2Fwp%2Fv2%2Fmedia&parent=2573"}],"wp:term":[{"taxonomy":"category","embeddable":true,"href":"https:\/\/www.kss-sachsen.de\/index.php?rest_route=%2Fwp%2Fv2%2Fcategories&post=2573"},{"taxonomy":"post_tag","embeddable":true,"href":"https:\/\/www.kss-sachsen.de\/index.php?rest_route=%2Fwp%2Fv2%2Ftags&post=2573"}],"curies":[{"name":"wp","href":"https:\/\/api.w.org\/{rel}","templated":true}]}}