{"id":2598,"date":"2021-12-11T09:07:35","date_gmt":"2021-12-11T08:07:35","guid":{"rendered":"https:\/\/www.kss-sachsen.de\/?p=2598"},"modified":"2021-12-12T16:44:32","modified_gmt":"2021-12-12T15:44:32","slug":"na-es-geht-doch-fast","status":"publish","type":"post","link":"https:\/\/www.kss-sachsen.de\/pm_27_21","title":{"rendered":"Na es geht doch! Fast."},"content":{"rendered":"<div id=\"magicdomid2\" class=\"ace-line\">\n<p><strong><span class=\"author-a-ytz80znwz76z3qz77zz78zaz88zz78zz79zjz67z\">KSS freut sich \u00fcber Umsetzung ihrer Forderung nach Regelstudienzeitverl\u00e4ngerung, doch <\/span><span class=\"author-a-z69zbtkz90zz84zz122zz82zyxyz80zz72zsvz77z\">dr\u00e4ngt weiterhin<\/span><span class=\"author-a-ytz80znwz76z3qz77zz78zaz88zz78zz79zjz67z\"> auf fl\u00e4chendeckende Freiversuchsregelungen<\/span><\/strong><\/p>\n<p><span class=\"author-a-z69zbtkz90zz84zz122zz82zyxyz80zz72zsvz77z\">Am gestrigen Freitag verk\u00fcndete das Staatsministerium f\u00fcr Wissenschaft, Kultur und Tourismus (SMWK), dass die <a href=\"https:\/\/www.medienservice.sachsen.de\/medien\/news\/1033313\">individuelle Regelstudienzeit f\u00fcr Studierende in Sachsen auch f\u00fcr das aktuelle Wintersemester um ein Semester verl\u00e4ngert<\/a> wird. Dies forderte die Konferenz S\u00e4chsischer Studierendenschaften (KSS) bereits <a href=\"https:\/\/www.kss-sachsen.de\/Treffen_Gemkow\">seit Beginn des Semesters<\/a>\u00a0und <\/span><span class=\"author-a-ytz80znwz76z3qz77zz78zaz88zz78zz79zjz67z\">nochmals vehement <\/span><span class=\"author-a-z69zbtkz90zz84zz122zz82zyxyz80zz72zsvz77z\">nach der Ank\u00fcndigung zur verst\u00e4rkten R\u00fcckkehr in digitale Lehrformat<\/span><span class=\"author-a-ytz80znwz76z3qz77zz78zaz88zz78zz79zjz67z\">e in der<\/span><a href=\"https:\/\/www.kss-sachsen.de\/Wise21_22\"><span class=\"author-a-z69zbtkz90zz84zz122zz82zyxyz80zz72zsvz77z\"> letzte<\/span><span class=\"author-a-ytz80znwz76z3qz77zz78zaz88zz78zz79zjz67z\">n<\/span><\/a><span class=\"author-a-z69zbtkz90zz84zz122zz82zyxyz80zz72zsvz77z\"> Woche. Aufgrund starker Belastungen und Probleme der Studierenden durch die erneute Umstellung auf digitale Lehre ist <\/span><span class=\"author-a-ytz80znwz76z3qz77zz78zaz88zz78zz79zjz67z\">die<\/span><span class=\"author-a-z69zbtkz90zz84zz122zz82zyxyz80zz72zsvz77z\"> Regelstudienzeitverl\u00e4ngerung <\/span><span class=\"author-a-ytz80znwz76z3qz77zz78zaz88zz78zz79zjz67z\">nun aus Sicht aller Beteiligten <\/span><span class=\"author-a-z69zbtkz90zz84zz122zz82zyxyz80zz72zsvz77z\">erneut <\/span><span class=\"author-a-ytz80znwz76z3qz77zz78zaz88zz78zz79zjz67z\">ein unabdingbares Instrument<\/span><span class=\"author-a-z69zbtkz90zz84zz122zz82zyxyz80zz72zsvz77z\">, um Verz\u00f6gerungen im Studium auszugleichen. Doch aus Sicht der Landesstudierendenvertretung <\/span><span class=\"author-a-ytz80znwz76z3qz77zz78zaz88zz78zz79zjz67z\">werden nun au\u00dferdem <\/span><span class=\"author-a-z69zbtkz90zz84zz122zz82zyxyz80zz72zsvz77z\">wieder<\/span><span class=\"author-a-ytz80znwz76z3qz77zz78zaz88zz78zz79zjz67z\"> fl\u00e4chendeckende Freiversuchsregelungen n\u00f6tig. Diese werden bislang sehr unterschiedlich an Sachsens Hochschulen umgesetzt.<\/span><\/p>\n<p><span class=\"author-a-z69zbtkz90zz84zz122zz82zyxyz80zz72zsvz77z\">&#8222;<\/span><span class=\"author-a-ytz80znwz76z3qz77zz78zaz88zz78zz79zjz67z\">Dass <\/span><span class=\"author-a-z69zbtkz90zz84zz122zz82zyxyz80zz72zsvz77z\">im aktuellen<\/span><span class=\"author-a-ytz80znwz76z3qz77zz78zaz88zz78zz79zjz67z\"> Wintersemester noch nicht wieder <\/span><span class=\"author-a-z69zbtkz90zz84zz122zz82zyxyz80zz72zsvz77z\">normal studiert werden kann<\/span><span class=\"author-a-ytz80znwz76z3qz77zz78zaz88zz78zz79zjz67z\">, war bereits vor Monaten <\/span><span class=\"author-a-z69zbtkz90zz84zz122zz82zyxyz80zz72zsvz77z\">absehbar<\/span><span class=\"author-a-ytz80znwz76z3qz77zz78zaz88zz78zz79zjz67z\">, weshalb wir die erneute Regelstudienzeitverl\u00e4ngerung schon <\/span><span class=\"author-a-z69zbtkz90zz84zz122zz82zyxyz80zz72zsvz77z\">zu Semesterbeginn <\/span><span class=\"author-a-ytz80znwz76z3qz77zz78zaz88zz78zz79zjz67z\">forderten. Mit Blick auf das aktuelle Infektionsgeschehen und der damit n<\/span><span class=\"author-a-z69zbtkz90zz84zz122zz82zyxyz80zz72zsvz77z\">otwendigen<\/span><span class=\"author-a-ytz80znwz76z3qz77zz78zaz88zz78zz79zjz67z\"> Umstellung<\/span><span class=\"author-a-z69zbtkz90zz84zz122zz82zyxyz80zz72zsvz77z\"> eines Gro\u00dfteils der Lehrveranstaltungen<\/span><span class=\"author-a-ytz80znwz76z3qz77zz78zaz88zz78zz79zjz67z\"> zur\u00fcck ins Digitale, freuen wir uns umso mehr, <\/span><span class=\"author-a-z69zbtkz90zz84zz122zz82zyxyz80zz72zsvz77z\">dass <\/span><span class=\"author-a-ytz80znwz76z3qz77zz78zaz88zz78zz79zjz67z\">unser <\/span><span class=\"author-a-z69zbtkz90zz84zz122zz82zyxyz80zz72zsvz77z\">Anliegen nun endlich umgesetzt wurde. <\/span><span class=\"author-a-ytz80znwz76z3qz77zz78zaz88zz78zz79zjz67z\">Denn nachdem das Pandemiegeschehen nicht gen\u00fcgend einged\u00e4mmt werden konnte, hei\u00dft eine erneute R\u00fcckkehr an die heimischen Arbeitspl\u00e4tze <\/span><span class=\"author-a-z69zbtkz90zz84zz122zz82zyxyz80zz72zsvz77z\">f\u00fcr Studierende <\/span><span class=\"author-a-ytz80znwz76z3qz77zz78zaz88zz78zz79zjz67z\">wieder: Fehlender Austausch, <\/span><span class=\"author-a-z69zbtkz90zz84zz122zz82zyxyz80zz72zsvz77z\">kein<\/span><span class=\"author-a-ytz80znwz76z3qz77zz78zaz88zz78zz79zjz67z\"> ad\u00e4quate<\/span><span class=\"author-a-z69zbtkz90zz84zz122zz82zyxyz80zz72zsvz77z\">s<\/span><span class=\"author-a-ytz80znwz76z3qz77zz78zaz88zz78zz79zjz67z\"> Lernumfeld, enorme psychische Belastungen&#8230; <\/span><span class=\"author-a-z69zbtkz90zz84zz122zz82zyxyz80zz72zsvz77z\">schlicht und ergreifend<\/span><span class=\"author-a-ytz80znwz76z3qz77zz78zaz88zz78zz79zjz67z\"> kein <\/span><span class=\"author-a-z69zbtkz90zz84zz122zz82zyxyz80zz72zsvz77z\">regul\u00e4res<\/span><span class=\"author-a-ytz80znwz76z3qz77zz78zaz88zz78zz79zjz67z\"> Studium mehr! Die Verl\u00e4ngerung<\/span><span class=\"author-a-z69zbtkz90zz84zz122zz82zyxyz80zz72zsvz77z\"> der<\/span><span class=\"author-a-ytz80znwz76z3qz77zz78zaz88zz78zz79zjz67z\"> Regelstudienzeit <\/span><span class=\"author-a-z69zbtkz90zz84zz122zz82zyxyz80zz72zsvz77z\">ist daher ein dringend n\u00f6tiger erster Schritt <\/span><span class=\"author-a-ytz80znwz76z3qz77zz78zaz88zz78zz79zjz67z\">uns<\/span><span class=\"author-a-z69zbtkz90zz84zz122zz82zyxyz80zz72zsvz77z\"> Studierenden etwas Druck zu nehmen<\/span><span class=\"author-a-ytz80znwz76z3qz77zz78zaz88zz78zz79zjz67z\">.&#8220;, erkl\u00e4rt <strong>Sabine Giese, Sprecherin der KSS<\/strong>. Doch sie stellt auch klar: &#8222;Wieder einmal kommt diese Entscheidung reichlich sp\u00e4t. Denn um <\/span><span class=\"author-a-z69zbtkz90zz84zz122zz82zyxyz80zz72zsvz77z\">den l\u00e4ngeren BAf\u00f6G Anspruch durch die <\/span><span class=\"author-a-ytz80znwz76z3qz77zz78zaz88zz78zz79zjz67z\">Regelstudienzeitverl\u00e4ngerung auch in diesem Semester<\/span><span class=\"author-a-z69zbtkz90zz84zz122zz82zyxyz80zz72zsvz77z\"> im vollen Umfang beanspruchen zu k\u00f6nnen<\/span><span class=\"author-a-ytz80znwz76z3qz77zz78zaz88zz78zz79zjz67z\">, h\u00e4tten Studis bereits viel eher einen Antrag stellen m\u00fcssen. Wir erinnern <\/span><span class=\"author-a-z69zbtkz90zz84zz122zz82zyxyz80zz72zsvz77z\">entsprechend <\/span><span class=\"author-a-ytz80znwz76z3qz77zz78zaz88zz78zz79zjz67z\">daran, dass erneut eine r\u00fcckwirkende BAf\u00f6G-Antragstellung m\u00f6glich gemacht werden muss.&#8220;<\/span><\/p>\n<p><span class=\"author-a-z69zbtkz90zz84zz122zz82zyxyz80zz72zsvz77z\">&#8222;Doch die alleinige Regelstudienzeiterh\u00f6hung reicht bei weitem nicht. Auch u<\/span><span class=\"author-a-ytz80znwz76z3qz77zz78zaz88zz78zz79zjz67z\">m <\/span><span class=\"author-a-z69zbtkz90zz84zz122zz82zyxyz80zz72zsvz77z\">die <\/span><span class=\"author-a-ytz80znwz76z3qz77zz78zaz88zz78zz79zjz67z\">Studi<\/span><span class=\"author-a-z69zbtkz90zz84zz122zz82zyxyz80zz72zsvz77z\">erenden<\/span><span class=\"author-a-ytz80znwz76z3qz77zz78zaz88zz78zz79zjz67z\"> zur Teilnahme an Pr\u00fcfungen zu<\/span><span class=\"author-a-z69zbtkz90zz84zz122zz82zyxyz80zz72zsvz77z\"> ermutigen<\/span><span class=\"author-a-ytz80znwz76z3qz77zz78zaz88zz78zz79zjz67z\">, braucht es ebenso wieder die fl\u00e4chendeckende M\u00f6glichkeit,<\/span><s> <\/s><span class=\"author-a-z69zbtkz90zz84zz122zz82zyxyz80zz72zsvz77z\">Pr\u00fcfungen im selben Versuch wiederholen zu k\u00f6nnen. Doch Festlegungen dazu sind auch in diesem Semester nicht landesweit einheitlich, sondern obliegen den einzelnen Hochschulen selbst. Erneut entsteht ein riesiger Flickenteppich an unterschiedlichen Regelungen. Vier Hochschulen haben bisher die studentische Forderung diskutiert, aber sind zu vier v\u00f6llig verschiedenen Ergebnissen gekommen. Von der M\u00f6glichkeit, nahezu alle Pr\u00fcfungen einfach wiederholen zu k\u00f6nnen bis hin zum vehementen Verweigern einer Freiversuchsregelung ist alles dabei. Zwar m\u00f6gen die Bedingungen an den Hochschulen teilweise unterschiedlich sein, die Probleme der Studierenden bleiben jedoch \u00fcberall gleich. Die Frustration unter den Studierenden \u00fcber diese schlicht nicht zu erkl\u00e4renden Unterschiede ist daher mehr als verst\u00e4ndlich. Dass die Landesrektor*innenkonferenz oder das Staatsministerium keine einheitlichen Festlegunge<\/span><span class=\"author-a-ytz80znwz76z3qz77zz78zaz88zz78zz79zjz67z\">n<\/span><span class=\"author-a-z69zbtkz90zz84zz122zz82zyxyz80zz72zsvz77z\"> treffen<\/span><span class=\"author-a-ytz80znwz76z3qz77zz78zaz88zz78zz79zjz67z\">, <\/span><span class=\"author-a-z69zbtkz90zz84zz122zz82zyxyz80zz72zsvz77z\">ist nicht nachvollziehbar und<\/span><span class=\"author-a-ytz80znwz76z3qz77zz78zaz88zz78zz79zjz67z\"> geht v\u00f6llig an der <\/span><span class=\"author-a-z69zbtkz90zz84zz122zz82zyxyz80zz72zsvz77z\">studentischen <\/span><span class=\"author-a-ytz80znwz76z3qz77zz78zaz88zz78zz79zjz67z\">Lebensrealit\u00e4t vorbei! <\/span><span class=\"author-a-z69zbtkz90zz84zz122zz82zyxyz80zz72zsvz77z\">Wir <\/span><span class=\"author-a-ytz80znwz76z3qz77zz78zaz88zz78zz79zjz67z\">brauchen unbedingt eine einheitliche landesweite Regelung <\/span><span class=\"author-a-z69zbtkz90zz84zz122zz82zyxyz80zz72zsvz77z\">mit<\/span><span class=\"author-a-ytz80znwz76z3qz77zz78zaz88zz78zz79zjz67z\"> Freiversuche<\/span><span class=\"author-a-z69zbtkz90zz84zz122zz82zyxyz80zz72zsvz77z\">n<\/span><span class=\"author-a-ytz80znwz76z3qz77zz78zaz88zz78zz79zjz67z\"> f\u00fcr alle Studierenden Sachsens.&#8220; erg\u00e4nzt <strong>Paul Senf, Spr<\/strong><\/span><span class=\"author-a-z69zbtkz90zz84zz122zz82zyxyz80zz72zsvz77z\"><strong>echer der KSS<\/strong>.<\/span><\/p>\n<p>Die Pressemitteilung ist auch als <a href=\"https:\/\/cloud.kss-sachsen.de\/s\/mTkYK9ylNyQ5naH\">.pdf<\/a> verf\u00fcgbar<\/p>\n<\/div>\n","protected":false},"excerpt":{"rendered":"<p>KSS freut sich \u00fcber Umsetzung ihrer Forderung nach Regelstudienzeitverl\u00e4ngerung, doch dr\u00e4ngt weiterhin auf fl\u00e4chendeckende Freiversuchsregelungen Am gestrigen Freitag verk\u00fcndete das Staatsministerium f\u00fcr Wissenschaft, Kultur und Tourismus (SMWK), dass die individuelle Regelstudienzeit f\u00fcr Studierende in Sachsen auch f\u00fcr das aktuelle Wintersemester um ein Semester verl\u00e4ngert wird. Dies forderte die Konferenz S\u00e4chsischer Studierendenschaften (KSS) bereits seit Beginn des Semesters\u00a0und nochmals vehement nach<a class=\"read-more\" href=\"https:\/\/www.kss-sachsen.de\/pm_27_21\">Hier weiter lesen&#8230;<\/a><\/p>\n","protected":false},"author":1,"featured_media":2607,"comment_status":"open","ping_status":"open","sticky":false,"template":"","format":"standard","meta":{"footnotes":""},"categories":[11,6],"tags":[],"yoast_head":"<!-- This site is optimized with the Yoast SEO plugin v23.5 - https:\/\/yoast.com\/wordpress\/plugins\/seo\/ -->\n<title>Na es geht doch! Fast. - KSS<\/title>\n<meta name=\"robots\" content=\"index, follow, max-snippet:-1, max-image-preview:large, max-video-preview:-1\" \/>\n<link rel=\"canonical\" href=\"https:\/\/www.kss-sachsen.de\/pm_27_21\" \/>\n<meta property=\"og:locale\" content=\"de_DE\" \/>\n<meta property=\"og:type\" content=\"article\" \/>\n<meta property=\"og:title\" content=\"Na es geht doch! Fast. - KSS\" \/>\n<meta property=\"og:description\" content=\"KSS freut sich \u00fcber Umsetzung ihrer Forderung nach Regelstudienzeitverl\u00e4ngerung, doch dr\u00e4ngt weiterhin auf fl\u00e4chendeckende Freiversuchsregelungen Am gestrigen Freitag verk\u00fcndete das Staatsministerium f\u00fcr Wissenschaft, Kultur und Tourismus (SMWK), dass die individuelle Regelstudienzeit f\u00fcr Studierende in Sachsen auch f\u00fcr das aktuelle Wintersemester um ein Semester verl\u00e4ngert wird. Dies forderte die Konferenz S\u00e4chsischer Studierendenschaften (KSS) bereits seit Beginn des Semesters\u00a0und nochmals vehement nachHier weiter lesen...\" \/>\n<meta property=\"og:url\" content=\"https:\/\/www.kss-sachsen.de\/pm_27_21\" \/>\n<meta property=\"og:site_name\" content=\"KSS\" \/>\n<meta property=\"article:published_time\" content=\"2021-12-11T08:07:35+00:00\" \/>\n<meta property=\"article:modified_time\" content=\"2021-12-12T15:44:32+00:00\" \/>\n<meta property=\"og:image\" content=\"https:\/\/www.kss-sachsen.de\/wp-content\/uploads\/2021\/12\/211211-PM-Na-geht-doch-TW-1.png\" \/>\n\t<meta property=\"og:image:width\" content=\"1200\" \/>\n\t<meta property=\"og:image:height\" content=\"675\" \/>\n\t<meta property=\"og:image:type\" content=\"image\/png\" \/>\n<meta name=\"author\" content=\"administration\" \/>\n<meta name=\"twitter:card\" content=\"summary_large_image\" \/>\n<meta name=\"twitter:label1\" content=\"Verfasst von\" \/>\n\t<meta name=\"twitter:data1\" content=\"administration\" \/>\n\t<meta name=\"twitter:label2\" content=\"Gesch\u00e4tzte Lesezeit\" \/>\n\t<meta name=\"twitter:data2\" content=\"3\u00a0Minuten\" \/>\n<script type=\"application\/ld+json\" class=\"yoast-schema-graph\">{\"@context\":\"https:\/\/schema.org\",\"@graph\":[{\"@type\":\"Article\",\"@id\":\"https:\/\/www.kss-sachsen.de\/pm_27_21#article\",\"isPartOf\":{\"@id\":\"https:\/\/www.kss-sachsen.de\/pm_27_21\"},\"author\":{\"name\":\"administration\",\"@id\":\"https:\/\/www.kss-sachsen.de\/#\/schema\/person\/fbcf1c2438e102156e84a4ba5c3daa64\"},\"headline\":\"Na es geht doch! Fast.\",\"datePublished\":\"2021-12-11T08:07:35+00:00\",\"dateModified\":\"2021-12-12T15:44:32+00:00\",\"mainEntityOfPage\":{\"@id\":\"https:\/\/www.kss-sachsen.de\/pm_27_21\"},\"wordCount\":540,\"commentCount\":0,\"publisher\":{\"@id\":\"https:\/\/www.kss-sachsen.de\/#organization\"},\"image\":{\"@id\":\"https:\/\/www.kss-sachsen.de\/pm_27_21#primaryimage\"},\"thumbnailUrl\":\"https:\/\/www.kss-sachsen.de\/wp-content\/uploads\/2021\/12\/211211-PM-Na-geht-doch-TW-1.png\",\"articleSection\":[\"Pressemitteilung\",\"Pressemitteilung KSS\"],\"inLanguage\":\"de\",\"potentialAction\":[{\"@type\":\"CommentAction\",\"name\":\"Comment\",\"target\":[\"https:\/\/www.kss-sachsen.de\/pm_27_21#respond\"]}]},{\"@type\":\"WebPage\",\"@id\":\"https:\/\/www.kss-sachsen.de\/pm_27_21\",\"url\":\"https:\/\/www.kss-sachsen.de\/pm_27_21\",\"name\":\"Na es geht doch! Fast. - KSS\",\"isPartOf\":{\"@id\":\"https:\/\/www.kss-sachsen.de\/#website\"},\"primaryImageOfPage\":{\"@id\":\"https:\/\/www.kss-sachsen.de\/pm_27_21#primaryimage\"},\"image\":{\"@id\":\"https:\/\/www.kss-sachsen.de\/pm_27_21#primaryimage\"},\"thumbnailUrl\":\"https:\/\/www.kss-sachsen.de\/wp-content\/uploads\/2021\/12\/211211-PM-Na-geht-doch-TW-1.png\",\"datePublished\":\"2021-12-11T08:07:35+00:00\",\"dateModified\":\"2021-12-12T15:44:32+00:00\",\"breadcrumb\":{\"@id\":\"https:\/\/www.kss-sachsen.de\/pm_27_21#breadcrumb\"},\"inLanguage\":\"de\",\"potentialAction\":[{\"@type\":\"ReadAction\",\"target\":[\"https:\/\/www.kss-sachsen.de\/pm_27_21\"]}]},{\"@type\":\"ImageObject\",\"inLanguage\":\"de\",\"@id\":\"https:\/\/www.kss-sachsen.de\/pm_27_21#primaryimage\",\"url\":\"https:\/\/www.kss-sachsen.de\/wp-content\/uploads\/2021\/12\/211211-PM-Na-geht-doch-TW-1.png\",\"contentUrl\":\"https:\/\/www.kss-sachsen.de\/wp-content\/uploads\/2021\/12\/211211-PM-Na-geht-doch-TW-1.png\",\"width\":1200,\"height\":675},{\"@type\":\"BreadcrumbList\",\"@id\":\"https:\/\/www.kss-sachsen.de\/pm_27_21#breadcrumb\",\"itemListElement\":[{\"@type\":\"ListItem\",\"position\":1,\"name\":\"Home\",\"item\":\"https:\/\/www.kss-sachsen.de\/\"},{\"@type\":\"ListItem\",\"position\":2,\"name\":\"Na es geht doch! Fast.\"}]},{\"@type\":\"WebSite\",\"@id\":\"https:\/\/www.kss-sachsen.de\/#website\",\"url\":\"https:\/\/www.kss-sachsen.de\/\",\"name\":\"Konferenz S\u00e4chsischer Studierendenschaften\",\"description\":\"Konferenz S\u00e4chsischer Studierendenschaften\",\"publisher\":{\"@id\":\"https:\/\/www.kss-sachsen.de\/#organization\"},\"potentialAction\":[{\"@type\":\"SearchAction\",\"target\":{\"@type\":\"EntryPoint\",\"urlTemplate\":\"https:\/\/www.kss-sachsen.de\/?s={search_term_string}\"},\"query-input\":{\"@type\":\"PropertyValueSpecification\",\"valueRequired\":true,\"valueName\":\"search_term_string\"}}],\"inLanguage\":\"de\"},{\"@type\":\"Organization\",\"@id\":\"https:\/\/www.kss-sachsen.de\/#organization\",\"name\":\"Konferenz S\u00e4chsischer Studierendenschaften\",\"url\":\"https:\/\/www.kss-sachsen.de\/\",\"logo\":{\"@type\":\"ImageObject\",\"inLanguage\":\"de\",\"@id\":\"https:\/\/www.kss-sachsen.de\/#\/schema\/logo\/image\/\",\"url\":\"https:\/\/www.kss-sachsen.de\/wp-content\/uploads\/2023\/02\/Logo-KSS.png\",\"contentUrl\":\"https:\/\/www.kss-sachsen.de\/wp-content\/uploads\/2023\/02\/Logo-KSS.png\",\"width\":2239,\"height\":1528,\"caption\":\"Konferenz S\u00e4chsischer Studierendenschaften\"},\"image\":{\"@id\":\"https:\/\/www.kss-sachsen.de\/#\/schema\/logo\/image\/\"},\"sameAs\":[\"https:\/\/www.instagram.com\/kss_sachsen\/\"]},{\"@type\":\"Person\",\"@id\":\"https:\/\/www.kss-sachsen.de\/#\/schema\/person\/fbcf1c2438e102156e84a4ba5c3daa64\",\"name\":\"administration\",\"image\":{\"@type\":\"ImageObject\",\"inLanguage\":\"de\",\"@id\":\"https:\/\/www.kss-sachsen.de\/#\/schema\/person\/image\/\",\"url\":\"https:\/\/secure.gravatar.com\/avatar\/e4ecd4cb3a6714c2adcf507161262d91?s=96&d=mm&r=g\",\"contentUrl\":\"https:\/\/secure.gravatar.com\/avatar\/e4ecd4cb3a6714c2adcf507161262d91?s=96&d=mm&r=g\",\"caption\":\"administration\"},\"url\":\"https:\/\/www.kss-sachsen.de\/?author=1\"}]}<\/script>\n<!-- \/ Yoast SEO plugin. -->","yoast_head_json":{"title":"Na es geht doch! Fast. - KSS","robots":{"index":"index","follow":"follow","max-snippet":"max-snippet:-1","max-image-preview":"max-image-preview:large","max-video-preview":"max-video-preview:-1"},"canonical":"https:\/\/www.kss-sachsen.de\/pm_27_21","og_locale":"de_DE","og_type":"article","og_title":"Na es geht doch! Fast. - KSS","og_description":"KSS freut sich \u00fcber Umsetzung ihrer Forderung nach Regelstudienzeitverl\u00e4ngerung, doch dr\u00e4ngt weiterhin auf fl\u00e4chendeckende Freiversuchsregelungen Am gestrigen Freitag verk\u00fcndete das Staatsministerium f\u00fcr Wissenschaft, Kultur und Tourismus (SMWK), dass die individuelle Regelstudienzeit f\u00fcr Studierende in Sachsen auch f\u00fcr das aktuelle Wintersemester um ein Semester verl\u00e4ngert wird. Dies forderte die Konferenz S\u00e4chsischer Studierendenschaften (KSS) bereits seit Beginn des Semesters\u00a0und nochmals vehement nachHier weiter lesen...","og_url":"https:\/\/www.kss-sachsen.de\/pm_27_21","og_site_name":"KSS","article_published_time":"2021-12-11T08:07:35+00:00","article_modified_time":"2021-12-12T15:44:32+00:00","og_image":[{"width":1200,"height":675,"url":"https:\/\/www.kss-sachsen.de\/wp-content\/uploads\/2021\/12\/211211-PM-Na-geht-doch-TW-1.png","type":"image\/png"}],"author":"administration","twitter_card":"summary_large_image","twitter_misc":{"Verfasst von":"administration","Gesch\u00e4tzte Lesezeit":"3\u00a0Minuten"},"schema":{"@context":"https:\/\/schema.org","@graph":[{"@type":"Article","@id":"https:\/\/www.kss-sachsen.de\/pm_27_21#article","isPartOf":{"@id":"https:\/\/www.kss-sachsen.de\/pm_27_21"},"author":{"name":"administration","@id":"https:\/\/www.kss-sachsen.de\/#\/schema\/person\/fbcf1c2438e102156e84a4ba5c3daa64"},"headline":"Na es geht doch! Fast.","datePublished":"2021-12-11T08:07:35+00:00","dateModified":"2021-12-12T15:44:32+00:00","mainEntityOfPage":{"@id":"https:\/\/www.kss-sachsen.de\/pm_27_21"},"wordCount":540,"commentCount":0,"publisher":{"@id":"https:\/\/www.kss-sachsen.de\/#organization"},"image":{"@id":"https:\/\/www.kss-sachsen.de\/pm_27_21#primaryimage"},"thumbnailUrl":"https:\/\/www.kss-sachsen.de\/wp-content\/uploads\/2021\/12\/211211-PM-Na-geht-doch-TW-1.png","articleSection":["Pressemitteilung","Pressemitteilung KSS"],"inLanguage":"de","potentialAction":[{"@type":"CommentAction","name":"Comment","target":["https:\/\/www.kss-sachsen.de\/pm_27_21#respond"]}]},{"@type":"WebPage","@id":"https:\/\/www.kss-sachsen.de\/pm_27_21","url":"https:\/\/www.kss-sachsen.de\/pm_27_21","name":"Na es geht doch! Fast. - KSS","isPartOf":{"@id":"https:\/\/www.kss-sachsen.de\/#website"},"primaryImageOfPage":{"@id":"https:\/\/www.kss-sachsen.de\/pm_27_21#primaryimage"},"image":{"@id":"https:\/\/www.kss-sachsen.de\/pm_27_21#primaryimage"},"thumbnailUrl":"https:\/\/www.kss-sachsen.de\/wp-content\/uploads\/2021\/12\/211211-PM-Na-geht-doch-TW-1.png","datePublished":"2021-12-11T08:07:35+00:00","dateModified":"2021-12-12T15:44:32+00:00","breadcrumb":{"@id":"https:\/\/www.kss-sachsen.de\/pm_27_21#breadcrumb"},"inLanguage":"de","potentialAction":[{"@type":"ReadAction","target":["https:\/\/www.kss-sachsen.de\/pm_27_21"]}]},{"@type":"ImageObject","inLanguage":"de","@id":"https:\/\/www.kss-sachsen.de\/pm_27_21#primaryimage","url":"https:\/\/www.kss-sachsen.de\/wp-content\/uploads\/2021\/12\/211211-PM-Na-geht-doch-TW-1.png","contentUrl":"https:\/\/www.kss-sachsen.de\/wp-content\/uploads\/2021\/12\/211211-PM-Na-geht-doch-TW-1.png","width":1200,"height":675},{"@type":"BreadcrumbList","@id":"https:\/\/www.kss-sachsen.de\/pm_27_21#breadcrumb","itemListElement":[{"@type":"ListItem","position":1,"name":"Home","item":"https:\/\/www.kss-sachsen.de\/"},{"@type":"ListItem","position":2,"name":"Na es geht doch! Fast."}]},{"@type":"WebSite","@id":"https:\/\/www.kss-sachsen.de\/#website","url":"https:\/\/www.kss-sachsen.de\/","name":"Konferenz S\u00e4chsischer Studierendenschaften","description":"Konferenz S\u00e4chsischer Studierendenschaften","publisher":{"@id":"https:\/\/www.kss-sachsen.de\/#organization"},"potentialAction":[{"@type":"SearchAction","target":{"@type":"EntryPoint","urlTemplate":"https:\/\/www.kss-sachsen.de\/?s={search_term_string}"},"query-input":{"@type":"PropertyValueSpecification","valueRequired":true,"valueName":"search_term_string"}}],"inLanguage":"de"},{"@type":"Organization","@id":"https:\/\/www.kss-sachsen.de\/#organization","name":"Konferenz S\u00e4chsischer Studierendenschaften","url":"https:\/\/www.kss-sachsen.de\/","logo":{"@type":"ImageObject","inLanguage":"de","@id":"https:\/\/www.kss-sachsen.de\/#\/schema\/logo\/image\/","url":"https:\/\/www.kss-sachsen.de\/wp-content\/uploads\/2023\/02\/Logo-KSS.png","contentUrl":"https:\/\/www.kss-sachsen.de\/wp-content\/uploads\/2023\/02\/Logo-KSS.png","width":2239,"height":1528,"caption":"Konferenz S\u00e4chsischer Studierendenschaften"},"image":{"@id":"https:\/\/www.kss-sachsen.de\/#\/schema\/logo\/image\/"},"sameAs":["https:\/\/www.instagram.com\/kss_sachsen\/"]},{"@type":"Person","@id":"https:\/\/www.kss-sachsen.de\/#\/schema\/person\/fbcf1c2438e102156e84a4ba5c3daa64","name":"administration","image":{"@type":"ImageObject","inLanguage":"de","@id":"https:\/\/www.kss-sachsen.de\/#\/schema\/person\/image\/","url":"https:\/\/secure.gravatar.com\/avatar\/e4ecd4cb3a6714c2adcf507161262d91?s=96&d=mm&r=g","contentUrl":"https:\/\/secure.gravatar.com\/avatar\/e4ecd4cb3a6714c2adcf507161262d91?s=96&d=mm&r=g","caption":"administration"},"url":"https:\/\/www.kss-sachsen.de\/?author=1"}]}},"_links":{"self":[{"href":"https:\/\/www.kss-sachsen.de\/index.php?rest_route=\/wp\/v2\/posts\/2598"}],"collection":[{"href":"https:\/\/www.kss-sachsen.de\/index.php?rest_route=\/wp\/v2\/posts"}],"about":[{"href":"https:\/\/www.kss-sachsen.de\/index.php?rest_route=\/wp\/v2\/types\/post"}],"author":[{"embeddable":true,"href":"https:\/\/www.kss-sachsen.de\/index.php?rest_route=\/wp\/v2\/users\/1"}],"replies":[{"embeddable":true,"href":"https:\/\/www.kss-sachsen.de\/index.php?rest_route=%2Fwp%2Fv2%2Fcomments&post=2598"}],"version-history":[{"count":6,"href":"https:\/\/www.kss-sachsen.de\/index.php?rest_route=\/wp\/v2\/posts\/2598\/revisions"}],"predecessor-version":[{"id":2608,"href":"https:\/\/www.kss-sachsen.de\/index.php?rest_route=\/wp\/v2\/posts\/2598\/revisions\/2608"}],"wp:featuredmedia":[{"embeddable":true,"href":"https:\/\/www.kss-sachsen.de\/index.php?rest_route=\/wp\/v2\/media\/2607"}],"wp:attachment":[{"href":"https:\/\/www.kss-sachsen.de\/index.php?rest_route=%2Fwp%2Fv2%2Fmedia&parent=2598"}],"wp:term":[{"taxonomy":"category","embeddable":true,"href":"https:\/\/www.kss-sachsen.de\/index.php?rest_route=%2Fwp%2Fv2%2Fcategories&post=2598"},{"taxonomy":"post_tag","embeddable":true,"href":"https:\/\/www.kss-sachsen.de\/index.php?rest_route=%2Fwp%2Fv2%2Ftags&post=2598"}],"curies":[{"name":"wp","href":"https:\/\/api.w.org\/{rel}","templated":true}]}}