{"id":2654,"date":"2022-03-02T15:20:07","date_gmt":"2022-03-02T14:20:07","guid":{"rendered":"https:\/\/www.kss-sachsen.de\/?p=2654"},"modified":"2022-04-13T18:07:22","modified_gmt":"2022-04-13T16:07:22","slug":"2-newsletter-2022","status":"publish","type":"post","link":"https:\/\/www.kss-sachsen.de\/newsletter_februar2022","title":{"rendered":"2. Newsletter 2022"},"content":{"rendered":"<div id=\"magicdomid2\" class=\"ace-line\"><span class=\"author-a-ytz80znwz76z3qz77zz78zaz88zz78zz79zjz67z\">Liebe Mitstreiter*innen und Interessierte der KSS,<\/span><\/div>\n<div class=\"ace-line\"><\/div>\n<div id=\"magicdomid4\" class=\"ace-line\"><span class=\"author-a-ytz80znwz76z3qz77zz78zaz88zz78zz79zjz67z\">hiermit erhaltet ihr den Newsletter eurer Landesstudierendenvertretung f\u00fcr Februar. Trotz des nahenden Amtszeitwechsels und der Semesterferien gibt es wieder einige Themen, zu denen wir euch berichten m\u00f6chten.<\/p>\n<p><\/span><\/div>\n<div id=\"magicdomid6\" class=\"ace-line\"><span class=\"author-a-ytz80znwz76z3qz77zz78zaz88zz78zz79zjz67z\">Die Themen rund um die KSS im Februar:<\/span><\/div>\n<div id=\"magicdomid7\" class=\"ace-line list-start-number1\">\n<ol>\n<li><span class=\"author-a-ytz80znwz76z3qz77zz78zaz88zz78zz79zjz67z\">Neue Lehramtspr\u00fcfungsordnung tritt in Kraft<\/span><\/li>\n<li>Gespr\u00e4ch mit dem Staatsministerium &amp; Stand Novelle S\u00e4chsHSFG<\/li>\n<li>Regelstudienzeitverl\u00e4ngerung f\u00fcr WiSe21\/22 <span class=\"author-a-z69zbtkz90zz84zz122zz82zyxyz80zz72zsvz77z\">ist <\/span><span class=\"author-a-ytz80znwz76z3qz77zz78zaz88zz78zz79zjz67z\">offiziell<\/span><\/li>\n<li>Diskriminierungsschutz f\u00fcr Studierende an Sachsens Hochschulen<\/li>\n<li>Psychosoziale Notlagen<span class=\"author-a-z69zbtkz90zz84zz122zz82zyxyz80zz72zsvz77z\">, <\/span><span class=\"author-a-ytz80znwz76z3qz77zz78zaz88zz78zz79zjz67z\">Unterst\u00fctzung und Hilfsangebote in Folge des Krieges in der Ukraine<\/span><\/li>\n<li>Neue Amtszeit in Sicht &#8211; Aussschreibungen und Interne Organisation<\/li>\n<li>Sitzung des Landessprecher*innenrates<\/li>\n<li>Ausblick<\/li>\n<\/ol>\n<\/div>\n<div id=\"magicdomid16\" class=\"ace-line\"><a href=\"https:\/\/www.lists.kss-sachsen.de\/mailman\/listinfo\/newsletter\"><span class=\"author-a-ytz80znwz76z3qz77zz78zaz88zz78zz79zjz67z b\"><b>Hier k\u00f6nnt ihr den Newsletter abonnieren!<\/b><\/span><\/a><\/div>\n<div id=\"magicdomid17\" class=\"ace-line\"><\/div>\n<div class=\"ace-line\"><span class=\"author-a-ytz80znwz76z3qz77zz78zaz88zz78zz79zjz67z\">Damit beginnt nun auch f\u00fcr uns der letzte Monat unserer aktuellen Amtszeit. F\u00fcr den M\u00e4rz w\u00fcnschen wir in Anbetracht der aktuellen Geschehnisse viel Kraft und dennoch etwas Erholung, wenn m\u00f6glich. Solltet ihr noch Fragen an das aktuelle Amtstr\u00e4ger*innenteam haben, meldet euch bestenfalls noch im n\u00e4chsten Monat bei uns.\u00a0<\/span><\/div>\n<div class=\"ace-line\"><\/div>\n<div id=\"magicdomid20\" class=\"ace-line\"><em><span class=\"author-a-ytz80znwz76z3qz77zz78zaz88zz78zz79zjz67z\">Die besten Gr\u00fc\u00dfe von eurer Landesstudierendenvertretung KSS<\/span><\/em><\/div>\n<div class=\"ace-line\">\n<\/div>\n<div id=\"magicdomid21\" class=\"ace-line\"><b>1. Neue Lehramtspr\u00fcfungsordnung tritt in Kraft<\/b><\/div>\n<div id=\"magicdomid23\" class=\"ace-line\"><\/div>\n<div id=\"magicdomid24\" class=\"ace-line\"><span class=\"author-a-ytz80znwz76z3qz77zz78zaz88zz78zz79zjz67z\">Am 01. Februar 2022 ist die neue Lehramtspr\u00fcfungsordnung I (LAPO I) in Kraft getreten. Denn anders als in den meisten anderen Studieng\u00e4ngen ist im Lehramt nicht die Hochschule f\u00fcr die Pr\u00fcfungsordnung zust\u00e4ndig, sondern der Freistaat Sachsen selbst. Sie strukturiert und regelt also die gesamte L<\/span><span class=\"author-a-z69zbtkz90zz84zz122zz82zyxyz80zz72zsvz77z\">ehrer*innenbildung<\/span><span class=\"author-a-ytz80znwz76z3qz77zz78zaz88zz78zz79zjz67z\"> an den s\u00e4chsischen Universit\u00e4ten. Nach einem z\u00e4hen Prozess zur Novellierung der LAPO I<\/span><span class=\"author-a-ytz80znwz76z3qz77zz78zaz88zz78zz79zjz67z comment fakecomment-2AzuysnQBayQPR32\">, verbunden mit immensen Verz\u00f6gerungen,<\/span><span class=\"author-a-ytz80znwz76z3qz77zz78zaz88zz78zz79zjz67z\"> haben das Staatsministerium f\u00fcr Kultus (SMK) <\/span><span class=\"author-a-ytz80znwz76z3qz77zz78zaz88zz78zz79zjz67z comment fakecomment-7sKQXf4eK1C9lAio\">und das Staatsministerium f\u00fcr Wissenschaft, Kultur und Tourismus (SMWK)<\/span><span class=\"author-a-ytz80znwz76z3qz77zz78zaz88zz78zz79zjz67z\"> nun dessen Ergebnis vorgelegt. Wir freuen uns dar\u00fcber, dass Medienbildung, politische Bildung und inklusionsp\u00e4dagogische Inhalte nun fester und verpflichtender Teil des Curriculums sind. Doch in allen drei Bereichen sehen wir noch deutlichen Vebresserungsbedarf. Besonders, dass f\u00fcr die Erg\u00e4nzungen keine fachwissenschaftlichen Inhalte reduziert werden und das Studium immer umfangreicher wird oder die \u00fcberfl\u00fcssige Staatsexamenspr\u00fcfung nicht gestrichen wurde, kritisieren wir scharf. Die Standpunkte der Studierendenvertreter*innen des S\u00e4chsischen Lehramtsstudiengangs k\u00f6nnen in unserer Pressemitteilung nachgelesen werden [1].<\/p>\n<p><\/span><\/div>\n<div id=\"magicdomid26\" class=\"ace-line\"><span class=\"author-a-ytz80znwz76z3qz77zz78zaz88zz78zz79zjz67z b\"><b>2. Gespr\u00e4ch mit dem Staatsministerium &amp; Stand Novelle S\u00e4chsHSFG<\/b><\/span><\/div>\n<div id=\"magicdomid27\" class=\"ace-line\"><\/div>\n<div id=\"magicdomid28\" class=\"ace-line\"><span class=\"author-a-ytz80znwz76z3qz77zz78zaz88zz78zz79zjz67z\">Anfang Februar hatten wir das erste Gespr\u00e4ch in diesem Jahr mit dem S\u00e4chsischen Staatsministerium f\u00fcr Wissenschaft, Kultur und Tourismus (SMWK) und konnten uns mit Staatsminister Gemkow austauschen.\u00a0<\/span><\/div>\n<div id=\"magicdomid29\" class=\"ace-line\"><span class=\"author-a-ytz80znwz76z3qz77zz78zaz88zz78zz79zjz67z\">Neben einer langen Diskussion um die akuten psychosozialen Problemlagen der Studierenden und unserer deutlichen Kritik, dass die meisten Hochschulen sich dennoch gegen Freiversuche<\/span><span class=\"author-a-z69zbtkz90zz84zz122zz82zyxyz80zz72zsvz77z\"> f\u00fcr dieses Semester<\/span><span class=\"author-a-ytz80znwz76z3qz77zz78zaz88zz78zz79zjz67z\"> ausgesprochen haben, konnten wir die bereits stark verz\u00f6gerte Novelle des S\u00e4chsischen Hochschulfreiheitsgesetzes (S\u00e4chsHSFG) thematisieren. Der neue Entwurf soll nach aktuellem Stand im Sommer kommen. Unsere Vorschl\u00e4ge f\u00fcr die inhaltliche Ausgestaltung des Gesetzes w<\/span><span class=\"author-a-z69zbtkz90zz84zz122zz82zyxyz80zz72zsvz77z\">urden nach Aussage des Ministers<\/span><span class=\"author-a-ytz80znwz76z3qz77zz78zaz88zz78zz79zjz67z\"> bisher mitgedacht. <\/span><span class=\"author-a-z69zbtkz90zz84zz122zz82zyxyz80zz72zsvz77z\">Was das konkret hei\u00dft werden wir sehen und kritisch begleiten, sobald der erste Entwurf ver\u00f6ffentlicht wird.<\/span><\/div>\n<div id=\"magicdomid30\" class=\"ace-line\"><span class=\"author-a-ytz80znwz76z3qz77zz78zaz88zz78zz79zjz67z\">Au\u00dferdem konnten wir d<\/span><span class=\"author-a-z69zbtkz90zz84zz122zz82zyxyz80zz72zsvz77z\">ie Forderungen, dass das SMWK sich<\/span><span class=\"author-a-ytz80znwz76z3qz77zz78zaz88zz78zz79zjz67z\"> f\u00fcr einen Studentischen Tarifvertrag\u00a0 sowie die notwendige staatliche Bezuschussung <\/span><span class=\"author-a-z69zbtkz90zz84zz122zz82zyxyz80zz72zsvz77z\">f\u00fcr <\/span><span class=\"author-a-ytz80znwz76z3qz77zz78zaz88zz78zz79zjz67z\">ein m\u00f6gliches landesweite<\/span><span class=\"author-a-z69zbtkz90zz84zz122zz82zyxyz80zz72zsvz77z\">s<\/span><span class=\"author-a-ytz80znwz76z3qz77zz78zaz88zz78zz79zjz67z\"> Semestertickets<\/span><span class=\"author-a-z69zbtkz90zz84zz122zz82zyxyz80zz72zsvz77z\"> einsetzen sollte,<\/span><span class=\"author-a-ytz80znwz76z3qz77zz78zaz88zz78zz79zjz67z\"> anbringen. Die weiteren Ergebnisse des Gespr\u00e4ches werden wir nat\u00fcrlich weiterhin kritisch verfolgen.<\/p>\n<p><\/span><\/div>\n<div id=\"magicdomid32\" class=\"ace-line\"><span class=\"author-a-ytz80znwz76z3qz77zz78zaz88zz78zz79zjz67z b\"><b>3. Regelstudienzeitverl\u00e4ngerung f\u00fcr WiSe21\/22 offiziell<\/b><\/span><\/div>\n<div id=\"magicdomid33\" class=\"ace-line\"><\/div>\n<div id=\"magicdomid101\" class=\"ace-line\"><span class=\"author-a-ytz80znwz76z3qz77zz78zaz88zz78zz79zjz67z\">Reichlich sp\u00e4t trat nun am 19. Februar 2022 die Erste Verordnung des S\u00e4chsischen Staatsministeriums f\u00fcr Wissenschaft, Kultur und Tourismus zur \u00c4nderung der S\u00e4chsischen Regelstudienzeitverordnung vom 27. Januar 2022 mit Wirkung zum 01. Oktober 2021 in Kraft. Damit steht immerhin zum Ende des Semesters offiziell fest, dass wir Studis im Wintersemester entlastet w<\/span><span class=\"author-a-z69zbtkz90zz84zz122zz82zyxyz80zz72zsvz77z\">e<\/span><span class=\"author-a-ytz80znwz76z3qz77zz78zaz88zz78zz79zjz67z\">rden<\/span><span class=\"author-a-z69zbtkz90zz84zz122zz82zyxyz80zz72zsvz77z\"> und wir ein weiteres Semester Regelstudienzeit mehr bekommen<\/span><span class=\"author-a-ytz80znwz76z3qz77zz78zaz88zz78zz79zjz67z\">.<\/span><span class=\"author-a-z69zbtkz90zz84zz122zz82zyxyz80zz72zsvz77z\">F<\/span><span class=\"author-a-ytz80znwz76z3qz77zz78zaz88zz78zz79zjz67z\">\u00fcr alle BAf\u00f6G-Empf\u00e4nger*innen bedeutet<\/span><span class=\"author-a-z69zbtkz90zz84zz122zz82zyxyz80zz72zsvz77z\"> dies, dass ihre Antr\u00e4ge<\/span><span class=\"author-a-ytz80znwz76z3qz77zz78zaz88zz78zz79zjz67z\"> nun auch offiziell,<\/span><s> <\/s><span class=\"author-a-ytz80znwz76z3qz77zz78zaz88zz78zz79zjz67z\">ab Oktober 2021 noch nachtr\u00e4glich<\/span><span class=\"author-a-z69zbtkz90zz84zz122zz82zyxyz80zz72zsvz77z\"> bearbeitet <\/span><span class=\"author-a-ytz80znwz76z3qz77zz78zaz88zz78zz79zjz67z\">und bewilligt <\/span><span class=\"author-a-z69zbtkz90zz84zz122zz82zyxyz80zz72zsvz77z\">werden<\/span><span class=\"author-a-ytz80znwz76z3qz77zz78zaz88zz78zz79zjz67z\"> k\u00f6nnen. Informiert euch daf\u00fcr unbedingt bald bei eurem zust\u00e4ndigen Studierendenwerk. Das Studentenwerk Leipzig hat<\/span><span class=\"author-a-z69zbtkz90zz84zz122zz82zyxyz80zz72zsvz77z\"> z.B.<\/span><span class=\"author-a-ytz80znwz76z3qz77zz78zaz88zz78zz79zjz67z\"> einige Informationen hierzu \u00fcbersichtlich zusammengefasst [2].<\/p>\n<p><\/span><\/div>\n<div id=\"magicdomid36\" class=\"ace-line\"><span class=\"author-a-ytz80znwz76z3qz77zz78zaz88zz78zz79zjz67z b\"><b>4. Diskriminierungsschutz f\u00fcr Studierende an Sachsens Hochschulen<\/b><\/span><\/div>\n<div id=\"magicdomid37\" class=\"ace-line\"><\/div>\n<div id=\"magicdomid38\" class=\"ace-line\"><span class=\"author-a-ytz80znwz76z3qz77zz78zaz88zz78zz79zjz67z comment fakecomment-biwJDmTDbMfxVNTt\">Aktuell werden viele Vorf\u00e4lle \u00fcber diskriminierendes Verhalten, von Bel\u00e4stigung oder Gewalt gegen\u00fcber Studierenden an Sachsens Hochschulen bekannt.<\/span><span class=\"author-a-ytz80znwz76z3qz77zz78zaz88zz78zz79zjz67z\"> Am 12. Februar nahmen wir an einem Fachgespr\u00e4ch der Linksfraktion im S\u00e4chsischen Landtag zum Thema Diskriminierungsschutz f\u00fcr Studierende an Sachsens Hochschulen teil. Da das Allgemeine Gleichbehandlungsgesetz (AGG) und das S\u00e4chsHSFG immer noch starke Regelungsl\u00fccken f\u00fcr solche F\u00e4lle aufweisen, haben es betroffene Studis in Sachsen recht schwer, Erlebtes unabh\u00e4ngig zu melden. Auch auf tats\u00e4chliche Konsequenzen f\u00fcr die T\u00e4ter*innen k\u00f6nnen die meisten nur hoffen. Auch eine kleine Anfrage der Landtagsabgeordneten Sarah Buddeberg lieferte mittlerweile genauere Erkenntnisse <\/span><span class=\"author-a-z69zbtkz90zz84zz122zz82zyxyz80zz72zsvz77z\">zu <\/span><span class=\"author-a-ytz80znwz76z3qz77zz78zaz88zz78zz79zjz67z\">den <\/span><span class=\"author-a-z69zbtkz90zz84zz122zz82zyxyz80zz72zsvz77z\">an die <\/span><span class=\"author-a-ytz80znwz76z3qz77zz78zaz88zz78zz79zjz67z\">Hochschulen gemeldeten Zahlen [3]. Im Fachgespr\u00e4ch mit weiteren Akteur*innen<\/span><span class=\"author-a-z69zbtkz90zz84zz122zz82zyxyz80zz72zsvz77z\">,<\/span><span class=\"author-a-ytz80znwz76z3qz77zz78zaz88zz78zz79zjz67z\"> wie <\/span><span class=\"author-a-z69zbtkz90zz84zz122zz82zyxyz80zz72zsvz77z\">z.B. <\/span><span class=\"author-a-ytz80znwz76z3qz77zz78zaz88zz78zz79zjz67z\">vielen Gleichstellungsbeauftragten<\/span><span class=\"author-a-z69zbtkz90zz84zz122zz82zyxyz80zz72zsvz77z\">,<\/span><span class=\"author-a-ytz80znwz76z3qz77zz78zaz88zz78zz79zjz67z\"> konnten wir weitere Handlungsm\u00f6glichkeiten besprechen und werden k\u00fcnftig noch aktiver auf unsere studentischen Forderungen in dem Bereich hinweisen.<\/p>\n<p><\/span><\/div>\n<div id=\"magicdomid41\" class=\"ace-line\"><span class=\"author-a-ytz80znwz76z3qz77zz78zaz88zz78zz79zjz67z b\"><b>5. Psychosoziale Notlagen und Unterst\u00fctzung und Hilfsangebote in Folge des Krieges in der Ukraine<\/b><\/span><\/div>\n<div id=\"magicdomid42\" class=\"ace-line\"><\/div>\n<div id=\"magicdomid43\" class=\"ace-line\"><span class=\"author-a-ytz80znwz76z3qz77zz78zaz88zz78zz79zjz67z\">Inhaltlich werden wir weiterhin die besorgniserregende Entwicklung zum psychosozialen Beratungsbedarf der Studierenden verfolgen, welcher sich aktuell unter den schrecklichen Geschehnissen des Krieges in der Ukraine noch weiter versch\u00e4rft. <\/span><span class=\"author-a-ytz80znwz76z3qz77zz78zaz88zz78zz79zjz67z comment fakecomment-ik5F4KHNnWkUGuj7\">Das SMWK hat bislang zugesagt, die psychosoziale Beratung der Studierendenwerke finanziell aus Mitteln des Corona-Bew\u00e4ltigungsfonds zu unterst\u00fctzen.<\/span><span class=\"author-a-ytz80znwz76z3qz77zz78zaz88zz78zz79zjz67z\"> Solltet ihr selbst Probleme haben, die aktuellen Geschehnisse zu verarbeiten oder auch mit ganz anderen Problemlagen zu k\u00e4mpfen haben, wendet euch an eure studentische Vertretung oder direkt an die Beratungsangebote der Studierendenwerke. Es gibt viele Menschen, die euch mit eurem individuellen Struggle nicht allein lassen!<\/span><\/div>\n<div id=\"magicdomid44\" class=\"ace-line\"><span class=\"author-a-ytz80znwz76z3qz77zz78zaz88zz78zz79zjz67z\">An den Unterst\u00fctzungs- und Hilfsangeboten in Folge des Krieges beteiligen sich auch die S\u00e4chsischen Studierendenvertretungen. Informiert euch gern bei eurem StuRa oder eurer Fachschaft, inwiefern auch ihr aktiv werden k\u00f6nnt, wenn ihr den Bedarf hierzu seht.<\/span><\/div>\n<div id=\"magicdomid182\" class=\"ace-line\"><span class=\"author-a-ytz80znwz76z3qz77zz78zaz88zz78zz79zjz67z\">F\u00fcr ukrainische und russische Studierende, die aktuell in finanzielle Notlagen geraten, empfehlen wir beispielsweise einen <\/span><span class=\"author-a-ytz80znwz76z3qz77zz78zaz88zz78zz79zjz67z comment fakecomment-BTszR8o6B2Mq42ag\">H\u00e4rtefondantrag bei den Studierendenwerken<\/span><span class=\"author-a-ytz80znwz76z3qz77zz78zaz88zz78zz79zjz67z\"> zu stellen &#8211; <\/span><span class=\"author-a-ytz80znwz76z3qz77zz78zaz88zz78zz79zjz67z comment fakecomment-RvbTsFwPINaHMeZQ\">diese bereiten sich aktuell auf die ersten Nachfragen vor und bem\u00fchen sich, einen niedrigschwelligen Zugang hierf\u00fcr zu schaffen.<\/p>\n<p><\/span><\/div>\n<div id=\"magicdomid47\" class=\"ace-line\"><span class=\"author-a-ytz80znwz76z3qz77zz78zaz88zz78zz79zjz67z b\"><b>6. Neue Amtszeit in Sicht &#8211; Aussschreibungen und interne Organisation<\/b><\/span><\/div>\n<div id=\"magicdomid48\" class=\"ace-line\"><\/div>\n<div id=\"magicdomid49\" class=\"ace-line\"><span class=\"author-a-ytz80znwz76z3qz77zz78zaz88zz78zz79zjz67z\">Auch wenn es \u00f6ffentlichkeitswirksam derzeit etwas ruhiger um uns<\/span><span class=\"author-a-z69zbtkz90zz84zz122zz82zyxyz80zz72zsvz77z\"> ist<\/span><span class=\"author-a-ytz80znwz76z3qz77zz78zaz88zz78zz79zjz67z\">, hei\u00dft das nicht, dass<\/span><span class=\"author-a-z69zbtkz90zz84zz122zz82zyxyz80zz72zsvz77z\"> bei uns keine Arbeit anf\u00e4llt<\/span><span class=\"author-a-ytz80znwz76z3qz77zz78zaz88zz78zz79zjz67z\">: Auch im Februar waren wir stark mit der internen Organisation der\u00a0 <\/span><span class=\"author-a-z69zbtkz90zz84zz122zz82zyxyz80zz72zsvz77z\">KSS <\/span><span class=\"author-a-ytz80znwz76z3qz77zz78zaz88zz78zz79zjz67z\">besch\u00e4ftigt. Mit dem Amtszeitende endet im M\u00e4rz auch unser Haushaltsjahr der KSS. F\u00fcr dieses und das vergangene Haushaltsjahr gilt es aktuell, die Abschlusspr\u00fcfungen durchzuf\u00fchren, um den neuen Amtstr\u00e4ger*innen ab April einen gut vorbereiteten Start in die Arbeit der KSS zu erm\u00f6glichen.\u00a0<\/span><\/div>\n<div id=\"magicdomid50\" class=\"ace-line\"><span class=\"author-a-ytz80znwz76z3qz77zz78zaz88zz78zz79zjz67z\">Am 12. M\u00e4rz 2022 werden wir dann unsere neuen Amtstr\u00e4ger*innen f\u00fcr die n\u00e4chste Legislatur w\u00e4hlen!\u00a0 Falls ihr selbst Interesse habt oder Studis in Sachsen kennt, die ihr gern in der Landesstudierendenvertretung sehen w\u00fcrdet, schreibt uns doch! Bewerbungen f\u00fcr die Wahl der Positionen k\u00f6nnen bis zum 08. M\u00e4rz noch \u00fcber kontakt@kss-sachsen.de eingereicht werden.<\/p>\n<p><\/span><\/div>\n<div id=\"magicdomid52\" class=\"ace-line\"><span class=\"author-a-ytz80znwz76z3qz77zz78zaz88zz78zz79zjz67z b\"><b>7. Sitzung des Landessprecher*innenrates<\/b><\/span><\/div>\n<div id=\"magicdomid53\" class=\"ace-line\"><\/div>\n<div id=\"magicdomid218\" class=\"ace-line\"><span class=\"author-a-z69zbtkz90zz84zz122zz82zyxyz80zz72zsvz77z\">Neben einigen Finanzantr\u00e4gen, zum Beispiel z<\/span><span class=\"author-a-ytz80znwz76z3qz77zz78zaz88zz78zz79zjz67z\">u zwei im M\u00e4rz stattfindenden <\/span><span class=\"author-a-z69zbtkz90zz84zz122zz82zyxyz80zz72zsvz77z\">Workshops haben wir die Erstellung einer sachsenweiten Umfrage zum landesweiten Semesterticket und passend dazu eine weitere Ausschreibung f\u00fcr eine*n Referent*in Mobilit\u00e4t beschlossen. Dar\u00fcber hinaus ging es in einer weiteren Beratung um unsere Finanzvereinbarung f\u00fcr das n\u00e4chste Haushaltsjahr, die wir dann in der n\u00e4chsten Sitzung beschlie\u00dfen m\u00f6chten.<\/p>\n<p><\/span><\/div>\n<div id=\"magicdomid56\" class=\"ace-line\"><span class=\"author-a-ytz80znwz76z3qz77zz78zaz88zz78zz79zjz67z b\"><b>8. Ausblick<\/b><\/span><\/div>\n<div id=\"magicdomid57\" class=\"ace-line\"><\/div>\n<div id=\"magicdomid187\" class=\"ace-line\"><span class=\"author-a-ytz80znwz76z3qz77zz78zaz88zz78zz79zjz67z\">Neben den Vorbereitungen f\u00fcr den Amtszeitwechsel wollen wir uns im M\u00e4rz insbesondere f\u00fcr das neue Sommersemester und die neue Legislatur wappnen. <\/span><span class=\"author-a-z69zbtkz90zz84zz122zz82zyxyz80zz72zsvz77z\">Dementsprechend <\/span><span class=\"author-a-ytz80znwz76z3qz77zz78zaz88zz78zz79zjz67z\">bieten wir f\u00fcr Mitglieder der s\u00e4chsischen <\/span><span class=\"author-a-z69zbtkz90zz84zz122zz82zyxyz80zz72zsvz77z\">Studierenden<\/span><span class=\"author-a-ytz80znwz76z3qz77zz78zaz88zz78zz79zjz67z\">vertretung am 19. M\u00e4rz einen Workshop zu Presse- und \u00d6ffentlichkeitsarbeit in Dresden sowie am 25. und 26. M\u00e4rz einen weiteren Gremieneinf\u00fchrungsworkshop mit Fokus auf die Arbeit in Pr\u00fcfungs- und Studienkommission an. <\/span><span class=\"author-a-z69zbtkz90zz84zz122zz82zyxyz80zz72zsvz77z\">Anmelden k\u00f6nnt ihr euch <\/span><span class=\"author-a-ytz80znwz76z3qz77zz78zaz88zz78zz79zjz67z\">per Mail unter sprecherinnen@kss-sachsen.de.\u00a0<\/span><\/div>\n<div id=\"magicdomid59\" class=\"ace-line\"><span class=\"author-a-ytz80znwz76z3qz77zz78zaz88zz78zz79zjz67z\">Inhaltlich werden besonders die sozialen Problemlagen wie der Diskriminierungsschutz und die psychosozialen Notlagen im Fokus stehen, aber auch der Einsatz f\u00fcr einen Studentischen Tarifvertrag, das landesweite Semesterticket, der Druck auf die \u00fcberf\u00e4llige Novellierung des S\u00e4chsHSFG oder auch der Fortschritt in der landesweiten Kommission f\u00fcr Klimagerechtigkeit und Nachhaltigkeit der Landesrektor*innenkonferenz (LRK) auf der Agenda stehen.\u00a0<\/span><\/div>\n<div id=\"magicdomid60\" class=\"ace-line\"><span class=\"author-a-ytz80znwz76z3qz77zz78zaz88zz78zz79zjz67z\">Ansonsten freuen wir uns trotz aller Arbeitslast und schlechten Nachrichten auf den letzten Monat unserer Amtszeit und sind im M\u00e4rz wie gewohnt f\u00fcr euch da.<\/p>\n<p><\/span><\/div>\n<div id=\"magicdomid63\" class=\"ace-line\"><span class=\"author-a-ytz80znwz76z3qz77zz78zaz88zz78zz79zjz67z\">[1] PM: Neue Lehramtspr\u00fcfungsverordnung &#8211; Zu wenig und zu sp\u00e4t!<\/span><\/div>\n<div id=\"magicdomid64\" class=\"ace-line\"><span class=\"author-a-ytz80znwz76z3qz77zz78zaz88zz78zz79zjz67z url\"><a href=\"https:\/\/www.kss-sachsen.de\/pm_03_22\" rel=\"noreferrer noopener\">https:\/\/www.kss-sachsen.de\/pm_03_22<\/a><\/span><\/div>\n<div id=\"magicdomid65\" class=\"ace-line\"><\/div>\n<div id=\"magicdomid66\" class=\"ace-line\"><span class=\"author-a-ytz80znwz76z3qz77zz78zaz88zz78zz79zjz67z\">[2] Informationen zur baf\u00f6gwirksamen Regelstudienzeitverl\u00e4ngerung des Studentenwerks Leipzig <\/span><span class=\"author-a-ytz80znwz76z3qz77zz78zaz88zz78zz79zjz67z url\"><a href=\"https:\/\/www.studentenwerk-leipzig.de\/bafoeg-finances\/aenderung-im-hochschulfreiheitsgesetz-wegen-corona-laengerer-bafoeg-anspruch\" rel=\"noreferrer noopener\">https:\/\/www.studentenwerk-leipzig.de\/bafoeg-finances\/aenderung-im-hochschulfreiheitsgesetz-wegen-corona-laengerer-bafoeg-anspruch<\/a><\/span><span class=\"author-a-ytz80znwz76z3qz77zz78zaz88zz78zz79zjz67z\">\u00a0<\/span><\/div>\n<div id=\"magicdomid67\" class=\"ace-line\"><\/div>\n<div id=\"magicdomid68\" class=\"ace-line\"><span class=\"author-a-ytz80znwz76z3qz77zz78zaz88zz78zz79zjz67z\">[3] Kleine Anfrage der Landtagsabgeordneten Sarah Buddeberg zum Diskriminierungsschutz: <\/span><span class=\"author-a-ytz80znwz76z3qz77zz78zaz88zz78zz79zjz67z url\"><a href=\"https:\/\/edas.landtag.sachsen.de\/viewer.aspx?dok_nr=8827&amp;dok_art=Drs&amp;leg_per=7&amp;pos_dok=1&amp;dok_id=undefined\" rel=\"noreferrer noopener\">https:\/\/edas.landtag.sachsen.de\/viewer.aspx?dok_nr=8827&amp;dok_art=Drs&amp;leg_per=7&amp;pos_dok=1&amp;dok_id=undefined<\/a><\/span><\/div>\n<div id=\"magicdomid69\" class=\"ace-line\"><\/div>\n","protected":false},"excerpt":{"rendered":"<p>Liebe Mitstreiter*innen und Interessierte der KSS, hiermit erhaltet ihr den Newsletter eurer Landesstudierendenvertretung f\u00fcr Februar. Trotz des nahenden Amtszeitwechsels und der Semesterferien gibt es wieder einige Themen, zu denen wir euch berichten m\u00f6chten. Die Themen rund um die KSS im Februar: Neue Lehramtspr\u00fcfungsordnung tritt in Kraft Gespr\u00e4ch mit dem Staatsministerium &amp; Stand Novelle S\u00e4chsHSFG Regelstudienzeitverl\u00e4ngerung f\u00fcr WiSe21\/22 ist offiziell Diskriminierungsschutz<a class=\"read-more\" href=\"https:\/\/www.kss-sachsen.de\/newsletter_februar2022\">Hier weiter lesen&#8230;<\/a><\/p>\n","protected":false},"author":1,"featured_media":0,"comment_status":"open","ping_status":"open","sticky":false,"template":"","format":"standard","meta":{"footnotes":""},"categories":[84],"tags":[],"yoast_head":"<!-- This site is optimized with the Yoast SEO plugin v23.5 - https:\/\/yoast.com\/wordpress\/plugins\/seo\/ -->\n<title>2. Newsletter 2022 - KSS<\/title>\n<meta name=\"robots\" content=\"index, follow, max-snippet:-1, max-image-preview:large, max-video-preview:-1\" \/>\n<link rel=\"canonical\" href=\"https:\/\/www.kss-sachsen.de\/newsletter_februar2022\" \/>\n<meta property=\"og:locale\" content=\"de_DE\" \/>\n<meta property=\"og:type\" content=\"article\" \/>\n<meta property=\"og:title\" content=\"2. Newsletter 2022 - KSS\" \/>\n<meta property=\"og:description\" content=\"Liebe Mitstreiter*innen und Interessierte der KSS, hiermit erhaltet ihr den Newsletter eurer Landesstudierendenvertretung f\u00fcr Februar. Trotz des nahenden Amtszeitwechsels und der Semesterferien gibt es wieder einige Themen, zu denen wir euch berichten m\u00f6chten. Die Themen rund um die KSS im Februar: Neue Lehramtspr\u00fcfungsordnung tritt in Kraft Gespr\u00e4ch mit dem Staatsministerium &amp; Stand Novelle S\u00e4chsHSFG Regelstudienzeitverl\u00e4ngerung f\u00fcr WiSe21\/22 ist offiziell DiskriminierungsschutzHier weiter lesen...\" \/>\n<meta property=\"og:url\" content=\"https:\/\/www.kss-sachsen.de\/newsletter_februar2022\" \/>\n<meta property=\"og:site_name\" content=\"KSS\" \/>\n<meta property=\"article:published_time\" content=\"2022-03-02T14:20:07+00:00\" \/>\n<meta property=\"article:modified_time\" content=\"2022-04-13T16:07:22+00:00\" \/>\n<meta name=\"author\" content=\"administration\" \/>\n<meta name=\"twitter:card\" content=\"summary_large_image\" \/>\n<meta name=\"twitter:label1\" content=\"Verfasst von\" \/>\n\t<meta name=\"twitter:data1\" content=\"administration\" \/>\n\t<meta name=\"twitter:label2\" content=\"Gesch\u00e4tzte Lesezeit\" \/>\n\t<meta name=\"twitter:data2\" content=\"7\u00a0Minuten\" \/>\n<script type=\"application\/ld+json\" class=\"yoast-schema-graph\">{\"@context\":\"https:\/\/schema.org\",\"@graph\":[{\"@type\":\"Article\",\"@id\":\"https:\/\/www.kss-sachsen.de\/newsletter_februar2022#article\",\"isPartOf\":{\"@id\":\"https:\/\/www.kss-sachsen.de\/newsletter_februar2022\"},\"author\":{\"name\":\"administration\",\"@id\":\"https:\/\/www.kss-sachsen.de\/#\/schema\/person\/fbcf1c2438e102156e84a4ba5c3daa64\"},\"headline\":\"2. Newsletter 2022\",\"datePublished\":\"2022-03-02T14:20:07+00:00\",\"dateModified\":\"2022-04-13T16:07:22+00:00\",\"mainEntityOfPage\":{\"@id\":\"https:\/\/www.kss-sachsen.de\/newsletter_februar2022\"},\"wordCount\":1432,\"commentCount\":0,\"publisher\":{\"@id\":\"https:\/\/www.kss-sachsen.de\/#organization\"},\"articleSection\":[\"Newsletter\"],\"inLanguage\":\"de\",\"potentialAction\":[{\"@type\":\"CommentAction\",\"name\":\"Comment\",\"target\":[\"https:\/\/www.kss-sachsen.de\/newsletter_februar2022#respond\"]}]},{\"@type\":\"WebPage\",\"@id\":\"https:\/\/www.kss-sachsen.de\/newsletter_februar2022\",\"url\":\"https:\/\/www.kss-sachsen.de\/newsletter_februar2022\",\"name\":\"2. Newsletter 2022 - KSS\",\"isPartOf\":{\"@id\":\"https:\/\/www.kss-sachsen.de\/#website\"},\"datePublished\":\"2022-03-02T14:20:07+00:00\",\"dateModified\":\"2022-04-13T16:07:22+00:00\",\"breadcrumb\":{\"@id\":\"https:\/\/www.kss-sachsen.de\/newsletter_februar2022#breadcrumb\"},\"inLanguage\":\"de\",\"potentialAction\":[{\"@type\":\"ReadAction\",\"target\":[\"https:\/\/www.kss-sachsen.de\/newsletter_februar2022\"]}]},{\"@type\":\"BreadcrumbList\",\"@id\":\"https:\/\/www.kss-sachsen.de\/newsletter_februar2022#breadcrumb\",\"itemListElement\":[{\"@type\":\"ListItem\",\"position\":1,\"name\":\"Home\",\"item\":\"https:\/\/www.kss-sachsen.de\/\"},{\"@type\":\"ListItem\",\"position\":2,\"name\":\"2. Newsletter 2022\"}]},{\"@type\":\"WebSite\",\"@id\":\"https:\/\/www.kss-sachsen.de\/#website\",\"url\":\"https:\/\/www.kss-sachsen.de\/\",\"name\":\"Konferenz S\u00e4chsischer Studierendenschaften\",\"description\":\"Konferenz S\u00e4chsischer Studierendenschaften\",\"publisher\":{\"@id\":\"https:\/\/www.kss-sachsen.de\/#organization\"},\"potentialAction\":[{\"@type\":\"SearchAction\",\"target\":{\"@type\":\"EntryPoint\",\"urlTemplate\":\"https:\/\/www.kss-sachsen.de\/?s={search_term_string}\"},\"query-input\":{\"@type\":\"PropertyValueSpecification\",\"valueRequired\":true,\"valueName\":\"search_term_string\"}}],\"inLanguage\":\"de\"},{\"@type\":\"Organization\",\"@id\":\"https:\/\/www.kss-sachsen.de\/#organization\",\"name\":\"Konferenz S\u00e4chsischer Studierendenschaften\",\"url\":\"https:\/\/www.kss-sachsen.de\/\",\"logo\":{\"@type\":\"ImageObject\",\"inLanguage\":\"de\",\"@id\":\"https:\/\/www.kss-sachsen.de\/#\/schema\/logo\/image\/\",\"url\":\"https:\/\/www.kss-sachsen.de\/wp-content\/uploads\/2023\/02\/Logo-KSS.png\",\"contentUrl\":\"https:\/\/www.kss-sachsen.de\/wp-content\/uploads\/2023\/02\/Logo-KSS.png\",\"width\":2239,\"height\":1528,\"caption\":\"Konferenz S\u00e4chsischer Studierendenschaften\"},\"image\":{\"@id\":\"https:\/\/www.kss-sachsen.de\/#\/schema\/logo\/image\/\"},\"sameAs\":[\"https:\/\/www.instagram.com\/kss_sachsen\/\"]},{\"@type\":\"Person\",\"@id\":\"https:\/\/www.kss-sachsen.de\/#\/schema\/person\/fbcf1c2438e102156e84a4ba5c3daa64\",\"name\":\"administration\",\"image\":{\"@type\":\"ImageObject\",\"inLanguage\":\"de\",\"@id\":\"https:\/\/www.kss-sachsen.de\/#\/schema\/person\/image\/\",\"url\":\"https:\/\/secure.gravatar.com\/avatar\/e4ecd4cb3a6714c2adcf507161262d91?s=96&d=mm&r=g\",\"contentUrl\":\"https:\/\/secure.gravatar.com\/avatar\/e4ecd4cb3a6714c2adcf507161262d91?s=96&d=mm&r=g\",\"caption\":\"administration\"},\"url\":\"https:\/\/www.kss-sachsen.de\/?author=1\"}]}<\/script>\n<!-- \/ Yoast SEO plugin. -->","yoast_head_json":{"title":"2. Newsletter 2022 - KSS","robots":{"index":"index","follow":"follow","max-snippet":"max-snippet:-1","max-image-preview":"max-image-preview:large","max-video-preview":"max-video-preview:-1"},"canonical":"https:\/\/www.kss-sachsen.de\/newsletter_februar2022","og_locale":"de_DE","og_type":"article","og_title":"2. Newsletter 2022 - KSS","og_description":"Liebe Mitstreiter*innen und Interessierte der KSS, hiermit erhaltet ihr den Newsletter eurer Landesstudierendenvertretung f\u00fcr Februar. Trotz des nahenden Amtszeitwechsels und der Semesterferien gibt es wieder einige Themen, zu denen wir euch berichten m\u00f6chten. Die Themen rund um die KSS im Februar: Neue Lehramtspr\u00fcfungsordnung tritt in Kraft Gespr\u00e4ch mit dem Staatsministerium &amp; Stand Novelle S\u00e4chsHSFG Regelstudienzeitverl\u00e4ngerung f\u00fcr WiSe21\/22 ist offiziell DiskriminierungsschutzHier weiter lesen...","og_url":"https:\/\/www.kss-sachsen.de\/newsletter_februar2022","og_site_name":"KSS","article_published_time":"2022-03-02T14:20:07+00:00","article_modified_time":"2022-04-13T16:07:22+00:00","author":"administration","twitter_card":"summary_large_image","twitter_misc":{"Verfasst von":"administration","Gesch\u00e4tzte Lesezeit":"7\u00a0Minuten"},"schema":{"@context":"https:\/\/schema.org","@graph":[{"@type":"Article","@id":"https:\/\/www.kss-sachsen.de\/newsletter_februar2022#article","isPartOf":{"@id":"https:\/\/www.kss-sachsen.de\/newsletter_februar2022"},"author":{"name":"administration","@id":"https:\/\/www.kss-sachsen.de\/#\/schema\/person\/fbcf1c2438e102156e84a4ba5c3daa64"},"headline":"2. Newsletter 2022","datePublished":"2022-03-02T14:20:07+00:00","dateModified":"2022-04-13T16:07:22+00:00","mainEntityOfPage":{"@id":"https:\/\/www.kss-sachsen.de\/newsletter_februar2022"},"wordCount":1432,"commentCount":0,"publisher":{"@id":"https:\/\/www.kss-sachsen.de\/#organization"},"articleSection":["Newsletter"],"inLanguage":"de","potentialAction":[{"@type":"CommentAction","name":"Comment","target":["https:\/\/www.kss-sachsen.de\/newsletter_februar2022#respond"]}]},{"@type":"WebPage","@id":"https:\/\/www.kss-sachsen.de\/newsletter_februar2022","url":"https:\/\/www.kss-sachsen.de\/newsletter_februar2022","name":"2. Newsletter 2022 - KSS","isPartOf":{"@id":"https:\/\/www.kss-sachsen.de\/#website"},"datePublished":"2022-03-02T14:20:07+00:00","dateModified":"2022-04-13T16:07:22+00:00","breadcrumb":{"@id":"https:\/\/www.kss-sachsen.de\/newsletter_februar2022#breadcrumb"},"inLanguage":"de","potentialAction":[{"@type":"ReadAction","target":["https:\/\/www.kss-sachsen.de\/newsletter_februar2022"]}]},{"@type":"BreadcrumbList","@id":"https:\/\/www.kss-sachsen.de\/newsletter_februar2022#breadcrumb","itemListElement":[{"@type":"ListItem","position":1,"name":"Home","item":"https:\/\/www.kss-sachsen.de\/"},{"@type":"ListItem","position":2,"name":"2. Newsletter 2022"}]},{"@type":"WebSite","@id":"https:\/\/www.kss-sachsen.de\/#website","url":"https:\/\/www.kss-sachsen.de\/","name":"Konferenz S\u00e4chsischer Studierendenschaften","description":"Konferenz S\u00e4chsischer Studierendenschaften","publisher":{"@id":"https:\/\/www.kss-sachsen.de\/#organization"},"potentialAction":[{"@type":"SearchAction","target":{"@type":"EntryPoint","urlTemplate":"https:\/\/www.kss-sachsen.de\/?s={search_term_string}"},"query-input":{"@type":"PropertyValueSpecification","valueRequired":true,"valueName":"search_term_string"}}],"inLanguage":"de"},{"@type":"Organization","@id":"https:\/\/www.kss-sachsen.de\/#organization","name":"Konferenz S\u00e4chsischer Studierendenschaften","url":"https:\/\/www.kss-sachsen.de\/","logo":{"@type":"ImageObject","inLanguage":"de","@id":"https:\/\/www.kss-sachsen.de\/#\/schema\/logo\/image\/","url":"https:\/\/www.kss-sachsen.de\/wp-content\/uploads\/2023\/02\/Logo-KSS.png","contentUrl":"https:\/\/www.kss-sachsen.de\/wp-content\/uploads\/2023\/02\/Logo-KSS.png","width":2239,"height":1528,"caption":"Konferenz S\u00e4chsischer Studierendenschaften"},"image":{"@id":"https:\/\/www.kss-sachsen.de\/#\/schema\/logo\/image\/"},"sameAs":["https:\/\/www.instagram.com\/kss_sachsen\/"]},{"@type":"Person","@id":"https:\/\/www.kss-sachsen.de\/#\/schema\/person\/fbcf1c2438e102156e84a4ba5c3daa64","name":"administration","image":{"@type":"ImageObject","inLanguage":"de","@id":"https:\/\/www.kss-sachsen.de\/#\/schema\/person\/image\/","url":"https:\/\/secure.gravatar.com\/avatar\/e4ecd4cb3a6714c2adcf507161262d91?s=96&d=mm&r=g","contentUrl":"https:\/\/secure.gravatar.com\/avatar\/e4ecd4cb3a6714c2adcf507161262d91?s=96&d=mm&r=g","caption":"administration"},"url":"https:\/\/www.kss-sachsen.de\/?author=1"}]}},"_links":{"self":[{"href":"https:\/\/www.kss-sachsen.de\/index.php?rest_route=\/wp\/v2\/posts\/2654"}],"collection":[{"href":"https:\/\/www.kss-sachsen.de\/index.php?rest_route=\/wp\/v2\/posts"}],"about":[{"href":"https:\/\/www.kss-sachsen.de\/index.php?rest_route=\/wp\/v2\/types\/post"}],"author":[{"embeddable":true,"href":"https:\/\/www.kss-sachsen.de\/index.php?rest_route=\/wp\/v2\/users\/1"}],"replies":[{"embeddable":true,"href":"https:\/\/www.kss-sachsen.de\/index.php?rest_route=%2Fwp%2Fv2%2Fcomments&post=2654"}],"version-history":[{"count":4,"href":"https:\/\/www.kss-sachsen.de\/index.php?rest_route=\/wp\/v2\/posts\/2654\/revisions"}],"predecessor-version":[{"id":2658,"href":"https:\/\/www.kss-sachsen.de\/index.php?rest_route=\/wp\/v2\/posts\/2654\/revisions\/2658"}],"wp:attachment":[{"href":"https:\/\/www.kss-sachsen.de\/index.php?rest_route=%2Fwp%2Fv2%2Fmedia&parent=2654"}],"wp:term":[{"taxonomy":"category","embeddable":true,"href":"https:\/\/www.kss-sachsen.de\/index.php?rest_route=%2Fwp%2Fv2%2Fcategories&post=2654"},{"taxonomy":"post_tag","embeddable":true,"href":"https:\/\/www.kss-sachsen.de\/index.php?rest_route=%2Fwp%2Fv2%2Ftags&post=2654"}],"curies":[{"name":"wp","href":"https:\/\/api.w.org\/{rel}","templated":true}]}}