{"id":2663,"date":"2022-03-07T07:13:56","date_gmt":"2022-03-07T06:13:56","guid":{"rendered":"https:\/\/www.kss-sachsen.de\/?p=2663"},"modified":"2022-04-13T18:06:45","modified_gmt":"2022-04-13T16:06:45","slug":"bomben-machen-vor-keiner-nationalitat-halt-schutz-fur-alle-gefluchteten-aus-der-ukraine","status":"publish","type":"post","link":"https:\/\/www.kss-sachsen.de\/pm_05_22","title":{"rendered":"Bomben machen vor keiner Nationalit\u00e4t Halt &#8211; Schutz f\u00fcr alle Gefl\u00fcchteten aus der Ukraine!"},"content":{"rendered":"<h2>BMI muss vor\u00fcbergehenden Schutz auf Drittstaatler*innen ausweiten<\/h2>\n<h3><strong>Gemeinsame Pressemitteilung des S\u00e4chsischen Fl\u00fcchtlingsrats e.V. und der KSS<\/strong><\/h3>\n<p><em>Am 03. M\u00e4rz 2022 hat der Europ\u00e4ische Rat beschlossen, dass Gefl\u00fcchtete aus der Ukraine EU-weit vor\u00fcbergehenden Schutz erhalten sollen. Eine Grauzone existiert jedoch f\u00fcr Personen mit vor\u00fcbergehendem Aufenthalt in der Ukraine. Dazu z\u00e4hlen auch Menschen mit einem Studien- oder Arbeitsvisum. Salma N., eine Studierende aus Charkiw marokkanischer Staatsangeh\u00f6rigkeit schildert ihre Flucht vor den Bomben und fordert\u00a0Bundesinnenministerin Nancy Faeser auf, einen legalen Aufenthaltsstatus in Deutschland zu schaffen. Der S\u00e4chsische Fl\u00fcchtlingsrat und die Konferenz S\u00e4chsischer Studierendenschaften (KSS) unterst\u00fctzen die Forderungen von Salma N.<\/em><\/p>\n<p>Salma N. ist Studierende der Pharmazie, sie besuchte f\u00fcnf Jahre lang die Universit\u00e4t in Charkiw und h\u00e4tte in drei Monaten ihren Abschluss feiern k\u00f6nnen. Stattdessen verlie\u00dfen sie und ihre Freund*innen Hals \u00fcber Kopf eine Stadt, die \u00fcber Nacht ein Kriegsfeld geworden war.<\/p>\n<p>&#8222;Es war die H\u00f6lle aus Charkiw herauszukommen. Am 24. Februar begannen die Bomben morgens um 5 Uhr auf die Stadt zu fallen. Wir schliefen. Wir dachten, es w\u00fcrde bald aufh\u00f6ren, also gingen wir erstmal nicht nach drau\u00dfen und warteten drei Tage. Danach wurde uns klar, dass die Bomben nicht aufh\u00f6ren w\u00fcrden, und wir entschlossen uns, die Stadt zu verlassen&#8220;, erkl\u00e4rt Salma N.<\/p>\n<p><strong><em>Die Flucht aus Charkiw<\/em><\/strong><\/p>\n<p>&#8222;Einen Platz auf einem der Evakuierungsz\u00fcge aus Charkiw in den Westen der Ukraine zu bekommen, war schwierig. Die ukrainischen Beh\u00f6rden priorisierten ukrainische Staatsangeh\u00f6rige. Irgendwann schafften wir es auch in einen Zug. Wir sa\u00dfen mit zehn bis zw\u00f6lf Menschen in einem kleinen Waggon.<\/p>\n<p>Vor Kiew mussten wir f\u00fcnf bis sechs Stunden im Dunkeln sitzen, alle Lichter im Zug wurden ausgeschaltet, unsere Handys durften wir nicht benutzen, damit der Zug aus der Luft nicht sichtbar ist. Jedes Mal, wenn ein Luftangriff bef\u00fcrchtet wurde, hielt der Zug an, alle Lichter wurden ausgeschaltet und wir mussten still sein. Wir schafften es bis nach Lwiw. Dort warteten wir drei Tage und suchten nach M\u00f6glichkeiten, die Grenze zu \u00fcberqueren. Wir konnten ein Taxi auftreiben, mit dem wir gegen Bezahlung an die slowakische Grenze kamen&#8220;, f\u00fchrt Salma N. aus.<\/p>\n<p><img loading=\"lazy\" decoding=\"async\" class=\"alignnone size-medium wp-image-2664\" src=\"https:\/\/www.kss-sachsen.de\/wp-content\/uploads\/2022\/03\/signal-2022-03-06-182330-1-300x225.jpeg\" alt=\"\" width=\"300\" height=\"225\" srcset=\"https:\/\/www.kss-sachsen.de\/wp-content\/uploads\/2022\/03\/signal-2022-03-06-182330-1-300x225.jpeg 300w, https:\/\/www.kss-sachsen.de\/wp-content\/uploads\/2022\/03\/signal-2022-03-06-182330-1-768x576.jpeg 768w, https:\/\/www.kss-sachsen.de\/wp-content\/uploads\/2022\/03\/signal-2022-03-06-182330-1-1024x768.jpeg 1024w, https:\/\/www.kss-sachsen.de\/wp-content\/uploads\/2022\/03\/signal-2022-03-06-182330-1-520x390.jpeg 520w, https:\/\/www.kss-sachsen.de\/wp-content\/uploads\/2022\/03\/signal-2022-03-06-182330-1-740x555.jpeg 740w, https:\/\/www.kss-sachsen.de\/wp-content\/uploads\/2022\/03\/signal-2022-03-06-182330-1.jpeg 1600w\" sizes=\"(max-width: 300px) 100vw, 300px\" \/>\u00a0<img loading=\"lazy\" decoding=\"async\" class=\"alignnone wp-image-2667\" src=\"https:\/\/www.kss-sachsen.de\/wp-content\/uploads\/2022\/03\/signal-2022-03-06-182330-3-300x171.jpeg\" alt=\"\" width=\"395\" height=\"224\" srcset=\"https:\/\/www.kss-sachsen.de\/wp-content\/uploads\/2022\/03\/signal-2022-03-06-182330-3-300x171.jpeg 300w, https:\/\/www.kss-sachsen.de\/wp-content\/uploads\/2022\/03\/signal-2022-03-06-182330-3-768x437.jpeg 768w, https:\/\/www.kss-sachsen.de\/wp-content\/uploads\/2022\/03\/signal-2022-03-06-182330-3-1024x583.jpeg 1024w, https:\/\/www.kss-sachsen.de\/wp-content\/uploads\/2022\/03\/signal-2022-03-06-182330-3-520x296.jpeg 520w, https:\/\/www.kss-sachsen.de\/wp-content\/uploads\/2022\/03\/signal-2022-03-06-182330-3-740x421.jpeg 740w, https:\/\/www.kss-sachsen.de\/wp-content\/uploads\/2022\/03\/signal-2022-03-06-182330-3.jpeg 1581w\" sizes=\"(max-width: 395px) 100vw, 395px\" \/><\/p>\n<p><span style=\"color: #808080;\"><em>Gewahrsam in slowakischer Milit\u00e4rbasis (private Aufnahmen von Salma N.)<\/em><\/span><\/p>\n<p><strong><em>Rassistische Gewalt durch slowakische Polizei<\/em><\/strong><\/p>\n<p>&#8222;Die slowakische Polizei brachte uns zu einer Milit\u00e4rbasis und steckte uns in Gef\u00e4ngniszellen. Sie nahmen uns unsere P\u00e4sse ab. Wir hatten nichts zu essen und zu trinken, aber immerhin waren wir aus der Ukraine raus. Die Nacht verbrachten wir in dieser unmenschlichen Situation. Als wir am Morgen aufwachten, bettelten wir die slowakische Polizei an, uns wenigstens Kaffee zu geben.\u00a0 Sie wollten uns nicht gehen lassen. Also riefen wir unsere Botschaften an, um Druck aufzubauen. Irgendwann gaben sie nach und brachten uns von der Milit\u00e4rbasis zur\u00fcck zur slowakisch-ukrainischen Grenze. Ich wusste nicht, dass die slowakische Polizei so ist. Ich dachte, sie sind nette Menschen.<\/p>\n<p>Zur\u00fcck an der Grenze trafen wir zum Gl\u00fcck Mission Lifeline, die uns nach Deutschland brachten. Wir waren sehr dankbar f\u00fcr ihre Hilfe.&#8220;<\/p>\n<p><strong><em>Legaler Aufenthaltsstatus in Deutschland jetzt! <\/em><\/strong><\/p>\n<p>\u201eIch bin jetzt drei Monate entfernt davon, meinen Abschluss in Pharmazie zu machen. Ich will mein Studium hier abschlie\u00dfen. Ich k\u00f6nnte auch hier arbeiten, vor dem Pharmaziestudium habe ich bereits einen Abschluss in Modedesign gemacht&#8220;, so Salma N.<\/p>\n<p><strong>Die gefl\u00fcchtete Studentin, welche sich nun in Sachsen aufh\u00e4lt, appelliert an die Bundesregierung:<\/strong> \u201eBundesinnenministerin Faeser, ich m\u00f6chte Ihnen sagen: Geben Sie uns die M\u00f6glichkeit, unseren Universit\u00e4tsabschluss hier in Deutschland fertig zu machen. Wir m\u00f6chten studieren, die Sprache lernen, arbeiten, und wir m\u00f6chten das legal machen k\u00f6nnen!&#8220;<\/p>\n<p>Neben Salma N. fordern auch ihre Kommiliton*innen, die ebenfalls keinen ukrainischen Pass haben, einen legalen Aufenthaltsstatus. Reda M., Intissar T. und Ayoub A. sind Studierende der Medizin, Pharmazie und Wirtschaftswissenschaften. &#8222;Wir sind traurig und w\u00fctend, dass wir durch diesen Krieg aus unserem Leben gerissen wurden, so kurz vor unserem Abschluss. Wir brauchen dringend Zugang zu Sprachkursen und eine M\u00f6glichkeit, legal in Deutschland zu bleiben!&#8220;<\/p>\n<p><strong><em>Bomben machen vor keiner Nationalit\u00e4t Halt &#8211; Schutz f\u00fcr alle Gefl\u00fcchteten aus der Ukraine<\/em><\/strong><\/p>\n<p><a href=\"https:\/\/eur-lex.europa.eu\/legal-content\/EN\/TXT\/?uri=CELEX%3A52022PC0091&amp;qid=1646384923837\">Seit Freitagabend liegt der Text des EU-Ratsbeschlusses vor.<\/a> Demnach liegt es im Ermessen des jeweiligen EU-Mitgliedstaates, ob auch Personen mit einem nicht dauerhaften Aufenthaltstitel in der Ukraine Anspruch auf vor\u00fcbergehenden Schutz in der EU haben.<\/p>\n<p>&nbsp;<\/p>\n<p><strong>Der S\u00e4chsische Fl\u00fcchtlingsrat und die Konferenz S\u00e4chsischer Studierendenschaften<\/strong> schlie\u00dfen sich <a href=\"https:\/\/www.fzs.de\/2022\/03\/02\/pressemitteilung-solidaritaet-mit-der-ukraine\/\">mit R\u00fcckenwind der Forderungen des bundesweiten freien Zusammenschlusses von Studierendenschaften<\/a> den Forderungen Salma N.s an: \u201eWir appellieren dringlichst an Sie, Frau Bundesinnenministerin Faeser: vergessen Sie nicht die Menschen mit vor\u00fcbergehendem Aufenthaltstitel in der Ukraine. Wenn die EU keine einheitliche Position zu diesem Thema hat, muss das Bundesinnenministerium im nationalen Erlass weiter gehen. Der Schutz f\u00fcr Fliehende aus der Ukraine muss f\u00fcr alle gelten! Denn Bomben machen vor keiner Nationalit\u00e4t Halt.\u201c<\/p>\n<p>Die Pressemitteilung ist auch als <a href=\"https:\/\/cloud.kss-sachsen.de\/s\/fbz3IIDA6wnp9Us\">pdf<\/a>. verf\u00fcgbar.<\/p>\n<p><strong>Pressekontakt:<\/strong><\/p>\n<p>Salma N. und Intissar T. stehen f\u00fcr Interviews bereit, die Vermittlung erfolgt \u00fcber den S\u00e4chsischen Fl\u00fcchtlingsrat.<\/p>\n<p>&nbsp;<\/p>\n<p><strong>S\u00e4chsischer Fl\u00fcchtlingsrat e.V.<\/strong><img loading=\"lazy\" decoding=\"async\" class=\"wp-image-2669 alignleft\" src=\"https:\/\/www.kss-sachsen.de\/wp-content\/uploads\/2022\/03\/signal-2022-03-06-17-36-42-906-300x174.png\" alt=\"\" width=\"230\" height=\"133\" srcset=\"https:\/\/www.kss-sachsen.de\/wp-content\/uploads\/2022\/03\/signal-2022-03-06-17-36-42-906-300x174.png 300w, https:\/\/www.kss-sachsen.de\/wp-content\/uploads\/2022\/03\/signal-2022-03-06-17-36-42-906-768x445.png 768w, https:\/\/www.kss-sachsen.de\/wp-content\/uploads\/2022\/03\/signal-2022-03-06-17-36-42-906-1024x593.png 1024w, https:\/\/www.kss-sachsen.de\/wp-content\/uploads\/2022\/03\/signal-2022-03-06-17-36-42-906-520x301.png 520w, https:\/\/www.kss-sachsen.de\/wp-content\/uploads\/2022\/03\/signal-2022-03-06-17-36-42-906-740x429.png 740w, https:\/\/www.kss-sachsen.de\/wp-content\/uploads\/2022\/03\/signal-2022-03-06-17-36-42-906.png 1189w\" sizes=\"(max-width: 230px) 100vw, 230px\" \/><\/p>\n<p>&#8211; Dave Schmidtke &#8211;<\/p>\n<p>Mail: pr@sfrev.de<\/p>\n<p>Telefon: 0176 427 286 23<\/p>\n<p>&nbsp;<\/p>\n<p><img loading=\"lazy\" decoding=\"async\" class=\"wp-image-1304 alignleft\" src=\"https:\/\/www.kss-sachsen.de\/wp-content\/uploads\/2019\/01\/cropped-header_logo_Zeichenfl\u00e4che-1-300x205.png\" alt=\"\" width=\"213\" height=\"145\" srcset=\"https:\/\/www.kss-sachsen.de\/wp-content\/uploads\/2019\/01\/cropped-header_logo_Zeichenfl\u00e4che-1-300x205.png 300w, https:\/\/www.kss-sachsen.de\/wp-content\/uploads\/2019\/01\/cropped-header_logo_Zeichenfl\u00e4che-1-768x526.png 768w, https:\/\/www.kss-sachsen.de\/wp-content\/uploads\/2019\/01\/cropped-header_logo_Zeichenfl\u00e4che-1-1024x701.png 1024w, https:\/\/www.kss-sachsen.de\/wp-content\/uploads\/2019\/01\/cropped-header_logo_Zeichenfl\u00e4che-1-520x356.png 520w, https:\/\/www.kss-sachsen.de\/wp-content\/uploads\/2019\/01\/cropped-header_logo_Zeichenfl\u00e4che-1-740x506.png 740w, https:\/\/www.kss-sachsen.de\/wp-content\/uploads\/2019\/01\/cropped-header_logo_Zeichenfl\u00e4che-1.png 1920w\" sizes=\"(max-width: 213px) 100vw, 213px\" \/><\/p>\n<p><strong>Konferenz S\u00e4chsischer Studierendenschaften<\/strong><\/p>\n<p>&#8211; Sabine Giese (Sprecherin) &#8211;<\/p>\n<p>Mail: sprecherinnen@kss-sachsen.de<\/p>\n<p>Telefon: 01522 1874 904<\/p>\n","protected":false},"excerpt":{"rendered":"<p>BMI muss vor\u00fcbergehenden Schutz auf Drittstaatler*innen ausweiten Gemeinsame Pressemitteilung des S\u00e4chsischen Fl\u00fcchtlingsrats e.V. und der KSS Am 03. M\u00e4rz 2022 hat der Europ\u00e4ische Rat beschlossen, dass Gefl\u00fcchtete aus der Ukraine EU-weit vor\u00fcbergehenden Schutz erhalten sollen. Eine Grauzone existiert jedoch f\u00fcr Personen mit vor\u00fcbergehendem Aufenthalt in der Ukraine. Dazu z\u00e4hlen auch Menschen mit einem Studien- oder Arbeitsvisum. Salma N., eine Studierende<a class=\"read-more\" href=\"https:\/\/www.kss-sachsen.de\/pm_05_22\">Hier weiter lesen&#8230;<\/a><\/p>\n","protected":false},"author":1,"featured_media":0,"comment_status":"open","ping_status":"open","sticky":false,"template":"","format":"standard","meta":{"footnotes":""},"categories":[11],"tags":[],"yoast_head":"<!-- This site is optimized with the Yoast SEO plugin v23.5 - https:\/\/yoast.com\/wordpress\/plugins\/seo\/ -->\n<title>Bomben machen vor keiner Nationalit\u00e4t Halt - Schutz f\u00fcr alle Gefl\u00fcchteten aus der Ukraine! - KSS<\/title>\n<meta name=\"robots\" content=\"index, follow, max-snippet:-1, max-image-preview:large, max-video-preview:-1\" \/>\n<link rel=\"canonical\" href=\"https:\/\/www.kss-sachsen.de\/pm_05_22\" \/>\n<meta property=\"og:locale\" content=\"de_DE\" \/>\n<meta property=\"og:type\" content=\"article\" \/>\n<meta property=\"og:title\" content=\"Bomben machen vor keiner Nationalit\u00e4t Halt - Schutz f\u00fcr alle Gefl\u00fcchteten aus der Ukraine! - KSS\" \/>\n<meta property=\"og:description\" content=\"BMI muss vor\u00fcbergehenden Schutz auf Drittstaatler*innen ausweiten Gemeinsame Pressemitteilung des S\u00e4chsischen Fl\u00fcchtlingsrats e.V. und der KSS Am 03. M\u00e4rz 2022 hat der Europ\u00e4ische Rat beschlossen, dass Gefl\u00fcchtete aus der Ukraine EU-weit vor\u00fcbergehenden Schutz erhalten sollen. Eine Grauzone existiert jedoch f\u00fcr Personen mit vor\u00fcbergehendem Aufenthalt in der Ukraine. Dazu z\u00e4hlen auch Menschen mit einem Studien- oder Arbeitsvisum. Salma N., eine StudierendeHier weiter lesen...\" \/>\n<meta property=\"og:url\" content=\"https:\/\/www.kss-sachsen.de\/pm_05_22\" \/>\n<meta property=\"og:site_name\" content=\"KSS\" \/>\n<meta property=\"article:published_time\" content=\"2022-03-07T06:13:56+00:00\" \/>\n<meta property=\"article:modified_time\" content=\"2022-04-13T16:06:45+00:00\" \/>\n<meta property=\"og:image\" content=\"https:\/\/www.kss-sachsen.de\/wp-content\/uploads\/2022\/03\/signal-2022-03-06-182330-1-300x225.jpeg\" \/>\n<meta name=\"author\" content=\"administration\" \/>\n<meta name=\"twitter:card\" content=\"summary_large_image\" \/>\n<meta name=\"twitter:label1\" content=\"Verfasst von\" \/>\n\t<meta name=\"twitter:data1\" content=\"administration\" \/>\n\t<meta name=\"twitter:label2\" content=\"Gesch\u00e4tzte Lesezeit\" \/>\n\t<meta name=\"twitter:data2\" content=\"4\u00a0Minuten\" \/>\n<script type=\"application\/ld+json\" class=\"yoast-schema-graph\">{\"@context\":\"https:\/\/schema.org\",\"@graph\":[{\"@type\":\"Article\",\"@id\":\"https:\/\/www.kss-sachsen.de\/pm_05_22#article\",\"isPartOf\":{\"@id\":\"https:\/\/www.kss-sachsen.de\/pm_05_22\"},\"author\":{\"name\":\"administration\",\"@id\":\"https:\/\/www.kss-sachsen.de\/#\/schema\/person\/fbcf1c2438e102156e84a4ba5c3daa64\"},\"headline\":\"Bomben machen vor keiner Nationalit\u00e4t Halt &#8211; Schutz f\u00fcr alle Gefl\u00fcchteten aus der Ukraine!\",\"datePublished\":\"2022-03-07T06:13:56+00:00\",\"dateModified\":\"2022-04-13T16:06:45+00:00\",\"mainEntityOfPage\":{\"@id\":\"https:\/\/www.kss-sachsen.de\/pm_05_22\"},\"wordCount\":907,\"commentCount\":0,\"publisher\":{\"@id\":\"https:\/\/www.kss-sachsen.de\/#organization\"},\"image\":{\"@id\":\"https:\/\/www.kss-sachsen.de\/pm_05_22#primaryimage\"},\"thumbnailUrl\":\"https:\/\/www.kss-sachsen.de\/wp-content\/uploads\/2022\/03\/signal-2022-03-06-182330-1-300x225.jpeg\",\"articleSection\":[\"Pressemitteilung\"],\"inLanguage\":\"de\",\"potentialAction\":[{\"@type\":\"CommentAction\",\"name\":\"Comment\",\"target\":[\"https:\/\/www.kss-sachsen.de\/pm_05_22#respond\"]}]},{\"@type\":\"WebPage\",\"@id\":\"https:\/\/www.kss-sachsen.de\/pm_05_22\",\"url\":\"https:\/\/www.kss-sachsen.de\/pm_05_22\",\"name\":\"Bomben machen vor keiner Nationalit\u00e4t Halt - Schutz f\u00fcr alle Gefl\u00fcchteten aus der Ukraine! - KSS\",\"isPartOf\":{\"@id\":\"https:\/\/www.kss-sachsen.de\/#website\"},\"primaryImageOfPage\":{\"@id\":\"https:\/\/www.kss-sachsen.de\/pm_05_22#primaryimage\"},\"image\":{\"@id\":\"https:\/\/www.kss-sachsen.de\/pm_05_22#primaryimage\"},\"thumbnailUrl\":\"https:\/\/www.kss-sachsen.de\/wp-content\/uploads\/2022\/03\/signal-2022-03-06-182330-1-300x225.jpeg\",\"datePublished\":\"2022-03-07T06:13:56+00:00\",\"dateModified\":\"2022-04-13T16:06:45+00:00\",\"breadcrumb\":{\"@id\":\"https:\/\/www.kss-sachsen.de\/pm_05_22#breadcrumb\"},\"inLanguage\":\"de\",\"potentialAction\":[{\"@type\":\"ReadAction\",\"target\":[\"https:\/\/www.kss-sachsen.de\/pm_05_22\"]}]},{\"@type\":\"ImageObject\",\"inLanguage\":\"de\",\"@id\":\"https:\/\/www.kss-sachsen.de\/pm_05_22#primaryimage\",\"url\":\"https:\/\/www.kss-sachsen.de\/wp-content\/uploads\/2022\/03\/signal-2022-03-06-182330-1.jpeg\",\"contentUrl\":\"https:\/\/www.kss-sachsen.de\/wp-content\/uploads\/2022\/03\/signal-2022-03-06-182330-1.jpeg\",\"width\":1600,\"height\":1200},{\"@type\":\"BreadcrumbList\",\"@id\":\"https:\/\/www.kss-sachsen.de\/pm_05_22#breadcrumb\",\"itemListElement\":[{\"@type\":\"ListItem\",\"position\":1,\"name\":\"Home\",\"item\":\"https:\/\/www.kss-sachsen.de\/\"},{\"@type\":\"ListItem\",\"position\":2,\"name\":\"Bomben machen vor keiner Nationalit\u00e4t Halt &#8211; Schutz f\u00fcr alle Gefl\u00fcchteten aus der Ukraine!\"}]},{\"@type\":\"WebSite\",\"@id\":\"https:\/\/www.kss-sachsen.de\/#website\",\"url\":\"https:\/\/www.kss-sachsen.de\/\",\"name\":\"Konferenz S\u00e4chsischer Studierendenschaften\",\"description\":\"Konferenz S\u00e4chsischer Studierendenschaften\",\"publisher\":{\"@id\":\"https:\/\/www.kss-sachsen.de\/#organization\"},\"potentialAction\":[{\"@type\":\"SearchAction\",\"target\":{\"@type\":\"EntryPoint\",\"urlTemplate\":\"https:\/\/www.kss-sachsen.de\/?s={search_term_string}\"},\"query-input\":{\"@type\":\"PropertyValueSpecification\",\"valueRequired\":true,\"valueName\":\"search_term_string\"}}],\"inLanguage\":\"de\"},{\"@type\":\"Organization\",\"@id\":\"https:\/\/www.kss-sachsen.de\/#organization\",\"name\":\"Konferenz S\u00e4chsischer Studierendenschaften\",\"url\":\"https:\/\/www.kss-sachsen.de\/\",\"logo\":{\"@type\":\"ImageObject\",\"inLanguage\":\"de\",\"@id\":\"https:\/\/www.kss-sachsen.de\/#\/schema\/logo\/image\/\",\"url\":\"https:\/\/www.kss-sachsen.de\/wp-content\/uploads\/2023\/02\/Logo-KSS.png\",\"contentUrl\":\"https:\/\/www.kss-sachsen.de\/wp-content\/uploads\/2023\/02\/Logo-KSS.png\",\"width\":2239,\"height\":1528,\"caption\":\"Konferenz S\u00e4chsischer Studierendenschaften\"},\"image\":{\"@id\":\"https:\/\/www.kss-sachsen.de\/#\/schema\/logo\/image\/\"},\"sameAs\":[\"https:\/\/www.instagram.com\/kss_sachsen\/\"]},{\"@type\":\"Person\",\"@id\":\"https:\/\/www.kss-sachsen.de\/#\/schema\/person\/fbcf1c2438e102156e84a4ba5c3daa64\",\"name\":\"administration\",\"image\":{\"@type\":\"ImageObject\",\"inLanguage\":\"de\",\"@id\":\"https:\/\/www.kss-sachsen.de\/#\/schema\/person\/image\/\",\"url\":\"https:\/\/secure.gravatar.com\/avatar\/e4ecd4cb3a6714c2adcf507161262d91?s=96&d=mm&r=g\",\"contentUrl\":\"https:\/\/secure.gravatar.com\/avatar\/e4ecd4cb3a6714c2adcf507161262d91?s=96&d=mm&r=g\",\"caption\":\"administration\"},\"url\":\"https:\/\/www.kss-sachsen.de\/?author=1\"}]}<\/script>\n<!-- \/ Yoast SEO plugin. -->","yoast_head_json":{"title":"Bomben machen vor keiner Nationalit\u00e4t Halt - Schutz f\u00fcr alle Gefl\u00fcchteten aus der Ukraine! - KSS","robots":{"index":"index","follow":"follow","max-snippet":"max-snippet:-1","max-image-preview":"max-image-preview:large","max-video-preview":"max-video-preview:-1"},"canonical":"https:\/\/www.kss-sachsen.de\/pm_05_22","og_locale":"de_DE","og_type":"article","og_title":"Bomben machen vor keiner Nationalit\u00e4t Halt - Schutz f\u00fcr alle Gefl\u00fcchteten aus der Ukraine! - KSS","og_description":"BMI muss vor\u00fcbergehenden Schutz auf Drittstaatler*innen ausweiten Gemeinsame Pressemitteilung des S\u00e4chsischen Fl\u00fcchtlingsrats e.V. und der KSS Am 03. M\u00e4rz 2022 hat der Europ\u00e4ische Rat beschlossen, dass Gefl\u00fcchtete aus der Ukraine EU-weit vor\u00fcbergehenden Schutz erhalten sollen. Eine Grauzone existiert jedoch f\u00fcr Personen mit vor\u00fcbergehendem Aufenthalt in der Ukraine. Dazu z\u00e4hlen auch Menschen mit einem Studien- oder Arbeitsvisum. Salma N., eine StudierendeHier weiter lesen...","og_url":"https:\/\/www.kss-sachsen.de\/pm_05_22","og_site_name":"KSS","article_published_time":"2022-03-07T06:13:56+00:00","article_modified_time":"2022-04-13T16:06:45+00:00","og_image":[{"url":"https:\/\/www.kss-sachsen.de\/wp-content\/uploads\/2022\/03\/signal-2022-03-06-182330-1-300x225.jpeg"}],"author":"administration","twitter_card":"summary_large_image","twitter_misc":{"Verfasst von":"administration","Gesch\u00e4tzte Lesezeit":"4\u00a0Minuten"},"schema":{"@context":"https:\/\/schema.org","@graph":[{"@type":"Article","@id":"https:\/\/www.kss-sachsen.de\/pm_05_22#article","isPartOf":{"@id":"https:\/\/www.kss-sachsen.de\/pm_05_22"},"author":{"name":"administration","@id":"https:\/\/www.kss-sachsen.de\/#\/schema\/person\/fbcf1c2438e102156e84a4ba5c3daa64"},"headline":"Bomben machen vor keiner Nationalit\u00e4t Halt &#8211; Schutz f\u00fcr alle Gefl\u00fcchteten aus der Ukraine!","datePublished":"2022-03-07T06:13:56+00:00","dateModified":"2022-04-13T16:06:45+00:00","mainEntityOfPage":{"@id":"https:\/\/www.kss-sachsen.de\/pm_05_22"},"wordCount":907,"commentCount":0,"publisher":{"@id":"https:\/\/www.kss-sachsen.de\/#organization"},"image":{"@id":"https:\/\/www.kss-sachsen.de\/pm_05_22#primaryimage"},"thumbnailUrl":"https:\/\/www.kss-sachsen.de\/wp-content\/uploads\/2022\/03\/signal-2022-03-06-182330-1-300x225.jpeg","articleSection":["Pressemitteilung"],"inLanguage":"de","potentialAction":[{"@type":"CommentAction","name":"Comment","target":["https:\/\/www.kss-sachsen.de\/pm_05_22#respond"]}]},{"@type":"WebPage","@id":"https:\/\/www.kss-sachsen.de\/pm_05_22","url":"https:\/\/www.kss-sachsen.de\/pm_05_22","name":"Bomben machen vor keiner Nationalit\u00e4t Halt - Schutz f\u00fcr alle Gefl\u00fcchteten aus der Ukraine! - KSS","isPartOf":{"@id":"https:\/\/www.kss-sachsen.de\/#website"},"primaryImageOfPage":{"@id":"https:\/\/www.kss-sachsen.de\/pm_05_22#primaryimage"},"image":{"@id":"https:\/\/www.kss-sachsen.de\/pm_05_22#primaryimage"},"thumbnailUrl":"https:\/\/www.kss-sachsen.de\/wp-content\/uploads\/2022\/03\/signal-2022-03-06-182330-1-300x225.jpeg","datePublished":"2022-03-07T06:13:56+00:00","dateModified":"2022-04-13T16:06:45+00:00","breadcrumb":{"@id":"https:\/\/www.kss-sachsen.de\/pm_05_22#breadcrumb"},"inLanguage":"de","potentialAction":[{"@type":"ReadAction","target":["https:\/\/www.kss-sachsen.de\/pm_05_22"]}]},{"@type":"ImageObject","inLanguage":"de","@id":"https:\/\/www.kss-sachsen.de\/pm_05_22#primaryimage","url":"https:\/\/www.kss-sachsen.de\/wp-content\/uploads\/2022\/03\/signal-2022-03-06-182330-1.jpeg","contentUrl":"https:\/\/www.kss-sachsen.de\/wp-content\/uploads\/2022\/03\/signal-2022-03-06-182330-1.jpeg","width":1600,"height":1200},{"@type":"BreadcrumbList","@id":"https:\/\/www.kss-sachsen.de\/pm_05_22#breadcrumb","itemListElement":[{"@type":"ListItem","position":1,"name":"Home","item":"https:\/\/www.kss-sachsen.de\/"},{"@type":"ListItem","position":2,"name":"Bomben machen vor keiner Nationalit\u00e4t Halt &#8211; Schutz f\u00fcr alle Gefl\u00fcchteten aus der Ukraine!"}]},{"@type":"WebSite","@id":"https:\/\/www.kss-sachsen.de\/#website","url":"https:\/\/www.kss-sachsen.de\/","name":"Konferenz S\u00e4chsischer Studierendenschaften","description":"Konferenz S\u00e4chsischer Studierendenschaften","publisher":{"@id":"https:\/\/www.kss-sachsen.de\/#organization"},"potentialAction":[{"@type":"SearchAction","target":{"@type":"EntryPoint","urlTemplate":"https:\/\/www.kss-sachsen.de\/?s={search_term_string}"},"query-input":{"@type":"PropertyValueSpecification","valueRequired":true,"valueName":"search_term_string"}}],"inLanguage":"de"},{"@type":"Organization","@id":"https:\/\/www.kss-sachsen.de\/#organization","name":"Konferenz S\u00e4chsischer Studierendenschaften","url":"https:\/\/www.kss-sachsen.de\/","logo":{"@type":"ImageObject","inLanguage":"de","@id":"https:\/\/www.kss-sachsen.de\/#\/schema\/logo\/image\/","url":"https:\/\/www.kss-sachsen.de\/wp-content\/uploads\/2023\/02\/Logo-KSS.png","contentUrl":"https:\/\/www.kss-sachsen.de\/wp-content\/uploads\/2023\/02\/Logo-KSS.png","width":2239,"height":1528,"caption":"Konferenz S\u00e4chsischer Studierendenschaften"},"image":{"@id":"https:\/\/www.kss-sachsen.de\/#\/schema\/logo\/image\/"},"sameAs":["https:\/\/www.instagram.com\/kss_sachsen\/"]},{"@type":"Person","@id":"https:\/\/www.kss-sachsen.de\/#\/schema\/person\/fbcf1c2438e102156e84a4ba5c3daa64","name":"administration","image":{"@type":"ImageObject","inLanguage":"de","@id":"https:\/\/www.kss-sachsen.de\/#\/schema\/person\/image\/","url":"https:\/\/secure.gravatar.com\/avatar\/e4ecd4cb3a6714c2adcf507161262d91?s=96&d=mm&r=g","contentUrl":"https:\/\/secure.gravatar.com\/avatar\/e4ecd4cb3a6714c2adcf507161262d91?s=96&d=mm&r=g","caption":"administration"},"url":"https:\/\/www.kss-sachsen.de\/?author=1"}]}},"_links":{"self":[{"href":"https:\/\/www.kss-sachsen.de\/index.php?rest_route=\/wp\/v2\/posts\/2663"}],"collection":[{"href":"https:\/\/www.kss-sachsen.de\/index.php?rest_route=\/wp\/v2\/posts"}],"about":[{"href":"https:\/\/www.kss-sachsen.de\/index.php?rest_route=\/wp\/v2\/types\/post"}],"author":[{"embeddable":true,"href":"https:\/\/www.kss-sachsen.de\/index.php?rest_route=\/wp\/v2\/users\/1"}],"replies":[{"embeddable":true,"href":"https:\/\/www.kss-sachsen.de\/index.php?rest_route=%2Fwp%2Fv2%2Fcomments&post=2663"}],"version-history":[{"count":4,"href":"https:\/\/www.kss-sachsen.de\/index.php?rest_route=\/wp\/v2\/posts\/2663\/revisions"}],"predecessor-version":[{"id":2672,"href":"https:\/\/www.kss-sachsen.de\/index.php?rest_route=\/wp\/v2\/posts\/2663\/revisions\/2672"}],"wp:attachment":[{"href":"https:\/\/www.kss-sachsen.de\/index.php?rest_route=%2Fwp%2Fv2%2Fmedia&parent=2663"}],"wp:term":[{"taxonomy":"category","embeddable":true,"href":"https:\/\/www.kss-sachsen.de\/index.php?rest_route=%2Fwp%2Fv2%2Fcategories&post=2663"},{"taxonomy":"post_tag","embeddable":true,"href":"https:\/\/www.kss-sachsen.de\/index.php?rest_route=%2Fwp%2Fv2%2Ftags&post=2663"}],"curies":[{"name":"wp","href":"https:\/\/api.w.org\/{rel}","templated":true}]}}