{"id":2723,"date":"2022-03-25T08:27:12","date_gmt":"2022-03-25T07:27:12","guid":{"rendered":"https:\/\/www.kss-sachsen.de\/?p=2723"},"modified":"2022-04-13T18:06:06","modified_gmt":"2022-04-13T16:06:06","slug":"und-semesterweise-grust-die-pandemie","status":"publish","type":"post","link":"https:\/\/www.kss-sachsen.de\/pm_07_22","title":{"rendered":"Und semesterweise gr\u00fc\u00dft die Pandemie"},"content":{"rendered":"<p><strong>Landesstudierendenvertretung muss erneut umsichtiges Handeln von Land und Hochschulen fordern<\/strong><\/p>\n<p>W\u00e4hrend an einigen s\u00e4chsischen Hochschulen die Vorlesungen bereits begonnen haben, bereiten sich andere aktuell auf den baldigen Start des Sommersemesters 2022 vor. Die Hochschulleitungen planen dabei die R\u00fcckkehr zur Pr\u00e4senz &#8211; zu gro\u00dfen Teilen sogar in Vollbelegung &#8211; und kommunizieren vermeintliche Normalit\u00e4t. Aus Sicht der Konferenz S\u00e4chsischer Studierendenschaften (KSS) kann davon jedoch nicht die Rede sein. Sachsens Landesstudierendenvertretung weist darauf hin, dass die Pandemie trotz der derzeitigen Lockerungen weiterhin starken Einfluss auf die Studien- und Lebenssituation der s\u00e4chsischen Studierenden hat.<\/p>\n<p>&#8222;Auch wir freuen uns nat\u00fcrlich \u00fcber pr\u00e4sente Lehre und die M\u00f6glichkeit, wieder direkt an den Hochschulen studieren zu d\u00fcrfen.&#8220;, erkl\u00e4rt <strong>Paul Senf, Sprecher der KSS<\/strong>, doch mahnt die S\u00e4chsische Staatsregierung und die Hochschulleitungen: &#8222;Jedoch braucht es weiterhin Ma\u00dfnahmen zum Infektionsschutz sowie pandemiebedingte Ausgleichsregelungen f\u00fcr Studierende. Denn egal, ob durch Quarant\u00e4ne, unzureichenden Schutz, weil eine Impfung nicht m\u00f6glich ist, oder die Nachwirkungen der Pandemie &#8211; ein normales Studium ist f\u00fcr viele Studierende leider immer noch nicht m\u00f6glich.&#8220;<\/p>\n<p><strong>Marie Polonyi, Referentin f\u00fcr Inklusion der KSS,<\/strong> erg\u00e4nzt: &#8222;Es wird so getan, als w\u00e4re alles wieder in Ordnung. Doch wir k\u00f6nnen nicht einfach von 0 auf 100 zur\u00fcck in die &#8218;Normalit\u00e4t&#8216; starten. Tats\u00e4chlich bedeutet auch die R\u00fcckkehr zur Pr\u00e4senz eine enorme Umstellung f\u00fcr alle Studierenden &#8211; egal, ob sie bisher nur die digitale Lehre oder auch Pr\u00e4senzveranstaltungen kennengelernt haben. Zu den \u00c4ngsten vor einer Ansteckung kommen die in den letzten Semestern immens gestiegenen psychosozialen Problemlagen hinzu. Die Folgen sozialer Isolation der vergangenen Jahre verschwinden nicht einfach, sondern wirken sich langfristig auf uns Studis aus.&#8220;<\/p>\n<p>Die Studierenden fordern die Entscheidungstr\u00e4ger*innen auf, nachhaltiger zu denken: &#8222;Wenn wir aus der Pandemie eines gelernt haben, dann ist es auf aktuelle Entwicklungen flexibler reagieren zu m\u00fcssen. Ma\u00dfnahmen wie die Erm\u00e4chtigung der Staatsregierung zur Verl\u00e4ngerung der Regelstudienzeit oder Ausgleichsregelungen wie Freiversuche m\u00fcssen nicht nur bereits jetzt vorbereitet werden, sondern sollten schon l\u00e4ngst gesetzlich fest verankert sein. Au\u00dferdem braucht es nicht nur aufgrund der pandemischen Lage, sondern auch dar\u00fcber hinaus Konzepte, digitale Lehrangebote anzubieten und weiterzuentwickeln. &#8222;, erkl\u00e4rt <strong>Sabine Giese, Sprecherin der KSS<\/strong>.<\/p>\n<p>Die Pressemitteilung ist auch als <a href=\"https:\/\/cloud.kss-sachsen.de\/s\/bMYxSRoyqLleQCA\">.pdf<\/a> verf\u00fcgbar.<\/p>\n","protected":false},"excerpt":{"rendered":"<p>Landesstudierendenvertretung muss erneut umsichtiges Handeln von Land und Hochschulen fordern W\u00e4hrend an einigen s\u00e4chsischen Hochschulen die Vorlesungen bereits begonnen haben, bereiten sich andere aktuell auf den baldigen Start des Sommersemesters 2022 vor. Die Hochschulleitungen planen dabei die R\u00fcckkehr zur Pr\u00e4senz &#8211; zu gro\u00dfen Teilen sogar in Vollbelegung &#8211; und kommunizieren vermeintliche Normalit\u00e4t. Aus Sicht der Konferenz S\u00e4chsischer Studierendenschaften (KSS) kann<a class=\"read-more\" href=\"https:\/\/www.kss-sachsen.de\/pm_07_22\">Hier weiter lesen&#8230;<\/a><\/p>\n","protected":false},"author":1,"featured_media":0,"comment_status":"open","ping_status":"open","sticky":false,"template":"","format":"standard","meta":{"footnotes":""},"categories":[39,11],"tags":[],"yoast_head":"<!-- This site is optimized with the Yoast SEO plugin v23.5 - https:\/\/yoast.com\/wordpress\/plugins\/seo\/ -->\n<title>Und semesterweise gr\u00fc\u00dft die Pandemie - KSS<\/title>\n<meta name=\"robots\" content=\"index, follow, max-snippet:-1, max-image-preview:large, max-video-preview:-1\" \/>\n<link rel=\"canonical\" href=\"https:\/\/www.kss-sachsen.de\/pm_07_22\" \/>\n<meta property=\"og:locale\" content=\"de_DE\" \/>\n<meta property=\"og:type\" content=\"article\" \/>\n<meta property=\"og:title\" content=\"Und semesterweise gr\u00fc\u00dft die Pandemie - KSS\" \/>\n<meta property=\"og:description\" content=\"Landesstudierendenvertretung muss erneut umsichtiges Handeln von Land und Hochschulen fordern W\u00e4hrend an einigen s\u00e4chsischen Hochschulen die Vorlesungen bereits begonnen haben, bereiten sich andere aktuell auf den baldigen Start des Sommersemesters 2022 vor. Die Hochschulleitungen planen dabei die R\u00fcckkehr zur Pr\u00e4senz &#8211; zu gro\u00dfen Teilen sogar in Vollbelegung &#8211; und kommunizieren vermeintliche Normalit\u00e4t. Aus Sicht der Konferenz S\u00e4chsischer Studierendenschaften (KSS) kannHier weiter lesen...\" \/>\n<meta property=\"og:url\" content=\"https:\/\/www.kss-sachsen.de\/pm_07_22\" \/>\n<meta property=\"og:site_name\" content=\"KSS\" \/>\n<meta property=\"article:published_time\" content=\"2022-03-25T07:27:12+00:00\" \/>\n<meta property=\"article:modified_time\" content=\"2022-04-13T16:06:06+00:00\" \/>\n<meta name=\"author\" content=\"administration\" \/>\n<meta name=\"twitter:card\" content=\"summary_large_image\" \/>\n<meta name=\"twitter:label1\" content=\"Verfasst von\" \/>\n\t<meta name=\"twitter:data1\" content=\"administration\" \/>\n\t<meta name=\"twitter:label2\" content=\"Gesch\u00e4tzte Lesezeit\" \/>\n\t<meta name=\"twitter:data2\" content=\"2\u00a0Minuten\" \/>\n<script type=\"application\/ld+json\" class=\"yoast-schema-graph\">{\"@context\":\"https:\/\/schema.org\",\"@graph\":[{\"@type\":\"Article\",\"@id\":\"https:\/\/www.kss-sachsen.de\/pm_07_22#article\",\"isPartOf\":{\"@id\":\"https:\/\/www.kss-sachsen.de\/pm_07_22\"},\"author\":{\"name\":\"administration\",\"@id\":\"https:\/\/www.kss-sachsen.de\/#\/schema\/person\/fbcf1c2438e102156e84a4ba5c3daa64\"},\"headline\":\"Und semesterweise gr\u00fc\u00dft die Pandemie\",\"datePublished\":\"2022-03-25T07:27:12+00:00\",\"dateModified\":\"2022-04-13T16:06:06+00:00\",\"mainEntityOfPage\":{\"@id\":\"https:\/\/www.kss-sachsen.de\/pm_07_22\"},\"wordCount\":394,\"commentCount\":0,\"publisher\":{\"@id\":\"https:\/\/www.kss-sachsen.de\/#organization\"},\"articleSection\":[\"Lehre und Studium\",\"Pressemitteilung\"],\"inLanguage\":\"de\",\"potentialAction\":[{\"@type\":\"CommentAction\",\"name\":\"Comment\",\"target\":[\"https:\/\/www.kss-sachsen.de\/pm_07_22#respond\"]}]},{\"@type\":\"WebPage\",\"@id\":\"https:\/\/www.kss-sachsen.de\/pm_07_22\",\"url\":\"https:\/\/www.kss-sachsen.de\/pm_07_22\",\"name\":\"Und semesterweise gr\u00fc\u00dft die Pandemie - KSS\",\"isPartOf\":{\"@id\":\"https:\/\/www.kss-sachsen.de\/#website\"},\"datePublished\":\"2022-03-25T07:27:12+00:00\",\"dateModified\":\"2022-04-13T16:06:06+00:00\",\"breadcrumb\":{\"@id\":\"https:\/\/www.kss-sachsen.de\/pm_07_22#breadcrumb\"},\"inLanguage\":\"de\",\"potentialAction\":[{\"@type\":\"ReadAction\",\"target\":[\"https:\/\/www.kss-sachsen.de\/pm_07_22\"]}]},{\"@type\":\"BreadcrumbList\",\"@id\":\"https:\/\/www.kss-sachsen.de\/pm_07_22#breadcrumb\",\"itemListElement\":[{\"@type\":\"ListItem\",\"position\":1,\"name\":\"Home\",\"item\":\"https:\/\/www.kss-sachsen.de\/\"},{\"@type\":\"ListItem\",\"position\":2,\"name\":\"Und semesterweise gr\u00fc\u00dft die Pandemie\"}]},{\"@type\":\"WebSite\",\"@id\":\"https:\/\/www.kss-sachsen.de\/#website\",\"url\":\"https:\/\/www.kss-sachsen.de\/\",\"name\":\"Konferenz S\u00e4chsischer Studierendenschaften\",\"description\":\"Konferenz S\u00e4chsischer Studierendenschaften\",\"publisher\":{\"@id\":\"https:\/\/www.kss-sachsen.de\/#organization\"},\"potentialAction\":[{\"@type\":\"SearchAction\",\"target\":{\"@type\":\"EntryPoint\",\"urlTemplate\":\"https:\/\/www.kss-sachsen.de\/?s={search_term_string}\"},\"query-input\":{\"@type\":\"PropertyValueSpecification\",\"valueRequired\":true,\"valueName\":\"search_term_string\"}}],\"inLanguage\":\"de\"},{\"@type\":\"Organization\",\"@id\":\"https:\/\/www.kss-sachsen.de\/#organization\",\"name\":\"Konferenz S\u00e4chsischer Studierendenschaften\",\"url\":\"https:\/\/www.kss-sachsen.de\/\",\"logo\":{\"@type\":\"ImageObject\",\"inLanguage\":\"de\",\"@id\":\"https:\/\/www.kss-sachsen.de\/#\/schema\/logo\/image\/\",\"url\":\"https:\/\/www.kss-sachsen.de\/wp-content\/uploads\/2023\/02\/Logo-KSS.png\",\"contentUrl\":\"https:\/\/www.kss-sachsen.de\/wp-content\/uploads\/2023\/02\/Logo-KSS.png\",\"width\":2239,\"height\":1528,\"caption\":\"Konferenz S\u00e4chsischer Studierendenschaften\"},\"image\":{\"@id\":\"https:\/\/www.kss-sachsen.de\/#\/schema\/logo\/image\/\"},\"sameAs\":[\"https:\/\/www.instagram.com\/kss_sachsen\/\"]},{\"@type\":\"Person\",\"@id\":\"https:\/\/www.kss-sachsen.de\/#\/schema\/person\/fbcf1c2438e102156e84a4ba5c3daa64\",\"name\":\"administration\",\"image\":{\"@type\":\"ImageObject\",\"inLanguage\":\"de\",\"@id\":\"https:\/\/www.kss-sachsen.de\/#\/schema\/person\/image\/\",\"url\":\"https:\/\/secure.gravatar.com\/avatar\/e4ecd4cb3a6714c2adcf507161262d91?s=96&d=mm&r=g\",\"contentUrl\":\"https:\/\/secure.gravatar.com\/avatar\/e4ecd4cb3a6714c2adcf507161262d91?s=96&d=mm&r=g\",\"caption\":\"administration\"},\"url\":\"https:\/\/www.kss-sachsen.de\/?author=1\"}]}<\/script>\n<!-- \/ Yoast SEO plugin. -->","yoast_head_json":{"title":"Und semesterweise gr\u00fc\u00dft die Pandemie - KSS","robots":{"index":"index","follow":"follow","max-snippet":"max-snippet:-1","max-image-preview":"max-image-preview:large","max-video-preview":"max-video-preview:-1"},"canonical":"https:\/\/www.kss-sachsen.de\/pm_07_22","og_locale":"de_DE","og_type":"article","og_title":"Und semesterweise gr\u00fc\u00dft die Pandemie - KSS","og_description":"Landesstudierendenvertretung muss erneut umsichtiges Handeln von Land und Hochschulen fordern W\u00e4hrend an einigen s\u00e4chsischen Hochschulen die Vorlesungen bereits begonnen haben, bereiten sich andere aktuell auf den baldigen Start des Sommersemesters 2022 vor. Die Hochschulleitungen planen dabei die R\u00fcckkehr zur Pr\u00e4senz &#8211; zu gro\u00dfen Teilen sogar in Vollbelegung &#8211; und kommunizieren vermeintliche Normalit\u00e4t. Aus Sicht der Konferenz S\u00e4chsischer Studierendenschaften (KSS) kannHier weiter lesen...","og_url":"https:\/\/www.kss-sachsen.de\/pm_07_22","og_site_name":"KSS","article_published_time":"2022-03-25T07:27:12+00:00","article_modified_time":"2022-04-13T16:06:06+00:00","author":"administration","twitter_card":"summary_large_image","twitter_misc":{"Verfasst von":"administration","Gesch\u00e4tzte Lesezeit":"2\u00a0Minuten"},"schema":{"@context":"https:\/\/schema.org","@graph":[{"@type":"Article","@id":"https:\/\/www.kss-sachsen.de\/pm_07_22#article","isPartOf":{"@id":"https:\/\/www.kss-sachsen.de\/pm_07_22"},"author":{"name":"administration","@id":"https:\/\/www.kss-sachsen.de\/#\/schema\/person\/fbcf1c2438e102156e84a4ba5c3daa64"},"headline":"Und semesterweise gr\u00fc\u00dft die Pandemie","datePublished":"2022-03-25T07:27:12+00:00","dateModified":"2022-04-13T16:06:06+00:00","mainEntityOfPage":{"@id":"https:\/\/www.kss-sachsen.de\/pm_07_22"},"wordCount":394,"commentCount":0,"publisher":{"@id":"https:\/\/www.kss-sachsen.de\/#organization"},"articleSection":["Lehre und Studium","Pressemitteilung"],"inLanguage":"de","potentialAction":[{"@type":"CommentAction","name":"Comment","target":["https:\/\/www.kss-sachsen.de\/pm_07_22#respond"]}]},{"@type":"WebPage","@id":"https:\/\/www.kss-sachsen.de\/pm_07_22","url":"https:\/\/www.kss-sachsen.de\/pm_07_22","name":"Und semesterweise gr\u00fc\u00dft die Pandemie - KSS","isPartOf":{"@id":"https:\/\/www.kss-sachsen.de\/#website"},"datePublished":"2022-03-25T07:27:12+00:00","dateModified":"2022-04-13T16:06:06+00:00","breadcrumb":{"@id":"https:\/\/www.kss-sachsen.de\/pm_07_22#breadcrumb"},"inLanguage":"de","potentialAction":[{"@type":"ReadAction","target":["https:\/\/www.kss-sachsen.de\/pm_07_22"]}]},{"@type":"BreadcrumbList","@id":"https:\/\/www.kss-sachsen.de\/pm_07_22#breadcrumb","itemListElement":[{"@type":"ListItem","position":1,"name":"Home","item":"https:\/\/www.kss-sachsen.de\/"},{"@type":"ListItem","position":2,"name":"Und semesterweise gr\u00fc\u00dft die Pandemie"}]},{"@type":"WebSite","@id":"https:\/\/www.kss-sachsen.de\/#website","url":"https:\/\/www.kss-sachsen.de\/","name":"Konferenz S\u00e4chsischer Studierendenschaften","description":"Konferenz S\u00e4chsischer Studierendenschaften","publisher":{"@id":"https:\/\/www.kss-sachsen.de\/#organization"},"potentialAction":[{"@type":"SearchAction","target":{"@type":"EntryPoint","urlTemplate":"https:\/\/www.kss-sachsen.de\/?s={search_term_string}"},"query-input":{"@type":"PropertyValueSpecification","valueRequired":true,"valueName":"search_term_string"}}],"inLanguage":"de"},{"@type":"Organization","@id":"https:\/\/www.kss-sachsen.de\/#organization","name":"Konferenz S\u00e4chsischer Studierendenschaften","url":"https:\/\/www.kss-sachsen.de\/","logo":{"@type":"ImageObject","inLanguage":"de","@id":"https:\/\/www.kss-sachsen.de\/#\/schema\/logo\/image\/","url":"https:\/\/www.kss-sachsen.de\/wp-content\/uploads\/2023\/02\/Logo-KSS.png","contentUrl":"https:\/\/www.kss-sachsen.de\/wp-content\/uploads\/2023\/02\/Logo-KSS.png","width":2239,"height":1528,"caption":"Konferenz S\u00e4chsischer Studierendenschaften"},"image":{"@id":"https:\/\/www.kss-sachsen.de\/#\/schema\/logo\/image\/"},"sameAs":["https:\/\/www.instagram.com\/kss_sachsen\/"]},{"@type":"Person","@id":"https:\/\/www.kss-sachsen.de\/#\/schema\/person\/fbcf1c2438e102156e84a4ba5c3daa64","name":"administration","image":{"@type":"ImageObject","inLanguage":"de","@id":"https:\/\/www.kss-sachsen.de\/#\/schema\/person\/image\/","url":"https:\/\/secure.gravatar.com\/avatar\/e4ecd4cb3a6714c2adcf507161262d91?s=96&d=mm&r=g","contentUrl":"https:\/\/secure.gravatar.com\/avatar\/e4ecd4cb3a6714c2adcf507161262d91?s=96&d=mm&r=g","caption":"administration"},"url":"https:\/\/www.kss-sachsen.de\/?author=1"}]}},"_links":{"self":[{"href":"https:\/\/www.kss-sachsen.de\/index.php?rest_route=\/wp\/v2\/posts\/2723"}],"collection":[{"href":"https:\/\/www.kss-sachsen.de\/index.php?rest_route=\/wp\/v2\/posts"}],"about":[{"href":"https:\/\/www.kss-sachsen.de\/index.php?rest_route=\/wp\/v2\/types\/post"}],"author":[{"embeddable":true,"href":"https:\/\/www.kss-sachsen.de\/index.php?rest_route=\/wp\/v2\/users\/1"}],"replies":[{"embeddable":true,"href":"https:\/\/www.kss-sachsen.de\/index.php?rest_route=%2Fwp%2Fv2%2Fcomments&post=2723"}],"version-history":[{"count":2,"href":"https:\/\/www.kss-sachsen.de\/index.php?rest_route=\/wp\/v2\/posts\/2723\/revisions"}],"predecessor-version":[{"id":2725,"href":"https:\/\/www.kss-sachsen.de\/index.php?rest_route=\/wp\/v2\/posts\/2723\/revisions\/2725"}],"wp:attachment":[{"href":"https:\/\/www.kss-sachsen.de\/index.php?rest_route=%2Fwp%2Fv2%2Fmedia&parent=2723"}],"wp:term":[{"taxonomy":"category","embeddable":true,"href":"https:\/\/www.kss-sachsen.de\/index.php?rest_route=%2Fwp%2Fv2%2Fcategories&post=2723"},{"taxonomy":"post_tag","embeddable":true,"href":"https:\/\/www.kss-sachsen.de\/index.php?rest_route=%2Fwp%2Fv2%2Ftags&post=2723"}],"curies":[{"name":"wp","href":"https:\/\/api.w.org\/{rel}","templated":true}]}}