{"id":2726,"date":"2022-03-31T11:43:30","date_gmt":"2022-03-31T09:43:30","guid":{"rendered":"https:\/\/www.kss-sachsen.de\/?p=2726"},"modified":"2022-04-13T18:05:39","modified_gmt":"2022-04-13T16:05:39","slug":"motiviert-fur-den-wandel-in-der-hochschulpolitik","status":"publish","type":"post","link":"https:\/\/www.kss-sachsen.de\/pm_08_22","title":{"rendered":"Motiviert f\u00fcr den Wandel in der Hochschulpolitik"},"content":{"rendered":"<p><strong>Sachsens Landesstudierendenvertretung startet im April mit einem neuen Team in die n\u00e4chste\u00a0Amtszeit<\/strong><\/p>\n<p>Anhaltende Pandemiebedingungen, psychosoziale Notlagen der Studierenden, zahlreiche Kampagnen, der Ausbruch des Krieges in der Ukraine &#8211; ein ereignisreiches Jahr liegt hinter den Amtstr\u00e4ger*innen der Konferenz S\u00e4chsischer Studierendenschaften (KSS). Umso ereignisreicher wird die bevorstehende Amtszeit. Im n\u00e4chsten Jahr stellen sich erstmals seit vielen Jahren wieder zwei nicht-m\u00e4nnliche Studierende dieser Herausforderung: Mit Sabine Giese (HTWK Leipzig) und Uta Lemke (Hochschule Zittau\/G\u00f6rlitz) sprechen nun ab April ein bekanntes und ein neues Gesicht f\u00fcr Sachsens Studierende.<\/p>\n<p>&#8222;Die Studierenden leiden fortw\u00e4hrend unter den Folgen der Coronapandemie, sowohl psychosozial als auch finanziell. Staat und Hochschulen m\u00fcssen ihrer F\u00fcrsorgepflicht gegen\u00fcber uns Studis nun endlich nachkommen und die Lernbedingungen am Wohl der Studierenden orientieren! Dazu geh\u00f6rt eine bessere Finanzierung von psychosozialer Beratung und Mentoringprogrammen, aber auch endlich eine grundlegende BAf\u00f6G-Reform. Hierf\u00fcr braucht es aktive Interessenvertretung gegen\u00fcber der Politik, f\u00fcr die wir uns auf den Schulterschluss mit den Hochschulleitungen freuen&#8220;, \u00e4u\u00dfert sich <strong>Uta Lemke, neu gew\u00e4hlte Sprecherin der KSS<\/strong>. Auch auf aktuelle Geschehnisse geht sie ein und spricht sich f\u00fcr die dringend notwendige Unterst\u00fctzung der Gefl\u00fcchteten aus der Ukraine aus: &#8222;Putins Angriffskrieg auf die Ukraine hat eine gro\u00dfe humanit\u00e4re Katastrophe ausgel\u00f6st. Nun geht es darum, f\u00fcr die in Deutschland angekommenen Gefl\u00fcchteten schnell und unb\u00fcrokratisch L\u00f6sungen zu finden. Die Welle der Solidarit\u00e4t ist sch\u00f6n zu sehen, aber sie darf nicht mit der wei\u00dfen Hautfarbe aufh\u00f6ren. Insbesondere f\u00fcr nicht-ukrainische Personen, die in der Ukraine studieren, m\u00fcssen Wege geschaffen werden, ihr Studium in Deutschland fortzuf\u00fchren.&#8220;<\/p>\n<p>Die neu gew\u00e4hlten Studierendenvertreter*innen m\u00fcssen in der neuen Legislatur auch bereits begonnene K\u00e4mpfe weiterf\u00fchren: &#8222;Vor \u00fcber zwei Jahren wurde uns eine zeitgem\u00e4\u00dfe Novellierung des S\u00e4chsischen Hochschulfreiheitsgesetzes versprochen. Nun beginnt bereits die dritte Amtszeit, in der wir der Regierung wegen diesem Versprechen hinterher laufen m\u00fcssen&#8220;, kritisiert <strong>Sabine Giese, frisch wiedergew\u00e4hlte Sprecherin der KSS<\/strong>, und erinnert die Hochschulleitungen ebenso an die neuen Anforderungen in der Bildung Studierender: &#8222;Zudem d\u00fcrfen wir nun trotz der teils mangelhaften Umsetzung digitaler Lehre in den letzten zwei Jahren nicht vor der Digitalisierung zur\u00fcckschrecken. Gerade hier m\u00fcssen wir aus der Pandemie lernen. Um all diese Ziele einer neuen Hochschullandschaft nun auch zu erreichen, m\u00fcssen fortan die Studierenden selbst st\u00e4rker in die Entscheidungen einbezogen werden. Dar\u00fcber waren wir uns zur letzten Tagung der Hochschulrektorenkonferenz mit zahlreichen Rektor*innen und Professor*innen aus ganz Deutschland einig. Wir werden nicht m\u00fcde, auch die s\u00e4chsischen Hochschulleitungen immer wieder daran zu erinnern!&#8220;<\/p>\n<p>Wie jede Amtszeit werden die beiden Sprecher*innen dabei von neu und wiedergew\u00e4hlten Amtstr\u00e4ger*innen unterst\u00fctzt. <strong>Maximilian Franke<\/strong> (HTW Dresden) als Beauftragter f\u00fcr Koordination,<strong> Elisa Rehle<\/strong> (Uni Leipzig) als Referentin f\u00fcr Lehramt, <strong>Matthias Jakobi<\/strong> (HTW Dresden) als Beauftragter f\u00fcr Administration und Rechentechnik und <strong>Felix Fink<\/strong> (Uni Leipzig) als Referent f\u00fcr Hochschulpolitik waren auch schon in der vorherigen Legislatur in der Landesstudierendenvertretung aktiv. Neu dazugekommen sind <strong>Lyubomyr Tartakovskyy<\/strong> (HTWK Leipzig) als finanzverantwortliche Person, <strong>Mathias Fr\u00f6ck<\/strong> (TU Dresden) als Beauftragter f\u00fcr \u00d6ffentlichkeitsarbeit sowie <strong>Fay Uhlmann<\/strong> (TU Dresden) als Referent*in f\u00fcr Feminismus. Im neu gegr\u00fcndeten Referat f\u00fcr Mobilit\u00e4t wird <strong>Cao Son Ta<\/strong> (TU Dresden) den Prozess der Einf\u00fchrung eines landesweiten Semestertickets weiter voran bringen. Gesucht werden noch Referent*innen f\u00fcr Inklusion, Lehre und Studium, Soziales, ausl\u00e4ndische Studierende, \u00d6kologie und studentische Besch\u00e4ftigte.<\/p>\n<p>Die Pressemitteilung ist auch als <a href=\"https:\/\/cloud.kss-sachsen.de\/s\/nz0scmJAM9lP0Cb\">pdf<\/a>. verf\u00fcgbar.<\/p>\n","protected":false},"excerpt":{"rendered":"<p>Sachsens Landesstudierendenvertretung startet im April mit einem neuen Team in die n\u00e4chste\u00a0Amtszeit Anhaltende Pandemiebedingungen, psychosoziale Notlagen der Studierenden, zahlreiche Kampagnen, der Ausbruch des Krieges in der Ukraine &#8211; ein ereignisreiches Jahr liegt hinter den Amtstr\u00e4ger*innen der Konferenz S\u00e4chsischer Studierendenschaften (KSS). Umso ereignisreicher wird die bevorstehende Amtszeit. Im n\u00e4chsten Jahr stellen sich erstmals seit vielen Jahren wieder zwei nicht-m\u00e4nnliche Studierende dieser<a class=\"read-more\" href=\"https:\/\/www.kss-sachsen.de\/pm_08_22\">Hier weiter lesen&#8230;<\/a><\/p>\n","protected":false},"author":1,"featured_media":0,"comment_status":"open","ping_status":"open","sticky":false,"template":"","format":"standard","meta":{"footnotes":""},"categories":[11],"tags":[],"yoast_head":"<!-- This site is optimized with the Yoast SEO plugin v23.5 - https:\/\/yoast.com\/wordpress\/plugins\/seo\/ -->\n<title>Motiviert f\u00fcr den Wandel in der Hochschulpolitik - KSS<\/title>\n<meta name=\"robots\" content=\"index, follow, max-snippet:-1, max-image-preview:large, max-video-preview:-1\" \/>\n<link rel=\"canonical\" href=\"https:\/\/www.kss-sachsen.de\/pm_08_22\" \/>\n<meta property=\"og:locale\" content=\"de_DE\" \/>\n<meta property=\"og:type\" content=\"article\" \/>\n<meta property=\"og:title\" content=\"Motiviert f\u00fcr den Wandel in der Hochschulpolitik - KSS\" \/>\n<meta property=\"og:description\" content=\"Sachsens Landesstudierendenvertretung startet im April mit einem neuen Team in die n\u00e4chste\u00a0Amtszeit Anhaltende Pandemiebedingungen, psychosoziale Notlagen der Studierenden, zahlreiche Kampagnen, der Ausbruch des Krieges in der Ukraine &#8211; ein ereignisreiches Jahr liegt hinter den Amtstr\u00e4ger*innen der Konferenz S\u00e4chsischer Studierendenschaften (KSS). Umso ereignisreicher wird die bevorstehende Amtszeit. Im n\u00e4chsten Jahr stellen sich erstmals seit vielen Jahren wieder zwei nicht-m\u00e4nnliche Studierende dieserHier weiter lesen...\" \/>\n<meta property=\"og:url\" content=\"https:\/\/www.kss-sachsen.de\/pm_08_22\" \/>\n<meta property=\"og:site_name\" content=\"KSS\" \/>\n<meta property=\"article:published_time\" content=\"2022-03-31T09:43:30+00:00\" \/>\n<meta property=\"article:modified_time\" content=\"2022-04-13T16:05:39+00:00\" \/>\n<meta name=\"author\" content=\"administration\" \/>\n<meta name=\"twitter:card\" content=\"summary_large_image\" \/>\n<meta name=\"twitter:label1\" content=\"Verfasst von\" \/>\n\t<meta name=\"twitter:data1\" content=\"administration\" \/>\n\t<meta name=\"twitter:label2\" content=\"Gesch\u00e4tzte Lesezeit\" \/>\n\t<meta name=\"twitter:data2\" content=\"3\u00a0Minuten\" \/>\n<script type=\"application\/ld+json\" class=\"yoast-schema-graph\">{\"@context\":\"https:\/\/schema.org\",\"@graph\":[{\"@type\":\"Article\",\"@id\":\"https:\/\/www.kss-sachsen.de\/pm_08_22#article\",\"isPartOf\":{\"@id\":\"https:\/\/www.kss-sachsen.de\/pm_08_22\"},\"author\":{\"name\":\"administration\",\"@id\":\"https:\/\/www.kss-sachsen.de\/#\/schema\/person\/fbcf1c2438e102156e84a4ba5c3daa64\"},\"headline\":\"Motiviert f\u00fcr den Wandel in der Hochschulpolitik\",\"datePublished\":\"2022-03-31T09:43:30+00:00\",\"dateModified\":\"2022-04-13T16:05:39+00:00\",\"mainEntityOfPage\":{\"@id\":\"https:\/\/www.kss-sachsen.de\/pm_08_22\"},\"wordCount\":611,\"commentCount\":0,\"publisher\":{\"@id\":\"https:\/\/www.kss-sachsen.de\/#organization\"},\"articleSection\":[\"Pressemitteilung\"],\"inLanguage\":\"de\",\"potentialAction\":[{\"@type\":\"CommentAction\",\"name\":\"Comment\",\"target\":[\"https:\/\/www.kss-sachsen.de\/pm_08_22#respond\"]}]},{\"@type\":\"WebPage\",\"@id\":\"https:\/\/www.kss-sachsen.de\/pm_08_22\",\"url\":\"https:\/\/www.kss-sachsen.de\/pm_08_22\",\"name\":\"Motiviert f\u00fcr den Wandel in der Hochschulpolitik - KSS\",\"isPartOf\":{\"@id\":\"https:\/\/www.kss-sachsen.de\/#website\"},\"datePublished\":\"2022-03-31T09:43:30+00:00\",\"dateModified\":\"2022-04-13T16:05:39+00:00\",\"breadcrumb\":{\"@id\":\"https:\/\/www.kss-sachsen.de\/pm_08_22#breadcrumb\"},\"inLanguage\":\"de\",\"potentialAction\":[{\"@type\":\"ReadAction\",\"target\":[\"https:\/\/www.kss-sachsen.de\/pm_08_22\"]}]},{\"@type\":\"BreadcrumbList\",\"@id\":\"https:\/\/www.kss-sachsen.de\/pm_08_22#breadcrumb\",\"itemListElement\":[{\"@type\":\"ListItem\",\"position\":1,\"name\":\"Home\",\"item\":\"https:\/\/www.kss-sachsen.de\/\"},{\"@type\":\"ListItem\",\"position\":2,\"name\":\"Motiviert f\u00fcr den Wandel in der Hochschulpolitik\"}]},{\"@type\":\"WebSite\",\"@id\":\"https:\/\/www.kss-sachsen.de\/#website\",\"url\":\"https:\/\/www.kss-sachsen.de\/\",\"name\":\"Konferenz S\u00e4chsischer Studierendenschaften\",\"description\":\"Konferenz S\u00e4chsischer Studierendenschaften\",\"publisher\":{\"@id\":\"https:\/\/www.kss-sachsen.de\/#organization\"},\"potentialAction\":[{\"@type\":\"SearchAction\",\"target\":{\"@type\":\"EntryPoint\",\"urlTemplate\":\"https:\/\/www.kss-sachsen.de\/?s={search_term_string}\"},\"query-input\":{\"@type\":\"PropertyValueSpecification\",\"valueRequired\":true,\"valueName\":\"search_term_string\"}}],\"inLanguage\":\"de\"},{\"@type\":\"Organization\",\"@id\":\"https:\/\/www.kss-sachsen.de\/#organization\",\"name\":\"Konferenz S\u00e4chsischer Studierendenschaften\",\"url\":\"https:\/\/www.kss-sachsen.de\/\",\"logo\":{\"@type\":\"ImageObject\",\"inLanguage\":\"de\",\"@id\":\"https:\/\/www.kss-sachsen.de\/#\/schema\/logo\/image\/\",\"url\":\"https:\/\/www.kss-sachsen.de\/wp-content\/uploads\/2023\/02\/Logo-KSS.png\",\"contentUrl\":\"https:\/\/www.kss-sachsen.de\/wp-content\/uploads\/2023\/02\/Logo-KSS.png\",\"width\":2239,\"height\":1528,\"caption\":\"Konferenz S\u00e4chsischer Studierendenschaften\"},\"image\":{\"@id\":\"https:\/\/www.kss-sachsen.de\/#\/schema\/logo\/image\/\"},\"sameAs\":[\"https:\/\/www.instagram.com\/kss_sachsen\/\"]},{\"@type\":\"Person\",\"@id\":\"https:\/\/www.kss-sachsen.de\/#\/schema\/person\/fbcf1c2438e102156e84a4ba5c3daa64\",\"name\":\"administration\",\"image\":{\"@type\":\"ImageObject\",\"inLanguage\":\"de\",\"@id\":\"https:\/\/www.kss-sachsen.de\/#\/schema\/person\/image\/\",\"url\":\"https:\/\/secure.gravatar.com\/avatar\/e4ecd4cb3a6714c2adcf507161262d91?s=96&d=mm&r=g\",\"contentUrl\":\"https:\/\/secure.gravatar.com\/avatar\/e4ecd4cb3a6714c2adcf507161262d91?s=96&d=mm&r=g\",\"caption\":\"administration\"},\"url\":\"https:\/\/www.kss-sachsen.de\/?author=1\"}]}<\/script>\n<!-- \/ Yoast SEO plugin. -->","yoast_head_json":{"title":"Motiviert f\u00fcr den Wandel in der Hochschulpolitik - KSS","robots":{"index":"index","follow":"follow","max-snippet":"max-snippet:-1","max-image-preview":"max-image-preview:large","max-video-preview":"max-video-preview:-1"},"canonical":"https:\/\/www.kss-sachsen.de\/pm_08_22","og_locale":"de_DE","og_type":"article","og_title":"Motiviert f\u00fcr den Wandel in der Hochschulpolitik - KSS","og_description":"Sachsens Landesstudierendenvertretung startet im April mit einem neuen Team in die n\u00e4chste\u00a0Amtszeit Anhaltende Pandemiebedingungen, psychosoziale Notlagen der Studierenden, zahlreiche Kampagnen, der Ausbruch des Krieges in der Ukraine &#8211; ein ereignisreiches Jahr liegt hinter den Amtstr\u00e4ger*innen der Konferenz S\u00e4chsischer Studierendenschaften (KSS). Umso ereignisreicher wird die bevorstehende Amtszeit. Im n\u00e4chsten Jahr stellen sich erstmals seit vielen Jahren wieder zwei nicht-m\u00e4nnliche Studierende dieserHier weiter lesen...","og_url":"https:\/\/www.kss-sachsen.de\/pm_08_22","og_site_name":"KSS","article_published_time":"2022-03-31T09:43:30+00:00","article_modified_time":"2022-04-13T16:05:39+00:00","author":"administration","twitter_card":"summary_large_image","twitter_misc":{"Verfasst von":"administration","Gesch\u00e4tzte Lesezeit":"3\u00a0Minuten"},"schema":{"@context":"https:\/\/schema.org","@graph":[{"@type":"Article","@id":"https:\/\/www.kss-sachsen.de\/pm_08_22#article","isPartOf":{"@id":"https:\/\/www.kss-sachsen.de\/pm_08_22"},"author":{"name":"administration","@id":"https:\/\/www.kss-sachsen.de\/#\/schema\/person\/fbcf1c2438e102156e84a4ba5c3daa64"},"headline":"Motiviert f\u00fcr den Wandel in der Hochschulpolitik","datePublished":"2022-03-31T09:43:30+00:00","dateModified":"2022-04-13T16:05:39+00:00","mainEntityOfPage":{"@id":"https:\/\/www.kss-sachsen.de\/pm_08_22"},"wordCount":611,"commentCount":0,"publisher":{"@id":"https:\/\/www.kss-sachsen.de\/#organization"},"articleSection":["Pressemitteilung"],"inLanguage":"de","potentialAction":[{"@type":"CommentAction","name":"Comment","target":["https:\/\/www.kss-sachsen.de\/pm_08_22#respond"]}]},{"@type":"WebPage","@id":"https:\/\/www.kss-sachsen.de\/pm_08_22","url":"https:\/\/www.kss-sachsen.de\/pm_08_22","name":"Motiviert f\u00fcr den Wandel in der Hochschulpolitik - KSS","isPartOf":{"@id":"https:\/\/www.kss-sachsen.de\/#website"},"datePublished":"2022-03-31T09:43:30+00:00","dateModified":"2022-04-13T16:05:39+00:00","breadcrumb":{"@id":"https:\/\/www.kss-sachsen.de\/pm_08_22#breadcrumb"},"inLanguage":"de","potentialAction":[{"@type":"ReadAction","target":["https:\/\/www.kss-sachsen.de\/pm_08_22"]}]},{"@type":"BreadcrumbList","@id":"https:\/\/www.kss-sachsen.de\/pm_08_22#breadcrumb","itemListElement":[{"@type":"ListItem","position":1,"name":"Home","item":"https:\/\/www.kss-sachsen.de\/"},{"@type":"ListItem","position":2,"name":"Motiviert f\u00fcr den Wandel in der Hochschulpolitik"}]},{"@type":"WebSite","@id":"https:\/\/www.kss-sachsen.de\/#website","url":"https:\/\/www.kss-sachsen.de\/","name":"Konferenz S\u00e4chsischer Studierendenschaften","description":"Konferenz S\u00e4chsischer Studierendenschaften","publisher":{"@id":"https:\/\/www.kss-sachsen.de\/#organization"},"potentialAction":[{"@type":"SearchAction","target":{"@type":"EntryPoint","urlTemplate":"https:\/\/www.kss-sachsen.de\/?s={search_term_string}"},"query-input":{"@type":"PropertyValueSpecification","valueRequired":true,"valueName":"search_term_string"}}],"inLanguage":"de"},{"@type":"Organization","@id":"https:\/\/www.kss-sachsen.de\/#organization","name":"Konferenz S\u00e4chsischer Studierendenschaften","url":"https:\/\/www.kss-sachsen.de\/","logo":{"@type":"ImageObject","inLanguage":"de","@id":"https:\/\/www.kss-sachsen.de\/#\/schema\/logo\/image\/","url":"https:\/\/www.kss-sachsen.de\/wp-content\/uploads\/2023\/02\/Logo-KSS.png","contentUrl":"https:\/\/www.kss-sachsen.de\/wp-content\/uploads\/2023\/02\/Logo-KSS.png","width":2239,"height":1528,"caption":"Konferenz S\u00e4chsischer Studierendenschaften"},"image":{"@id":"https:\/\/www.kss-sachsen.de\/#\/schema\/logo\/image\/"},"sameAs":["https:\/\/www.instagram.com\/kss_sachsen\/"]},{"@type":"Person","@id":"https:\/\/www.kss-sachsen.de\/#\/schema\/person\/fbcf1c2438e102156e84a4ba5c3daa64","name":"administration","image":{"@type":"ImageObject","inLanguage":"de","@id":"https:\/\/www.kss-sachsen.de\/#\/schema\/person\/image\/","url":"https:\/\/secure.gravatar.com\/avatar\/e4ecd4cb3a6714c2adcf507161262d91?s=96&d=mm&r=g","contentUrl":"https:\/\/secure.gravatar.com\/avatar\/e4ecd4cb3a6714c2adcf507161262d91?s=96&d=mm&r=g","caption":"administration"},"url":"https:\/\/www.kss-sachsen.de\/?author=1"}]}},"_links":{"self":[{"href":"https:\/\/www.kss-sachsen.de\/index.php?rest_route=\/wp\/v2\/posts\/2726"}],"collection":[{"href":"https:\/\/www.kss-sachsen.de\/index.php?rest_route=\/wp\/v2\/posts"}],"about":[{"href":"https:\/\/www.kss-sachsen.de\/index.php?rest_route=\/wp\/v2\/types\/post"}],"author":[{"embeddable":true,"href":"https:\/\/www.kss-sachsen.de\/index.php?rest_route=\/wp\/v2\/users\/1"}],"replies":[{"embeddable":true,"href":"https:\/\/www.kss-sachsen.de\/index.php?rest_route=%2Fwp%2Fv2%2Fcomments&post=2726"}],"version-history":[{"count":3,"href":"https:\/\/www.kss-sachsen.de\/index.php?rest_route=\/wp\/v2\/posts\/2726\/revisions"}],"predecessor-version":[{"id":2730,"href":"https:\/\/www.kss-sachsen.de\/index.php?rest_route=\/wp\/v2\/posts\/2726\/revisions\/2730"}],"wp:attachment":[{"href":"https:\/\/www.kss-sachsen.de\/index.php?rest_route=%2Fwp%2Fv2%2Fmedia&parent=2726"}],"wp:term":[{"taxonomy":"category","embeddable":true,"href":"https:\/\/www.kss-sachsen.de\/index.php?rest_route=%2Fwp%2Fv2%2Fcategories&post=2726"},{"taxonomy":"post_tag","embeddable":true,"href":"https:\/\/www.kss-sachsen.de\/index.php?rest_route=%2Fwp%2Fv2%2Ftags&post=2726"}],"curies":[{"name":"wp","href":"https:\/\/api.w.org\/{rel}","templated":true}]}}