{"id":2761,"date":"2022-04-16T14:34:30","date_gmt":"2022-04-16T12:34:30","guid":{"rendered":"https:\/\/www.kss-sachsen.de\/?p=2761"},"modified":"2022-04-16T14:34:30","modified_gmt":"2022-04-16T12:34:30","slug":"jahrlicher-austausch-mit-sachsens-rektorinnen","status":"publish","type":"post","link":"https:\/\/www.kss-sachsen.de\/lrk_2022","title":{"rendered":"J\u00e4hrlicher Austausch mit Sachsens Rektor*innen"},"content":{"rendered":"<h3>Blumen zum Amtsantritt &#8211; haben unsere Sprecher*innen in der Sitzung der Landesrektor*innenkonferenz erhalten. Wir freuen uns ebenso \u00fcber die Umsetzung gemeinsamer Ziele<\/h3>\n<p>&nbsp;<\/p>\n<p>J\u00e4hrlich werden die Vertreter*innen der Konferenz S\u00e4chsischer Studierendenschaften zu einem kurzen Austausch mit dem Plenum der Landesrektor*innenkonferenz (LRK) eingeladen. Am 14. April hatten unsere Sprecher*innen Uta und Bine und unser Referent f\u00fcr Hochschulpolitik Felix die M\u00f6glichkeit, vor allen Rektor*innen und Kanzler*innen der S\u00e4chsischen Hochschulen den aktuell notwendigen Wandel in der Hochschulpolitik nach bzw. w\u00e4hrend der Pandemie und weitere Themen anzubringen. Die Rektor*innen beanspruchen f\u00fcr sich regelm\u00e4\u00dfig alle Mitglieder der Hochschulen (also nicht nur die Profs, sondern auch die Studis und die Mitarbeitenden) zu vertreten. Ob ihnen das gelingt, k\u00f6nnt ihr anhand der inhaltlichen Positionierungen selbst bewerten:<\/p>\n<p>&nbsp;<\/p>\n<h4>Sozialer Wandel nach Corona &#8211; Psychosoziale Problemlagen, Studienfachberatung und Digitalisierung<\/h4>\n<p>Nachdem das Res\u00fcmee der Tagung &#8222;Aufbruch in eine neue Hochschulwelt!&#8220; der Hochschulrektorenkonferenz (HRK) insbesondere auf die Abfederung der sozialen Folgen der Coronapandemie abzielte, war es uns ein Anliegen, dies auch bei unserer LRK in Sachsen zu thematisieren. Die Rektor*innen schienen sich der Problemlage bewusst zu sein und wollen sich diesem Thema k\u00fcnftig verst\u00e4rkter annehmen. Insbesondere die Informationsweiterleitungen zu bestehenden Beratungsangeboten sollen verbessert werden. Wir konnten zudem die Idee von verst\u00e4rkten Mentoring-Programmen sowie die Notwendigkeit einer gut ausgestatteten Studienfachberatung ansprechen. Auch im Thema Digitalisierung haben die Rektor*innen klar gestellt, dass sie hybride Lehrformate und sinnvolle Erg\u00e4nzungen des Lehrbetriebes durch digitale Angebote anstreben. Wir werden die Umsetzung dieser vorerst gut klingenden Pl\u00e4ne im kommenden Semester weiterhin kritisch begleiten.<\/p>\n<p>&nbsp;<\/p>\n<h4>Novellierung des Hochschulfreiheitsgesetzes<\/h4>\n<p>\u00c4hnlich wie wir als Studierendenvertretung haben auch die Rektor*innen das Anliegen, unser Hochschulgesetz endlich auf einen zeitgem\u00e4\u00dfen Stand zu bringen. Da im Mai bereits eine kleinere Novellierung des Hochschulgesetzes ansteht, konnten wir hier einige strittige Punkte kl\u00e4ren: Neben einer Verstetigung der M\u00f6glichkeit zur Regelstudienzeitverl\u00e4ngerung durch das Ministerium und Verl\u00e4ngerungen der Vertragslaufzeiten f\u00fcr wissenschaftliche Mitarbeitende und Juniorprofessor*innen soll in dieser Novellierung insbesondere die gesetzliche Grundlage f\u00fcr digitale Pr\u00fcfungen geschaffen werden. Hier waren wir uns vor allem uneinig, was unsere Bedenken zum Datenschutz bei schriftlichen Pr\u00fcfungen mit \u00dcberwachung anging. Gew\u00fcnscht h\u00e4tten wir uns, dass sich die LRK klar gegen die \u00dcberwachung des WG-Zimmers w\u00e4hrend Onlinepr\u00fcfungen durch mehrere Kameras und gegen eine m\u00f6gliche Pflicht zum Installieren von \u00dcberwachungssoftware auf dem privaten PC stellt &#8211; was sie zumindest vorerst nicht tat. Zur aktuellen Gesetzesnovellierung berichten wir im Mai ausf\u00fchrlicher, der Gesetzgeber wird hier unbedingt nachsteuern m\u00fcssen.<\/p>\n<p>&nbsp;<\/p>\n<h4>Unterst\u00fctzung f\u00fcr Gefl\u00fcchtete aus der Ukraine und insbesondere f\u00fcr Drittstaatler*innen<\/h4>\n<p>Beim Thema der notwendigen Aufnahme und Unterst\u00fctzung von Studierenden aus Drittstaaten begegneten uns die Rektor*innen mit den Worten: &#8222;Mit diesem Thema rennen Sie hier offene Scheunentore ein!&#8220; Das klang prinzipiell sehr gut! Wir freuen uns, dass sich auch alle Hochschulleitungen in Sachsen daf\u00fcr einsetzen, dass der Schutzstatus f\u00fcr alle gefl\u00fcchteten Studierenden baf\u00f6gwirksam \u00fcber \u00a7 23 Aufenthaltsgesetz umgesetzt wird und Ermessensspielr\u00e4ume bei Beantragungen von Aufenthaltserlaubnissen zum Zweck des Studiums ausgenutzt werden. Demnach geht es wohl an den Interessen aller Hochschulakteur*innen in Sachsen vorbei, wenn SMI und BMI dieser Aufforderung nicht nachkommen. Au\u00dferdem haben wir das flexible Austauschstudium der TU Dresden ansprechen und auch den anderen Hochschulen ans Herz legen k\u00f6nnen.<\/p>\n<p>&nbsp;<\/p>\n<h4>Landesweites Semesterticket<\/h4>\n<p>Beim Thema des landesweiten Semestertickets mussten wir zun\u00e4chst einmal erkl\u00e4ren, worum es geht. Nach anf\u00e4nglichen Verst\u00e4ndnisschwierigkeiten konnten wir erl\u00e4utern, dass wir zun\u00e4chst eine Umfrage unter allen Studierenden durchf\u00fchren wollen, um die Bedarfe f\u00fcr das Ticket zu erfahren und eine Verhandlungsposition gegen\u00fcber den Verkehrsbetrieben zu erhalten. Seitens der LRK wurde uns zugesagt, dass wir gemeinsam f\u00fcr eine politische Subventionierung des Tickets k\u00e4mpfen werden, wenn es soweit ist.<\/p>\n<p>&nbsp;<\/p>\n<h4>Studentischer Tarifvertrag in Sachsen<\/h4>\n<p>Ob der Notwendigkeit eines studentischen Tarifvertrages waren wir uns mit den Rektor*innen bei weitem nicht einig und mussten sogar rechtfertigen, weshalb es diese Forderung \u00fcberhaupt gibt. Es gab gro\u00dfe Kritik an diesem Vorhaben &#8211; sei dies doch nicht die Aufgabe der Hochschulen und w\u00fcrden doch bereits Regelungen zum Mindestlohn f\u00fcr SHKs und WHKs existieren. Wir hatten nicht damit gerechnet, solch einen Gegenwind bei der f\u00fcr uns selbstverst\u00e4ndlichen Forderung nach Mindeststandards f\u00fcr Besch\u00e4ftigungen an den Hochschulen zu erhalten. Anstelle nach Solidarit\u00e4t von den Rektor*innen zu fragen, mussten wir ihnen also erkl\u00e4ren, warum es problematisch ist, dass Studierende an den Hochschulen keine geregelten Arbeitsbedingungen haben, nur auf wenige Monate befristet werden, viel weniger Urlaub haben, einen geringen Lohn verdienen und der Willk\u00fcr ihrer Arbeitgeber*innen unterliegen. Offensichtlich haben wir wohl in eine offene Wunde getroffen und k\u00f6nnen nur schlussfolgern, dass wir auf diesen Notstand insbesondere in Sachsen weiterhin aufmerksam machen m\u00fcssen!<\/p>\n","protected":false},"excerpt":{"rendered":"<p>Blumen zum Amtsantritt &#8211; haben unsere Sprecher*innen in der Sitzung der Landesrektor*innenkonferenz erhalten. Wir freuen uns ebenso \u00fcber die Umsetzung gemeinsamer Ziele &nbsp; J\u00e4hrlich werden die Vertreter*innen der Konferenz S\u00e4chsischer Studierendenschaften zu einem kurzen Austausch mit dem Plenum der Landesrektor*innenkonferenz (LRK) eingeladen. Am 14. April hatten unsere Sprecher*innen Uta und Bine und unser Referent f\u00fcr Hochschulpolitik Felix die M\u00f6glichkeit, vor<a class=\"read-more\" href=\"https:\/\/www.kss-sachsen.de\/lrk_2022\">Hier weiter lesen&#8230;<\/a><\/p>\n","protected":false},"author":1,"featured_media":2765,"comment_status":"open","ping_status":"open","sticky":false,"template":"","format":"standard","meta":{"footnotes":""},"categories":[5],"tags":[],"yoast_head":"<!-- This site is optimized with the Yoast SEO plugin v23.5 - https:\/\/yoast.com\/wordpress\/plugins\/seo\/ -->\n<title>J\u00e4hrlicher Austausch mit Sachsens Rektor*innen - KSS<\/title>\n<meta name=\"robots\" content=\"index, follow, max-snippet:-1, max-image-preview:large, max-video-preview:-1\" \/>\n<link rel=\"canonical\" href=\"https:\/\/www.kss-sachsen.de\/lrk_2022\" \/>\n<meta property=\"og:locale\" content=\"de_DE\" \/>\n<meta property=\"og:type\" content=\"article\" \/>\n<meta property=\"og:title\" content=\"J\u00e4hrlicher Austausch mit Sachsens Rektor*innen - KSS\" \/>\n<meta property=\"og:description\" content=\"Blumen zum Amtsantritt &#8211; haben unsere Sprecher*innen in der Sitzung der Landesrektor*innenkonferenz erhalten. Wir freuen uns ebenso \u00fcber die Umsetzung gemeinsamer Ziele &nbsp; J\u00e4hrlich werden die Vertreter*innen der Konferenz S\u00e4chsischer Studierendenschaften zu einem kurzen Austausch mit dem Plenum der Landesrektor*innenkonferenz (LRK) eingeladen. Am 14. April hatten unsere Sprecher*innen Uta und Bine und unser Referent f\u00fcr Hochschulpolitik Felix die M\u00f6glichkeit, vorHier weiter lesen...\" \/>\n<meta property=\"og:url\" content=\"https:\/\/www.kss-sachsen.de\/lrk_2022\" \/>\n<meta property=\"og:site_name\" content=\"KSS\" \/>\n<meta property=\"article:published_time\" content=\"2022-04-16T12:34:30+00:00\" \/>\n<meta property=\"og:image\" content=\"https:\/\/www.kss-sachsen.de\/wp-content\/uploads\/2022\/04\/sprecherinnen-mit-rosen.jpg\" \/>\n\t<meta property=\"og:image:width\" content=\"1512\" \/>\n\t<meta property=\"og:image:height\" content=\"1344\" \/>\n\t<meta property=\"og:image:type\" content=\"image\/jpeg\" \/>\n<meta name=\"author\" content=\"administration\" \/>\n<meta name=\"twitter:card\" content=\"summary_large_image\" \/>\n<meta name=\"twitter:label1\" content=\"Verfasst von\" \/>\n\t<meta name=\"twitter:data1\" content=\"administration\" \/>\n\t<meta name=\"twitter:label2\" content=\"Gesch\u00e4tzte Lesezeit\" \/>\n\t<meta name=\"twitter:data2\" content=\"4\u00a0Minuten\" \/>\n<script type=\"application\/ld+json\" class=\"yoast-schema-graph\">{\"@context\":\"https:\/\/schema.org\",\"@graph\":[{\"@type\":\"Article\",\"@id\":\"https:\/\/www.kss-sachsen.de\/lrk_2022#article\",\"isPartOf\":{\"@id\":\"https:\/\/www.kss-sachsen.de\/lrk_2022\"},\"author\":{\"name\":\"administration\",\"@id\":\"https:\/\/www.kss-sachsen.de\/#\/schema\/person\/fbcf1c2438e102156e84a4ba5c3daa64\"},\"headline\":\"J\u00e4hrlicher Austausch mit Sachsens Rektor*innen\",\"datePublished\":\"2022-04-16T12:34:30+00:00\",\"dateModified\":\"2022-04-16T12:34:30+00:00\",\"mainEntityOfPage\":{\"@id\":\"https:\/\/www.kss-sachsen.de\/lrk_2022\"},\"wordCount\":822,\"commentCount\":0,\"publisher\":{\"@id\":\"https:\/\/www.kss-sachsen.de\/#organization\"},\"image\":{\"@id\":\"https:\/\/www.kss-sachsen.de\/lrk_2022#primaryimage\"},\"thumbnailUrl\":\"https:\/\/www.kss-sachsen.de\/wp-content\/uploads\/2022\/04\/sprecherinnen-mit-rosen.jpg\",\"articleSection\":[\"Hochschulpolitik\"],\"inLanguage\":\"de\",\"potentialAction\":[{\"@type\":\"CommentAction\",\"name\":\"Comment\",\"target\":[\"https:\/\/www.kss-sachsen.de\/lrk_2022#respond\"]}]},{\"@type\":\"WebPage\",\"@id\":\"https:\/\/www.kss-sachsen.de\/lrk_2022\",\"url\":\"https:\/\/www.kss-sachsen.de\/lrk_2022\",\"name\":\"J\u00e4hrlicher Austausch mit Sachsens Rektor*innen - KSS\",\"isPartOf\":{\"@id\":\"https:\/\/www.kss-sachsen.de\/#website\"},\"primaryImageOfPage\":{\"@id\":\"https:\/\/www.kss-sachsen.de\/lrk_2022#primaryimage\"},\"image\":{\"@id\":\"https:\/\/www.kss-sachsen.de\/lrk_2022#primaryimage\"},\"thumbnailUrl\":\"https:\/\/www.kss-sachsen.de\/wp-content\/uploads\/2022\/04\/sprecherinnen-mit-rosen.jpg\",\"datePublished\":\"2022-04-16T12:34:30+00:00\",\"dateModified\":\"2022-04-16T12:34:30+00:00\",\"breadcrumb\":{\"@id\":\"https:\/\/www.kss-sachsen.de\/lrk_2022#breadcrumb\"},\"inLanguage\":\"de\",\"potentialAction\":[{\"@type\":\"ReadAction\",\"target\":[\"https:\/\/www.kss-sachsen.de\/lrk_2022\"]}]},{\"@type\":\"ImageObject\",\"inLanguage\":\"de\",\"@id\":\"https:\/\/www.kss-sachsen.de\/lrk_2022#primaryimage\",\"url\":\"https:\/\/www.kss-sachsen.de\/wp-content\/uploads\/2022\/04\/sprecherinnen-mit-rosen.jpg\",\"contentUrl\":\"https:\/\/www.kss-sachsen.de\/wp-content\/uploads\/2022\/04\/sprecherinnen-mit-rosen.jpg\",\"width\":1512,\"height\":1344,\"caption\":\"Blumen zum Amtsantritt - haben unsere Sprecher*innen zur Sitzung der LRK erhalten. Wir freuen uns ebenso \u00fcber die Umsetzung gemeinsamer Ziele\"},{\"@type\":\"BreadcrumbList\",\"@id\":\"https:\/\/www.kss-sachsen.de\/lrk_2022#breadcrumb\",\"itemListElement\":[{\"@type\":\"ListItem\",\"position\":1,\"name\":\"Home\",\"item\":\"https:\/\/www.kss-sachsen.de\/\"},{\"@type\":\"ListItem\",\"position\":2,\"name\":\"J\u00e4hrlicher Austausch mit Sachsens Rektor*innen\"}]},{\"@type\":\"WebSite\",\"@id\":\"https:\/\/www.kss-sachsen.de\/#website\",\"url\":\"https:\/\/www.kss-sachsen.de\/\",\"name\":\"Konferenz S\u00e4chsischer Studierendenschaften\",\"description\":\"Konferenz S\u00e4chsischer Studierendenschaften\",\"publisher\":{\"@id\":\"https:\/\/www.kss-sachsen.de\/#organization\"},\"potentialAction\":[{\"@type\":\"SearchAction\",\"target\":{\"@type\":\"EntryPoint\",\"urlTemplate\":\"https:\/\/www.kss-sachsen.de\/?s={search_term_string}\"},\"query-input\":{\"@type\":\"PropertyValueSpecification\",\"valueRequired\":true,\"valueName\":\"search_term_string\"}}],\"inLanguage\":\"de\"},{\"@type\":\"Organization\",\"@id\":\"https:\/\/www.kss-sachsen.de\/#organization\",\"name\":\"Konferenz S\u00e4chsischer Studierendenschaften\",\"url\":\"https:\/\/www.kss-sachsen.de\/\",\"logo\":{\"@type\":\"ImageObject\",\"inLanguage\":\"de\",\"@id\":\"https:\/\/www.kss-sachsen.de\/#\/schema\/logo\/image\/\",\"url\":\"https:\/\/www.kss-sachsen.de\/wp-content\/uploads\/2023\/02\/Logo-KSS.png\",\"contentUrl\":\"https:\/\/www.kss-sachsen.de\/wp-content\/uploads\/2023\/02\/Logo-KSS.png\",\"width\":2239,\"height\":1528,\"caption\":\"Konferenz S\u00e4chsischer Studierendenschaften\"},\"image\":{\"@id\":\"https:\/\/www.kss-sachsen.de\/#\/schema\/logo\/image\/\"},\"sameAs\":[\"https:\/\/www.instagram.com\/kss_sachsen\/\"]},{\"@type\":\"Person\",\"@id\":\"https:\/\/www.kss-sachsen.de\/#\/schema\/person\/fbcf1c2438e102156e84a4ba5c3daa64\",\"name\":\"administration\",\"image\":{\"@type\":\"ImageObject\",\"inLanguage\":\"de\",\"@id\":\"https:\/\/www.kss-sachsen.de\/#\/schema\/person\/image\/\",\"url\":\"https:\/\/secure.gravatar.com\/avatar\/e4ecd4cb3a6714c2adcf507161262d91?s=96&d=mm&r=g\",\"contentUrl\":\"https:\/\/secure.gravatar.com\/avatar\/e4ecd4cb3a6714c2adcf507161262d91?s=96&d=mm&r=g\",\"caption\":\"administration\"},\"url\":\"https:\/\/www.kss-sachsen.de\/?author=1\"}]}<\/script>\n<!-- \/ Yoast SEO plugin. -->","yoast_head_json":{"title":"J\u00e4hrlicher Austausch mit Sachsens Rektor*innen - KSS","robots":{"index":"index","follow":"follow","max-snippet":"max-snippet:-1","max-image-preview":"max-image-preview:large","max-video-preview":"max-video-preview:-1"},"canonical":"https:\/\/www.kss-sachsen.de\/lrk_2022","og_locale":"de_DE","og_type":"article","og_title":"J\u00e4hrlicher Austausch mit Sachsens Rektor*innen - KSS","og_description":"Blumen zum Amtsantritt &#8211; haben unsere Sprecher*innen in der Sitzung der Landesrektor*innenkonferenz erhalten. Wir freuen uns ebenso \u00fcber die Umsetzung gemeinsamer Ziele &nbsp; J\u00e4hrlich werden die Vertreter*innen der Konferenz S\u00e4chsischer Studierendenschaften zu einem kurzen Austausch mit dem Plenum der Landesrektor*innenkonferenz (LRK) eingeladen. Am 14. April hatten unsere Sprecher*innen Uta und Bine und unser Referent f\u00fcr Hochschulpolitik Felix die M\u00f6glichkeit, vorHier weiter lesen...","og_url":"https:\/\/www.kss-sachsen.de\/lrk_2022","og_site_name":"KSS","article_published_time":"2022-04-16T12:34:30+00:00","og_image":[{"width":1512,"height":1344,"url":"https:\/\/www.kss-sachsen.de\/wp-content\/uploads\/2022\/04\/sprecherinnen-mit-rosen.jpg","type":"image\/jpeg"}],"author":"administration","twitter_card":"summary_large_image","twitter_misc":{"Verfasst von":"administration","Gesch\u00e4tzte Lesezeit":"4\u00a0Minuten"},"schema":{"@context":"https:\/\/schema.org","@graph":[{"@type":"Article","@id":"https:\/\/www.kss-sachsen.de\/lrk_2022#article","isPartOf":{"@id":"https:\/\/www.kss-sachsen.de\/lrk_2022"},"author":{"name":"administration","@id":"https:\/\/www.kss-sachsen.de\/#\/schema\/person\/fbcf1c2438e102156e84a4ba5c3daa64"},"headline":"J\u00e4hrlicher Austausch mit Sachsens Rektor*innen","datePublished":"2022-04-16T12:34:30+00:00","dateModified":"2022-04-16T12:34:30+00:00","mainEntityOfPage":{"@id":"https:\/\/www.kss-sachsen.de\/lrk_2022"},"wordCount":822,"commentCount":0,"publisher":{"@id":"https:\/\/www.kss-sachsen.de\/#organization"},"image":{"@id":"https:\/\/www.kss-sachsen.de\/lrk_2022#primaryimage"},"thumbnailUrl":"https:\/\/www.kss-sachsen.de\/wp-content\/uploads\/2022\/04\/sprecherinnen-mit-rosen.jpg","articleSection":["Hochschulpolitik"],"inLanguage":"de","potentialAction":[{"@type":"CommentAction","name":"Comment","target":["https:\/\/www.kss-sachsen.de\/lrk_2022#respond"]}]},{"@type":"WebPage","@id":"https:\/\/www.kss-sachsen.de\/lrk_2022","url":"https:\/\/www.kss-sachsen.de\/lrk_2022","name":"J\u00e4hrlicher Austausch mit Sachsens Rektor*innen - KSS","isPartOf":{"@id":"https:\/\/www.kss-sachsen.de\/#website"},"primaryImageOfPage":{"@id":"https:\/\/www.kss-sachsen.de\/lrk_2022#primaryimage"},"image":{"@id":"https:\/\/www.kss-sachsen.de\/lrk_2022#primaryimage"},"thumbnailUrl":"https:\/\/www.kss-sachsen.de\/wp-content\/uploads\/2022\/04\/sprecherinnen-mit-rosen.jpg","datePublished":"2022-04-16T12:34:30+00:00","dateModified":"2022-04-16T12:34:30+00:00","breadcrumb":{"@id":"https:\/\/www.kss-sachsen.de\/lrk_2022#breadcrumb"},"inLanguage":"de","potentialAction":[{"@type":"ReadAction","target":["https:\/\/www.kss-sachsen.de\/lrk_2022"]}]},{"@type":"ImageObject","inLanguage":"de","@id":"https:\/\/www.kss-sachsen.de\/lrk_2022#primaryimage","url":"https:\/\/www.kss-sachsen.de\/wp-content\/uploads\/2022\/04\/sprecherinnen-mit-rosen.jpg","contentUrl":"https:\/\/www.kss-sachsen.de\/wp-content\/uploads\/2022\/04\/sprecherinnen-mit-rosen.jpg","width":1512,"height":1344,"caption":"Blumen zum Amtsantritt - haben unsere Sprecher*innen zur Sitzung der LRK erhalten. Wir freuen uns ebenso \u00fcber die Umsetzung gemeinsamer Ziele"},{"@type":"BreadcrumbList","@id":"https:\/\/www.kss-sachsen.de\/lrk_2022#breadcrumb","itemListElement":[{"@type":"ListItem","position":1,"name":"Home","item":"https:\/\/www.kss-sachsen.de\/"},{"@type":"ListItem","position":2,"name":"J\u00e4hrlicher Austausch mit Sachsens Rektor*innen"}]},{"@type":"WebSite","@id":"https:\/\/www.kss-sachsen.de\/#website","url":"https:\/\/www.kss-sachsen.de\/","name":"Konferenz S\u00e4chsischer Studierendenschaften","description":"Konferenz S\u00e4chsischer Studierendenschaften","publisher":{"@id":"https:\/\/www.kss-sachsen.de\/#organization"},"potentialAction":[{"@type":"SearchAction","target":{"@type":"EntryPoint","urlTemplate":"https:\/\/www.kss-sachsen.de\/?s={search_term_string}"},"query-input":{"@type":"PropertyValueSpecification","valueRequired":true,"valueName":"search_term_string"}}],"inLanguage":"de"},{"@type":"Organization","@id":"https:\/\/www.kss-sachsen.de\/#organization","name":"Konferenz S\u00e4chsischer Studierendenschaften","url":"https:\/\/www.kss-sachsen.de\/","logo":{"@type":"ImageObject","inLanguage":"de","@id":"https:\/\/www.kss-sachsen.de\/#\/schema\/logo\/image\/","url":"https:\/\/www.kss-sachsen.de\/wp-content\/uploads\/2023\/02\/Logo-KSS.png","contentUrl":"https:\/\/www.kss-sachsen.de\/wp-content\/uploads\/2023\/02\/Logo-KSS.png","width":2239,"height":1528,"caption":"Konferenz S\u00e4chsischer Studierendenschaften"},"image":{"@id":"https:\/\/www.kss-sachsen.de\/#\/schema\/logo\/image\/"},"sameAs":["https:\/\/www.instagram.com\/kss_sachsen\/"]},{"@type":"Person","@id":"https:\/\/www.kss-sachsen.de\/#\/schema\/person\/fbcf1c2438e102156e84a4ba5c3daa64","name":"administration","image":{"@type":"ImageObject","inLanguage":"de","@id":"https:\/\/www.kss-sachsen.de\/#\/schema\/person\/image\/","url":"https:\/\/secure.gravatar.com\/avatar\/e4ecd4cb3a6714c2adcf507161262d91?s=96&d=mm&r=g","contentUrl":"https:\/\/secure.gravatar.com\/avatar\/e4ecd4cb3a6714c2adcf507161262d91?s=96&d=mm&r=g","caption":"administration"},"url":"https:\/\/www.kss-sachsen.de\/?author=1"}]}},"_links":{"self":[{"href":"https:\/\/www.kss-sachsen.de\/index.php?rest_route=\/wp\/v2\/posts\/2761"}],"collection":[{"href":"https:\/\/www.kss-sachsen.de\/index.php?rest_route=\/wp\/v2\/posts"}],"about":[{"href":"https:\/\/www.kss-sachsen.de\/index.php?rest_route=\/wp\/v2\/types\/post"}],"author":[{"embeddable":true,"href":"https:\/\/www.kss-sachsen.de\/index.php?rest_route=\/wp\/v2\/users\/1"}],"replies":[{"embeddable":true,"href":"https:\/\/www.kss-sachsen.de\/index.php?rest_route=%2Fwp%2Fv2%2Fcomments&post=2761"}],"version-history":[{"count":7,"href":"https:\/\/www.kss-sachsen.de\/index.php?rest_route=\/wp\/v2\/posts\/2761\/revisions"}],"predecessor-version":[{"id":2769,"href":"https:\/\/www.kss-sachsen.de\/index.php?rest_route=\/wp\/v2\/posts\/2761\/revisions\/2769"}],"wp:featuredmedia":[{"embeddable":true,"href":"https:\/\/www.kss-sachsen.de\/index.php?rest_route=\/wp\/v2\/media\/2765"}],"wp:attachment":[{"href":"https:\/\/www.kss-sachsen.de\/index.php?rest_route=%2Fwp%2Fv2%2Fmedia&parent=2761"}],"wp:term":[{"taxonomy":"category","embeddable":true,"href":"https:\/\/www.kss-sachsen.de\/index.php?rest_route=%2Fwp%2Fv2%2Fcategories&post=2761"},{"taxonomy":"post_tag","embeddable":true,"href":"https:\/\/www.kss-sachsen.de\/index.php?rest_route=%2Fwp%2Fv2%2Ftags&post=2761"}],"curies":[{"name":"wp","href":"https:\/\/api.w.org\/{rel}","templated":true}]}}