{"id":2862,"date":"2022-06-23T12:57:36","date_gmt":"2022-06-23T10:57:36","guid":{"rendered":"https:\/\/www.kss-sachsen.de\/?p=2862"},"modified":"2022-06-23T13:39:46","modified_gmt":"2022-06-23T11:39:46","slug":"viel-zu-tun-an-der-spitze-von-sachsens-altester-universitat","status":"publish","type":"post","link":"https:\/\/www.kss-sachsen.de\/pm_17_22","title":{"rendered":"Viel zu tun an der Spitze von Sachsens \u00e4ltester Universit\u00e4t"},"content":{"rendered":"<h3>Zur Amtseinf\u00fchrung der neuen Rektorin der Uni Leipzig haben Studierendenvertretungen und Gewerkschaftsjugend klare Erwartungen<\/h3>\n<p>Heute wird die neue Rektorin der Universit\u00e4t Leipzig -Prof. Dr. Eva In\u00e9s Obergfell &#8211; feierlich zu ihrer Investitur im Amt begr\u00fc\u00dft. Vertreter*innen der Studierendenschaft vom StuRa der Uni Leipzig sowie der Konferenz S\u00e4chsischer Studierendenschaften (KSS) gratulieren gemeinsam mit der Jugendorganisation der Gewerkschaft f\u00fcr Erziehung und Wissenschaft (Junge GEW), weisen jedoch mit einer Banner-Aktion direkt auch auf Missst\u00e4nde in der S\u00e4chsischen Hochschullandschaft hin. <\/p>\n<p>\u201eWir gratulieren der Rektorin sehr herzlich zur Amtseinf\u00fchrung. Mit der \u00dcbernahme dieses Amtes verbinden wir jedoch auch klare Erwartungen und Hoffnungen an das neue Gesicht an der Spitze der Uni Leipzig! An den s\u00e4chsischen Universit\u00e4ten gibt es strukturelle Defizite, die das Lehr-, Lern-und Arbeitsklima erheblich verschlechtern. Kurze Befristungszeitr\u00e4ume, keinen Tarifvertrag f\u00fcr studentisch Besch\u00e4ftigte und erheblich verschlechterte Lehre durch K\u00fcrzungen sowie enorme Erh\u00f6hungen des Lehrdeputats lassen die s\u00e4chsischen Universit\u00e4ten derzeit in einem schlechten Licht dastehen. Wir erwarten von der neuen Rektorin, dass sie diese Probleme bearbeitet und die Stimmen des Mittelbaus, der studentisch Besch\u00e4ftigten sowie der Studierenden st\u00e4rkt, Probleme erkennt und sich auch landesweit aktiv f\u00fcr deren L\u00f6sung einsetzt\u201c, erl\u00e4utert <strong>Charlotte Bl\u00fccher, Sprecherin der Jungen GEW Sachsen. <\/strong><\/p>\n<p>\u201eDas neue Leipziger Rektorat setzt sich erneut aus lediglich einer Gruppe von Hochschulmitgliedern zusammen: den Professor*innen. Dadurch wird die Breite der Universit\u00e4t nicht repr\u00e4sentiert. Das bietet die Gefahr, dass sich diese Probleme so fortsetzen\u201c so <strong>Paul Steinbrecher, Referent f\u00fcr Hochschulpolitik des StuRa der Uni Leipzig. <\/strong><\/p>\n<p>Im Gegensatz zur Zusammensetzung des Rektorats, bei dem die Rektorin rechtlich gesehenauch Mitarbeiter*innen und Studierende in verantwortliche Positionen h\u00e4tte berufen k\u00f6nnen, ist die absolute Mehrheit der Professor*innen im Senat, dem h\u00f6chsten beschlussfassenden Gremium der Hochschule, gesetzlich festgeschrieben. Die wenigen restlichen Sitze teilen sich die Studierenden, der akademische Mittelbau (Dozierende) und die sonstigen Mitarbeiter*innen (Verwaltungsangestellte) untereinander auf. <\/p>\n<p>\u201eIn der ausf\u00fchrenden Instanz -sozusagen der exekutiven Spitze der Uni -fehlen die Stimmen der weiteren Hochschulangeh\u00f6rigen mal wieder komplett. Die in Leipzig sichtbaren Defizite treten jedoch an allen Hochschulen in Sachsen auf. Wir appellieren deswegen an die Verantwortungstr\u00e4ger*innen in Politik und Rektoraten, endlich f\u00fcr eine ausgewogene Repr\u00e4sentanz aller Mitglieder der Hochschulen in Entscheidungspositionen zu sorgen. Nur \u00fcber eine breite Debatte mit neuen und diversen Stimmen k\u00f6nnen die Hochschulen den gro\u00dfen Herausforderungen der Zukunft gerecht werden. Im Endeffekt geht es uns darum, dass den Profs einige Sitze und Positionen entzogen werden, welche dann auf die \u00fcbrigen Statusgruppen, also Studierende und Mitarbeiter*innen, umverteilt werden m\u00fcssen\u201c schlie\u00dft <strong>Felix Fink, Referent f\u00fcr Hochschulpolitik der KSS<\/strong>, ab.<\/p>\n<p>Die Pressemitteilung ist auch als <a href=\"https:\/\/nextcloud.portal.fzs.de\/s\/9i7niN8JBYsdKTo\">PDF<\/a> verf\u00fcgbar.<\/p>\n","protected":false},"excerpt":{"rendered":"<p>Zur Amtseinf\u00fchrung der neuen Rektorin der Uni Leipzig haben Studierendenvertretungen und Gewerkschaftsjugend klare Erwartungen Heute wird die neue Rektorin der Universit\u00e4t Leipzig -Prof. Dr. Eva In\u00e9s Obergfell &#8211; feierlich zu ihrer Investitur im Amt begr\u00fc\u00dft. Vertreter*innen der Studierendenschaft vom StuRa der Uni Leipzig sowie der Konferenz S\u00e4chsischer Studierendenschaften (KSS) gratulieren gemeinsam mit der Jugendorganisation der Gewerkschaft f\u00fcr Erziehung und Wissenschaft<a class=\"read-more\" href=\"https:\/\/www.kss-sachsen.de\/pm_17_22\">Hier weiter lesen&#8230;<\/a><\/p>\n","protected":false},"author":1,"featured_media":0,"comment_status":"closed","ping_status":"open","sticky":false,"template":"","format":"standard","meta":{"footnotes":""},"categories":[11,15],"tags":[],"yoast_head":"<!-- This site is optimized with the Yoast SEO plugin v23.5 - https:\/\/yoast.com\/wordpress\/plugins\/seo\/ -->\n<title>Viel zu tun an der Spitze von Sachsens \u00e4ltester Universit\u00e4t - KSS<\/title>\n<meta name=\"robots\" content=\"index, follow, max-snippet:-1, max-image-preview:large, max-video-preview:-1\" \/>\n<link rel=\"canonical\" href=\"https:\/\/www.kss-sachsen.de\/pm_17_22\" \/>\n<meta property=\"og:locale\" content=\"de_DE\" \/>\n<meta property=\"og:type\" content=\"article\" \/>\n<meta property=\"og:title\" content=\"Viel zu tun an der Spitze von Sachsens \u00e4ltester Universit\u00e4t - KSS\" \/>\n<meta property=\"og:description\" content=\"Zur Amtseinf\u00fchrung der neuen Rektorin der Uni Leipzig haben Studierendenvertretungen und Gewerkschaftsjugend klare Erwartungen Heute wird die neue Rektorin der Universit\u00e4t Leipzig -Prof. Dr. Eva In\u00e9s Obergfell &#8211; feierlich zu ihrer Investitur im Amt begr\u00fc\u00dft. Vertreter*innen der Studierendenschaft vom StuRa der Uni Leipzig sowie der Konferenz S\u00e4chsischer Studierendenschaften (KSS) gratulieren gemeinsam mit der Jugendorganisation der Gewerkschaft f\u00fcr Erziehung und WissenschaftHier weiter lesen...\" \/>\n<meta property=\"og:url\" content=\"https:\/\/www.kss-sachsen.de\/pm_17_22\" \/>\n<meta property=\"og:site_name\" content=\"KSS\" \/>\n<meta property=\"article:published_time\" content=\"2022-06-23T10:57:36+00:00\" \/>\n<meta property=\"article:modified_time\" content=\"2022-06-23T11:39:46+00:00\" \/>\n<meta name=\"author\" content=\"administration\" \/>\n<meta name=\"twitter:card\" content=\"summary_large_image\" \/>\n<meta name=\"twitter:label1\" content=\"Verfasst von\" \/>\n\t<meta name=\"twitter:data1\" content=\"administration\" \/>\n\t<meta name=\"twitter:label2\" content=\"Gesch\u00e4tzte Lesezeit\" \/>\n\t<meta name=\"twitter:data2\" content=\"2\u00a0Minuten\" \/>\n<script type=\"application\/ld+json\" class=\"yoast-schema-graph\">{\"@context\":\"https:\/\/schema.org\",\"@graph\":[{\"@type\":\"Article\",\"@id\":\"https:\/\/www.kss-sachsen.de\/pm_17_22#article\",\"isPartOf\":{\"@id\":\"https:\/\/www.kss-sachsen.de\/pm_17_22\"},\"author\":{\"name\":\"administration\",\"@id\":\"https:\/\/www.kss-sachsen.de\/#\/schema\/person\/fbcf1c2438e102156e84a4ba5c3daa64\"},\"headline\":\"Viel zu tun an der Spitze von Sachsens \u00e4ltester Universit\u00e4t\",\"datePublished\":\"2022-06-23T10:57:36+00:00\",\"dateModified\":\"2022-06-23T11:39:46+00:00\",\"mainEntityOfPage\":{\"@id\":\"https:\/\/www.kss-sachsen.de\/pm_17_22\"},\"wordCount\":471,\"publisher\":{\"@id\":\"https:\/\/www.kss-sachsen.de\/#organization\"},\"articleSection\":[\"Pressemitteilung\",\"Uni Leipzig\"],\"inLanguage\":\"de\"},{\"@type\":\"WebPage\",\"@id\":\"https:\/\/www.kss-sachsen.de\/pm_17_22\",\"url\":\"https:\/\/www.kss-sachsen.de\/pm_17_22\",\"name\":\"Viel zu tun an der Spitze von Sachsens \u00e4ltester Universit\u00e4t - KSS\",\"isPartOf\":{\"@id\":\"https:\/\/www.kss-sachsen.de\/#website\"},\"datePublished\":\"2022-06-23T10:57:36+00:00\",\"dateModified\":\"2022-06-23T11:39:46+00:00\",\"breadcrumb\":{\"@id\":\"https:\/\/www.kss-sachsen.de\/pm_17_22#breadcrumb\"},\"inLanguage\":\"de\",\"potentialAction\":[{\"@type\":\"ReadAction\",\"target\":[\"https:\/\/www.kss-sachsen.de\/pm_17_22\"]}]},{\"@type\":\"BreadcrumbList\",\"@id\":\"https:\/\/www.kss-sachsen.de\/pm_17_22#breadcrumb\",\"itemListElement\":[{\"@type\":\"ListItem\",\"position\":1,\"name\":\"Home\",\"item\":\"https:\/\/www.kss-sachsen.de\/\"},{\"@type\":\"ListItem\",\"position\":2,\"name\":\"Viel zu tun an der Spitze von Sachsens \u00e4ltester Universit\u00e4t\"}]},{\"@type\":\"WebSite\",\"@id\":\"https:\/\/www.kss-sachsen.de\/#website\",\"url\":\"https:\/\/www.kss-sachsen.de\/\",\"name\":\"Konferenz S\u00e4chsischer Studierendenschaften\",\"description\":\"Konferenz S\u00e4chsischer Studierendenschaften\",\"publisher\":{\"@id\":\"https:\/\/www.kss-sachsen.de\/#organization\"},\"potentialAction\":[{\"@type\":\"SearchAction\",\"target\":{\"@type\":\"EntryPoint\",\"urlTemplate\":\"https:\/\/www.kss-sachsen.de\/?s={search_term_string}\"},\"query-input\":{\"@type\":\"PropertyValueSpecification\",\"valueRequired\":true,\"valueName\":\"search_term_string\"}}],\"inLanguage\":\"de\"},{\"@type\":\"Organization\",\"@id\":\"https:\/\/www.kss-sachsen.de\/#organization\",\"name\":\"Konferenz S\u00e4chsischer Studierendenschaften\",\"url\":\"https:\/\/www.kss-sachsen.de\/\",\"logo\":{\"@type\":\"ImageObject\",\"inLanguage\":\"de\",\"@id\":\"https:\/\/www.kss-sachsen.de\/#\/schema\/logo\/image\/\",\"url\":\"https:\/\/www.kss-sachsen.de\/wp-content\/uploads\/2023\/02\/Logo-KSS.png\",\"contentUrl\":\"https:\/\/www.kss-sachsen.de\/wp-content\/uploads\/2023\/02\/Logo-KSS.png\",\"width\":2239,\"height\":1528,\"caption\":\"Konferenz S\u00e4chsischer Studierendenschaften\"},\"image\":{\"@id\":\"https:\/\/www.kss-sachsen.de\/#\/schema\/logo\/image\/\"},\"sameAs\":[\"https:\/\/www.instagram.com\/kss_sachsen\/\"]},{\"@type\":\"Person\",\"@id\":\"https:\/\/www.kss-sachsen.de\/#\/schema\/person\/fbcf1c2438e102156e84a4ba5c3daa64\",\"name\":\"administration\",\"image\":{\"@type\":\"ImageObject\",\"inLanguage\":\"de\",\"@id\":\"https:\/\/www.kss-sachsen.de\/#\/schema\/person\/image\/\",\"url\":\"https:\/\/secure.gravatar.com\/avatar\/e4ecd4cb3a6714c2adcf507161262d91?s=96&d=mm&r=g\",\"contentUrl\":\"https:\/\/secure.gravatar.com\/avatar\/e4ecd4cb3a6714c2adcf507161262d91?s=96&d=mm&r=g\",\"caption\":\"administration\"},\"url\":\"https:\/\/www.kss-sachsen.de\/?author=1\"}]}<\/script>\n<!-- \/ Yoast SEO plugin. -->","yoast_head_json":{"title":"Viel zu tun an der Spitze von Sachsens \u00e4ltester Universit\u00e4t - KSS","robots":{"index":"index","follow":"follow","max-snippet":"max-snippet:-1","max-image-preview":"max-image-preview:large","max-video-preview":"max-video-preview:-1"},"canonical":"https:\/\/www.kss-sachsen.de\/pm_17_22","og_locale":"de_DE","og_type":"article","og_title":"Viel zu tun an der Spitze von Sachsens \u00e4ltester Universit\u00e4t - KSS","og_description":"Zur Amtseinf\u00fchrung der neuen Rektorin der Uni Leipzig haben Studierendenvertretungen und Gewerkschaftsjugend klare Erwartungen Heute wird die neue Rektorin der Universit\u00e4t Leipzig -Prof. Dr. Eva In\u00e9s Obergfell &#8211; feierlich zu ihrer Investitur im Amt begr\u00fc\u00dft. Vertreter*innen der Studierendenschaft vom StuRa der Uni Leipzig sowie der Konferenz S\u00e4chsischer Studierendenschaften (KSS) gratulieren gemeinsam mit der Jugendorganisation der Gewerkschaft f\u00fcr Erziehung und WissenschaftHier weiter lesen...","og_url":"https:\/\/www.kss-sachsen.de\/pm_17_22","og_site_name":"KSS","article_published_time":"2022-06-23T10:57:36+00:00","article_modified_time":"2022-06-23T11:39:46+00:00","author":"administration","twitter_card":"summary_large_image","twitter_misc":{"Verfasst von":"administration","Gesch\u00e4tzte Lesezeit":"2\u00a0Minuten"},"schema":{"@context":"https:\/\/schema.org","@graph":[{"@type":"Article","@id":"https:\/\/www.kss-sachsen.de\/pm_17_22#article","isPartOf":{"@id":"https:\/\/www.kss-sachsen.de\/pm_17_22"},"author":{"name":"administration","@id":"https:\/\/www.kss-sachsen.de\/#\/schema\/person\/fbcf1c2438e102156e84a4ba5c3daa64"},"headline":"Viel zu tun an der Spitze von Sachsens \u00e4ltester Universit\u00e4t","datePublished":"2022-06-23T10:57:36+00:00","dateModified":"2022-06-23T11:39:46+00:00","mainEntityOfPage":{"@id":"https:\/\/www.kss-sachsen.de\/pm_17_22"},"wordCount":471,"publisher":{"@id":"https:\/\/www.kss-sachsen.de\/#organization"},"articleSection":["Pressemitteilung","Uni Leipzig"],"inLanguage":"de"},{"@type":"WebPage","@id":"https:\/\/www.kss-sachsen.de\/pm_17_22","url":"https:\/\/www.kss-sachsen.de\/pm_17_22","name":"Viel zu tun an der Spitze von Sachsens \u00e4ltester Universit\u00e4t - KSS","isPartOf":{"@id":"https:\/\/www.kss-sachsen.de\/#website"},"datePublished":"2022-06-23T10:57:36+00:00","dateModified":"2022-06-23T11:39:46+00:00","breadcrumb":{"@id":"https:\/\/www.kss-sachsen.de\/pm_17_22#breadcrumb"},"inLanguage":"de","potentialAction":[{"@type":"ReadAction","target":["https:\/\/www.kss-sachsen.de\/pm_17_22"]}]},{"@type":"BreadcrumbList","@id":"https:\/\/www.kss-sachsen.de\/pm_17_22#breadcrumb","itemListElement":[{"@type":"ListItem","position":1,"name":"Home","item":"https:\/\/www.kss-sachsen.de\/"},{"@type":"ListItem","position":2,"name":"Viel zu tun an der Spitze von Sachsens \u00e4ltester Universit\u00e4t"}]},{"@type":"WebSite","@id":"https:\/\/www.kss-sachsen.de\/#website","url":"https:\/\/www.kss-sachsen.de\/","name":"Konferenz S\u00e4chsischer Studierendenschaften","description":"Konferenz S\u00e4chsischer Studierendenschaften","publisher":{"@id":"https:\/\/www.kss-sachsen.de\/#organization"},"potentialAction":[{"@type":"SearchAction","target":{"@type":"EntryPoint","urlTemplate":"https:\/\/www.kss-sachsen.de\/?s={search_term_string}"},"query-input":{"@type":"PropertyValueSpecification","valueRequired":true,"valueName":"search_term_string"}}],"inLanguage":"de"},{"@type":"Organization","@id":"https:\/\/www.kss-sachsen.de\/#organization","name":"Konferenz S\u00e4chsischer Studierendenschaften","url":"https:\/\/www.kss-sachsen.de\/","logo":{"@type":"ImageObject","inLanguage":"de","@id":"https:\/\/www.kss-sachsen.de\/#\/schema\/logo\/image\/","url":"https:\/\/www.kss-sachsen.de\/wp-content\/uploads\/2023\/02\/Logo-KSS.png","contentUrl":"https:\/\/www.kss-sachsen.de\/wp-content\/uploads\/2023\/02\/Logo-KSS.png","width":2239,"height":1528,"caption":"Konferenz S\u00e4chsischer Studierendenschaften"},"image":{"@id":"https:\/\/www.kss-sachsen.de\/#\/schema\/logo\/image\/"},"sameAs":["https:\/\/www.instagram.com\/kss_sachsen\/"]},{"@type":"Person","@id":"https:\/\/www.kss-sachsen.de\/#\/schema\/person\/fbcf1c2438e102156e84a4ba5c3daa64","name":"administration","image":{"@type":"ImageObject","inLanguage":"de","@id":"https:\/\/www.kss-sachsen.de\/#\/schema\/person\/image\/","url":"https:\/\/secure.gravatar.com\/avatar\/e4ecd4cb3a6714c2adcf507161262d91?s=96&d=mm&r=g","contentUrl":"https:\/\/secure.gravatar.com\/avatar\/e4ecd4cb3a6714c2adcf507161262d91?s=96&d=mm&r=g","caption":"administration"},"url":"https:\/\/www.kss-sachsen.de\/?author=1"}]}},"_links":{"self":[{"href":"https:\/\/www.kss-sachsen.de\/index.php?rest_route=\/wp\/v2\/posts\/2862"}],"collection":[{"href":"https:\/\/www.kss-sachsen.de\/index.php?rest_route=\/wp\/v2\/posts"}],"about":[{"href":"https:\/\/www.kss-sachsen.de\/index.php?rest_route=\/wp\/v2\/types\/post"}],"author":[{"embeddable":true,"href":"https:\/\/www.kss-sachsen.de\/index.php?rest_route=\/wp\/v2\/users\/1"}],"replies":[{"embeddable":true,"href":"https:\/\/www.kss-sachsen.de\/index.php?rest_route=%2Fwp%2Fv2%2Fcomments&post=2862"}],"version-history":[{"count":3,"href":"https:\/\/www.kss-sachsen.de\/index.php?rest_route=\/wp\/v2\/posts\/2862\/revisions"}],"predecessor-version":[{"id":2867,"href":"https:\/\/www.kss-sachsen.de\/index.php?rest_route=\/wp\/v2\/posts\/2862\/revisions\/2867"}],"wp:attachment":[{"href":"https:\/\/www.kss-sachsen.de\/index.php?rest_route=%2Fwp%2Fv2%2Fmedia&parent=2862"}],"wp:term":[{"taxonomy":"category","embeddable":true,"href":"https:\/\/www.kss-sachsen.de\/index.php?rest_route=%2Fwp%2Fv2%2Fcategories&post=2862"},{"taxonomy":"post_tag","embeddable":true,"href":"https:\/\/www.kss-sachsen.de\/index.php?rest_route=%2Fwp%2Fv2%2Ftags&post=2862"}],"curies":[{"name":"wp","href":"https:\/\/api.w.org\/{rel}","templated":true}]}}