{"id":2966,"date":"2022-08-31T09:00:08","date_gmt":"2022-08-31T07:00:08","guid":{"rendered":"https:\/\/www.kss-sachsen.de\/?p=2966"},"modified":"2022-09-26T09:04:04","modified_gmt":"2022-09-26T07:04:04","slug":"die-solidaritat-endet-heute","status":"publish","type":"post","link":"https:\/\/www.kss-sachsen.de\/pm_20_22","title":{"rendered":"Die Solidarit\u00e4t endet heute"},"content":{"rendered":"<h3>S\u00e4chsische Staatsregierung nimmt Abschiebungen in Kauf<\/h3>\n<p>Mit dem heutigen 31. August l\u00e4uft die Aufenthaltserlaubnis f\u00fcr viele aus der Ukraine geflohene Studierende aus, welche keine ukrainische Staatsb\u00fcrgerschaft besitzen. Das bedeutet, dass diese sich ab morgen ohne eine legale Erlaubnis in Deutschland aufhalten und demn\u00e4chst in ihr Herkunftsland abgeschoben werden k\u00f6nnen. Trotz mehrfacher Bitten der Konferenz S\u00e4chsischer Studierendenschaften (KSS) &#8211; bereits im April <a href=\"https:\/\/www.kss-sachsen.de\/pm_10_22\">[1]<\/a> an Sachsens Wissenschaftsminister Gemkow sowie zuletzt in einem offenen Brief <a href=\"https:\/\/www.kss-sachsen.de\/pm_19_22\">[2]<\/a> direkt an Innenminister Schuster &#8211; will sich die S\u00e4chsische Regierung keinen Schritt nach vorn bewegen und nimmt Abschiebungen der vor dem Krieg in der Ukraine geflohenen Menschen in Kauf.<\/p>\n<p>\u201eIch sch\u00e4me mich f\u00fcr meine Regierung. Diese Doppelmoral im Umgang mit den aus der Ukraine geflohenen Menschen ist kaum aushaltbar. Die Verantwortung wird st\u00e4ndig weitergeschoben. Sowohl der Bund als auch das Land Sachsen h\u00e4tte reagieren k\u00f6nnen und damit wirkliche Solidarit\u00e4t und Humanit\u00e4t bewiesen. Wir wurden jedoch bitter entt\u00e4uscht. Weiterhin fordern wir nachhaltige L\u00f6sungen\u201c, erkl\u00e4rt <strong>Sabine Giese, Sprecherin der KSS<\/strong>.<\/p>\n<p>Laut Aussagen des Staatsministeriums f\u00fcr Inneres (SMI) w\u00e4re f\u00fcr Sachsen keine M\u00f6glichkeit gegeben, die den betroffenen Studierenden helfen w\u00fcrde. Hamburg <a href=\"https:\/\/www.hamburg.de\/faq-fuer-fluechtlinge\/#16078650_15964588\">[3]<\/a>, Bremen <a href=\"https:\/\/www.senatspressestelle.bremen.de\/pressemitteilungen\/studenten-aus-drittstaaten-aus-der-ukraine-erhalten-eine-reelle-perspektive-393665?asl=bremen02.c.732.de\">[4]<\/a> und Berlin <a href=\"https:\/\/www.berlin.de\/rbmskzl\/aktuelles\/pressemitteilungen\/2022\/pressemitteilung.1235532.php\">[5]<\/a> haben jedoch \u00dcbergangsl\u00f6sungen gefunden: Dort werden Fiktionsbescheinigungen ausgestellt, die den betroffenen Studierenden noch ein halbes Jahr l\u00e4nger einen legalen Aufenthalt erm\u00f6glichen, um die Voraussetzungen f\u00fcr die Fortsetzung ihres Studiums in Deutschland zu erf\u00fcllen. Diese Handhabung wird teilweise auch in den Ausl\u00e4nderbeh\u00f6rden in Sachsen verfolgt &#8211; ist jedoch nicht die Regel.<\/p>\n<p>Auch die vier f\u00fcr Studium und Lehre verantwortlichen Prorektor*innen der s\u00e4chsischen Universit\u00e4ten hatten \u00fcber die Landessrektor*innenkonferenz ein entsprechendes Schreiben mit Bitte f\u00fcr allgemeing\u00fcltige rechtliche L\u00f6sungen f\u00fcr die betroffenen Studierenden im SMI eingereicht: \u201eW\u00e4hrend die s\u00e4chsischen Universit\u00e4ten allen aus der Ukraine gefl\u00fcchteten Studierenden unabh\u00e4ngig von deren Nationalit\u00e4t die gleiche Unterst\u00fctzung f\u00fcr die Fortsetzung ihres Studiums in Sachsen anbieten, sind durch die Regelungen des Bundes f\u00fcr Drittstaatsangeh\u00f6rige ungleich h\u00f6here H\u00fcrden f\u00fcr Aufenthaltstitel geblieben. Leider hat Sachsen es bisher im Gegensatz zu anderen Bundesl\u00e4ndern vers\u00e4umt, dieser besonders bleibewilligen Gruppe durch eigene \u00dcbergangsregeln eine Perspektive zu er\u00f6ffnen. Durch ein eigenes Landesaufnahmeprogramm k\u00f6nnte Sachsen ein deutliches Signal der Gleichbehandlung setzen und gleichzeitig einen Beitrag gegen den allseits beklagten Fachkr\u00e4ftemangel im Land leisten\u201c, schlie\u00dft <strong>Michael Kobel, Prorektor Bildung der Technischen Universit\u00e4t Dresden<\/strong>.<\/p>\n<p>Die Pressemitteilung ist auch als <a href=\"https:\/\/nextcloud.portal.fzs.de\/s\/PJr3AEen2dLrznW\">pdf.<\/a> verf\u00fcgbar.<\/p>\n<p>&nbsp;<\/p>\n<p><em>\u00a0<\/em><em>[1] <a href=\"https:\/\/www.kss-sachsen.de\/pm_10_22\">https:\/\/www.kss-sachsen.de\/pm_10_22<\/a> <\/em><\/p>\n<p><em>[2] <a href=\"https:\/\/www.kss-sachsen.de\/pm_19_22\">https:\/\/www.kss-sachsen.de\/pm_19_22<\/a> <\/em><\/p>\n<p><em>[3] <a href=\"https:\/\/www.hamburg.de\/faq-fuer-fluechtlinge\/#16078650_15964588\">https:\/\/www.hamburg.de\/faq-fuer-fluechtlinge\/#16078650_15964588<\/a><\/em><\/p>\n<p><em>[4] <a href=\"https:\/\/www.senatspressestelle.bremen.de\/pressemitteilungen\/studenten-aus-drittstaaten-aus-der-ukraine-erhalten-eine-reelle-perspektive-393665?asl=bremen02.c.732.de\">https:\/\/www.senatspressestelle.bremen.de\/pressemitteilungen\/studenten-aus-drittstaaten-aus-der-ukraine-erhalten-eine-reelle-perspektive-393665?asl=bremen02.c.732.de<\/a> <\/em><\/p>\n<p><em>[5] <a href=\"https:\/\/www.berlin.de\/rbmskzl\/aktuelles\/pressemitteilungen\/2022\/pressemitteilung.1235532.php\">https:\/\/www.berlin.de\/rbmskzl\/aktuelles\/pressemitteilungen\/2022\/pressemitteilung.1235532.php<\/a> <\/em><\/p>\n","protected":false},"excerpt":{"rendered":"<p>S\u00e4chsische Staatsregierung nimmt Abschiebungen in Kauf Mit dem heutigen 31. August l\u00e4uft die Aufenthaltserlaubnis f\u00fcr viele aus der Ukraine geflohene Studierende aus, welche keine ukrainische Staatsb\u00fcrgerschaft besitzen. Das bedeutet, dass diese sich ab morgen ohne eine legale Erlaubnis in Deutschland aufhalten und demn\u00e4chst in ihr Herkunftsland abgeschoben werden k\u00f6nnen. Trotz mehrfacher Bitten der Konferenz S\u00e4chsischer Studierendenschaften (KSS) &#8211; bereits im<a class=\"read-more\" href=\"https:\/\/www.kss-sachsen.de\/pm_20_22\">Hier weiter lesen&#8230;<\/a><\/p>\n","protected":false},"author":1,"featured_media":2971,"comment_status":"closed","ping_status":"open","sticky":false,"template":"","format":"standard","meta":{"footnotes":""},"categories":[90,11],"tags":[],"yoast_head":"<!-- This site is optimized with the Yoast SEO plugin v23.5 - https:\/\/yoast.com\/wordpress\/plugins\/seo\/ -->\n<title>Die Solidarit\u00e4t endet heute - KSS<\/title>\n<meta name=\"robots\" content=\"index, follow, max-snippet:-1, max-image-preview:large, max-video-preview:-1\" \/>\n<link rel=\"canonical\" href=\"https:\/\/www.kss-sachsen.de\/pm_20_22\" \/>\n<meta property=\"og:locale\" content=\"de_DE\" \/>\n<meta property=\"og:type\" content=\"article\" \/>\n<meta property=\"og:title\" content=\"Die Solidarit\u00e4t endet heute - KSS\" \/>\n<meta property=\"og:description\" content=\"S\u00e4chsische Staatsregierung nimmt Abschiebungen in Kauf Mit dem heutigen 31. August l\u00e4uft die Aufenthaltserlaubnis f\u00fcr viele aus der Ukraine geflohene Studierende aus, welche keine ukrainische Staatsb\u00fcrgerschaft besitzen. Das bedeutet, dass diese sich ab morgen ohne eine legale Erlaubnis in Deutschland aufhalten und demn\u00e4chst in ihr Herkunftsland abgeschoben werden k\u00f6nnen. Trotz mehrfacher Bitten der Konferenz S\u00e4chsischer Studierendenschaften (KSS) &#8211; bereits imHier weiter lesen...\" \/>\n<meta property=\"og:url\" content=\"https:\/\/www.kss-sachsen.de\/pm_20_22\" \/>\n<meta property=\"og:site_name\" content=\"KSS\" \/>\n<meta property=\"article:published_time\" content=\"2022-08-31T07:00:08+00:00\" \/>\n<meta property=\"article:modified_time\" content=\"2022-09-26T07:04:04+00:00\" \/>\n<meta property=\"og:image\" content=\"https:\/\/www.kss-sachsen.de\/wp-content\/uploads\/2022\/08\/220831-0-Die-Solidarit\u00e4t-endet-heute_TW-2.png\" \/>\n\t<meta property=\"og:image:width\" content=\"1200\" \/>\n\t<meta property=\"og:image:height\" content=\"675\" \/>\n\t<meta property=\"og:image:type\" content=\"image\/png\" \/>\n<meta name=\"author\" content=\"administration\" \/>\n<meta name=\"twitter:card\" content=\"summary_large_image\" \/>\n<meta name=\"twitter:label1\" content=\"Verfasst von\" \/>\n\t<meta name=\"twitter:data1\" content=\"administration\" \/>\n\t<meta name=\"twitter:label2\" content=\"Gesch\u00e4tzte Lesezeit\" \/>\n\t<meta name=\"twitter:data2\" content=\"2\u00a0Minuten\" \/>\n<script type=\"application\/ld+json\" class=\"yoast-schema-graph\">{\"@context\":\"https:\/\/schema.org\",\"@graph\":[{\"@type\":\"Article\",\"@id\":\"https:\/\/www.kss-sachsen.de\/pm_20_22#article\",\"isPartOf\":{\"@id\":\"https:\/\/www.kss-sachsen.de\/pm_20_22\"},\"author\":{\"name\":\"administration\",\"@id\":\"https:\/\/www.kss-sachsen.de\/#\/schema\/person\/fbcf1c2438e102156e84a4ba5c3daa64\"},\"headline\":\"Die Solidarit\u00e4t endet heute\",\"datePublished\":\"2022-08-31T07:00:08+00:00\",\"dateModified\":\"2022-09-26T07:04:04+00:00\",\"mainEntityOfPage\":{\"@id\":\"https:\/\/www.kss-sachsen.de\/pm_20_22\"},\"wordCount\":465,\"publisher\":{\"@id\":\"https:\/\/www.kss-sachsen.de\/#organization\"},\"image\":{\"@id\":\"https:\/\/www.kss-sachsen.de\/pm_20_22#primaryimage\"},\"thumbnailUrl\":\"https:\/\/www.kss-sachsen.de\/wp-content\/uploads\/2022\/08\/220831-0-Die-Solidarit\u00e4t-endet-heute_TW-2.png\",\"articleSection\":[\"Internationales\",\"Pressemitteilung\"],\"inLanguage\":\"de\"},{\"@type\":\"WebPage\",\"@id\":\"https:\/\/www.kss-sachsen.de\/pm_20_22\",\"url\":\"https:\/\/www.kss-sachsen.de\/pm_20_22\",\"name\":\"Die Solidarit\u00e4t endet heute - KSS\",\"isPartOf\":{\"@id\":\"https:\/\/www.kss-sachsen.de\/#website\"},\"primaryImageOfPage\":{\"@id\":\"https:\/\/www.kss-sachsen.de\/pm_20_22#primaryimage\"},\"image\":{\"@id\":\"https:\/\/www.kss-sachsen.de\/pm_20_22#primaryimage\"},\"thumbnailUrl\":\"https:\/\/www.kss-sachsen.de\/wp-content\/uploads\/2022\/08\/220831-0-Die-Solidarit\u00e4t-endet-heute_TW-2.png\",\"datePublished\":\"2022-08-31T07:00:08+00:00\",\"dateModified\":\"2022-09-26T07:04:04+00:00\",\"breadcrumb\":{\"@id\":\"https:\/\/www.kss-sachsen.de\/pm_20_22#breadcrumb\"},\"inLanguage\":\"de\",\"potentialAction\":[{\"@type\":\"ReadAction\",\"target\":[\"https:\/\/www.kss-sachsen.de\/pm_20_22\"]}]},{\"@type\":\"ImageObject\",\"inLanguage\":\"de\",\"@id\":\"https:\/\/www.kss-sachsen.de\/pm_20_22#primaryimage\",\"url\":\"https:\/\/www.kss-sachsen.de\/wp-content\/uploads\/2022\/08\/220831-0-Die-Solidarit\u00e4t-endet-heute_TW-2.png\",\"contentUrl\":\"https:\/\/www.kss-sachsen.de\/wp-content\/uploads\/2022\/08\/220831-0-Die-Solidarit\u00e4t-endet-heute_TW-2.png\",\"width\":1200,\"height\":675},{\"@type\":\"BreadcrumbList\",\"@id\":\"https:\/\/www.kss-sachsen.de\/pm_20_22#breadcrumb\",\"itemListElement\":[{\"@type\":\"ListItem\",\"position\":1,\"name\":\"Home\",\"item\":\"https:\/\/www.kss-sachsen.de\/\"},{\"@type\":\"ListItem\",\"position\":2,\"name\":\"Die Solidarit\u00e4t endet heute\"}]},{\"@type\":\"WebSite\",\"@id\":\"https:\/\/www.kss-sachsen.de\/#website\",\"url\":\"https:\/\/www.kss-sachsen.de\/\",\"name\":\"Konferenz S\u00e4chsischer Studierendenschaften\",\"description\":\"Konferenz S\u00e4chsischer Studierendenschaften\",\"publisher\":{\"@id\":\"https:\/\/www.kss-sachsen.de\/#organization\"},\"potentialAction\":[{\"@type\":\"SearchAction\",\"target\":{\"@type\":\"EntryPoint\",\"urlTemplate\":\"https:\/\/www.kss-sachsen.de\/?s={search_term_string}\"},\"query-input\":{\"@type\":\"PropertyValueSpecification\",\"valueRequired\":true,\"valueName\":\"search_term_string\"}}],\"inLanguage\":\"de\"},{\"@type\":\"Organization\",\"@id\":\"https:\/\/www.kss-sachsen.de\/#organization\",\"name\":\"Konferenz S\u00e4chsischer Studierendenschaften\",\"url\":\"https:\/\/www.kss-sachsen.de\/\",\"logo\":{\"@type\":\"ImageObject\",\"inLanguage\":\"de\",\"@id\":\"https:\/\/www.kss-sachsen.de\/#\/schema\/logo\/image\/\",\"url\":\"https:\/\/www.kss-sachsen.de\/wp-content\/uploads\/2023\/02\/Logo-KSS.png\",\"contentUrl\":\"https:\/\/www.kss-sachsen.de\/wp-content\/uploads\/2023\/02\/Logo-KSS.png\",\"width\":2239,\"height\":1528,\"caption\":\"Konferenz S\u00e4chsischer Studierendenschaften\"},\"image\":{\"@id\":\"https:\/\/www.kss-sachsen.de\/#\/schema\/logo\/image\/\"},\"sameAs\":[\"https:\/\/www.instagram.com\/kss_sachsen\/\"]},{\"@type\":\"Person\",\"@id\":\"https:\/\/www.kss-sachsen.de\/#\/schema\/person\/fbcf1c2438e102156e84a4ba5c3daa64\",\"name\":\"administration\",\"image\":{\"@type\":\"ImageObject\",\"inLanguage\":\"de\",\"@id\":\"https:\/\/www.kss-sachsen.de\/#\/schema\/person\/image\/\",\"url\":\"https:\/\/secure.gravatar.com\/avatar\/e4ecd4cb3a6714c2adcf507161262d91?s=96&d=mm&r=g\",\"contentUrl\":\"https:\/\/secure.gravatar.com\/avatar\/e4ecd4cb3a6714c2adcf507161262d91?s=96&d=mm&r=g\",\"caption\":\"administration\"},\"url\":\"https:\/\/www.kss-sachsen.de\/?author=1\"}]}<\/script>\n<!-- \/ Yoast SEO plugin. -->","yoast_head_json":{"title":"Die Solidarit\u00e4t endet heute - KSS","robots":{"index":"index","follow":"follow","max-snippet":"max-snippet:-1","max-image-preview":"max-image-preview:large","max-video-preview":"max-video-preview:-1"},"canonical":"https:\/\/www.kss-sachsen.de\/pm_20_22","og_locale":"de_DE","og_type":"article","og_title":"Die Solidarit\u00e4t endet heute - KSS","og_description":"S\u00e4chsische Staatsregierung nimmt Abschiebungen in Kauf Mit dem heutigen 31. August l\u00e4uft die Aufenthaltserlaubnis f\u00fcr viele aus der Ukraine geflohene Studierende aus, welche keine ukrainische Staatsb\u00fcrgerschaft besitzen. Das bedeutet, dass diese sich ab morgen ohne eine legale Erlaubnis in Deutschland aufhalten und demn\u00e4chst in ihr Herkunftsland abgeschoben werden k\u00f6nnen. Trotz mehrfacher Bitten der Konferenz S\u00e4chsischer Studierendenschaften (KSS) &#8211; bereits imHier weiter lesen...","og_url":"https:\/\/www.kss-sachsen.de\/pm_20_22","og_site_name":"KSS","article_published_time":"2022-08-31T07:00:08+00:00","article_modified_time":"2022-09-26T07:04:04+00:00","og_image":[{"width":1200,"height":675,"url":"https:\/\/www.kss-sachsen.de\/wp-content\/uploads\/2022\/08\/220831-0-Die-Solidarit\u00e4t-endet-heute_TW-2.png","type":"image\/png"}],"author":"administration","twitter_card":"summary_large_image","twitter_misc":{"Verfasst von":"administration","Gesch\u00e4tzte Lesezeit":"2\u00a0Minuten"},"schema":{"@context":"https:\/\/schema.org","@graph":[{"@type":"Article","@id":"https:\/\/www.kss-sachsen.de\/pm_20_22#article","isPartOf":{"@id":"https:\/\/www.kss-sachsen.de\/pm_20_22"},"author":{"name":"administration","@id":"https:\/\/www.kss-sachsen.de\/#\/schema\/person\/fbcf1c2438e102156e84a4ba5c3daa64"},"headline":"Die Solidarit\u00e4t endet heute","datePublished":"2022-08-31T07:00:08+00:00","dateModified":"2022-09-26T07:04:04+00:00","mainEntityOfPage":{"@id":"https:\/\/www.kss-sachsen.de\/pm_20_22"},"wordCount":465,"publisher":{"@id":"https:\/\/www.kss-sachsen.de\/#organization"},"image":{"@id":"https:\/\/www.kss-sachsen.de\/pm_20_22#primaryimage"},"thumbnailUrl":"https:\/\/www.kss-sachsen.de\/wp-content\/uploads\/2022\/08\/220831-0-Die-Solidarit\u00e4t-endet-heute_TW-2.png","articleSection":["Internationales","Pressemitteilung"],"inLanguage":"de"},{"@type":"WebPage","@id":"https:\/\/www.kss-sachsen.de\/pm_20_22","url":"https:\/\/www.kss-sachsen.de\/pm_20_22","name":"Die Solidarit\u00e4t endet heute - KSS","isPartOf":{"@id":"https:\/\/www.kss-sachsen.de\/#website"},"primaryImageOfPage":{"@id":"https:\/\/www.kss-sachsen.de\/pm_20_22#primaryimage"},"image":{"@id":"https:\/\/www.kss-sachsen.de\/pm_20_22#primaryimage"},"thumbnailUrl":"https:\/\/www.kss-sachsen.de\/wp-content\/uploads\/2022\/08\/220831-0-Die-Solidarit\u00e4t-endet-heute_TW-2.png","datePublished":"2022-08-31T07:00:08+00:00","dateModified":"2022-09-26T07:04:04+00:00","breadcrumb":{"@id":"https:\/\/www.kss-sachsen.de\/pm_20_22#breadcrumb"},"inLanguage":"de","potentialAction":[{"@type":"ReadAction","target":["https:\/\/www.kss-sachsen.de\/pm_20_22"]}]},{"@type":"ImageObject","inLanguage":"de","@id":"https:\/\/www.kss-sachsen.de\/pm_20_22#primaryimage","url":"https:\/\/www.kss-sachsen.de\/wp-content\/uploads\/2022\/08\/220831-0-Die-Solidarit\u00e4t-endet-heute_TW-2.png","contentUrl":"https:\/\/www.kss-sachsen.de\/wp-content\/uploads\/2022\/08\/220831-0-Die-Solidarit\u00e4t-endet-heute_TW-2.png","width":1200,"height":675},{"@type":"BreadcrumbList","@id":"https:\/\/www.kss-sachsen.de\/pm_20_22#breadcrumb","itemListElement":[{"@type":"ListItem","position":1,"name":"Home","item":"https:\/\/www.kss-sachsen.de\/"},{"@type":"ListItem","position":2,"name":"Die Solidarit\u00e4t endet heute"}]},{"@type":"WebSite","@id":"https:\/\/www.kss-sachsen.de\/#website","url":"https:\/\/www.kss-sachsen.de\/","name":"Konferenz S\u00e4chsischer Studierendenschaften","description":"Konferenz S\u00e4chsischer Studierendenschaften","publisher":{"@id":"https:\/\/www.kss-sachsen.de\/#organization"},"potentialAction":[{"@type":"SearchAction","target":{"@type":"EntryPoint","urlTemplate":"https:\/\/www.kss-sachsen.de\/?s={search_term_string}"},"query-input":{"@type":"PropertyValueSpecification","valueRequired":true,"valueName":"search_term_string"}}],"inLanguage":"de"},{"@type":"Organization","@id":"https:\/\/www.kss-sachsen.de\/#organization","name":"Konferenz S\u00e4chsischer Studierendenschaften","url":"https:\/\/www.kss-sachsen.de\/","logo":{"@type":"ImageObject","inLanguage":"de","@id":"https:\/\/www.kss-sachsen.de\/#\/schema\/logo\/image\/","url":"https:\/\/www.kss-sachsen.de\/wp-content\/uploads\/2023\/02\/Logo-KSS.png","contentUrl":"https:\/\/www.kss-sachsen.de\/wp-content\/uploads\/2023\/02\/Logo-KSS.png","width":2239,"height":1528,"caption":"Konferenz S\u00e4chsischer Studierendenschaften"},"image":{"@id":"https:\/\/www.kss-sachsen.de\/#\/schema\/logo\/image\/"},"sameAs":["https:\/\/www.instagram.com\/kss_sachsen\/"]},{"@type":"Person","@id":"https:\/\/www.kss-sachsen.de\/#\/schema\/person\/fbcf1c2438e102156e84a4ba5c3daa64","name":"administration","image":{"@type":"ImageObject","inLanguage":"de","@id":"https:\/\/www.kss-sachsen.de\/#\/schema\/person\/image\/","url":"https:\/\/secure.gravatar.com\/avatar\/e4ecd4cb3a6714c2adcf507161262d91?s=96&d=mm&r=g","contentUrl":"https:\/\/secure.gravatar.com\/avatar\/e4ecd4cb3a6714c2adcf507161262d91?s=96&d=mm&r=g","caption":"administration"},"url":"https:\/\/www.kss-sachsen.de\/?author=1"}]}},"_links":{"self":[{"href":"https:\/\/www.kss-sachsen.de\/index.php?rest_route=\/wp\/v2\/posts\/2966"}],"collection":[{"href":"https:\/\/www.kss-sachsen.de\/index.php?rest_route=\/wp\/v2\/posts"}],"about":[{"href":"https:\/\/www.kss-sachsen.de\/index.php?rest_route=\/wp\/v2\/types\/post"}],"author":[{"embeddable":true,"href":"https:\/\/www.kss-sachsen.de\/index.php?rest_route=\/wp\/v2\/users\/1"}],"replies":[{"embeddable":true,"href":"https:\/\/www.kss-sachsen.de\/index.php?rest_route=%2Fwp%2Fv2%2Fcomments&post=2966"}],"version-history":[{"count":4,"href":"https:\/\/www.kss-sachsen.de\/index.php?rest_route=\/wp\/v2\/posts\/2966\/revisions"}],"predecessor-version":[{"id":2970,"href":"https:\/\/www.kss-sachsen.de\/index.php?rest_route=\/wp\/v2\/posts\/2966\/revisions\/2970"}],"wp:featuredmedia":[{"embeddable":true,"href":"https:\/\/www.kss-sachsen.de\/index.php?rest_route=\/wp\/v2\/media\/2971"}],"wp:attachment":[{"href":"https:\/\/www.kss-sachsen.de\/index.php?rest_route=%2Fwp%2Fv2%2Fmedia&parent=2966"}],"wp:term":[{"taxonomy":"category","embeddable":true,"href":"https:\/\/www.kss-sachsen.de\/index.php?rest_route=%2Fwp%2Fv2%2Fcategories&post=2966"},{"taxonomy":"post_tag","embeddable":true,"href":"https:\/\/www.kss-sachsen.de\/index.php?rest_route=%2Fwp%2Fv2%2Ftags&post=2966"}],"curies":[{"name":"wp","href":"https:\/\/api.w.org\/{rel}","templated":true}]}}