{"id":3112,"date":"2022-11-24T10:25:55","date_gmt":"2022-11-24T09:25:55","guid":{"rendered":"https:\/\/www.kss-sachsen.de\/?p=3112"},"modified":"2022-11-24T10:25:55","modified_gmt":"2022-11-24T09:25:55","slug":"sachsen-muss-aufnehmen","status":"publish","type":"post","link":"https:\/\/www.kss-sachsen.de\/pm_33_22","title":{"rendered":"Sachsen muss Aufnehmen"},"content":{"rendered":"<h3><strong>Breites B\u00fcndnis der Zivilgesellschaft fordert Landesaufnahmeprogramm f\u00fcr Sachsen <\/strong><\/h3>\n<p><em>Immer mehr Menschen m\u00fcssen sich aufgrund multipler Krisen auf die lebensgef\u00e4hrliche Flucht aus ihrer Heimat machen. Es ist Aufgabe von solidarischen und resilienten Gesellschaften, Menschen zu unterst\u00fctzen, die vor Gewalt, Klimakrise und Krieg fliehen.\u00a0<\/em><a href=\"https:\/\/sachsen-muss-aufnehmen.de\/wer-wir-sind\/\"><em>Ein breites B\u00fcndnis aus Vereinen, Wohlfahrtsverb\u00e4nden, Organisationen, politischen Jugendverb\u00e4nden und Einzelpersonen<\/em><\/a><em> fordert deshalb ein Landesaufnahmeprogramm f\u00fcr Sachsen.<\/em><\/p>\n<p>\u201eEs ist bereits im <a href=\"https:\/\/www.staatsregierung.sachsen.de\/download\/Koalitionsvertrag_2019-2024-2.pdf\">Koalitionsvertrag <\/a>festgehalten, nun muss die s\u00e4chsische Landesregierung ihr Vorhaben auch in die Tat umsetzen: Sachsen muss Aufnehmen!\u201c, erkl\u00e4rt <strong>Juliane Pr\u00fcfert von der Seebr\u00fccke Dresden<\/strong>. Das B\u00fcndnis nimmt dabei Bezug auf die im Koalitionsvertrag vereinbarte Aufnahme von mindestens 150 Personen in Fluchtkontexten, die besonders gef\u00e4hrdet sind. Der Koalitionsvertrag nennt daf\u00fcr einige Beispiele, wie verfolgte Christ*innen sowie Frauen und Kinder aus Nordsyrien und dem Nordirak. \u201eAngesichts der katastrophalen Entwicklungen in Afghanistan und der mangelhaften Umsetzung eines Bundesaufnahmeprogramms Afghanistan sollte die Landesregierung ebenfalls erw\u00e4gen, diese Personengruppe in einem Landesaufnahmeprogramm zu ber\u00fccksichtigen\u201c, so Pr\u00fcfert.<\/p>\n<p><em>Ein Landesaufnahmeprogramm erm\u00f6glicht \u201ageregelte\u2018 Migration<\/em><\/p>\n<p>Das B\u00fcndnis unterstreicht zudem, dass gerade die s\u00e4chsische Union an einem Landesaufnahmeprogramm interessiert sein sollte. \u201eWenn eine Person durch ein solches Landesaufnahmeprogramm in Sachsen bleiben kann, ist das der Idealfall der von der CDU vielfach herbeigesehnten \u201ageregelten\u2018 Migration. Landesaufnahmeprogramme schaffen sichere Fluchtwege. Wir verstehen deshalb nicht, weshalb sich der s\u00e4chsische Innenminister in den letzten Wochen wiederholt gegen Aufnahmeprogramme des Bundes und der L\u00e4nder ausgesprochen hat\u201c, erkl\u00e4rt <strong>Paula Moser vom S\u00e4chsischen Fl\u00fcchtlingsrat<\/strong>.<\/p>\n<p>Zudem kritisiert das B\u00fcndnis eine Hierarchisierung von Gefl\u00fcchteten, wie es derzeit aus den Innenministerien auf Bundes- und Landesebene zu h\u00f6ren ist: \u201eWer die Aufnahme von Schutzsuchenden aus nichteurop\u00e4ischen Kriegsgebieten zu einer Bedrohungslage verzerrt, schafft neue N\u00e4hrb\u00f6den f\u00fcr rassistische Gewalt. Viel wichtiger ist es nun, alle Energie auf den Ausbau der Aufnahmekapazit\u00e4ten im Freistaat zu verwenden\u201c, so\u00a0Moser.<\/p>\n<p><em>Aktionstag \u201eSachsen muss aufnehmen\u201c am Sonntag, 27. November<\/em><\/p>\n<p><strong>Am Sonntag, 27. November 2022, l\u00e4dt das B\u00fcndnis zu Kundgebungen ein. In Dresden ist das B\u00fcndnis ab 14 Uhr auf dem Schlossplatz zugange, in Leipzig wird es ab 14 Uhr eine Aktion auf dem Richard-Wagner-Platz geben.<\/strong> Updates zu den Aktionen gibt es auf <a href=\"https:\/\/www.instagram.com\/sachsen_muss_aufnehmen\/?next=%2F\">Instagram<\/a>, <a href=\"https:\/\/www.facebook.com\/SNMussAufnehmen\">Facebook <\/a>und <a href=\"https:\/\/twitter.com\/SNMussAufnehmen\">Twitter<\/a>.<\/p>\n<p>Auch die S\u00e4chsischen Studierendenschaften unterstreichen die Forderung: \u201eWir haben in diesem Jahr bereits f\u00fcr Drittstaatsangeh\u00f6rige Gefl\u00fcchtete aus der Ukraine ein Landesaufnahmeprogramm in Sachsen gefordert &#8211; leider ohne Resonanz. Es gibt so viele Menschen, die hier gern ein Studium aufnehmen und auch als dringend ben\u00f6tigte Fachkr\u00e4fte in Sachsen bleiben wollen. Die S\u00e4chsischen Hochschulen haben sich bereits sehr offen hierf\u00fcr gezeigt. Was fehlt, sind die politischen Rahmenbedingungen, die endlich geschaffen werden m\u00fcssen!\u201c, betont <strong>Sabine Giese, Sprecherin der Konferenz S\u00e4chsischer Studierendenschaften<\/strong>.<\/p>\n<p>&nbsp;<\/p>\n<p><em>Hintergrund: Was ist ein Landesaufnahmeprogramm?<\/em><\/p>\n<p>Normalerweise werden den Bundesl\u00e4ndern vom Bund eine bestimmte Anzahl an gefl\u00fcchteten Personen f\u00fcr die Aufnahme zugeteilt. Diese Zuteilung l\u00e4uft \u00fcber den sogenannten \u201eK\u00f6nigsteiner Schl\u00fcssel\u201c. Doch einzelne Bundesl\u00e4nder k\u00f6nnen dar\u00fcber hinaus auch noch mehr Menschen aufnehmen. Diese Bereitschaft, noch mehr Menschen aufzunehmen, wird im politischen Sprech \u201eLandesaufnahmeprogramm\u201c genannt. Rechtliche Grundlage daf\u00fcr ist \u00a7 23 I AufenthG. Zur tats\u00e4chlichen Umsetzung bedarf es der Erlaubnis des Bundesinnenministeriums.\u00a0<a href=\"https:\/\/taz.de\/Landesaufnahmeprogramm-Afghanistan\/!5892133\/\">Zuletzt hatte Faesers Haus die Blockadehaltung ihres Vorg\u00e4ngers Seehofer aufgegebe<\/a>n und den beantragten Landesaufnahmeprogrammen zugestimmt.<\/p>\n<p>&nbsp;<\/p>\n<p><img loading=\"lazy\" decoding=\"async\" class=\"alignnone size-medium wp-image-3113\" src=\"https:\/\/www.kss-sachsen.de\/wp-content\/uploads\/2022\/11\/Sma-BW_Zeichenfl\u00e4che-NEU-300x113.png\" alt=\"\" width=\"300\" height=\"113\" srcset=\"https:\/\/www.kss-sachsen.de\/wp-content\/uploads\/2022\/11\/Sma-BW_Zeichenfl\u00e4che-NEU-300x113.png 300w, https:\/\/www.kss-sachsen.de\/wp-content\/uploads\/2022\/11\/Sma-BW_Zeichenfl\u00e4che-NEU-768x290.png 768w, https:\/\/www.kss-sachsen.de\/wp-content\/uploads\/2022\/11\/Sma-BW_Zeichenfl\u00e4che-NEU-1024x387.png 1024w, https:\/\/www.kss-sachsen.de\/wp-content\/uploads\/2022\/11\/Sma-BW_Zeichenfl\u00e4che-NEU-520x196.png 520w, https:\/\/www.kss-sachsen.de\/wp-content\/uploads\/2022\/11\/Sma-BW_Zeichenfl\u00e4che-NEU-740x280.png 740w\" sizes=\"(max-width: 300px) 100vw, 300px\" \/><img loading=\"lazy\" decoding=\"async\" class=\"alignnone  wp-image-1304\" src=\"https:\/\/www.kss-sachsen.de\/wp-content\/uploads\/2019\/01\/cropped-header_logo_Zeichenfl\u00e4che-1-300x205.png\" alt=\"\" width=\"165\" height=\"113\" srcset=\"https:\/\/www.kss-sachsen.de\/wp-content\/uploads\/2019\/01\/cropped-header_logo_Zeichenfl\u00e4che-1-300x205.png 300w, https:\/\/www.kss-sachsen.de\/wp-content\/uploads\/2019\/01\/cropped-header_logo_Zeichenfl\u00e4che-1-768x526.png 768w, https:\/\/www.kss-sachsen.de\/wp-content\/uploads\/2019\/01\/cropped-header_logo_Zeichenfl\u00e4che-1-1024x701.png 1024w, https:\/\/www.kss-sachsen.de\/wp-content\/uploads\/2019\/01\/cropped-header_logo_Zeichenfl\u00e4che-1-520x356.png 520w, https:\/\/www.kss-sachsen.de\/wp-content\/uploads\/2019\/01\/cropped-header_logo_Zeichenfl\u00e4che-1-740x506.png 740w, https:\/\/www.kss-sachsen.de\/wp-content\/uploads\/2019\/01\/cropped-header_logo_Zeichenfl\u00e4che-1.png 1920w\" sizes=\"(max-width: 165px) 100vw, 165px\" \/><\/p>\n","protected":false},"excerpt":{"rendered":"<p>Breites B\u00fcndnis der Zivilgesellschaft fordert Landesaufnahmeprogramm f\u00fcr Sachsen Immer mehr Menschen m\u00fcssen sich aufgrund multipler Krisen auf die lebensgef\u00e4hrliche Flucht aus ihrer Heimat machen. Es ist Aufgabe von solidarischen und resilienten Gesellschaften, Menschen zu unterst\u00fctzen, die vor Gewalt, Klimakrise und Krieg fliehen.\u00a0Ein breites B\u00fcndnis aus Vereinen, Wohlfahrtsverb\u00e4nden, Organisationen, politischen Jugendverb\u00e4nden und Einzelpersonen fordert deshalb ein Landesaufnahmeprogramm f\u00fcr Sachsen. \u201eEs ist<a class=\"read-more\" href=\"https:\/\/www.kss-sachsen.de\/pm_33_22\">Hier weiter lesen&#8230;<\/a><\/p>\n","protected":false},"author":1,"featured_media":3114,"comment_status":"closed","ping_status":"open","sticky":false,"template":"","format":"standard","meta":{"footnotes":""},"categories":[1],"tags":[],"yoast_head":"<!-- This site is optimized with the Yoast SEO plugin v23.5 - https:\/\/yoast.com\/wordpress\/plugins\/seo\/ -->\n<title>Sachsen muss Aufnehmen - KSS<\/title>\n<meta name=\"robots\" content=\"index, follow, max-snippet:-1, max-image-preview:large, max-video-preview:-1\" \/>\n<link rel=\"canonical\" href=\"https:\/\/www.kss-sachsen.de\/pm_33_22\" \/>\n<meta property=\"og:locale\" content=\"de_DE\" \/>\n<meta property=\"og:type\" content=\"article\" \/>\n<meta property=\"og:title\" content=\"Sachsen muss Aufnehmen - KSS\" \/>\n<meta property=\"og:description\" content=\"Breites B\u00fcndnis der Zivilgesellschaft fordert Landesaufnahmeprogramm f\u00fcr Sachsen Immer mehr Menschen m\u00fcssen sich aufgrund multipler Krisen auf die lebensgef\u00e4hrliche Flucht aus ihrer Heimat machen. Es ist Aufgabe von solidarischen und resilienten Gesellschaften, Menschen zu unterst\u00fctzen, die vor Gewalt, Klimakrise und Krieg fliehen.\u00a0Ein breites B\u00fcndnis aus Vereinen, Wohlfahrtsverb\u00e4nden, Organisationen, politischen Jugendverb\u00e4nden und Einzelpersonen fordert deshalb ein Landesaufnahmeprogramm f\u00fcr Sachsen. \u201eEs istHier weiter lesen...\" \/>\n<meta property=\"og:url\" content=\"https:\/\/www.kss-sachsen.de\/pm_33_22\" \/>\n<meta property=\"og:site_name\" content=\"KSS\" \/>\n<meta property=\"article:published_time\" content=\"2022-11-24T09:25:55+00:00\" \/>\n<meta property=\"og:image\" content=\"https:\/\/www.kss-sachsen.de\/wp-content\/uploads\/2022\/11\/03_Sticker_Quadrat-2.png\" \/>\n\t<meta property=\"og:image:width\" content=\"1181\" \/>\n\t<meta property=\"og:image:height\" content=\"1181\" \/>\n\t<meta property=\"og:image:type\" content=\"image\/png\" \/>\n<meta name=\"author\" content=\"administration\" \/>\n<meta name=\"twitter:card\" content=\"summary_large_image\" \/>\n<meta name=\"twitter:label1\" content=\"Verfasst von\" \/>\n\t<meta name=\"twitter:data1\" content=\"administration\" \/>\n\t<meta name=\"twitter:label2\" content=\"Gesch\u00e4tzte Lesezeit\" \/>\n\t<meta name=\"twitter:data2\" content=\"3\u00a0Minuten\" \/>\n<script type=\"application\/ld+json\" class=\"yoast-schema-graph\">{\"@context\":\"https:\/\/schema.org\",\"@graph\":[{\"@type\":\"Article\",\"@id\":\"https:\/\/www.kss-sachsen.de\/pm_33_22#article\",\"isPartOf\":{\"@id\":\"https:\/\/www.kss-sachsen.de\/pm_33_22\"},\"author\":{\"name\":\"administration\",\"@id\":\"https:\/\/www.kss-sachsen.de\/#\/schema\/person\/fbcf1c2438e102156e84a4ba5c3daa64\"},\"headline\":\"Sachsen muss Aufnehmen\",\"datePublished\":\"2022-11-24T09:25:55+00:00\",\"dateModified\":\"2022-11-24T09:25:55+00:00\",\"mainEntityOfPage\":{\"@id\":\"https:\/\/www.kss-sachsen.de\/pm_33_22\"},\"wordCount\":561,\"publisher\":{\"@id\":\"https:\/\/www.kss-sachsen.de\/#organization\"},\"image\":{\"@id\":\"https:\/\/www.kss-sachsen.de\/pm_33_22#primaryimage\"},\"thumbnailUrl\":\"https:\/\/www.kss-sachsen.de\/wp-content\/uploads\/2022\/11\/03_Sticker_Quadrat-2.png\",\"articleSection\":[\"Uncategorized\"],\"inLanguage\":\"de\"},{\"@type\":\"WebPage\",\"@id\":\"https:\/\/www.kss-sachsen.de\/pm_33_22\",\"url\":\"https:\/\/www.kss-sachsen.de\/pm_33_22\",\"name\":\"Sachsen muss Aufnehmen - KSS\",\"isPartOf\":{\"@id\":\"https:\/\/www.kss-sachsen.de\/#website\"},\"primaryImageOfPage\":{\"@id\":\"https:\/\/www.kss-sachsen.de\/pm_33_22#primaryimage\"},\"image\":{\"@id\":\"https:\/\/www.kss-sachsen.de\/pm_33_22#primaryimage\"},\"thumbnailUrl\":\"https:\/\/www.kss-sachsen.de\/wp-content\/uploads\/2022\/11\/03_Sticker_Quadrat-2.png\",\"datePublished\":\"2022-11-24T09:25:55+00:00\",\"dateModified\":\"2022-11-24T09:25:55+00:00\",\"breadcrumb\":{\"@id\":\"https:\/\/www.kss-sachsen.de\/pm_33_22#breadcrumb\"},\"inLanguage\":\"de\",\"potentialAction\":[{\"@type\":\"ReadAction\",\"target\":[\"https:\/\/www.kss-sachsen.de\/pm_33_22\"]}]},{\"@type\":\"ImageObject\",\"inLanguage\":\"de\",\"@id\":\"https:\/\/www.kss-sachsen.de\/pm_33_22#primaryimage\",\"url\":\"https:\/\/www.kss-sachsen.de\/wp-content\/uploads\/2022\/11\/03_Sticker_Quadrat-2.png\",\"contentUrl\":\"https:\/\/www.kss-sachsen.de\/wp-content\/uploads\/2022\/11\/03_Sticker_Quadrat-2.png\",\"width\":1181,\"height\":1181},{\"@type\":\"BreadcrumbList\",\"@id\":\"https:\/\/www.kss-sachsen.de\/pm_33_22#breadcrumb\",\"itemListElement\":[{\"@type\":\"ListItem\",\"position\":1,\"name\":\"Home\",\"item\":\"https:\/\/www.kss-sachsen.de\/\"},{\"@type\":\"ListItem\",\"position\":2,\"name\":\"Sachsen muss Aufnehmen\"}]},{\"@type\":\"WebSite\",\"@id\":\"https:\/\/www.kss-sachsen.de\/#website\",\"url\":\"https:\/\/www.kss-sachsen.de\/\",\"name\":\"Konferenz S\u00e4chsischer Studierendenschaften\",\"description\":\"Konferenz S\u00e4chsischer Studierendenschaften\",\"publisher\":{\"@id\":\"https:\/\/www.kss-sachsen.de\/#organization\"},\"potentialAction\":[{\"@type\":\"SearchAction\",\"target\":{\"@type\":\"EntryPoint\",\"urlTemplate\":\"https:\/\/www.kss-sachsen.de\/?s={search_term_string}\"},\"query-input\":{\"@type\":\"PropertyValueSpecification\",\"valueRequired\":true,\"valueName\":\"search_term_string\"}}],\"inLanguage\":\"de\"},{\"@type\":\"Organization\",\"@id\":\"https:\/\/www.kss-sachsen.de\/#organization\",\"name\":\"Konferenz S\u00e4chsischer Studierendenschaften\",\"url\":\"https:\/\/www.kss-sachsen.de\/\",\"logo\":{\"@type\":\"ImageObject\",\"inLanguage\":\"de\",\"@id\":\"https:\/\/www.kss-sachsen.de\/#\/schema\/logo\/image\/\",\"url\":\"https:\/\/www.kss-sachsen.de\/wp-content\/uploads\/2023\/02\/Logo-KSS.png\",\"contentUrl\":\"https:\/\/www.kss-sachsen.de\/wp-content\/uploads\/2023\/02\/Logo-KSS.png\",\"width\":2239,\"height\":1528,\"caption\":\"Konferenz S\u00e4chsischer Studierendenschaften\"},\"image\":{\"@id\":\"https:\/\/www.kss-sachsen.de\/#\/schema\/logo\/image\/\"},\"sameAs\":[\"https:\/\/www.instagram.com\/kss_sachsen\/\"]},{\"@type\":\"Person\",\"@id\":\"https:\/\/www.kss-sachsen.de\/#\/schema\/person\/fbcf1c2438e102156e84a4ba5c3daa64\",\"name\":\"administration\",\"image\":{\"@type\":\"ImageObject\",\"inLanguage\":\"de\",\"@id\":\"https:\/\/www.kss-sachsen.de\/#\/schema\/person\/image\/\",\"url\":\"https:\/\/secure.gravatar.com\/avatar\/e4ecd4cb3a6714c2adcf507161262d91?s=96&d=mm&r=g\",\"contentUrl\":\"https:\/\/secure.gravatar.com\/avatar\/e4ecd4cb3a6714c2adcf507161262d91?s=96&d=mm&r=g\",\"caption\":\"administration\"},\"url\":\"https:\/\/www.kss-sachsen.de\/?author=1\"}]}<\/script>\n<!-- \/ Yoast SEO plugin. -->","yoast_head_json":{"title":"Sachsen muss Aufnehmen - KSS","robots":{"index":"index","follow":"follow","max-snippet":"max-snippet:-1","max-image-preview":"max-image-preview:large","max-video-preview":"max-video-preview:-1"},"canonical":"https:\/\/www.kss-sachsen.de\/pm_33_22","og_locale":"de_DE","og_type":"article","og_title":"Sachsen muss Aufnehmen - KSS","og_description":"Breites B\u00fcndnis der Zivilgesellschaft fordert Landesaufnahmeprogramm f\u00fcr Sachsen Immer mehr Menschen m\u00fcssen sich aufgrund multipler Krisen auf die lebensgef\u00e4hrliche Flucht aus ihrer Heimat machen. Es ist Aufgabe von solidarischen und resilienten Gesellschaften, Menschen zu unterst\u00fctzen, die vor Gewalt, Klimakrise und Krieg fliehen.\u00a0Ein breites B\u00fcndnis aus Vereinen, Wohlfahrtsverb\u00e4nden, Organisationen, politischen Jugendverb\u00e4nden und Einzelpersonen fordert deshalb ein Landesaufnahmeprogramm f\u00fcr Sachsen. \u201eEs istHier weiter lesen...","og_url":"https:\/\/www.kss-sachsen.de\/pm_33_22","og_site_name":"KSS","article_published_time":"2022-11-24T09:25:55+00:00","og_image":[{"width":1181,"height":1181,"url":"https:\/\/www.kss-sachsen.de\/wp-content\/uploads\/2022\/11\/03_Sticker_Quadrat-2.png","type":"image\/png"}],"author":"administration","twitter_card":"summary_large_image","twitter_misc":{"Verfasst von":"administration","Gesch\u00e4tzte Lesezeit":"3\u00a0Minuten"},"schema":{"@context":"https:\/\/schema.org","@graph":[{"@type":"Article","@id":"https:\/\/www.kss-sachsen.de\/pm_33_22#article","isPartOf":{"@id":"https:\/\/www.kss-sachsen.de\/pm_33_22"},"author":{"name":"administration","@id":"https:\/\/www.kss-sachsen.de\/#\/schema\/person\/fbcf1c2438e102156e84a4ba5c3daa64"},"headline":"Sachsen muss Aufnehmen","datePublished":"2022-11-24T09:25:55+00:00","dateModified":"2022-11-24T09:25:55+00:00","mainEntityOfPage":{"@id":"https:\/\/www.kss-sachsen.de\/pm_33_22"},"wordCount":561,"publisher":{"@id":"https:\/\/www.kss-sachsen.de\/#organization"},"image":{"@id":"https:\/\/www.kss-sachsen.de\/pm_33_22#primaryimage"},"thumbnailUrl":"https:\/\/www.kss-sachsen.de\/wp-content\/uploads\/2022\/11\/03_Sticker_Quadrat-2.png","articleSection":["Uncategorized"],"inLanguage":"de"},{"@type":"WebPage","@id":"https:\/\/www.kss-sachsen.de\/pm_33_22","url":"https:\/\/www.kss-sachsen.de\/pm_33_22","name":"Sachsen muss Aufnehmen - KSS","isPartOf":{"@id":"https:\/\/www.kss-sachsen.de\/#website"},"primaryImageOfPage":{"@id":"https:\/\/www.kss-sachsen.de\/pm_33_22#primaryimage"},"image":{"@id":"https:\/\/www.kss-sachsen.de\/pm_33_22#primaryimage"},"thumbnailUrl":"https:\/\/www.kss-sachsen.de\/wp-content\/uploads\/2022\/11\/03_Sticker_Quadrat-2.png","datePublished":"2022-11-24T09:25:55+00:00","dateModified":"2022-11-24T09:25:55+00:00","breadcrumb":{"@id":"https:\/\/www.kss-sachsen.de\/pm_33_22#breadcrumb"},"inLanguage":"de","potentialAction":[{"@type":"ReadAction","target":["https:\/\/www.kss-sachsen.de\/pm_33_22"]}]},{"@type":"ImageObject","inLanguage":"de","@id":"https:\/\/www.kss-sachsen.de\/pm_33_22#primaryimage","url":"https:\/\/www.kss-sachsen.de\/wp-content\/uploads\/2022\/11\/03_Sticker_Quadrat-2.png","contentUrl":"https:\/\/www.kss-sachsen.de\/wp-content\/uploads\/2022\/11\/03_Sticker_Quadrat-2.png","width":1181,"height":1181},{"@type":"BreadcrumbList","@id":"https:\/\/www.kss-sachsen.de\/pm_33_22#breadcrumb","itemListElement":[{"@type":"ListItem","position":1,"name":"Home","item":"https:\/\/www.kss-sachsen.de\/"},{"@type":"ListItem","position":2,"name":"Sachsen muss Aufnehmen"}]},{"@type":"WebSite","@id":"https:\/\/www.kss-sachsen.de\/#website","url":"https:\/\/www.kss-sachsen.de\/","name":"Konferenz S\u00e4chsischer Studierendenschaften","description":"Konferenz S\u00e4chsischer Studierendenschaften","publisher":{"@id":"https:\/\/www.kss-sachsen.de\/#organization"},"potentialAction":[{"@type":"SearchAction","target":{"@type":"EntryPoint","urlTemplate":"https:\/\/www.kss-sachsen.de\/?s={search_term_string}"},"query-input":{"@type":"PropertyValueSpecification","valueRequired":true,"valueName":"search_term_string"}}],"inLanguage":"de"},{"@type":"Organization","@id":"https:\/\/www.kss-sachsen.de\/#organization","name":"Konferenz S\u00e4chsischer Studierendenschaften","url":"https:\/\/www.kss-sachsen.de\/","logo":{"@type":"ImageObject","inLanguage":"de","@id":"https:\/\/www.kss-sachsen.de\/#\/schema\/logo\/image\/","url":"https:\/\/www.kss-sachsen.de\/wp-content\/uploads\/2023\/02\/Logo-KSS.png","contentUrl":"https:\/\/www.kss-sachsen.de\/wp-content\/uploads\/2023\/02\/Logo-KSS.png","width":2239,"height":1528,"caption":"Konferenz S\u00e4chsischer Studierendenschaften"},"image":{"@id":"https:\/\/www.kss-sachsen.de\/#\/schema\/logo\/image\/"},"sameAs":["https:\/\/www.instagram.com\/kss_sachsen\/"]},{"@type":"Person","@id":"https:\/\/www.kss-sachsen.de\/#\/schema\/person\/fbcf1c2438e102156e84a4ba5c3daa64","name":"administration","image":{"@type":"ImageObject","inLanguage":"de","@id":"https:\/\/www.kss-sachsen.de\/#\/schema\/person\/image\/","url":"https:\/\/secure.gravatar.com\/avatar\/e4ecd4cb3a6714c2adcf507161262d91?s=96&d=mm&r=g","contentUrl":"https:\/\/secure.gravatar.com\/avatar\/e4ecd4cb3a6714c2adcf507161262d91?s=96&d=mm&r=g","caption":"administration"},"url":"https:\/\/www.kss-sachsen.de\/?author=1"}]}},"_links":{"self":[{"href":"https:\/\/www.kss-sachsen.de\/index.php?rest_route=\/wp\/v2\/posts\/3112"}],"collection":[{"href":"https:\/\/www.kss-sachsen.de\/index.php?rest_route=\/wp\/v2\/posts"}],"about":[{"href":"https:\/\/www.kss-sachsen.de\/index.php?rest_route=\/wp\/v2\/types\/post"}],"author":[{"embeddable":true,"href":"https:\/\/www.kss-sachsen.de\/index.php?rest_route=\/wp\/v2\/users\/1"}],"replies":[{"embeddable":true,"href":"https:\/\/www.kss-sachsen.de\/index.php?rest_route=%2Fwp%2Fv2%2Fcomments&post=3112"}],"version-history":[{"count":1,"href":"https:\/\/www.kss-sachsen.de\/index.php?rest_route=\/wp\/v2\/posts\/3112\/revisions"}],"predecessor-version":[{"id":3116,"href":"https:\/\/www.kss-sachsen.de\/index.php?rest_route=\/wp\/v2\/posts\/3112\/revisions\/3116"}],"wp:featuredmedia":[{"embeddable":true,"href":"https:\/\/www.kss-sachsen.de\/index.php?rest_route=\/wp\/v2\/media\/3114"}],"wp:attachment":[{"href":"https:\/\/www.kss-sachsen.de\/index.php?rest_route=%2Fwp%2Fv2%2Fmedia&parent=3112"}],"wp:term":[{"taxonomy":"category","embeddable":true,"href":"https:\/\/www.kss-sachsen.de\/index.php?rest_route=%2Fwp%2Fv2%2Fcategories&post=3112"},{"taxonomy":"post_tag","embeddable":true,"href":"https:\/\/www.kss-sachsen.de\/index.php?rest_route=%2Fwp%2Fv2%2Ftags&post=3112"}],"curies":[{"name":"wp","href":"https:\/\/api.w.org\/{rel}","templated":true}]}}