{"id":3146,"date":"2022-12-08T13:26:18","date_gmt":"2022-12-08T12:26:18","guid":{"rendered":"https:\/\/www.kss-sachsen.de\/?p=3146"},"modified":"2022-12-08T20:34:44","modified_gmt":"2022-12-08T19:34:44","slug":"wir-konnen-nicht-mehr-verdammt-nochmal","status":"publish","type":"post","link":"https:\/\/www.kss-sachsen.de\/pm_35_22","title":{"rendered":"Wir k\u00f6nnen nicht mehr &#8211; verdammt nochmal!"},"content":{"rendered":"<h3><strong>Landesstudierendenvertretung wendet sich nun mit dringlicher Bitte an Sachsens Politiker*innen\u00a0<\/strong><\/h3>\n<p>Die Preise steigen &#8211; das ist mittlerweile bei allen Teilen der Bev\u00f6lkerung angekommen. Doch eine Gruppe wird nach wie vor vernachl\u00e4ssigt: W\u00e4hrend die Entlastungspakete des Bundes bei den meisten Studierenden gar nicht erst ankommen oder in Anbetracht der enormen Preisentwicklungen nur ein Tropfen auf dem hei\u00dfen Stein bedeuten, sollen studentische Mieten, das bisher so g\u00fcnstige Mensa-Essen und sogar die Semesterbeitr\u00e4ge im Freistaat Sachsen noch teurer werden. Die Konferenz S\u00e4chsischer Studierendenschaften (KSS) hat sich nun mit dringlichen Schreiben zur studentischen Not an Sachsens Ministerpr\u00e4sidenten Michael Kretschmer, Wissenschaftsminister Sebastian Gemkow und die Vorsitzenden der Koalitionsfraktionen gewandt.<\/p>\n<p>Erst im letzten Monat hatten die Studierendenschaften in Sachsen <a href=\"https:\/\/www.kss-sachsen.de\/pm_31_22\">vor weiteren Preisanstiegen gewarnt<\/a>. Aufgrund der zu geringen staatlichen Bezuschussung wurden letzte Woche nun bei den S\u00e4chsischen Studierendenwerken Erh\u00f6hungen von Mieten, Mensapreisen und sogar Semesterbeitr\u00e4gen angek\u00fcndigt. \u201e<em>Wieso sagen uns eigentlich st\u00e4ndig alle, dass sie die Anliegen der Studierenden im Blick h\u00e4tten, w\u00e4hrend die Preise gleichzeitig dennoch ansteigen?\u201c, <\/em>\u00e4u\u00dfert sich <strong>Uta Lemke, Sprecher*in der KSS<\/strong>, emp\u00f6rt. \u201e<em>Wie oft m\u00fcssen wir es noch sagen? Wir k\u00f6nnen keine weiteren Preissteigerungen mehr verkraften! Die ersten Studis treten bereits auf uns zu, weil sie aufgrund der prek\u00e4ren Situation bald ihr Studium abbrechen m\u00fcssen<\/em>.\u201c<\/p>\n<p>Die Studierenden sind verzweifelt. Der studentische Protest organisiert sich inzwischen auch unabh\u00e4ngig von den offiziellen Studierendenvertretungen. Erst am vergangenen Dienstag, dem 06. Dezember, protestierten Studierende im Rahmen des &#8222;Genug ist Genug&#8220;-B\u00fcndnisses auf dem Campus der Uni Leipzig gegen die Preissteigerungen.<\/p>\n<p>Die \u00c4nderungsantr\u00e4ge an den aktuell verhandelten Doppelhaushalt stellen laut KSS bei weitem keinen Inflationsausgleich dar. Die g\u00fcnstigen Preise f\u00fcr die Studierenden m\u00fcssten jedoch nachhaltig f\u00fcr mehrere Jahre gesichert werden. Au\u00dferdem br\u00e4uchte es Nothilfefonds und mehr Beratungsm\u00f6glichkeiten, um der studentischen Not gerecht werden zu k\u00f6nnen. All das muss jedoch finanziert werden. Die Landesstudierendenvertretung wendet sich nun hilfesuchend direkt an die hochrangigen Politiker*innen in Sachsen. \u201e<em>Es ist beinahe der letzte Ausweg, den wir sehen<\/em>\u201c, erkl\u00e4rt <strong>Sabine Giese, ebenso Sprecherin der KSS<\/strong>. \u201e<em>Wir m\u00f6chten keinen weiteren Kommiliton*innen mehr in die Augen sehen und erkl\u00e4ren m\u00fcssen, dass die Preise weiterhin steigen werden und momentan keine Hilfe in Sicht ist. Wir hoffen inst\u00e4ndig, dass Staatsregierung und Koalitionsfraktionen unseren Hilferuf ernst nehmen<\/em>.\u201c<\/p>\n<p><strong>Felix Fink, Referent f\u00fcr Hochschulpolitik der KSS<\/strong> fasst zusammen: \u201e<em>Erstens muss die Landesregierung jetzt sehr schnell sicherstellen, dass es keinerlei Preissteigerungen bei den landeseigenen Studierendenwerken in den Bereichen Mensen, Wohnen und Semesterbeitr\u00e4ge gibt. Angek\u00fcndigte Preissteigerungen m\u00fcssen unverz\u00fcglich zur\u00fcckgenommen werden! Zweitens m\u00fcssen die bestehenden H\u00e4rtefallfonds der Studierendenwerke deutlich erh\u00f6ht werden, sodass ein wesentlich gr\u00f6\u00dferer Teil unserer Kommiliton*innen in Notlagen bezuschusst werden kann.<\/em>\u201c<\/p>\n<p>Das Schreiben an Ministerpr\u00e4sident Kretschmer kann unter folgendem Link nachgelesen werden: <a href=\"https:\/\/cloud.portal.fzs.de\/s\/LGT9mcd5jkWAcoe\">https:\/\/cloud.portal.fzs.de\/s\/LGT9mcd5jkWAcoe<\/a><\/p>\n<p>Die PM ist auch als <a href=\"https:\/\/cloud.portal.fzs.de\/s\/mzb2tQHmf8MpgJr\">pdf.<\/a> abrufbar.<\/p>\n","protected":false},"excerpt":{"rendered":"<p>Landesstudierendenvertretung wendet sich nun mit dringlicher Bitte an Sachsens Politiker*innen\u00a0 Die Preise steigen &#8211; das ist mittlerweile bei allen Teilen der Bev\u00f6lkerung angekommen. Doch eine Gruppe wird nach wie vor vernachl\u00e4ssigt: W\u00e4hrend die Entlastungspakete des Bundes bei den meisten Studierenden gar nicht erst ankommen oder in Anbetracht der enormen Preisentwicklungen nur ein Tropfen auf dem hei\u00dfen Stein bedeuten, sollen studentische<a class=\"read-more\" href=\"https:\/\/www.kss-sachsen.de\/pm_35_22\">Hier weiter lesen&#8230;<\/a><\/p>\n","protected":false},"author":1,"featured_media":3150,"comment_status":"closed","ping_status":"open","sticky":false,"template":"","format":"standard","meta":{"footnotes":""},"categories":[1],"tags":[],"yoast_head":"<!-- This site is optimized with the Yoast SEO plugin v23.5 - https:\/\/yoast.com\/wordpress\/plugins\/seo\/ -->\n<title>Wir k\u00f6nnen nicht mehr - verdammt nochmal! - KSS<\/title>\n<meta name=\"robots\" content=\"index, follow, max-snippet:-1, max-image-preview:large, max-video-preview:-1\" \/>\n<link rel=\"canonical\" href=\"https:\/\/www.kss-sachsen.de\/pm_35_22\" \/>\n<meta property=\"og:locale\" content=\"de_DE\" \/>\n<meta property=\"og:type\" content=\"article\" \/>\n<meta property=\"og:title\" content=\"Wir k\u00f6nnen nicht mehr - verdammt nochmal! - KSS\" \/>\n<meta property=\"og:description\" content=\"Landesstudierendenvertretung wendet sich nun mit dringlicher Bitte an Sachsens Politiker*innen\u00a0 Die Preise steigen &#8211; das ist mittlerweile bei allen Teilen der Bev\u00f6lkerung angekommen. Doch eine Gruppe wird nach wie vor vernachl\u00e4ssigt: W\u00e4hrend die Entlastungspakete des Bundes bei den meisten Studierenden gar nicht erst ankommen oder in Anbetracht der enormen Preisentwicklungen nur ein Tropfen auf dem hei\u00dfen Stein bedeuten, sollen studentischeHier weiter lesen...\" \/>\n<meta property=\"og:url\" content=\"https:\/\/www.kss-sachsen.de\/pm_35_22\" \/>\n<meta property=\"og:site_name\" content=\"KSS\" \/>\n<meta property=\"article:published_time\" content=\"2022-12-08T12:26:18+00:00\" \/>\n<meta property=\"article:modified_time\" content=\"2022-12-08T19:34:44+00:00\" \/>\n<meta property=\"og:image\" content=\"https:\/\/www.kss-sachsen.de\/wp-content\/uploads\/2022\/12\/221208-Offener-Brief-Wir-k\u00f6nnen-nicht-mehr_TW-min.png\" \/>\n\t<meta property=\"og:image:width\" content=\"2500\" \/>\n\t<meta property=\"og:image:height\" content=\"1406\" \/>\n\t<meta property=\"og:image:type\" content=\"image\/png\" \/>\n<meta name=\"author\" content=\"administration\" \/>\n<meta name=\"twitter:card\" content=\"summary_large_image\" \/>\n<meta name=\"twitter:label1\" content=\"Verfasst von\" \/>\n\t<meta name=\"twitter:data1\" content=\"administration\" \/>\n\t<meta name=\"twitter:label2\" content=\"Gesch\u00e4tzte Lesezeit\" \/>\n\t<meta name=\"twitter:data2\" content=\"2\u00a0Minuten\" \/>\n<script type=\"application\/ld+json\" class=\"yoast-schema-graph\">{\"@context\":\"https:\/\/schema.org\",\"@graph\":[{\"@type\":\"Article\",\"@id\":\"https:\/\/www.kss-sachsen.de\/pm_35_22#article\",\"isPartOf\":{\"@id\":\"https:\/\/www.kss-sachsen.de\/pm_35_22\"},\"author\":{\"name\":\"administration\",\"@id\":\"https:\/\/www.kss-sachsen.de\/#\/schema\/person\/fbcf1c2438e102156e84a4ba5c3daa64\"},\"headline\":\"Wir k\u00f6nnen nicht mehr &#8211; verdammt nochmal!\",\"datePublished\":\"2022-12-08T12:26:18+00:00\",\"dateModified\":\"2022-12-08T19:34:44+00:00\",\"mainEntityOfPage\":{\"@id\":\"https:\/\/www.kss-sachsen.de\/pm_35_22\"},\"wordCount\":506,\"publisher\":{\"@id\":\"https:\/\/www.kss-sachsen.de\/#organization\"},\"image\":{\"@id\":\"https:\/\/www.kss-sachsen.de\/pm_35_22#primaryimage\"},\"thumbnailUrl\":\"https:\/\/www.kss-sachsen.de\/wp-content\/uploads\/2022\/12\/221208-Offener-Brief-Wir-k\u00f6nnen-nicht-mehr_TW-min.png\",\"articleSection\":[\"Uncategorized\"],\"inLanguage\":\"de\"},{\"@type\":\"WebPage\",\"@id\":\"https:\/\/www.kss-sachsen.de\/pm_35_22\",\"url\":\"https:\/\/www.kss-sachsen.de\/pm_35_22\",\"name\":\"Wir k\u00f6nnen nicht mehr - verdammt nochmal! - KSS\",\"isPartOf\":{\"@id\":\"https:\/\/www.kss-sachsen.de\/#website\"},\"primaryImageOfPage\":{\"@id\":\"https:\/\/www.kss-sachsen.de\/pm_35_22#primaryimage\"},\"image\":{\"@id\":\"https:\/\/www.kss-sachsen.de\/pm_35_22#primaryimage\"},\"thumbnailUrl\":\"https:\/\/www.kss-sachsen.de\/wp-content\/uploads\/2022\/12\/221208-Offener-Brief-Wir-k\u00f6nnen-nicht-mehr_TW-min.png\",\"datePublished\":\"2022-12-08T12:26:18+00:00\",\"dateModified\":\"2022-12-08T19:34:44+00:00\",\"breadcrumb\":{\"@id\":\"https:\/\/www.kss-sachsen.de\/pm_35_22#breadcrumb\"},\"inLanguage\":\"de\",\"potentialAction\":[{\"@type\":\"ReadAction\",\"target\":[\"https:\/\/www.kss-sachsen.de\/pm_35_22\"]}]},{\"@type\":\"ImageObject\",\"inLanguage\":\"de\",\"@id\":\"https:\/\/www.kss-sachsen.de\/pm_35_22#primaryimage\",\"url\":\"https:\/\/www.kss-sachsen.de\/wp-content\/uploads\/2022\/12\/221208-Offener-Brief-Wir-k\u00f6nnen-nicht-mehr_TW-min.png\",\"contentUrl\":\"https:\/\/www.kss-sachsen.de\/wp-content\/uploads\/2022\/12\/221208-Offener-Brief-Wir-k\u00f6nnen-nicht-mehr_TW-min.png\",\"width\":2500,\"height\":1406},{\"@type\":\"BreadcrumbList\",\"@id\":\"https:\/\/www.kss-sachsen.de\/pm_35_22#breadcrumb\",\"itemListElement\":[{\"@type\":\"ListItem\",\"position\":1,\"name\":\"Home\",\"item\":\"https:\/\/www.kss-sachsen.de\/\"},{\"@type\":\"ListItem\",\"position\":2,\"name\":\"Wir k\u00f6nnen nicht mehr &#8211; verdammt nochmal!\"}]},{\"@type\":\"WebSite\",\"@id\":\"https:\/\/www.kss-sachsen.de\/#website\",\"url\":\"https:\/\/www.kss-sachsen.de\/\",\"name\":\"Konferenz S\u00e4chsischer Studierendenschaften\",\"description\":\"Konferenz S\u00e4chsischer Studierendenschaften\",\"publisher\":{\"@id\":\"https:\/\/www.kss-sachsen.de\/#organization\"},\"potentialAction\":[{\"@type\":\"SearchAction\",\"target\":{\"@type\":\"EntryPoint\",\"urlTemplate\":\"https:\/\/www.kss-sachsen.de\/?s={search_term_string}\"},\"query-input\":{\"@type\":\"PropertyValueSpecification\",\"valueRequired\":true,\"valueName\":\"search_term_string\"}}],\"inLanguage\":\"de\"},{\"@type\":\"Organization\",\"@id\":\"https:\/\/www.kss-sachsen.de\/#organization\",\"name\":\"Konferenz S\u00e4chsischer Studierendenschaften\",\"url\":\"https:\/\/www.kss-sachsen.de\/\",\"logo\":{\"@type\":\"ImageObject\",\"inLanguage\":\"de\",\"@id\":\"https:\/\/www.kss-sachsen.de\/#\/schema\/logo\/image\/\",\"url\":\"https:\/\/www.kss-sachsen.de\/wp-content\/uploads\/2023\/02\/Logo-KSS.png\",\"contentUrl\":\"https:\/\/www.kss-sachsen.de\/wp-content\/uploads\/2023\/02\/Logo-KSS.png\",\"width\":2239,\"height\":1528,\"caption\":\"Konferenz S\u00e4chsischer Studierendenschaften\"},\"image\":{\"@id\":\"https:\/\/www.kss-sachsen.de\/#\/schema\/logo\/image\/\"},\"sameAs\":[\"https:\/\/www.instagram.com\/kss_sachsen\/\"]},{\"@type\":\"Person\",\"@id\":\"https:\/\/www.kss-sachsen.de\/#\/schema\/person\/fbcf1c2438e102156e84a4ba5c3daa64\",\"name\":\"administration\",\"image\":{\"@type\":\"ImageObject\",\"inLanguage\":\"de\",\"@id\":\"https:\/\/www.kss-sachsen.de\/#\/schema\/person\/image\/\",\"url\":\"https:\/\/secure.gravatar.com\/avatar\/e4ecd4cb3a6714c2adcf507161262d91?s=96&d=mm&r=g\",\"contentUrl\":\"https:\/\/secure.gravatar.com\/avatar\/e4ecd4cb3a6714c2adcf507161262d91?s=96&d=mm&r=g\",\"caption\":\"administration\"},\"url\":\"https:\/\/www.kss-sachsen.de\/?author=1\"}]}<\/script>\n<!-- \/ Yoast SEO plugin. -->","yoast_head_json":{"title":"Wir k\u00f6nnen nicht mehr - verdammt nochmal! - KSS","robots":{"index":"index","follow":"follow","max-snippet":"max-snippet:-1","max-image-preview":"max-image-preview:large","max-video-preview":"max-video-preview:-1"},"canonical":"https:\/\/www.kss-sachsen.de\/pm_35_22","og_locale":"de_DE","og_type":"article","og_title":"Wir k\u00f6nnen nicht mehr - verdammt nochmal! - KSS","og_description":"Landesstudierendenvertretung wendet sich nun mit dringlicher Bitte an Sachsens Politiker*innen\u00a0 Die Preise steigen &#8211; das ist mittlerweile bei allen Teilen der Bev\u00f6lkerung angekommen. Doch eine Gruppe wird nach wie vor vernachl\u00e4ssigt: W\u00e4hrend die Entlastungspakete des Bundes bei den meisten Studierenden gar nicht erst ankommen oder in Anbetracht der enormen Preisentwicklungen nur ein Tropfen auf dem hei\u00dfen Stein bedeuten, sollen studentischeHier weiter lesen...","og_url":"https:\/\/www.kss-sachsen.de\/pm_35_22","og_site_name":"KSS","article_published_time":"2022-12-08T12:26:18+00:00","article_modified_time":"2022-12-08T19:34:44+00:00","og_image":[{"width":2500,"height":1406,"url":"https:\/\/www.kss-sachsen.de\/wp-content\/uploads\/2022\/12\/221208-Offener-Brief-Wir-k\u00f6nnen-nicht-mehr_TW-min.png","type":"image\/png"}],"author":"administration","twitter_card":"summary_large_image","twitter_misc":{"Verfasst von":"administration","Gesch\u00e4tzte Lesezeit":"2\u00a0Minuten"},"schema":{"@context":"https:\/\/schema.org","@graph":[{"@type":"Article","@id":"https:\/\/www.kss-sachsen.de\/pm_35_22#article","isPartOf":{"@id":"https:\/\/www.kss-sachsen.de\/pm_35_22"},"author":{"name":"administration","@id":"https:\/\/www.kss-sachsen.de\/#\/schema\/person\/fbcf1c2438e102156e84a4ba5c3daa64"},"headline":"Wir k\u00f6nnen nicht mehr &#8211; verdammt nochmal!","datePublished":"2022-12-08T12:26:18+00:00","dateModified":"2022-12-08T19:34:44+00:00","mainEntityOfPage":{"@id":"https:\/\/www.kss-sachsen.de\/pm_35_22"},"wordCount":506,"publisher":{"@id":"https:\/\/www.kss-sachsen.de\/#organization"},"image":{"@id":"https:\/\/www.kss-sachsen.de\/pm_35_22#primaryimage"},"thumbnailUrl":"https:\/\/www.kss-sachsen.de\/wp-content\/uploads\/2022\/12\/221208-Offener-Brief-Wir-k\u00f6nnen-nicht-mehr_TW-min.png","articleSection":["Uncategorized"],"inLanguage":"de"},{"@type":"WebPage","@id":"https:\/\/www.kss-sachsen.de\/pm_35_22","url":"https:\/\/www.kss-sachsen.de\/pm_35_22","name":"Wir k\u00f6nnen nicht mehr - verdammt nochmal! - KSS","isPartOf":{"@id":"https:\/\/www.kss-sachsen.de\/#website"},"primaryImageOfPage":{"@id":"https:\/\/www.kss-sachsen.de\/pm_35_22#primaryimage"},"image":{"@id":"https:\/\/www.kss-sachsen.de\/pm_35_22#primaryimage"},"thumbnailUrl":"https:\/\/www.kss-sachsen.de\/wp-content\/uploads\/2022\/12\/221208-Offener-Brief-Wir-k\u00f6nnen-nicht-mehr_TW-min.png","datePublished":"2022-12-08T12:26:18+00:00","dateModified":"2022-12-08T19:34:44+00:00","breadcrumb":{"@id":"https:\/\/www.kss-sachsen.de\/pm_35_22#breadcrumb"},"inLanguage":"de","potentialAction":[{"@type":"ReadAction","target":["https:\/\/www.kss-sachsen.de\/pm_35_22"]}]},{"@type":"ImageObject","inLanguage":"de","@id":"https:\/\/www.kss-sachsen.de\/pm_35_22#primaryimage","url":"https:\/\/www.kss-sachsen.de\/wp-content\/uploads\/2022\/12\/221208-Offener-Brief-Wir-k\u00f6nnen-nicht-mehr_TW-min.png","contentUrl":"https:\/\/www.kss-sachsen.de\/wp-content\/uploads\/2022\/12\/221208-Offener-Brief-Wir-k\u00f6nnen-nicht-mehr_TW-min.png","width":2500,"height":1406},{"@type":"BreadcrumbList","@id":"https:\/\/www.kss-sachsen.de\/pm_35_22#breadcrumb","itemListElement":[{"@type":"ListItem","position":1,"name":"Home","item":"https:\/\/www.kss-sachsen.de\/"},{"@type":"ListItem","position":2,"name":"Wir k\u00f6nnen nicht mehr &#8211; verdammt nochmal!"}]},{"@type":"WebSite","@id":"https:\/\/www.kss-sachsen.de\/#website","url":"https:\/\/www.kss-sachsen.de\/","name":"Konferenz S\u00e4chsischer Studierendenschaften","description":"Konferenz S\u00e4chsischer Studierendenschaften","publisher":{"@id":"https:\/\/www.kss-sachsen.de\/#organization"},"potentialAction":[{"@type":"SearchAction","target":{"@type":"EntryPoint","urlTemplate":"https:\/\/www.kss-sachsen.de\/?s={search_term_string}"},"query-input":{"@type":"PropertyValueSpecification","valueRequired":true,"valueName":"search_term_string"}}],"inLanguage":"de"},{"@type":"Organization","@id":"https:\/\/www.kss-sachsen.de\/#organization","name":"Konferenz S\u00e4chsischer Studierendenschaften","url":"https:\/\/www.kss-sachsen.de\/","logo":{"@type":"ImageObject","inLanguage":"de","@id":"https:\/\/www.kss-sachsen.de\/#\/schema\/logo\/image\/","url":"https:\/\/www.kss-sachsen.de\/wp-content\/uploads\/2023\/02\/Logo-KSS.png","contentUrl":"https:\/\/www.kss-sachsen.de\/wp-content\/uploads\/2023\/02\/Logo-KSS.png","width":2239,"height":1528,"caption":"Konferenz S\u00e4chsischer Studierendenschaften"},"image":{"@id":"https:\/\/www.kss-sachsen.de\/#\/schema\/logo\/image\/"},"sameAs":["https:\/\/www.instagram.com\/kss_sachsen\/"]},{"@type":"Person","@id":"https:\/\/www.kss-sachsen.de\/#\/schema\/person\/fbcf1c2438e102156e84a4ba5c3daa64","name":"administration","image":{"@type":"ImageObject","inLanguage":"de","@id":"https:\/\/www.kss-sachsen.de\/#\/schema\/person\/image\/","url":"https:\/\/secure.gravatar.com\/avatar\/e4ecd4cb3a6714c2adcf507161262d91?s=96&d=mm&r=g","contentUrl":"https:\/\/secure.gravatar.com\/avatar\/e4ecd4cb3a6714c2adcf507161262d91?s=96&d=mm&r=g","caption":"administration"},"url":"https:\/\/www.kss-sachsen.de\/?author=1"}]}},"_links":{"self":[{"href":"https:\/\/www.kss-sachsen.de\/index.php?rest_route=\/wp\/v2\/posts\/3146"}],"collection":[{"href":"https:\/\/www.kss-sachsen.de\/index.php?rest_route=\/wp\/v2\/posts"}],"about":[{"href":"https:\/\/www.kss-sachsen.de\/index.php?rest_route=\/wp\/v2\/types\/post"}],"author":[{"embeddable":true,"href":"https:\/\/www.kss-sachsen.de\/index.php?rest_route=\/wp\/v2\/users\/1"}],"replies":[{"embeddable":true,"href":"https:\/\/www.kss-sachsen.de\/index.php?rest_route=%2Fwp%2Fv2%2Fcomments&post=3146"}],"version-history":[{"count":3,"href":"https:\/\/www.kss-sachsen.de\/index.php?rest_route=\/wp\/v2\/posts\/3146\/revisions"}],"predecessor-version":[{"id":3148,"href":"https:\/\/www.kss-sachsen.de\/index.php?rest_route=\/wp\/v2\/posts\/3146\/revisions\/3148"}],"wp:featuredmedia":[{"embeddable":true,"href":"https:\/\/www.kss-sachsen.de\/index.php?rest_route=\/wp\/v2\/media\/3150"}],"wp:attachment":[{"href":"https:\/\/www.kss-sachsen.de\/index.php?rest_route=%2Fwp%2Fv2%2Fmedia&parent=3146"}],"wp:term":[{"taxonomy":"category","embeddable":true,"href":"https:\/\/www.kss-sachsen.de\/index.php?rest_route=%2Fwp%2Fv2%2Fcategories&post=3146"},{"taxonomy":"post_tag","embeddable":true,"href":"https:\/\/www.kss-sachsen.de\/index.php?rest_route=%2Fwp%2Fv2%2Ftags&post=3146"}],"curies":[{"name":"wp","href":"https:\/\/api.w.org\/{rel}","templated":true}]}}