{"id":3266,"date":"2023-02-23T10:01:15","date_gmt":"2023-02-23T09:01:15","guid":{"rendered":"https:\/\/www.kss-sachsen.de\/?p=3266"},"modified":"2023-02-26T13:22:19","modified_gmt":"2023-02-26T12:22:19","slug":"meine-krankheit-geht-euch-gar-nichts-an","status":"publish","type":"post","link":"https:\/\/www.kss-sachsen.de\/pm_06_23","title":{"rendered":"Meine Krankheit geht euch gar nichts an!"},"content":{"rendered":"<h3><strong>Landesstudierendenvertretung kritisiert Pflicht zur Angabe von Symptomen bei Krankmeldungen<\/strong><\/h3>\n<p>Mit der elektronischen Arbeitsunf\u00e4higkeitsbescheinigung entf\u00e4llt die Mitteilung \u00fcber die Krankmeldung auf Papier f\u00fcr die Arbeitgeber*innen. Diese haben bislang jedoch auch Studierende ben\u00f6tigt, um sich im Krankheitsfall von Pr\u00fcfungen abmelden zu k\u00f6nnen. Die elektronische Krankmeldung kann allerdings nicht an die Hochschulen \u00fcbermittelt werden. Das f\u00fchrt dazu, dass die Praxis der sogenannten &#8222;Pr\u00fcfungsunf\u00e4higkeitsbescheinigungen&#8220; nun vermehrt Anwendung findet. Im Unterschied zum bisher \u00fcblichen Krankenschein (Arbeitsunf\u00e4higkeitsbescheinigung, &#8218;Gelber Schein&#8216;) m\u00fcssen die Studierenden hierbei jedoch auf einem durch die Hochschulen ausgegebenem Formblatt oft Symptome oder sogar Diagnosen offenlegen. Zudem k\u00f6nnen f\u00fcr die Ausstellung dieser Bescheinigungen Geb\u00fchren bei den \u00c4rzt*innen anfallen, welche die Hochschulen nicht \u00fcbernehmen. Die Konferenz S\u00e4chsischer Studierendenschaften (KSS) kritisiert diesen Eingriff in die Privatsph\u00e4re Studierender sowie die zus\u00e4tzliche finanzielle Belastung scharf und fordert einheitliche Regelungen im Hochschulgesetz.<\/p>\n<p>Gem\u00e4\u00df Rechtsprechung des Bundesverwaltungsgerichtes (1) kann eine Pr\u00fcfungsunf\u00e4higkeit aufgrund von Krankheit nur durch den Pr\u00fcfungsausschuss des jeweiligen Studiengangs festgestellt werden. Auf welcher Grundlage diese Entscheidung getroffen wird (z.B. \u00e4rztliche Arbeits- oder Pr\u00fcfungsunf\u00e4higkeitsbescheinigung), variiert derzeit je nach Pr\u00fcfungsordnung. Die letzte Entscheidung \u00fcber die Zul\u00e4ssigkeit einer Pr\u00fcfungsabmeldung aufgrund von Krankheit treffen jedoch die Pr\u00fcfungsaussch\u00fcsse, welche aus Professor*innen und teilweise auch Studierenden der Fakult\u00e4t bestehen. <strong>Paul Steinbrecher, Referent f\u00fcr Hochschulpolitik der KSS <\/strong>kritisiert diese Praxis: <em>\u201eWenn es nicht gerade die Medizinische Fakult\u00e4t ist, haben die Mitglieder des Pr\u00fcfungsausschusses unseres Erachtens nahezu keine Kompetenzen, um dar\u00fcber zu entscheiden, ob die vorliegende Krankheit der Studis zur Pr\u00fcfungsunf\u00e4higkeit f\u00fchrt oder nicht. Hier sollte einfach der \u00e4rztlichen Einsch\u00e4tzung Glauben geschenkt werden! Uns schockiert, dass den Studierenden und behandelnden \u00c4rzt*innen so wenig Vertrauen entgegengebracht wird, dass sogar Schweigepflichten gebrochen werden m\u00fcssen. Symptome und Diagnosen geh\u00f6ren zu den intimsten Pers\u00f6nlichkeitsdaten und haben auf den Schreibtischen der Pr\u00fcfungsaussch\u00fcsse und Sekretariaten nichts zu suchen!\u201c<\/em><\/p>\n<p><strong>Uta Lemke, Sprecher*in der KSS<\/strong>, kritisiert au\u00dferdem: \u201e<em>Neben den datenschutzrechtlichen Bedenken haben wir auch Angst vor zu hohen Kosten. Denn die \u00c4rzt*innen k\u00f6nnen eine Geb\u00fchr f\u00fcr die Ausstellung solcher Bescheinigungen verlangen. In Zeiten von akuter finanzieller Not von Studierenden m\u00fcssen diese Geb\u00fchren zwingend von den Hochschulen \u00fcbernommen werden!\u201c<\/em> Au\u00dferdem \u00fcben die Studierenden Kritik am grunds\u00e4tzlichen Verfahren, welches ihnen die Abmeldung von Pr\u00fcfungen generell recht schwer macht: <em>\u201eWenn vermieden werden soll, dass sich Studierende aus anderen Gr\u00fcnden als Krankheit so kurzfristig von Pr\u00fcfungen abmelden, sollten lieber die regul\u00e4ren Abmeldefristen verl\u00e4ngert werden. Diese enden teilweise mehrere Monate vor der Pr\u00fcfung. F\u00fcr ein selbstbestimmtes Studium, welches den Studienerfolg f\u00f6rdert, braucht es mehr Flexibilit\u00e4t im Pr\u00fcfungsgeschehen!\u201c <\/em>schl\u00e4gt <strong>Uta Lemke<\/strong> vor.<\/p>\n<p>An einzelnen s\u00e4chsischen Hochschulen sind die Formulare zur Pr\u00fcfungsunf\u00e4higkeitsbescheinigung mit Symptomangaben bereits seit Jahren Pflicht. Die Konferenz S\u00e4chsischer Studierendenschaften hatte bislang gefordert, dass einheitlich auch eine Arbeitsunf\u00e4higkeitsbescheinigung zur Abmeldung von Pr\u00fcfungen im Krankheitsfall ausreicht. Aufgrund der Rechtslage konkretisieren die Studierenden ihre Forderung nun <a href=\"https:\/\/www.kss-sachsen.de\/pruefungsabmeldungen\">jedoch mit Beschluss des Landessprecher*innenrates vom 18.02.2023<\/a>\u00a0und fordern eine gesetzliche Regelung wie sie beispielsweise im Hochschulgesetz von NRW zu finden ist: <em>\u201eEs muss einheitlich in Sachsen geregelt werden, dass wir Studis weder zur Angabe von Symptomen verpflichtet werden d\u00fcrfen, noch f\u00fcr die anfallenden Kosten selbst aufkommen m\u00fcssen! Daher erwarten wir eine entsprechende Erg\u00e4nzung im s\u00e4chsischen Hochschulgesetz, welches praktischerweise momentan sowieso novelliert wird\u201c<\/em>, schlie\u00dft <strong>Sabine Giese, Sprecherin der KSS.<\/strong><\/p>\n<p>(1) Bundesverwaltungsgericht (BVerwG), Beschluss vom 14.06.1983, 7 B 107\/82, juris, Rn. 11; BVerwG, Beschluss vom 06.08.1996, 6 B 17\/96, juris, Rn. 6; BVerwG, Beschluss vom 14.07.2004, 6 B 30\/04, juris, Rn. 8.<\/p>\n","protected":false},"excerpt":{"rendered":"<p>Landesstudierendenvertretung kritisiert Pflicht zur Angabe von Symptomen bei Krankmeldungen Mit der elektronischen Arbeitsunf\u00e4higkeitsbescheinigung entf\u00e4llt die Mitteilung \u00fcber die Krankmeldung auf Papier f\u00fcr die Arbeitgeber*innen. Diese haben bislang jedoch auch Studierende ben\u00f6tigt, um sich im Krankheitsfall von Pr\u00fcfungen abmelden zu k\u00f6nnen. Die elektronische Krankmeldung kann allerdings nicht an die Hochschulen \u00fcbermittelt werden. Das f\u00fchrt dazu, dass die Praxis der sogenannten &#8222;Pr\u00fcfungsunf\u00e4higkeitsbescheinigungen&#8220;<a class=\"read-more\" href=\"https:\/\/www.kss-sachsen.de\/pm_06_23\">Hier weiter lesen&#8230;<\/a><\/p>\n","protected":false},"author":1,"featured_media":3275,"comment_status":"closed","ping_status":"open","sticky":false,"template":"","format":"standard","meta":{"footnotes":""},"categories":[1],"tags":[],"yoast_head":"<!-- This site is optimized with the Yoast SEO plugin v23.5 - https:\/\/yoast.com\/wordpress\/plugins\/seo\/ -->\n<title>Meine Krankheit geht euch gar nichts an! - KSS<\/title>\n<meta name=\"robots\" content=\"index, follow, max-snippet:-1, max-image-preview:large, max-video-preview:-1\" \/>\n<link rel=\"canonical\" href=\"https:\/\/www.kss-sachsen.de\/pm_06_23\" \/>\n<meta property=\"og:locale\" content=\"de_DE\" \/>\n<meta property=\"og:type\" content=\"article\" \/>\n<meta property=\"og:title\" content=\"Meine Krankheit geht euch gar nichts an! - KSS\" \/>\n<meta property=\"og:description\" content=\"Landesstudierendenvertretung kritisiert Pflicht zur Angabe von Symptomen bei Krankmeldungen Mit der elektronischen Arbeitsunf\u00e4higkeitsbescheinigung entf\u00e4llt die Mitteilung \u00fcber die Krankmeldung auf Papier f\u00fcr die Arbeitgeber*innen. Diese haben bislang jedoch auch Studierende ben\u00f6tigt, um sich im Krankheitsfall von Pr\u00fcfungen abmelden zu k\u00f6nnen. Die elektronische Krankmeldung kann allerdings nicht an die Hochschulen \u00fcbermittelt werden. Das f\u00fchrt dazu, dass die Praxis der sogenannten &#8222;Pr\u00fcfungsunf\u00e4higkeitsbescheinigungen&#8220;Hier weiter lesen...\" \/>\n<meta property=\"og:url\" content=\"https:\/\/www.kss-sachsen.de\/pm_06_23\" \/>\n<meta property=\"og:site_name\" content=\"KSS\" \/>\n<meta property=\"article:published_time\" content=\"2023-02-23T09:01:15+00:00\" \/>\n<meta property=\"article:modified_time\" content=\"2023-02-26T12:22:19+00:00\" \/>\n<meta property=\"og:image\" content=\"https:\/\/www.kss-sachsen.de\/wp-content\/uploads\/2023\/02\/230225-Meine-Krankheit_TW-3.png\" \/>\n\t<meta property=\"og:image:width\" content=\"2500\" \/>\n\t<meta property=\"og:image:height\" content=\"1406\" \/>\n\t<meta property=\"og:image:type\" content=\"image\/png\" \/>\n<meta name=\"author\" content=\"administration\" \/>\n<meta name=\"twitter:card\" content=\"summary_large_image\" \/>\n<meta name=\"twitter:label1\" content=\"Verfasst von\" \/>\n\t<meta name=\"twitter:data1\" content=\"administration\" \/>\n\t<meta name=\"twitter:label2\" content=\"Gesch\u00e4tzte Lesezeit\" \/>\n\t<meta name=\"twitter:data2\" content=\"3\u00a0Minuten\" \/>\n<script type=\"application\/ld+json\" class=\"yoast-schema-graph\">{\"@context\":\"https:\/\/schema.org\",\"@graph\":[{\"@type\":\"Article\",\"@id\":\"https:\/\/www.kss-sachsen.de\/pm_06_23#article\",\"isPartOf\":{\"@id\":\"https:\/\/www.kss-sachsen.de\/pm_06_23\"},\"author\":{\"name\":\"administration\",\"@id\":\"https:\/\/www.kss-sachsen.de\/#\/schema\/person\/fbcf1c2438e102156e84a4ba5c3daa64\"},\"headline\":\"Meine Krankheit geht euch gar nichts an!\",\"datePublished\":\"2023-02-23T09:01:15+00:00\",\"dateModified\":\"2023-02-26T12:22:19+00:00\",\"mainEntityOfPage\":{\"@id\":\"https:\/\/www.kss-sachsen.de\/pm_06_23\"},\"wordCount\":617,\"publisher\":{\"@id\":\"https:\/\/www.kss-sachsen.de\/#organization\"},\"image\":{\"@id\":\"https:\/\/www.kss-sachsen.de\/pm_06_23#primaryimage\"},\"thumbnailUrl\":\"https:\/\/www.kss-sachsen.de\/wp-content\/uploads\/2023\/02\/230225-Meine-Krankheit_TW-3.png\",\"articleSection\":[\"Uncategorized\"],\"inLanguage\":\"de\"},{\"@type\":\"WebPage\",\"@id\":\"https:\/\/www.kss-sachsen.de\/pm_06_23\",\"url\":\"https:\/\/www.kss-sachsen.de\/pm_06_23\",\"name\":\"Meine Krankheit geht euch gar nichts an! - KSS\",\"isPartOf\":{\"@id\":\"https:\/\/www.kss-sachsen.de\/#website\"},\"primaryImageOfPage\":{\"@id\":\"https:\/\/www.kss-sachsen.de\/pm_06_23#primaryimage\"},\"image\":{\"@id\":\"https:\/\/www.kss-sachsen.de\/pm_06_23#primaryimage\"},\"thumbnailUrl\":\"https:\/\/www.kss-sachsen.de\/wp-content\/uploads\/2023\/02\/230225-Meine-Krankheit_TW-3.png\",\"datePublished\":\"2023-02-23T09:01:15+00:00\",\"dateModified\":\"2023-02-26T12:22:19+00:00\",\"breadcrumb\":{\"@id\":\"https:\/\/www.kss-sachsen.de\/pm_06_23#breadcrumb\"},\"inLanguage\":\"de\",\"potentialAction\":[{\"@type\":\"ReadAction\",\"target\":[\"https:\/\/www.kss-sachsen.de\/pm_06_23\"]}]},{\"@type\":\"ImageObject\",\"inLanguage\":\"de\",\"@id\":\"https:\/\/www.kss-sachsen.de\/pm_06_23#primaryimage\",\"url\":\"https:\/\/www.kss-sachsen.de\/wp-content\/uploads\/2023\/02\/230225-Meine-Krankheit_TW-3.png\",\"contentUrl\":\"https:\/\/www.kss-sachsen.de\/wp-content\/uploads\/2023\/02\/230225-Meine-Krankheit_TW-3.png\",\"width\":2500,\"height\":1406},{\"@type\":\"BreadcrumbList\",\"@id\":\"https:\/\/www.kss-sachsen.de\/pm_06_23#breadcrumb\",\"itemListElement\":[{\"@type\":\"ListItem\",\"position\":1,\"name\":\"Home\",\"item\":\"https:\/\/www.kss-sachsen.de\/\"},{\"@type\":\"ListItem\",\"position\":2,\"name\":\"Meine Krankheit geht euch gar nichts an!\"}]},{\"@type\":\"WebSite\",\"@id\":\"https:\/\/www.kss-sachsen.de\/#website\",\"url\":\"https:\/\/www.kss-sachsen.de\/\",\"name\":\"Konferenz S\u00e4chsischer Studierendenschaften\",\"description\":\"Konferenz S\u00e4chsischer Studierendenschaften\",\"publisher\":{\"@id\":\"https:\/\/www.kss-sachsen.de\/#organization\"},\"potentialAction\":[{\"@type\":\"SearchAction\",\"target\":{\"@type\":\"EntryPoint\",\"urlTemplate\":\"https:\/\/www.kss-sachsen.de\/?s={search_term_string}\"},\"query-input\":{\"@type\":\"PropertyValueSpecification\",\"valueRequired\":true,\"valueName\":\"search_term_string\"}}],\"inLanguage\":\"de\"},{\"@type\":\"Organization\",\"@id\":\"https:\/\/www.kss-sachsen.de\/#organization\",\"name\":\"Konferenz S\u00e4chsischer Studierendenschaften\",\"url\":\"https:\/\/www.kss-sachsen.de\/\",\"logo\":{\"@type\":\"ImageObject\",\"inLanguage\":\"de\",\"@id\":\"https:\/\/www.kss-sachsen.de\/#\/schema\/logo\/image\/\",\"url\":\"https:\/\/www.kss-sachsen.de\/wp-content\/uploads\/2023\/02\/Logo-KSS.png\",\"contentUrl\":\"https:\/\/www.kss-sachsen.de\/wp-content\/uploads\/2023\/02\/Logo-KSS.png\",\"width\":2239,\"height\":1528,\"caption\":\"Konferenz S\u00e4chsischer Studierendenschaften\"},\"image\":{\"@id\":\"https:\/\/www.kss-sachsen.de\/#\/schema\/logo\/image\/\"},\"sameAs\":[\"https:\/\/www.instagram.com\/kss_sachsen\/\"]},{\"@type\":\"Person\",\"@id\":\"https:\/\/www.kss-sachsen.de\/#\/schema\/person\/fbcf1c2438e102156e84a4ba5c3daa64\",\"name\":\"administration\",\"image\":{\"@type\":\"ImageObject\",\"inLanguage\":\"de\",\"@id\":\"https:\/\/www.kss-sachsen.de\/#\/schema\/person\/image\/\",\"url\":\"https:\/\/secure.gravatar.com\/avatar\/e4ecd4cb3a6714c2adcf507161262d91?s=96&d=mm&r=g\",\"contentUrl\":\"https:\/\/secure.gravatar.com\/avatar\/e4ecd4cb3a6714c2adcf507161262d91?s=96&d=mm&r=g\",\"caption\":\"administration\"},\"url\":\"https:\/\/www.kss-sachsen.de\/?author=1\"}]}<\/script>\n<!-- \/ Yoast SEO plugin. -->","yoast_head_json":{"title":"Meine Krankheit geht euch gar nichts an! - KSS","robots":{"index":"index","follow":"follow","max-snippet":"max-snippet:-1","max-image-preview":"max-image-preview:large","max-video-preview":"max-video-preview:-1"},"canonical":"https:\/\/www.kss-sachsen.de\/pm_06_23","og_locale":"de_DE","og_type":"article","og_title":"Meine Krankheit geht euch gar nichts an! - KSS","og_description":"Landesstudierendenvertretung kritisiert Pflicht zur Angabe von Symptomen bei Krankmeldungen Mit der elektronischen Arbeitsunf\u00e4higkeitsbescheinigung entf\u00e4llt die Mitteilung \u00fcber die Krankmeldung auf Papier f\u00fcr die Arbeitgeber*innen. Diese haben bislang jedoch auch Studierende ben\u00f6tigt, um sich im Krankheitsfall von Pr\u00fcfungen abmelden zu k\u00f6nnen. Die elektronische Krankmeldung kann allerdings nicht an die Hochschulen \u00fcbermittelt werden. Das f\u00fchrt dazu, dass die Praxis der sogenannten &#8222;Pr\u00fcfungsunf\u00e4higkeitsbescheinigungen&#8220;Hier weiter lesen...","og_url":"https:\/\/www.kss-sachsen.de\/pm_06_23","og_site_name":"KSS","article_published_time":"2023-02-23T09:01:15+00:00","article_modified_time":"2023-02-26T12:22:19+00:00","og_image":[{"width":2500,"height":1406,"url":"https:\/\/www.kss-sachsen.de\/wp-content\/uploads\/2023\/02\/230225-Meine-Krankheit_TW-3.png","type":"image\/png"}],"author":"administration","twitter_card":"summary_large_image","twitter_misc":{"Verfasst von":"administration","Gesch\u00e4tzte Lesezeit":"3\u00a0Minuten"},"schema":{"@context":"https:\/\/schema.org","@graph":[{"@type":"Article","@id":"https:\/\/www.kss-sachsen.de\/pm_06_23#article","isPartOf":{"@id":"https:\/\/www.kss-sachsen.de\/pm_06_23"},"author":{"name":"administration","@id":"https:\/\/www.kss-sachsen.de\/#\/schema\/person\/fbcf1c2438e102156e84a4ba5c3daa64"},"headline":"Meine Krankheit geht euch gar nichts an!","datePublished":"2023-02-23T09:01:15+00:00","dateModified":"2023-02-26T12:22:19+00:00","mainEntityOfPage":{"@id":"https:\/\/www.kss-sachsen.de\/pm_06_23"},"wordCount":617,"publisher":{"@id":"https:\/\/www.kss-sachsen.de\/#organization"},"image":{"@id":"https:\/\/www.kss-sachsen.de\/pm_06_23#primaryimage"},"thumbnailUrl":"https:\/\/www.kss-sachsen.de\/wp-content\/uploads\/2023\/02\/230225-Meine-Krankheit_TW-3.png","articleSection":["Uncategorized"],"inLanguage":"de"},{"@type":"WebPage","@id":"https:\/\/www.kss-sachsen.de\/pm_06_23","url":"https:\/\/www.kss-sachsen.de\/pm_06_23","name":"Meine Krankheit geht euch gar nichts an! - KSS","isPartOf":{"@id":"https:\/\/www.kss-sachsen.de\/#website"},"primaryImageOfPage":{"@id":"https:\/\/www.kss-sachsen.de\/pm_06_23#primaryimage"},"image":{"@id":"https:\/\/www.kss-sachsen.de\/pm_06_23#primaryimage"},"thumbnailUrl":"https:\/\/www.kss-sachsen.de\/wp-content\/uploads\/2023\/02\/230225-Meine-Krankheit_TW-3.png","datePublished":"2023-02-23T09:01:15+00:00","dateModified":"2023-02-26T12:22:19+00:00","breadcrumb":{"@id":"https:\/\/www.kss-sachsen.de\/pm_06_23#breadcrumb"},"inLanguage":"de","potentialAction":[{"@type":"ReadAction","target":["https:\/\/www.kss-sachsen.de\/pm_06_23"]}]},{"@type":"ImageObject","inLanguage":"de","@id":"https:\/\/www.kss-sachsen.de\/pm_06_23#primaryimage","url":"https:\/\/www.kss-sachsen.de\/wp-content\/uploads\/2023\/02\/230225-Meine-Krankheit_TW-3.png","contentUrl":"https:\/\/www.kss-sachsen.de\/wp-content\/uploads\/2023\/02\/230225-Meine-Krankheit_TW-3.png","width":2500,"height":1406},{"@type":"BreadcrumbList","@id":"https:\/\/www.kss-sachsen.de\/pm_06_23#breadcrumb","itemListElement":[{"@type":"ListItem","position":1,"name":"Home","item":"https:\/\/www.kss-sachsen.de\/"},{"@type":"ListItem","position":2,"name":"Meine Krankheit geht euch gar nichts an!"}]},{"@type":"WebSite","@id":"https:\/\/www.kss-sachsen.de\/#website","url":"https:\/\/www.kss-sachsen.de\/","name":"Konferenz S\u00e4chsischer Studierendenschaften","description":"Konferenz S\u00e4chsischer Studierendenschaften","publisher":{"@id":"https:\/\/www.kss-sachsen.de\/#organization"},"potentialAction":[{"@type":"SearchAction","target":{"@type":"EntryPoint","urlTemplate":"https:\/\/www.kss-sachsen.de\/?s={search_term_string}"},"query-input":{"@type":"PropertyValueSpecification","valueRequired":true,"valueName":"search_term_string"}}],"inLanguage":"de"},{"@type":"Organization","@id":"https:\/\/www.kss-sachsen.de\/#organization","name":"Konferenz S\u00e4chsischer Studierendenschaften","url":"https:\/\/www.kss-sachsen.de\/","logo":{"@type":"ImageObject","inLanguage":"de","@id":"https:\/\/www.kss-sachsen.de\/#\/schema\/logo\/image\/","url":"https:\/\/www.kss-sachsen.de\/wp-content\/uploads\/2023\/02\/Logo-KSS.png","contentUrl":"https:\/\/www.kss-sachsen.de\/wp-content\/uploads\/2023\/02\/Logo-KSS.png","width":2239,"height":1528,"caption":"Konferenz S\u00e4chsischer Studierendenschaften"},"image":{"@id":"https:\/\/www.kss-sachsen.de\/#\/schema\/logo\/image\/"},"sameAs":["https:\/\/www.instagram.com\/kss_sachsen\/"]},{"@type":"Person","@id":"https:\/\/www.kss-sachsen.de\/#\/schema\/person\/fbcf1c2438e102156e84a4ba5c3daa64","name":"administration","image":{"@type":"ImageObject","inLanguage":"de","@id":"https:\/\/www.kss-sachsen.de\/#\/schema\/person\/image\/","url":"https:\/\/secure.gravatar.com\/avatar\/e4ecd4cb3a6714c2adcf507161262d91?s=96&d=mm&r=g","contentUrl":"https:\/\/secure.gravatar.com\/avatar\/e4ecd4cb3a6714c2adcf507161262d91?s=96&d=mm&r=g","caption":"administration"},"url":"https:\/\/www.kss-sachsen.de\/?author=1"}]}},"_links":{"self":[{"href":"https:\/\/www.kss-sachsen.de\/index.php?rest_route=\/wp\/v2\/posts\/3266"}],"collection":[{"href":"https:\/\/www.kss-sachsen.de\/index.php?rest_route=\/wp\/v2\/posts"}],"about":[{"href":"https:\/\/www.kss-sachsen.de\/index.php?rest_route=\/wp\/v2\/types\/post"}],"author":[{"embeddable":true,"href":"https:\/\/www.kss-sachsen.de\/index.php?rest_route=\/wp\/v2\/users\/1"}],"replies":[{"embeddable":true,"href":"https:\/\/www.kss-sachsen.de\/index.php?rest_route=%2Fwp%2Fv2%2Fcomments&post=3266"}],"version-history":[{"count":1,"href":"https:\/\/www.kss-sachsen.de\/index.php?rest_route=\/wp\/v2\/posts\/3266\/revisions"}],"predecessor-version":[{"id":3267,"href":"https:\/\/www.kss-sachsen.de\/index.php?rest_route=\/wp\/v2\/posts\/3266\/revisions\/3267"}],"wp:featuredmedia":[{"embeddable":true,"href":"https:\/\/www.kss-sachsen.de\/index.php?rest_route=\/wp\/v2\/media\/3275"}],"wp:attachment":[{"href":"https:\/\/www.kss-sachsen.de\/index.php?rest_route=%2Fwp%2Fv2%2Fmedia&parent=3266"}],"wp:term":[{"taxonomy":"category","embeddable":true,"href":"https:\/\/www.kss-sachsen.de\/index.php?rest_route=%2Fwp%2Fv2%2Fcategories&post=3266"},{"taxonomy":"post_tag","embeddable":true,"href":"https:\/\/www.kss-sachsen.de\/index.php?rest_route=%2Fwp%2Fv2%2Ftags&post=3266"}],"curies":[{"name":"wp","href":"https:\/\/api.w.org\/{rel}","templated":true}]}}