{"id":3344,"date":"2023-03-31T13:24:03","date_gmt":"2023-03-31T11:24:03","guid":{"rendered":"https:\/\/www.kss-sachsen.de\/?p=3344"},"modified":"2023-03-31T16:06:46","modified_gmt":"2023-03-31T14:06:46","slug":"jahresruckblick-amtszeit-202223","status":"publish","type":"post","link":"https:\/\/www.kss-sachsen.de\/jahresrueckblick2022_23","title":{"rendered":"Wir sagen Tsch\u00fcssi!"},"content":{"rendered":"<p><em>Liebe hochschulpolitisch Interessierte in Sachsen,<\/em><\/p>\n<p>eine Landesstudierendenvertretung kann so einiges bewirken und viel Spa\u00df machen, aber auch recht anstrengend und zeitintensiv sein. Das konnten wir vor allem in der bald vergangenen Amtszeit der KSS lernen. Anstelle unseres \u00fcblichen Newsletters m\u00f6chten wir Euch heute den <strong>Jahresr\u00fcckblick der KSS der Legislatur 2022\/23<\/strong> \u00fcbersenden.<\/p>\n<table width=\"100%\">\n<tbody>\n<tr>\n<td><img loading=\"lazy\" decoding=\"async\" class=\"alignnone size-medium wp-image-3350\" src=\"https:\/\/www.kss-sachsen.de\/wp-content\/uploads\/2023\/03\/photo_5276222046323458992_x-300x199.jpg\" alt=\"Foto der F\u00fc\u00dfe der beiden Sprecher*innen auf der Wiese bei der HTW Dresden. Vor ihnen liegt ein Beutel mit KSS-Logo und Blumenstr\u00e4u\u00dfe.\" width=\"300\" height=\"199\" srcset=\"https:\/\/www.kss-sachsen.de\/wp-content\/uploads\/2023\/03\/photo_5276222046323458992_x-300x199.jpg 300w, https:\/\/www.kss-sachsen.de\/wp-content\/uploads\/2023\/03\/photo_5276222046323458992_x-390x260.jpg 390w, https:\/\/www.kss-sachsen.de\/wp-content\/uploads\/2023\/03\/photo_5276222046323458992_x-520x346.jpg 520w, https:\/\/www.kss-sachsen.de\/wp-content\/uploads\/2023\/03\/photo_5276222046323458992_x.jpg 528w\" sizes=\"(max-width: 300px) 100vw, 300px\" \/><\/p>\n<p>Am Start sowie Ende der Amtszeit: Unsere Sprecher*innen haben sich jetzt mal eine Pause verdient!<\/td>\n<\/tr>\n<\/tbody>\n<\/table>\n<p>Das letzte Jahr hat uns gezeigt, dass studentische Anliegen sehr wohl auch ernst genommen werden k\u00f6nnen. Vorausgesetzt, die Verantwortlichen haben auch den Willen hierf\u00fcr. Zwischen Coronapandemie, Krieg in der Ukraine, sozialen Notlagen, neuen Gesetzestexten und eigenem Studi-Alltag haben wir unser Bestes gegeben, studentische Interessen im letzten Jahr zu vertreten. Was dabei Herausforderungen waren und was wir vor allem erreichen konnten, lest ihr im Folgenden:<\/p>\n<p>&nbsp;<\/p>\n<p><strong>\u00dcbersicht:<\/strong><\/p>\n<ol>\n<li>Post Covid: Der \u00dcbergang in ganz ungewohnte pers\u00f6nliche Begegnungen<\/li>\n<li>Studentische Begleitung und Erfolge bei der Novellierung des s\u00e4chsischen Hochschulgesetzes<\/li>\n<li>Verbesserungen der sozialen Notlage der Studis in Sachsen<\/li>\n<li>TVStud &amp; mehr: Kampf um bessere Arbeitsbedingungen f\u00fcr Studis<\/li>\n<li>Studentische Mobilit\u00e4t: Gefahren f\u00fcr Semestertickets und Herausforderungen des 9- &amp; 49-Euro-Tickets<\/li>\n<li>Langer Prozess f\u00fcr feministische Hochschulen in Sachsen<\/li>\n<li>Internationalisierung: M\u00fc\u00dfige K\u00e4mpfe um Solidarit\u00e4t und kleine Erfolge<\/li>\n<li>Lehramt: Wenn der Staat Studieng\u00e4nge zielgruppengerecht gestalten soll<\/li>\n<li>\u00d6kologie: Greenwashing oder wirkliche Nachhaltigkeit im Dienst der Wissenschaft?!<\/li>\n<li>Unterst\u00fctzung der Hochschulen vor Ort<\/li>\n<li>Sonstiges Einmischen in Gesetz- und Verordnungserlasse in Sachsen<\/li>\n<li>KSS-Interna: Finanzsicherheit und Strukturen sichern<\/li>\n<li>Ausblick: Wir sagen Tsch\u00fcssi!<\/li>\n<\/ol>\n<h3><\/h3>\n<h3>1. Post Covid: Der \u00dcbergang in ganz ungewohnte pers\u00f6nliche Begegnungen<\/h3>\n<table width=\"100%\">\n<tbody>\n<tr>\n<td><img loading=\"lazy\" decoding=\"async\" class=\"alignnone size-medium wp-image-3356\" src=\"https:\/\/www.kss-sachsen.de\/wp-content\/uploads\/2023\/03\/photo_5276222046323458994_x-300x229.jpg\" alt=\"Foto von Maximilian (Beauftragung Koordination) und Fay (Referent*in Feminismus) im Zug mit Maske und Daumen hoch.\" width=\"300\" height=\"229\" srcset=\"https:\/\/www.kss-sachsen.de\/wp-content\/uploads\/2023\/03\/photo_5276222046323458994_x-300x229.jpg 300w, https:\/\/www.kss-sachsen.de\/wp-content\/uploads\/2023\/03\/photo_5276222046323458994_x.jpg 458w\" sizes=\"(max-width: 300px) 100vw, 300px\" \/><\/p>\n<p>Koordination Maximilian und Referent*in Feminismus Fay vorbildlich mit Maske Anfang April<\/p>\n<p>&nbsp;<\/td>\n<\/tr>\n<\/tbody>\n<\/table>\n<p>Wir starteten unsere Amtszeit im April 2022 in das erste Semester nach Corona. Pl\u00f6tzlich waren Seminare in Pr\u00e4senz wieder m\u00f6glich und v\u00f6llig ungewohnte Begegnungen am Campus. Den Erstis aus 2020 und 2021 haben wir dann erstmal zeigen m\u00fcssen, was studentisches Leben \u00fcberhaupt bedeutet&#8230; Aber es war auch hochschulpolitisch eine herausfordernde \u00dcbergangszeit. Denn mit <strong>Fall der meisten Corona-Regelungen<\/strong> galt es f\u00fcr uns, die Hochschulleitungen daran zu erinnern, dass es dennoch Risikogruppen unter ihren Studierenden gibt, f\u00fcr die digitale Alternativen und ein Aufrechterhalten des Masken-Tragens notwendig sind. Dadurch haben wir es geschafft, dass dies zumindest bei einem Gro\u00dfteil der s\u00e4chsischen Hochschulen noch beherzigt wurde. Aber auch das s\u00e4chsische Hochschulgesetz wurde direkt im Juni \u00fcberarbeitet und <strong>Pr\u00fcfungen in digitaler Form gesetzlich geregelt.<\/strong> F\u00fcr uns bedeutete das, darauf hinzuweisen, dass \u00dcberwachung in Pr\u00fcfungssituationen gar nicht geht!<\/p>\n<p><a href=\"https:\/\/cloud.portal.fzs.de\/s\/JWiFBaZWS8QzK7Z\">Hier unsere Stellungnahme zur &#8222;kleinen Hochschulgesetz-Novelle&#8220; dieser Amtszeit.<\/a><\/p>\n<p>&nbsp;<\/p>\n<h3>2. Studentische Begleitung und Erfolge bei der Novelle des s\u00e4chsischen Hochschulgesetzes<\/h3>\n<table width=\"100%\">\n<tbody>\n<tr>\n<td><img loading=\"lazy\" decoding=\"async\" class=\"alignnone size-medium wp-image-3355\" src=\"https:\/\/www.kss-sachsen.de\/wp-content\/uploads\/2023\/03\/photo_5276222046323458995_x-300x224.jpg\" alt=\"Foto der Demo zum Hochschulgesetz in Dresden. Menschen halten Fahnen ihrer Organisationen und Banner der Hochschulgesetzkampagne Revolution Studium.\" width=\"300\" height=\"224\" srcset=\"https:\/\/www.kss-sachsen.de\/wp-content\/uploads\/2023\/03\/photo_5276222046323458995_x-300x224.jpg 300w, https:\/\/www.kss-sachsen.de\/wp-content\/uploads\/2023\/03\/photo_5276222046323458995_x-520x389.jpg 520w, https:\/\/www.kss-sachsen.de\/wp-content\/uploads\/2023\/03\/photo_5276222046323458995_x.jpg 536w\" sizes=\"(max-width: 300px) 100vw, 300px\" \/><\/p>\n<p>Demonstration in Dresden vor der Staatskanzlei<\/td>\n<\/tr>\n<\/tbody>\n<\/table>\n<p>Ma\u00dfgeblich hat uns im letzten Jahr die geplante Reform der gesetzlichen Grundlage unseres Studiums besch\u00e4ftigt: Aus dem S\u00e4chsHSFG sollte die Freiheit gestrichen und auch ein paar weitere kleine Anpassungen vorgenommen werden. F\u00fcr uns ist das die M\u00f6glichkeit, ma\u00dfgeblich auf bessere Rahmenbedingungen des Hochschulalltags hinwirken zu k\u00f6nnen! Wir forderten also eine echte &#8222;Revolution&#8220; unseres Studiums und gr\u00fcndeten ein<strong> B\u00fcndnis aus Studierendenvertretungen, Partei- und Gewerkschaftsjugenden<\/strong>. Wichtig war uns z.B. der lang herbeigesehnte Diskriminierungsschutz, Wegfall der Symptompflicht bei Krankmeldungen und bessere Lehr- &amp; Arbeitsbedingungen. Auf unsere Forderungen wiesen wir in zahlreichen aufwendigen Veranstaltungen hin. Wir organisierten zwei Demonstrationen in Dresden und Leipzig und f\u00fchrten auch Podiumsdiskussionen durch: Mit Vertreter*innen derer, die das Gesetz betrifft und nochmal mit den Politiker*innen, die das Gesetz ma\u00dfgeblich schreiben. Neben viel Aktions-Orga, Sticker-Bestellungen und Info-Kampagnen haben wir uns auch direkt in das Gesetzgebungsverfahren eingemischt: Wir haben zahlreiche Gespr\u00e4che mit den hochschulpolitischen Sprecher*innen der Landtagsfraktionen gef\u00fchrt, beim Wissenschaftsminister und Ministerpr\u00e4sident lobbyiert und eine <a href=\"https:\/\/cloud.portal.fzs.de\/s\/4cAKeng8HYKEaRJ\">umfangreiche Stellungnahme zum ersten Gesetzesentwurf<\/a> verfasst: Statt Semesterferien und Hausarbeiten hie\u00df das f\u00fcr uns im Sommer <strong>\u00fcber 80 Seiten lang Gesetzestexte zu kommentieren<\/strong>. Weil das nat\u00fcrlich nicht alle faulen Politiker*innen durchlesen und so ernst nehmen, wie wir das gern h\u00e4tten, haben wir nochmal mehr Gespr\u00e4che und \u00d6ffentlichkeitsarbeit gef\u00fchrt. Daneben haben wir uns mit weiteren hochschulpolitischen Akteur*innen vernetzt. Nach der Anh\u00f6rung im Wissenschaftsausschuss am 6. M\u00e4rz sind wir aktuell schlie\u00dflich etwas hoffnungsvoll. Denn viele Sachverst\u00e4ndige nannten \u00e4hnliche Anforderungen an ein neues Hochschulgesetz wie wir. Um es mit den Worten unserer Sprecherin Bine in ihrem Vortrag zu sagen: Wir verlieren das Vertrauen in die Demokratie, wenn sich jetzt nicht noch weitere \u00c4nderungen abzeichnen.<\/p>\n<p>Wir hoffen z.B. noch auf:<\/p>\n<ul>\n<li>Diskriminierungsschutz<\/li>\n<\/ul>\n<ul>\n<li>Wegfall der Symptompflicht im Krankheitsfall bei Pr\u00fcfungen<\/li>\n<\/ul>\n<ul>\n<li>Orientierungsstudium<\/li>\n<\/ul>\n<ul>\n<li>Inklusionsbeauftragte und -strategien<\/li>\n<\/ul>\n<ul>\n<li>Erweiterung der Experimentierklausel zur autonomen Erm\u00f6glichung unbegrenzter Pr\u00fcfungsversuche<\/li>\n<\/ul>\n<ul>\n<li>verpflichtende studentische Mitglieder im Rektorat<\/li>\n<\/ul>\n<ul>\n<li>Akkreditierungspflicht und mehr Konsequenzen nach Lehrevaluationen<\/li>\n<\/ul>\n<p>Wir waren mit unserer Kampagne auch in vielen Medien-Berichterstattungen. Eine Auswahl hiervon und mehr zu unseren Forderungen, Aktionen, Videos etc. gibt es nat\u00fcrlich noch unter<strong> <a href=\"https:\/\/revolution-studium.de\/\">revolution-studium.de<\/a>. <\/strong>Das Gesetz wird aller Voraussicht nach in den n\u00e4chsten Monaten im Landtag beschlossen. Die KSS-Altlasten werden das dann nat\u00fcrlich noch gemeinsam mit dem neuen Team von der Trib\u00fcne aus scharf beobachten!<\/p>\n<p>&nbsp;<\/p>\n<h3>3. Verbesserungen der sozialen Notlage der Studis in Sachsen<\/h3>\n<table width=\"100%\">\n<tbody>\n<tr>\n<td><img loading=\"lazy\" decoding=\"async\" class=\"alignnone size-medium wp-image-3353\" src=\"https:\/\/www.kss-sachsen.de\/wp-content\/uploads\/2023\/03\/photo_5276222046323458997_y-300x198.jpg\" alt=\"Foto der Anh\u00f6rung zum Antidiskriminierung-Gesetzesentwurf der Linken. Ganz rechts sitzt der*die Referent*in der KSS f\u00fcr Feminismus, Fay Uhlmann.\" width=\"300\" height=\"198\" srcset=\"https:\/\/www.kss-sachsen.de\/wp-content\/uploads\/2023\/03\/photo_5276222046323458997_y-300x198.jpg 300w, https:\/\/www.kss-sachsen.de\/wp-content\/uploads\/2023\/03\/photo_5276222046323458997_y-768x507.jpg 768w, https:\/\/www.kss-sachsen.de\/wp-content\/uploads\/2023\/03\/photo_5276222046323458997_y-520x343.jpg 520w, https:\/\/www.kss-sachsen.de\/wp-content\/uploads\/2023\/03\/photo_5276222046323458997_y-740x489.jpg 740w, https:\/\/www.kss-sachsen.de\/wp-content\/uploads\/2023\/03\/photo_5276222046323458997_y.jpg 848w\" sizes=\"(max-width: 300px) 100vw, 300px\" \/><\/p>\n<p>Auch dem MP haben wie die Notsituation erkl\u00e4rt<\/td>\n<\/tr>\n<\/tbody>\n<\/table>\n<table width=\"100%\">\n<tbody>\n<tr>\n<td><img loading=\"lazy\" decoding=\"async\" class=\"alignnone size-medium wp-image-3354\" src=\"https:\/\/www.kss-sachsen.de\/wp-content\/uploads\/2023\/03\/photo_5276222046323458996_x-300x146.jpg\" alt=\"Foto der studentischen Vollversammlung in Leipzig, Blick von hinten aus dem H\u00f6rsaal auf die Massen an Studierenden. Vorn sind Banner von Genug ist Genug und TVStud zu sehen.\" width=\"300\" height=\"146\" srcset=\"https:\/\/www.kss-sachsen.de\/wp-content\/uploads\/2023\/03\/photo_5276222046323458996_x-300x146.jpg 300w, https:\/\/www.kss-sachsen.de\/wp-content\/uploads\/2023\/03\/photo_5276222046323458996_x.jpg 483w\" sizes=\"(max-width: 300px) 100vw, 300px\" \/><\/p>\n<p>Studentische Vollversammlung aufgrund sozialer Notlagen an der Uni Leipzig<\/td>\n<\/tr>\n<\/tbody>\n<\/table>\n<p>Nach Corona und dem Ausbruch des Krieges in der Ukraine bahnte sich jedoch eine weitere immense Krise an, die leider einen gro\u00dfen Teil aller Studierender betrifft: (Psycho-)soziale und finanzielle Notlagen. An der Stelle m\u00f6chten wir nicht noch einmal die verheerenden Zahlen auflisten, die darstellen, wie schlimm es gerade um Studierende steht. Das zieht uns ehrlich gesagt immer wieder runter. Auch wir als Amtstr\u00e4ger*innen sind davon schlie\u00dflich nicht ausgeschlossen. Zu Beginn der Amtszeit haben wir also noch auf die notwendige <strong>BAf\u00f6G-Reform<\/strong> aufmerksam gemacht und Unterschriften f\u00fcr die Petition #bafoeg50 gesammelt. Nach dem Ref\u00f6rmchen ging es uns Studis leider immer noch nicht besser und die Inflation stieg rasant an. Daher haben wir unsere Lobby-Arbeit sehr hochgefahren. Das Ziel war, Studierenden in Not zu zeigen, dass es Hilfsangebote gibt, sie nicht verweifeln m\u00fcssen und vor allem nicht alleine mit ihren Sorgen sind. Die versprochene <strong>Einmalzahlung<\/strong> lie\u00df lang auf sich warten und aus einer Notsituation und spontanen Idee heraus, schrieben wir daher direkt dem <strong>Ministerpr\u00e4sidenten<\/strong>. Von diesem wurden wir auch direkt im neuen Jahr zu einem pers\u00f6nlichen Gespr\u00e4ch \u00fcber die Situation eingeladen. <strong>Wissenschaftsminister Gemkow<\/strong> lud uns ebenfalls zu zahlreichen Gespr\u00e4chen ein und gemeinsam haben wir \u00fcberlegt, wie den Studis im Freistaat am besten geholfen werden k\u00f6nnte.<\/p>\n<table width=\"100%\">\n<tbody>\n<tr>\n<td><img loading=\"lazy\" decoding=\"async\" class=\"alignnone size-medium wp-image-3352\" src=\"https:\/\/www.kss-sachsen.de\/wp-content\/uploads\/2023\/03\/photo_5276222046323458998_x-269x300.jpg\" alt=\"Foto von Staatsminister Gemkow und Bine (Sprecher*in) im S\u00e4chsischen Landtag. Im Hintergrund sind leere Stuhlreihen und eine Sachsenkarte zu sehen.\" width=\"269\" height=\"300\" srcset=\"https:\/\/www.kss-sachsen.de\/wp-content\/uploads\/2023\/03\/photo_5276222046323458998_x-269x300.jpg 269w, https:\/\/www.kss-sachsen.de\/wp-content\/uploads\/2023\/03\/photo_5276222046323458998_x.jpg 502w\" sizes=\"(max-width: 269px) 100vw, 269px\" \/><\/p>\n<p>Sprecherin Bine mit Wissenschaftsminister Gemkow bei einem spontanen gemeinsamen Radio-Interview<\/td>\n<\/tr>\n<\/tbody>\n<\/table>\n<p><strong>Die Resultate:<em> Das Ministerium versprach, die H\u00e4rtefallfonds der Studierendenwerke nach Bedarf aufzuf\u00fcllen. Diese wurden weiterhin besser beworben. Immense Preissteigerungen in den Mensen konnten bislang vermieden werden und Mieterh\u00f6hungen blieben zumindest moderat. Die Psychosozialberatung wurde besser ausfinanziert. Vor Ort haben wir mit den Studierendenwerken koordiniert, Hilfsangebote einfacher zu gestalten. Die Hochschulen haben wir angehalten, Rundmails an ihre Studierenden zu schicken, um die Angebote bekannter zu machen.<\/em><\/strong><em>\u00a0<\/em><\/p>\n<p>Weiterhin ist noch viel zu tun und so manche Exmatrikulation aufgrund von finanziellen Notlagen konnten wir leider nicht verhindern. Aber das Thema haben wir als wichtigen Knotenpunkt der s\u00e4chsichen Regierung gesetzt und hoffen auf weitere Unterst\u00fctzungsma\u00dfnahmen in den kommenden Monaten!<br \/>\nGesammelte Kritik gibt es auch auf der <strong><a href=\"https:\/\/www.keinmalzahlung200.de\/\">Webseite keinmalzahlung200.de<\/a><\/strong>, an der wir ma\u00dfgeblich mitgewirkt haben. <a href=\"https:\/\/cloud.portal.fzs.de\/s\/LGT9mcd5jkWAcoe\">Unser Brief an den Ministerpr\u00e4sidenten kann hier nachgelesen werden.<\/a> Es gab sogar eine <a href=\"https:\/\/www.medienservice.sachsen.de\/medien\/news\/1061358\">gemeinsame Pressemitteilung mit dem SMWK<\/a>, in der das Ministerium seine Versprechen noch mal offiziell machte.<\/p>\n<p>&nbsp;<\/p>\n<h3>4. TVStud &amp; mehr: Kampf um bessere Arbeitsbedingungen f\u00fcr Studis<\/h3>\n<p>Wir haben in Sachsen noch keinen Tarifvertrag f\u00fcr studentisch Besch\u00e4ftigte erk\u00e4mpft, aber trotzdem einige Erfolge f\u00fcr die Arbeitsbedingungen von Studis an Hochschulen erzielt! So werden aller Voraussicht nach im s\u00e4chsischem Hochschulgesetz Mindestbefristungen f\u00fcr Hilfskr\u00e4fte festgeschrieben sein (6 Monate f\u00fcr studentische Hilfskr\u00e4fte und 12 Monate f\u00fcr wissenschaftliche Hilfskr\u00e4fte). Das reicht uns aber nicht! Wir fordern immer noch Lohn deutlich \u00fcber dem Mindestlohnniveau, mehr Urlaub und studentische Personalr\u00e4te.<\/p>\n<table width=\"100%\">\n<tbody>\n<tr>\n<td>\u00a0\u00a0\u00a0\u00a0<img loading=\"lazy\" decoding=\"async\" class=\"alignnone size-medium wp-image-3362\" src=\"https:\/\/www.kss-sachsen.de\/wp-content\/uploads\/2023\/03\/photo_5276222046323459001_x-300x159.jpg\" alt=\"Foto von Protest von TV-Stud. Ganz vorn ist ein pinkes Banner mit dem TVStud-Motto \" width=\"300\" height=\"159\" srcset=\"https:\/\/www.kss-sachsen.de\/wp-content\/uploads\/2023\/03\/photo_5276222046323459001_x-300x159.jpg 300w, https:\/\/www.kss-sachsen.de\/wp-content\/uploads\/2023\/03\/photo_5276222046323459001_x-520x275.jpg 520w, https:\/\/www.kss-sachsen.de\/wp-content\/uploads\/2023\/03\/photo_5276222046323459001_x.jpg 721w\" sizes=\"(max-width: 300px) 100vw, 300px\" \/><\/p>\n<p>TVStud hat in diesem Jahr auch weitere gewerkschaftliche K\u00e4mpfe unterst\u00fctzt<\/td>\n<\/tr>\n<\/tbody>\n<\/table>\n<p>Ein wichtiger Meilenstein f\u00fcr das s\u00e4chsische B\u00fcndnis war auch die Ver\u00f6ffentlichung der bundesweiten Studie \u00fcber Arbeitsbedingungen von studentisch Besch\u00e4ftigten an Hochschulen &#8211; wir haben es geschafft, in Sachsen f\u00fcr eine extrem gute Datenlage zu sorgen und k\u00f6nnen damit nun die Hochschulen und die Landesregierung mit den (wissenschaftlich erhobenen) enorm schlechten Arbeitsbedingungen konfrontieren. <a href=\"https:\/\/www.iaw.uni-bremen.de\/archiv\/mitteilungen\/detail?news=90#news90\">Die Studie findet ihr hier<\/a> sowie <a href=\"https:\/\/www.kss-sachsen.de\/pm_03_23\">unsere PM hier<\/a>.<\/p>\n<p>Zudem setzen wir uns in dem B\u00fcndnis f\u00fcr Bildungszeit f\u00fcr eine berufliche, \u00adkulturelle, politische oder soziale Bildung auch von studentisch Besch\u00e4ftigten ein und fordern 5 Tage bezahlte Bildungszeit auch in Sachsen. Infos dazu findet ihr hier: <a href=\"https:\/\/www.zeit-fuer-sachsen.de\/\">https:\/\/www.zeit-fuer-sachsen.de\/<\/a><\/p>\n<p>&nbsp;<\/p>\n<h3>5. Studentische Mobilit\u00e4t: Gefahren des Semestertickets und Herausforderungen des 9- &amp; 49-Euro-Ticket<\/h3>\n<p>Dass g\u00fcnstiger \u00d6PNV eine gute Sache w\u00e4re, war der Ampel im letzten Jahr zumindest bewusst. Leider wurde dabei ein bisschen au\u00dfer Acht gelassen, dass es ja auch Studierende gibt und die bereits etwas wie ein Semesterticket haben, welches als Solidarmodell von allen Studis mitfinanziert wird. Bereits beim <strong>9-Euro-Ticket <\/strong>wurde das fast vergessen, wenn wir nicht noch gemeinsam mit den anderen Landesstudierendenvertretungen und der Bundesstudierendenvertretung fzs darauf aufmerksam gemacht h\u00e4tten. In Sachsen haben wir uns zus\u00e4tzlich immer wieder an das Staatsministerium f\u00fcr Wirtschaft, Arbeit und Verker (SMWA) unter Minister Dulig gewandt. Zum ersten Mal haben wir Anfang Mai auf die Problematik aufmerksam gemacht und zumindest darum gebeten, dass die Verwaltungskosten f\u00fcr die R\u00fcckerstattungen staatlich \u00fcbernommen werden. Denn die Semestertickets werden zumeist von den Studierendenschaften selbst koordiniert, nur im Fall von Leipzig und Zwickau \u00fcber die Studierendenwerke. F\u00fcr beide Organisationen war es echt nicht gut, dass diese auf den Verwaltungskosten f\u00fcr die R\u00fcckerstattungen der Differenzbetr\u00e4ge der Semestertickets zum 9-Euro-Ticket sitzen geblieben sind. Nach viel Hin und Her. wurde schlie\u00dflich ein kleiner Pauschalbetrag erstattet, allerdings nicht allen Orgas&#8230;. Nunja, immerhin konnten die Studis in Sachsen ihr Semesterticket im Sommer etwas g\u00fcnstiger und deutschlandweit in vollen Z\u00fcgen genie\u00dfen!<\/p>\n<p>Auch beim <strong>49-Euro-Ticket<\/strong> brauchte es seeeehr viel Kommunikation, die wir mal wieder an das SMWA und auch an den Ministerpr\u00e4sidenten \u00fcbernommen haben. Denn durch die Einf\u00fchrung einer etwas teureren Alternative zum Semesterticket ger\u00e4t die rechtliche Sicherheit des Solidarmodells in Gefahr. Also haben wir von drohenden Aufk\u00fcndigungen der Semesterticketvertr\u00e4gen berichtet. Die sogenannte <strong>&#8222;Sachsen-L\u00f6sung&#8220; mit der Rabettierung um 10 Prozent bei Solidarmodellen f\u00fcr das Upgrade<\/strong> soll das Semesterticket nun vielleicht etwas attraktiver gestalten. Wir z\u00e4hlen das mal als Reaktion auf unsere Lobby-Arbeit, auch wenn die eigentliche Problemdarstellung, dass 49 Euro (beziehungsweise dann &#8222;nur&#8220; 45 Euro) f\u00fcr Studis viel zu teuer sind, noch immer nicht angegangen wurde. Entsprechend setzen wir also weiterhin auf das<strong> 29-Euro-Kaufticket und damit eine wirkliche L\u00f6sung auch in Sachsen!<\/strong><\/p>\n<p>&nbsp;<\/p>\n<h3>6. Langer Prozess f\u00fcr feministische Hochschulen in Sachsen<\/h3>\n<p>Beim vorherrschenden \u00dcberschuss von wei\u00dfen alten M\u00e4nnern an s\u00e4chsischen Hochschulen ist es meist gar nicht so einfach, mehr Feminismus in die Wissenschaftslandschaft zu bringen. Wir haben es trotzdem versucht!\u00a0 In dieser Amtszeit hatten wir schlie\u00dflich auch endlich wieder ein*e Referent*in Feminismus. Gleich in den ersten Monaten haben wir einen <strong>Grundsatzbeschluss zu Geschlechterinklusivit\u00e4t an Hochschulen <\/strong>gefasst. Wir fordern eine Selbstbestimmung von Namen und Personenstand an den Hochschulen, mit dem Mindestma\u00df der Anerkennung des DGTI-Erg\u00e4nzungsausweises, sowie die M\u00f6glichkeit, an den Hochschulen auch offiziell nichtbin\u00e4re Geschlechtseintragungen angeben zu k\u00f6nnen. Weiterhin setzen wir uns f\u00fcr die Einrichtung geschlechtsneutraler Sanit\u00e4tseinrichtungen ein. <a href=\"https:\/\/www.kss-sachsen.de\/geschlechterinklusivitaet\">Der ganze Beschluss kann hier nachgelesen werden.<\/a><\/p>\n<table width=\"100%\">\n<tbody>\n<tr>\n<td><img loading=\"lazy\" decoding=\"async\" class=\"alignnone size-medium wp-image-3361\" src=\"https:\/\/www.kss-sachsen.de\/wp-content\/uploads\/2023\/03\/photo_5276222046323459002_y-300x138.jpg\" alt=\"Foto der Anh\u00f6rung zum Antidiskriminierung-Gesetzesentwurf der Linken. Ganz rechts sitzt der*die Referent*in der KSS f\u00fcr Feminismus, Fay Uhlmann.\" width=\"300\" height=\"138\" srcset=\"https:\/\/www.kss-sachsen.de\/wp-content\/uploads\/2023\/03\/photo_5276222046323459002_y-300x138.jpg 300w, https:\/\/www.kss-sachsen.de\/wp-content\/uploads\/2023\/03\/photo_5276222046323459002_y-768x354.jpg 768w, https:\/\/www.kss-sachsen.de\/wp-content\/uploads\/2023\/03\/photo_5276222046323459002_y-520x239.jpg 520w, https:\/\/www.kss-sachsen.de\/wp-content\/uploads\/2023\/03\/photo_5276222046323459002_y-740x341.jpg 740w, https:\/\/www.kss-sachsen.de\/wp-content\/uploads\/2023\/03\/photo_5276222046323459002_y.jpg 988w\" sizes=\"(max-width: 300px) 100vw, 300px\" \/><\/p>\n<p>Referent*in Fay mit den weiteren Sachverst\u00e4ndigen zur Anh\u00f6rung zum Diskriminierungsschutz f\u00fcr Studierende<\/td>\n<\/tr>\n<\/tbody>\n<\/table>\n<p>Beim Thema <strong>Diskriminierungsschutz f\u00fcr Studis<\/strong> haben wir unsere Lobby-Arbeit auch nochmal intensiviert. \u00a0Denn offensichtlich ist es in Sachsen v\u00f6llig egal, dass Studis munter diskriminiert (z.B. sexistisch oder rassistisch angegangen werden d\u00fcrfen). Nach einer Anh\u00f6rung im Wissenschaftsausschuss zu dem Thema haben wir keine Argumente mehr geh\u00f6rt, die dagegensprechen sollten, dass wir Diskriminierungsschutz f\u00fcr Studierende auch in Sachsen endlich gesetzlich verankern sollen. Unabh\u00e4ngige Antidiskriminierungsstellen (auf freiwilliger Basis &#8211; lol) haben zumindest bereits ihren Weg ins HSG gefunden.<\/p>\n<p>Auch konnten wir uns an der <strong>Fortschreibung zweier Landesaktionspl\u00e4ne<\/strong> beteiligen!\u00a0Beim Landesaktionsplan f\u00fcr Vielfalt setzten wir uns f\u00fcr sichtbare Diversit\u00e4t in der Lehre, das Aufbrechen von cis-, hetero- und Beziehungsnormativit\u00e4t an den Hochschulen ein (denn was gelehrt wird, beeinflusst auch das denken!), brachten die Ideen unseres bereits erw\u00e4hnten Grundsatzbeschlusses an und betonten die Wichtigkeit von themenspezifisch Antidiskriminierungsstrukturen.\u00a0Anfang dieses Jahres folgte die Fortschreibung des Landesaktionsplanes zu den Istanbul-Konventionen (gegen h\u00e4usliche und geschlechterspezifische Gewalt), bei der wir uns f\u00fcr verpflichtende Weiterbildungsangebote in f\u00fcr Leitung von Hochschulen und Professorinnen und eine Kampagne zur Aufkl\u00e4rung \u00fcber geschlechterspezifische Gewalt f\u00fcr Studierende einsetzten. Steile Hierarchien und starke Abh\u00e4ngigkeitsverh\u00e4ltnisse an Hochschulen bieten gro\u00dfe Gefahr f\u00fcr (verbale, sexualisierte, &#8230;) \u00dcbergrifflichkeiten, deshalb braucht es dringend Pr\u00e4ventionsangebote! Unser Input wurde geliefert, jetzt hei\u00dft es gespannt auf die fertigen Landesaktionspl\u00e4ne warten.<\/p>\n<p>&nbsp;<\/p>\n<h3>7. Internationalisierung: M\u00fc\u00dfige K\u00e4mpfe um Solidarit\u00e4t und kleine Erfolge<\/h3>\n<p>Ihr glaubt es kaum: S\u00e4chsische Hochschulen wollen \u00fcbrigens auch international sein! Sie haben sogar bereits \u00fcberlegt, wie internationale Fachkr\u00e4fte angeworben werden k\u00f6nnen&#8230;. Also echt jetzt: Wir glauben es auch echt nicht, dass das in Sachsen \u00fcberhaupt m\u00f6glich ist. Denn das haben wir sp\u00e4testens im Nachgang des<strong> Ukraine-Krieg<\/strong>es mitbekommen. Die gro\u00dfe Welle der Solidarit\u00e4t war echt sch\u00f6n zu sehen und auch die Hochschulen in Sachsen haben viele Bem\u00fchungen f\u00fcr die Aufstellung von Sprachkursen gezeigt. Allerdings konnten dieses Ausma\u00df an Solidarit\u00e4t nicht alle geflohenen Studis aus der Ukraine genie\u00dfen. W\u00e4hrend Studis mit ukrainischer Staatsb\u00fcrgerschaft immerhin sogar BAf\u00f6G-Anspruch in Deutschland erhielten, mussten <strong>Drittstaatsangeh\u00f6rige<\/strong> hier eher um ihren Aufenthaltstitel bangen. Daher haben wir uns viel damit besch\u00e4ftigt, Briefe an Abgeordnete und den Wissenschaftsminister geschrieben und uns sp\u00e4ter auch an den Innenminister gewandt. Selbst die vier s\u00e4chsischen Universit\u00e4ten haben unser Anliegen unterst\u00fctzt. Erreicht haben wir zumindest eine Verl\u00e4ngerung der bundesweiten Verordnung zum Bleiberecht f\u00fcr Betroffene unter Dr\u00e4ngen der s\u00e4chsischen Regierung. Unsere konkreten Anliegen wurden leider nicht umgesetzt, allerdings haben wir uns um individuelle Beratung der Betroffenen vor Ort bem\u00fcht und den Kontakt mit den Ausl\u00e4nderbeh\u00f6rden und dem s\u00e4chsischen Fl\u00fcchtlingsrat aufrechterhalten, um Abschiebungen der Studis zu vermeiden. Ob wir das f\u00fcr alle erreichen konnten, wissen wir leider nicht&#8230; <a href=\"https:\/\/www.kss-sachsen.de\/pm_19_22\">Unseren Brief an den Innenminister gibt es z.B. hier nachzulesen.<\/a><br \/>\nAusgerechnet im Zuge der vielen fliehenden Studierenden und Wissenschaftler*innen aus der Ukraine und auch Wei\u00dfrussland und Russland wurde beim <strong>DAAD (Deutscher Akademischer Austauschdienst) <\/strong>stark gek\u00fcrzt. Davon waren neben den Stipendienangeboten, f\u00fcr die der DAAD bei Studis eher bekannt ist, auch Programme f\u00fcr Gefl\u00fcchtete betroffen. Gemeinsam mit der DAAD Studierendenschaften AG, <a href=\"https:\/\/www.fzs.de\/2022\/07\/15\/6000-chancen-weniger\/\">dem fzs<\/a>, <a href=\"https:\/\/bas-ev.de\/keine-kuerzungen-bei-integration-und-internationalisierung\/%5d\">dem BAS<\/a> und vielen <a href=\"https:\/\/cloud.portal.fzs.de\/s\/zJ74dYKgJKFDQgq\">anderen Studierendenschaften und Landesstudierendenvertretungen haben wir dagegen protestiert<\/a> &#8211; und waren erfolgreich. Die K\u00fcrzung der Mittel wurde gerade noch einmal zu gro\u00dfen Teilen abgewendet. Im n\u00e4chsten Jahr k\u00f6nnen die bestehenden Projekte fortgef\u00fchrt werden und es wird ein gr\u00f6\u00dferer, beziehungsweise gleichbleibend gro\u00dfer, Fokus auf die Hilfe von ukrainischen Studierenden und Wissenschaftler*innen und Traumabew\u00e4ltigung sowie Unterst\u00fctzung von systemkritischen Studis und Wissenschaftler*innen im Iran und Russland gelegt.<\/p>\n<p>Au\u00dferdem haben wir <a href=\"https:\/\/www.kss-sachsen.de\/proteste_iran\">uns mit den Protesten im Iran solidarisiert<\/a> und uns dem <a href=\"https:\/\/www.kss-sachsen.de\/pm_33_22\">B\u00fcndnis &#8222;Sachsen muss aufnehmen&#8220; angeschlossen<\/a>, welches sich f\u00fcr eine humane s\u00e4chsische Integrationspolitik einsetzt.<\/p>\n<p>&nbsp;<\/p>\n<h3>8. Lehramt: Wenn der Staat Studieng\u00e4nge zielgruppengerecht gestalten soll<\/h3>\n<p>Schlecht erreichbare Praktikumspl\u00e4tze auf dem Land und wenig Unterst\u00fctzung f\u00fcr Lehramtsstudierende trotz Lehrer*innenmangel?! Das kann ja auch nur Sachsen! Die Rahmenbedingungen f\u00fcr ein Lehramtsstudium k\u00f6nnten wirklich besser sein. Daf\u00fcr hat sich unsere Referentin f\u00fcr Lehramt gemeinsam mit den Studierendenschaften vor Ort diese Amtszeit eingesetzt. Anfang der Amtszeit wurde somit ein offener Brief an den Kultusminister Piwarz verfasst, in dem kritisiert wurde, dass es<strong> keinen Nachholtermin f\u00fcr die Staatsexamenspr\u00fcfung in Sachsen<\/strong> gibt. Lehramtsstudierende, die aufgrund von Krankheit verhindert sind, an der Pr\u00fcfung teilzunehmen, m\u00fcssen ein komplettes Semester auf den Nachschreibetermin warten. Das kann zu massiven Ver\u00e4nderungen in der weiteren Lebensplanung f\u00fchren. Diese Umst\u00e4nde wollten wir so nicht hinnehmen. Unsere Forderung, eine Nachschreibeklausur anzubieten, wurde und wird jedoch leider in n\u00e4herer Zukunft nicht umgesetzt.<em> (Kleiner genervter Kommentar der Redaktion: Tja Sachsen, dann warte halt einfach NOCH l\u00e4nger auf deine fertigen Lehrer*innen, ey!)<\/em><br \/>\nWeiterhin entstand im Sommer 2022 in Zusammenarbeit mit der GEW und einzelnen Akteur*innen der Fachschaftsr\u00e4te das <strong>Kritische Lehramtsportfolio<\/strong>, bei dem Studierende aus ganz Sachsen die M\u00f6glichkeit hatten, Texte zu kritischen Themen des Lehramtsstudiums zu ver\u00f6ffentlichen.<br \/>\nIm Oktober 2022 haben wir eine <strong>Umfrage f\u00fcr alle Lehramtsstudierende Sachsens <\/strong>durchgef\u00fchrt, mit welcher herausgefunden werden sollte, wie zufrieden Lehramtsstudierende mit den <strong>Praktika im Studium<\/strong> und mit einzelnen Aspekten der Praktika \u2013 wie z.B. Anfahrtsweg, Betreuung im Praktikum, Vergabe der Pl\u00e4tze \u2013 sind. Die Ergebnisse der Umfrage konnten bei der Staatlichen Kommission f\u00fcr Lehrer[*innen]bildung vorgestellt werden. Wir konnten aufdecken, dass es weitaus nicht gen\u00fcgend Kapazit\u00e4ten f\u00fcr Praktika an Schulen gibt und die Vergabe der Pl\u00e4tze der intransparent ist. Au\u00dferdem werden Studis durch lange und uneinheitliche (in jedem Fach mit anderen Anforderungen verbundene) Praktikumsberichte und fehlender finanzieller Unterst\u00fctzung f\u00fcr Praktika zus\u00e4tzlich belastet. Die Erkenntnisse wollen wir k\u00fcnftig nun nutzen, um diese Situation zu verbessern.<\/p>\n<p>&nbsp;<\/p>\n<h3>9. \u00d6kologie: Greenwashing oder wirkliche Nachhaltigkeit im Dienste der Wissenschaft?<\/h3>\n<p>&nbsp;<\/p>\n<table width=\"100%\">\n<tbody>\n<tr>\n<td><img loading=\"lazy\" decoding=\"async\" class=\"alignnone size-medium wp-image-3355\" src=\"https:\/\/www.kss-sachsen.de\/wp-content\/uploads\/2023\/03\/\u00f6kologie_vernetzungstreffen-300x253.jpg\" alt=\"Der Referent f\u00fcr \u00d6kologie der KSS, Roman, mit zwei StuRa-Menschen auf einem \u00d6kologie-Referate-Vernetzungstreffen\" width=\"300\" height=\"253\" \/><\/p>\n<p>KSS-Referent f\u00fcr \u00d6kologie, Roman, auf einem Vernetzungstreffen der \u00d6kologiereferate<\/td>\n<\/tr>\n<\/tbody>\n<\/table>\n<p>Obwohl Klimagerechtigkeit durch Fridays For Future und vielen weiteren Nachhaltigkeitsinitiativen schon seit vielen Jahren vorangetrieben wird, hat sich an den s\u00e4chsischen Hochschulen bisher wenig getan. Daran \u00e4nderte auch das <strong>Positionspapier der AG zu Klimaschutz und Nachhaltigkeit der Landesrektor*innenkonferenz<\/strong> (LRK) nichts. Zu diesem Minimalkonsens haben wir uns als KSS in dieser Amtszeit wiederholt kritisch ge\u00e4u\u00dfert und unser Referent f\u00fcr \u00d6kologie konnte <a href=\"https:\/\/www.saechsische.de\/sachsen\/greenwashing-an-saechsischen-hochschulen-5794887.html\">im Interview mit der S\u00e4chsischen Zeitung<\/a> eindrucksvoll darstellen, wie wir uns wirklich klimagerechte Hochschulen &#8211; ganz ohne Greenwashing \u2013 vorstellen. Die Besetzung des Audimax an der Universit\u00e4t Leipzig haben wir konstruktiv begleitet, sind mit den Besetzer*innen ins Gespr\u00e4ch gekommen und haben an einer Verhandlungsrunde zwischen den Aktivist*innen und dem Rektorat der Uni Leipzig teilgenommen. Ein weiteres wichtiges Projekt war die <strong>Vernetzung der \u00d6kologiereferate<\/strong> der s\u00e4chsischen Studierendenr\u00e4te. In einem Pr\u00e4senztreffen im Wintersemester konnten wir uns \u00fcber gemeinsame Projekte der einzelnen Studierendenschaften, aber auch \u00fcber konkrete Herausforderungen an der eigenen Hochschule austauschen. Aufgrund der positiven Resonanz f\u00fcr das Format, ist auch ein erneutes Treffen im kommenden Sommersemester in gr\u00f6\u00dferer Runde geplant. Die KSS war auch in diesem Jahr viel mit sachsenweiten Austauschformaten zu Nachhaltigkeit besch\u00e4ftigt und beteiligte sich dazu beispielsweise beim Vernetzungstreffen &#8222;regio n&#8220;, welches an der TU Dresden stattfand. F\u00fcr die lokale Vernetzung der Nachhaltigkeitsinitiativen in Sachsen befasst sich das \u00d6kologiereferat nun konkret mit der Planung einer Nachhaltigkeitskonferenz f\u00fcr Anfang 2024 und einer gemeinsamen Initiative zum klimaneutralen (Um-)bauen an den s\u00e4chsischen Hochschulen.<\/p>\n<p>&nbsp;<\/p>\n<h3>10. Unterst\u00fctzung der Hochschulen vor Ort<\/h3>\n<table width=\"100%\">\n<tbody>\n<tr>\n<td><img loading=\"lazy\" decoding=\"async\" class=\"alignnone size-medium wp-image-3360\" src=\"https:\/\/www.kss-sachsen.de\/wp-content\/uploads\/2023\/03\/photo_5276222046323459003_x-300x189.jpg\" alt=\"Foto der Sprecher*in Uta hinter einem Redner*innenpult.\" width=\"300\" height=\"189\" srcset=\"https:\/\/www.kss-sachsen.de\/wp-content\/uploads\/2023\/03\/photo_5276222046323459003_x-300x189.jpg 300w, https:\/\/www.kss-sachsen.de\/wp-content\/uploads\/2023\/03\/photo_5276222046323459003_x-520x328.jpg 520w, https:\/\/www.kss-sachsen.de\/wp-content\/uploads\/2023\/03\/photo_5276222046323459003_x.jpg 733w\" sizes=\"(max-width: 300px) 100vw, 300px\" \/><\/p>\n<p>Sprecher*in Uta zu ihrer kritischen Festansprache zur Feier &#8222;30 Jahre HAW in Sachsen&#8220;<\/td>\n<\/tr>\n<\/tbody>\n<\/table>\n<p>Mit zwei Sprecher*innen von Hochschulen f\u00fcr Angewandte Wissenschaften (HAWs) haben wir in dieser Amtszeit einen Fokus auf die erheblichen Probleme von HAWs gelegt. Anl\u00e4sslich der Feier zum <strong>30-j\u00e4hrigen Jubil\u00e4um von HAWs in Sachsen<\/strong> haben wir unsere <a href=\"https:\/\/www.kss-sachsen.de\/pm_16_22\">Kritik unter dem Motto &#8222;30 Jahre Hochschulen f\u00fcr angewandte Unterfinanzierung&#8220;<\/a> deutlich angebracht. Vor allem in der Lehre fehlen massiv Gelder, die Hochschulen konzentrieren sich aber lieber auf Exzellenz in der Forschung und dem Hinterhereifern von Unis &#8211; zum Beispiel ist eine ihrer gr\u00f6\u00dften Forderungen das Promotionsrecht f\u00fcr HAWs. So finden wir es immer noch verwerflich, wenn beispielsweise eine HTWK Leipzig Gelder aus dem &#8222;Zukunftsvertrag Lehre und Studium st\u00e4rken&#8220; in der Verwaltung einsetzt. Dass das fehlplatziert ist, sagt doch schon der Name der F\u00f6rderung, oder?<\/p>\n<p>Au\u00dferdem unterst\u00fctzten wir auch weitere Kritik von Studierendenvertretung vor Ort: Durch <a href=\"https:\/\/www.kss-sachsen.de\/pm_17_22\">kritische Begleitung der Amtseinf\u00fchrung der neuen Rektorin der Uni Leipzig<\/a>, <a href=\"https:\/\/www.kss-sachsen.de\/pm_24_22\">Kritik an trans*feindlicher Lehre<\/a>, an <a href=\"https:\/\/www.kss-sachsen.de\/pm_27_22\">Nicht-Zulassung von studentischen Senatsanfragen an das Rektorat<\/a> oder an verpflichtenden <a href=\"https:\/\/www.kss-sachsen.de\/pm_06_23\">Symptomangaben f\u00fcr Pr\u00fcfungsabmeldung im Krankheitsfall<\/a>, die an immer mehr Hochschulen zur Pflicht werden.<\/p>\n<p>&nbsp;<\/p>\n<h3>11. Sonstiges Einmischen in Gesetz- und Verordnungserlasse in Sachsen<\/h3>\n<p>Neben dem Hochschulgesetz wurden in unserer Amtszeit auch andere Gesetze und Verordnungen ge\u00e4ndert oder erlassen, die uns Studis betreffen. Dazu geh\u00f6rt <a href=\"https:\/\/www.revosax.sachsen.de\/vorschrift\/19699.1\">das neue s\u00e4chsische Transparenzgesetz<\/a>, zu dem wir als KSS leider nicht angeh\u00f6rt wurden, aber <a href=\"https:\/\/www.kss-sachsen.de\/pm_18_22\">viel Kritik hatten<\/a> &#8211; Hochschulen sind bis auf Informationen \u00fcber abgeschlossene Drittmittelprojekte einfach komplett von der neuen Transparenzpflicht f\u00fcr staatliche Einrichtungen ausgenommen! Immerhin freuen wir uns jedoch dar\u00fcber, nun zumindest dieses Auskunftsrecht in Sachsen erhalten haben zu k\u00f6nnen und gehen den Hochschulen damit k\u00fcnftig vielleicht mal mehr auf den Nerv.<\/p>\n<p>Au\u00dferdem gab es eine <a href=\"https:\/\/www.revosax.sachsen.de\/vorschrift\/19850.1\">Novelle der Hochschulsteuerungsverordnung<\/a>, die wir zwar grunds\u00e4tzlich positiv fanden<a href=\"https:\/\/www.kss-sachsen.de\/news_01_22\">, aber noch viel Luft nach oben sehen<\/a> &#8211; von ausfinanzierten Hochschulen, die nicht an guter Lehre sparen m\u00fcssen, sind wir noch weit entfernt.<\/p>\n<p>Und schlie\u00dflich gab es auch <a href=\"https:\/\/www.kss-sachsen.de\/pm_04_23\">zur 200-Euro-Einmalzahlung eine s\u00e4chsische Verordnung<\/a>, deren Entwurf am Ende wesentlich positiver war als das Endergebnis &#8211; <a href=\"https:\/\/www.kss-sachsen.de\/pm_10_23\">am finalen Antragsverfahren gab es viel zu kritisieren<\/a>.<\/p>\n<p>&nbsp;<\/p>\n<h3>12. KSS-Interna: Finanzsicherheit und Strukturen sichern<\/h3>\n<p>Neben all der inhaltlichen Arbeit steht und f\u00e4llt eine Organisation dennoch mit ihrer internen Struktur. Auch wenn diese Aufgaben immer recht m\u00fc\u00dfig sind und die Studierendenschaften das manchmal gern kritisieren (so ehrlich sind wir mal) haben wir uns auch viel mit uns selbst befasst! \ud83d\ude00<\/p>\n<p>Denn es sind einige Haushaltsabschl\u00fcsse der letzten Jahre liegen geblieben. Drei an der Zahl. Diese mussten wir also erstmal nachholen, was bedeutet hat, dass wir zahlreiche alte Belege und Akten w\u00e4lzen mussten und langweilige Berichte geschrieben haben, \u00fcber die Auslastung mancher Haushaltsjahre. Damit sind wir jedoch gut vorangekommen. Der Abschluss f\u00fcr die Amtszeit 19\/20 ist nun bereits durch und die folgenden zwei Jahre haben wir ebenso so gut wie fertig. Die n\u00e4chste Amtszeit startet also wom\u00f6glich ohne diese Laster.<\/p>\n<table width=\"100%\">\n<tbody>\n<tr>\n<td><img loading=\"lazy\" decoding=\"async\" class=\"alignnone size-medium wp-image-3359\" src=\"https:\/\/www.kss-sachsen.de\/wp-content\/uploads\/2023\/03\/photo_5276222046323459004_x-300x227.jpg\" alt=\"Foto der Amtstr\u00e4ger*innen der KSS beim Essen vor Arbeitstagen. Von links nach rechts sind zu sehen: Fay (Feminismus), Cao (Mobilit\u00e4t), Uta (Sprecher*in), Mathias (\u00d6ffentlichkeitsarbeit), Maximilian (Koordination), Lubo (Finanzen) und Bine (Sprecherin).\" width=\"300\" height=\"227\" srcset=\"https:\/\/www.kss-sachsen.de\/wp-content\/uploads\/2023\/03\/photo_5276222046323459004_x-300x227.jpg 300w, https:\/\/www.kss-sachsen.de\/wp-content\/uploads\/2023\/03\/photo_5276222046323459004_x-520x393.jpg 520w, https:\/\/www.kss-sachsen.de\/wp-content\/uploads\/2023\/03\/photo_5276222046323459004_x.jpg 713w\" sizes=\"(max-width: 300px) 100vw, 300px\" \/><\/p>\n<p>So sehen Gesch\u00e4ftsessen der KSS aus: Die s\u00e4chsischen Mensen haben wir gut durchgetestet!<\/td>\n<\/tr>\n<\/tbody>\n<\/table>\n<p>Aber darauf wollten wir uns nicht ausruhen: Denn die KSS existiert bislang eher in einer &#8222;Grauzone&#8220; als Rechtsform. Somit ist es momentan also schwierig, bspw. R\u00fccklagen zu bilden oder mehrj\u00e4hrige Anstellungen zu t\u00e4tigen. Das wollen wir durch das Gr\u00fcnden eines Vereins zur finanziellen Unterst\u00fctzung der KSS l\u00f6sen. Hierf\u00fcr wurde eine grobe Vereinsstruktur bereits geplant und erste Entw\u00fcrfe f\u00fcr Satzungen und Ordnungen verfasst. Da das alles jedoch sehr viel Zeit einnimmt, die bei den geballten inhaltlichen Aufgaben im letzten Jahr schwer einr\u00e4umbar war, haben sich hiermit bereits die k\u00fcnftigen Amtstr\u00e4ger*innen der KSS befasst, welche das Anliegen im n\u00e4chsten Jahr schlie\u00dflich auch weiterhin verfolgen werden.<\/p>\n<p>Auch in der Teamzusammenarbeit haben wir Fortschritte gemacht: Aus zwei Sprecher*innen, einem HoPo-Referenten, einer Lehramts-Referentin, IT-Admin und Koordination wurde in dieser Amtszeit ein gro\u00dfes Team von Referent*innen und Beauftragten. Die gute Arbeitsteilung und eine produktive Zusammenarbeit wird die KSS sicher in der n\u00e4chsten Amtszeit fortsetzen.<\/p>\n<p>Daneben haben wir uns aber nat\u00fcrlich auch ganz viel vernetzt, haben Treffen f\u00fcr die s\u00e4chsischen HoPo-Menschen veranstaltet, waren zu Bundesaustauschen in Berlin und sogar mal im Europ\u00e4ischen Parlament in Br\u00fcssel bei der europ\u00e4ischen Studierendenvertretung zu Gast.<\/p>\n<p><strong>\u00a0<\/strong><\/p>\n<h3>13. Ausblick: Wir sagen Tsch\u00fcssi!<\/h3>\n<p>Wow &#8211; urspr\u00fcnglich sollte dieser Jahresr\u00fcckblick gar nicht so doll lang werden. Da haben wir wohl jedoch ne ganze Menge an Themen bearbeitet. Damit wirkt es sicherlich auch sehr gerechtfertigt, dass so manche unserer Amtstr\u00e4ger*innen sich nun endlich wieder ihrem Studium widmen sollten.<\/p>\n<table width=\"100%\">\n<tbody>\n<tr>\n<td><img loading=\"lazy\" decoding=\"async\" class=\"alignnone size-medium wp-image-3358\" src=\"https:\/\/www.kss-sachsen.de\/wp-content\/uploads\/2023\/03\/photo_5276222046323459005_x-248x300.jpg\" alt=\"Foto der beiden Sprecher*innen, die sich vor dem Logo des StuRa TU Dresden ein High Five geben.\" width=\"248\" height=\"300\" srcset=\"https:\/\/www.kss-sachsen.de\/wp-content\/uploads\/2023\/03\/photo_5276222046323459005_x-248x300.jpg 248w, https:\/\/www.kss-sachsen.de\/wp-content\/uploads\/2023\/03\/photo_5276222046323459005_x.jpg 470w\" sizes=\"(max-width: 248px) 100vw, 248px\" \/><\/p>\n<p>Unsere Sprecher*innen sind happy: Die Amtszeit doch nicht nur gegen W\u00e4nde angek\u00e4mpft, sondern auch etwas erreicht!<\/td>\n<\/tr>\n<\/tbody>\n<\/table>\n<p>Weil wir genau wissen, wie schnell das alles mit diesem ganzen Engagement \u00fcberhandnehmen kann, hier noch ein paar Dinge, die wir neben all diesen Themen in den letzten Monaten gelernt haben:<\/p>\n<ul>\n<li><em>&#8222;Das ist alles nur Ehrenamt und eigentlich sind hauptberuflich t\u00e4tige Personen f\u00fcr den ganzen Bums zust\u00e4ndig! (Ja, auch wenn die unf\u00e4hig sind!)&#8220;<\/em><\/li>\n<\/ul>\n<ul>\n<li><em>&#8222;Nachtschichten sind zwar spannend, aber produktiver ist Hopo-Studi mit gen\u00fcgend Schlaf.&#8220;<\/em><\/li>\n<\/ul>\n<ul>\n<li><em>&#8222;Nein, auch Hochschulen halten sich nicht immer an wissenschaftliche Erkenntnisse. Das ist zwar traurig, aber es wird leichter, wenn wir das akzeptieren.&#8220;<\/em><\/li>\n<\/ul>\n<p>&#8230;und ganz wichtig: <strong><em>&#8222;Keine*r ist mit den eigenen Problemen allein!&#8220;<\/em><\/strong><\/p>\n<p>F\u00fcr die n\u00e4chsten Amtszeiten w\u00fcnschen wir uns sehr, dass die studentische Stimme noch mehr geh\u00f6rt wird. Denn nur so l\u00e4sst sich wirkliche Qualit\u00e4t an den s\u00e4chsischen Hochschulen auch sichern. Einige von uns, wie unsere beiden Sprecher*innen, geben das Amt nun ab. Einige trauen sich diese Aufgabe auch noch eine weitere Amtszeit zu. Wir w\u00fcnschen dabei ganz viel Erfolg und freuen uns auf die weiteren Stories und Erfolge der Konferenz S\u00e4chsischer Studierendenschaften!<\/p>\n<p>Bis bald!<\/p>\n<p><img loading=\"lazy\" decoding=\"async\" class=\"alignnone wp-image-3369\" src=\"https:\/\/www.kss-sachsen.de\/wp-content\/uploads\/2023\/03\/image-2-300x99.png\" alt=\"\" width=\"649\" height=\"214\" srcset=\"https:\/\/www.kss-sachsen.de\/wp-content\/uploads\/2023\/03\/image-2-300x99.png 300w, https:\/\/www.kss-sachsen.de\/wp-content\/uploads\/2023\/03\/image-2-768x254.png 768w, https:\/\/www.kss-sachsen.de\/wp-content\/uploads\/2023\/03\/image-2-1024x338.png 1024w, https:\/\/www.kss-sachsen.de\/wp-content\/uploads\/2023\/03\/image-2-520x172.png 520w, https:\/\/www.kss-sachsen.de\/wp-content\/uploads\/2023\/03\/image-2-740x244.png 740w, https:\/\/www.kss-sachsen.de\/wp-content\/uploads\/2023\/03\/image-2.png 1399w\" sizes=\"(max-width: 649px) 100vw, 649px\" \/><\/p>\n<p>&nbsp;<\/p>\n<p>&nbsp;<\/p>\n","protected":false},"excerpt":{"rendered":"<p>Liebe hochschulpolitisch Interessierte in Sachsen, eine Landesstudierendenvertretung kann so einiges bewirken und viel Spa\u00df machen, aber auch recht anstrengend und zeitintensiv sein. Das konnten wir vor allem in der bald vergangenen Amtszeit der KSS lernen. Anstelle unseres \u00fcblichen Newsletters m\u00f6chten wir Euch heute den Jahresr\u00fcckblick der KSS der Legislatur 2022\/23 \u00fcbersenden. Am Start sowie Ende der Amtszeit: Unsere Sprecher*innen haben<a class=\"read-more\" href=\"https:\/\/www.kss-sachsen.de\/jahresrueckblick2022_23\">Hier weiter lesen&#8230;<\/a><\/p>\n","protected":false},"author":1,"featured_media":3345,"comment_status":"closed","ping_status":"open","sticky":false,"template":"","format":"standard","meta":{"footnotes":""},"categories":[1],"tags":[],"yoast_head":"<!-- This site is optimized with the Yoast SEO plugin v23.5 - https:\/\/yoast.com\/wordpress\/plugins\/seo\/ -->\n<title>Wir sagen Tsch\u00fcssi! - KSS<\/title>\n<meta name=\"robots\" content=\"index, follow, max-snippet:-1, max-image-preview:large, max-video-preview:-1\" \/>\n<link rel=\"canonical\" href=\"https:\/\/www.kss-sachsen.de\/jahresrueckblick2022_23\" \/>\n<meta property=\"og:locale\" content=\"de_DE\" \/>\n<meta property=\"og:type\" content=\"article\" \/>\n<meta property=\"og:title\" content=\"Wir sagen Tsch\u00fcssi! - KSS\" \/>\n<meta property=\"og:description\" content=\"Liebe hochschulpolitisch Interessierte in Sachsen, eine Landesstudierendenvertretung kann so einiges bewirken und viel Spa\u00df machen, aber auch recht anstrengend und zeitintensiv sein. Das konnten wir vor allem in der bald vergangenen Amtszeit der KSS lernen. Anstelle unseres \u00fcblichen Newsletters m\u00f6chten wir Euch heute den Jahresr\u00fcckblick der KSS der Legislatur 2022\/23 \u00fcbersenden. Am Start sowie Ende der Amtszeit: Unsere Sprecher*innen habenHier weiter lesen...\" \/>\n<meta property=\"og:url\" content=\"https:\/\/www.kss-sachsen.de\/jahresrueckblick2022_23\" \/>\n<meta property=\"og:site_name\" content=\"KSS\" \/>\n<meta property=\"article:published_time\" content=\"2023-03-31T11:24:03+00:00\" \/>\n<meta property=\"article:modified_time\" content=\"2023-03-31T14:06:46+00:00\" \/>\n<meta property=\"og:image\" content=\"https:\/\/www.kss-sachsen.de\/wp-content\/uploads\/2023\/03\/photo_5276222046323458985_x.jpg\" \/>\n\t<meta property=\"og:image:width\" content=\"794\" \/>\n\t<meta property=\"og:image:height\" content=\"231\" \/>\n\t<meta property=\"og:image:type\" content=\"image\/jpeg\" \/>\n<meta name=\"author\" content=\"administration\" \/>\n<meta name=\"twitter:card\" content=\"summary_large_image\" \/>\n<meta name=\"twitter:label1\" content=\"Verfasst von\" \/>\n\t<meta name=\"twitter:data1\" content=\"administration\" \/>\n\t<meta name=\"twitter:label2\" content=\"Gesch\u00e4tzte Lesezeit\" \/>\n\t<meta name=\"twitter:data2\" content=\"21\u00a0Minuten\" \/>\n<script type=\"application\/ld+json\" class=\"yoast-schema-graph\">{\"@context\":\"https:\/\/schema.org\",\"@graph\":[{\"@type\":\"Article\",\"@id\":\"https:\/\/www.kss-sachsen.de\/jahresrueckblick2022_23#article\",\"isPartOf\":{\"@id\":\"https:\/\/www.kss-sachsen.de\/jahresrueckblick2022_23\"},\"author\":{\"name\":\"administration\",\"@id\":\"https:\/\/www.kss-sachsen.de\/#\/schema\/person\/fbcf1c2438e102156e84a4ba5c3daa64\"},\"headline\":\"Wir sagen Tsch\u00fcssi!\",\"datePublished\":\"2023-03-31T11:24:03+00:00\",\"dateModified\":\"2023-03-31T14:06:46+00:00\",\"mainEntityOfPage\":{\"@id\":\"https:\/\/www.kss-sachsen.de\/jahresrueckblick2022_23\"},\"wordCount\":4200,\"publisher\":{\"@id\":\"https:\/\/www.kss-sachsen.de\/#organization\"},\"image\":{\"@id\":\"https:\/\/www.kss-sachsen.de\/jahresrueckblick2022_23#primaryimage\"},\"thumbnailUrl\":\"https:\/\/www.kss-sachsen.de\/wp-content\/uploads\/2023\/03\/photo_5276222046323458985_x.jpg\",\"articleSection\":[\"Uncategorized\"],\"inLanguage\":\"de\"},{\"@type\":\"WebPage\",\"@id\":\"https:\/\/www.kss-sachsen.de\/jahresrueckblick2022_23\",\"url\":\"https:\/\/www.kss-sachsen.de\/jahresrueckblick2022_23\",\"name\":\"Wir sagen Tsch\u00fcssi! - KSS\",\"isPartOf\":{\"@id\":\"https:\/\/www.kss-sachsen.de\/#website\"},\"primaryImageOfPage\":{\"@id\":\"https:\/\/www.kss-sachsen.de\/jahresrueckblick2022_23#primaryimage\"},\"image\":{\"@id\":\"https:\/\/www.kss-sachsen.de\/jahresrueckblick2022_23#primaryimage\"},\"thumbnailUrl\":\"https:\/\/www.kss-sachsen.de\/wp-content\/uploads\/2023\/03\/photo_5276222046323458985_x.jpg\",\"datePublished\":\"2023-03-31T11:24:03+00:00\",\"dateModified\":\"2023-03-31T14:06:46+00:00\",\"breadcrumb\":{\"@id\":\"https:\/\/www.kss-sachsen.de\/jahresrueckblick2022_23#breadcrumb\"},\"inLanguage\":\"de\",\"potentialAction\":[{\"@type\":\"ReadAction\",\"target\":[\"https:\/\/www.kss-sachsen.de\/jahresrueckblick2022_23\"]}]},{\"@type\":\"ImageObject\",\"inLanguage\":\"de\",\"@id\":\"https:\/\/www.kss-sachsen.de\/jahresrueckblick2022_23#primaryimage\",\"url\":\"https:\/\/www.kss-sachsen.de\/wp-content\/uploads\/2023\/03\/photo_5276222046323458985_x.jpg\",\"contentUrl\":\"https:\/\/www.kss-sachsen.de\/wp-content\/uploads\/2023\/03\/photo_5276222046323458985_x.jpg\",\"width\":794,\"height\":231,\"caption\":\"Logo der KSS und rechts daneben die \u00dcberschrift \\\"Jahresr\u00fcckblick der Amtszeit 2022\/23\\\"\"},{\"@type\":\"BreadcrumbList\",\"@id\":\"https:\/\/www.kss-sachsen.de\/jahresrueckblick2022_23#breadcrumb\",\"itemListElement\":[{\"@type\":\"ListItem\",\"position\":1,\"name\":\"Home\",\"item\":\"https:\/\/www.kss-sachsen.de\/\"},{\"@type\":\"ListItem\",\"position\":2,\"name\":\"Wir sagen Tsch\u00fcssi!\"}]},{\"@type\":\"WebSite\",\"@id\":\"https:\/\/www.kss-sachsen.de\/#website\",\"url\":\"https:\/\/www.kss-sachsen.de\/\",\"name\":\"Konferenz S\u00e4chsischer Studierendenschaften\",\"description\":\"Konferenz S\u00e4chsischer Studierendenschaften\",\"publisher\":{\"@id\":\"https:\/\/www.kss-sachsen.de\/#organization\"},\"potentialAction\":[{\"@type\":\"SearchAction\",\"target\":{\"@type\":\"EntryPoint\",\"urlTemplate\":\"https:\/\/www.kss-sachsen.de\/?s={search_term_string}\"},\"query-input\":{\"@type\":\"PropertyValueSpecification\",\"valueRequired\":true,\"valueName\":\"search_term_string\"}}],\"inLanguage\":\"de\"},{\"@type\":\"Organization\",\"@id\":\"https:\/\/www.kss-sachsen.de\/#organization\",\"name\":\"Konferenz S\u00e4chsischer Studierendenschaften\",\"url\":\"https:\/\/www.kss-sachsen.de\/\",\"logo\":{\"@type\":\"ImageObject\",\"inLanguage\":\"de\",\"@id\":\"https:\/\/www.kss-sachsen.de\/#\/schema\/logo\/image\/\",\"url\":\"https:\/\/www.kss-sachsen.de\/wp-content\/uploads\/2023\/02\/Logo-KSS.png\",\"contentUrl\":\"https:\/\/www.kss-sachsen.de\/wp-content\/uploads\/2023\/02\/Logo-KSS.png\",\"width\":2239,\"height\":1528,\"caption\":\"Konferenz S\u00e4chsischer Studierendenschaften\"},\"image\":{\"@id\":\"https:\/\/www.kss-sachsen.de\/#\/schema\/logo\/image\/\"},\"sameAs\":[\"https:\/\/www.instagram.com\/kss_sachsen\/\"]},{\"@type\":\"Person\",\"@id\":\"https:\/\/www.kss-sachsen.de\/#\/schema\/person\/fbcf1c2438e102156e84a4ba5c3daa64\",\"name\":\"administration\",\"image\":{\"@type\":\"ImageObject\",\"inLanguage\":\"de\",\"@id\":\"https:\/\/www.kss-sachsen.de\/#\/schema\/person\/image\/\",\"url\":\"https:\/\/secure.gravatar.com\/avatar\/e4ecd4cb3a6714c2adcf507161262d91?s=96&d=mm&r=g\",\"contentUrl\":\"https:\/\/secure.gravatar.com\/avatar\/e4ecd4cb3a6714c2adcf507161262d91?s=96&d=mm&r=g\",\"caption\":\"administration\"},\"url\":\"https:\/\/www.kss-sachsen.de\/?author=1\"}]}<\/script>\n<!-- \/ Yoast SEO plugin. -->","yoast_head_json":{"title":"Wir sagen Tsch\u00fcssi! - KSS","robots":{"index":"index","follow":"follow","max-snippet":"max-snippet:-1","max-image-preview":"max-image-preview:large","max-video-preview":"max-video-preview:-1"},"canonical":"https:\/\/www.kss-sachsen.de\/jahresrueckblick2022_23","og_locale":"de_DE","og_type":"article","og_title":"Wir sagen Tsch\u00fcssi! - KSS","og_description":"Liebe hochschulpolitisch Interessierte in Sachsen, eine Landesstudierendenvertretung kann so einiges bewirken und viel Spa\u00df machen, aber auch recht anstrengend und zeitintensiv sein. Das konnten wir vor allem in der bald vergangenen Amtszeit der KSS lernen. Anstelle unseres \u00fcblichen Newsletters m\u00f6chten wir Euch heute den Jahresr\u00fcckblick der KSS der Legislatur 2022\/23 \u00fcbersenden. Am Start sowie Ende der Amtszeit: Unsere Sprecher*innen habenHier weiter lesen...","og_url":"https:\/\/www.kss-sachsen.de\/jahresrueckblick2022_23","og_site_name":"KSS","article_published_time":"2023-03-31T11:24:03+00:00","article_modified_time":"2023-03-31T14:06:46+00:00","og_image":[{"width":794,"height":231,"url":"https:\/\/www.kss-sachsen.de\/wp-content\/uploads\/2023\/03\/photo_5276222046323458985_x.jpg","type":"image\/jpeg"}],"author":"administration","twitter_card":"summary_large_image","twitter_misc":{"Verfasst von":"administration","Gesch\u00e4tzte Lesezeit":"21\u00a0Minuten"},"schema":{"@context":"https:\/\/schema.org","@graph":[{"@type":"Article","@id":"https:\/\/www.kss-sachsen.de\/jahresrueckblick2022_23#article","isPartOf":{"@id":"https:\/\/www.kss-sachsen.de\/jahresrueckblick2022_23"},"author":{"name":"administration","@id":"https:\/\/www.kss-sachsen.de\/#\/schema\/person\/fbcf1c2438e102156e84a4ba5c3daa64"},"headline":"Wir sagen Tsch\u00fcssi!","datePublished":"2023-03-31T11:24:03+00:00","dateModified":"2023-03-31T14:06:46+00:00","mainEntityOfPage":{"@id":"https:\/\/www.kss-sachsen.de\/jahresrueckblick2022_23"},"wordCount":4200,"publisher":{"@id":"https:\/\/www.kss-sachsen.de\/#organization"},"image":{"@id":"https:\/\/www.kss-sachsen.de\/jahresrueckblick2022_23#primaryimage"},"thumbnailUrl":"https:\/\/www.kss-sachsen.de\/wp-content\/uploads\/2023\/03\/photo_5276222046323458985_x.jpg","articleSection":["Uncategorized"],"inLanguage":"de"},{"@type":"WebPage","@id":"https:\/\/www.kss-sachsen.de\/jahresrueckblick2022_23","url":"https:\/\/www.kss-sachsen.de\/jahresrueckblick2022_23","name":"Wir sagen Tsch\u00fcssi! - KSS","isPartOf":{"@id":"https:\/\/www.kss-sachsen.de\/#website"},"primaryImageOfPage":{"@id":"https:\/\/www.kss-sachsen.de\/jahresrueckblick2022_23#primaryimage"},"image":{"@id":"https:\/\/www.kss-sachsen.de\/jahresrueckblick2022_23#primaryimage"},"thumbnailUrl":"https:\/\/www.kss-sachsen.de\/wp-content\/uploads\/2023\/03\/photo_5276222046323458985_x.jpg","datePublished":"2023-03-31T11:24:03+00:00","dateModified":"2023-03-31T14:06:46+00:00","breadcrumb":{"@id":"https:\/\/www.kss-sachsen.de\/jahresrueckblick2022_23#breadcrumb"},"inLanguage":"de","potentialAction":[{"@type":"ReadAction","target":["https:\/\/www.kss-sachsen.de\/jahresrueckblick2022_23"]}]},{"@type":"ImageObject","inLanguage":"de","@id":"https:\/\/www.kss-sachsen.de\/jahresrueckblick2022_23#primaryimage","url":"https:\/\/www.kss-sachsen.de\/wp-content\/uploads\/2023\/03\/photo_5276222046323458985_x.jpg","contentUrl":"https:\/\/www.kss-sachsen.de\/wp-content\/uploads\/2023\/03\/photo_5276222046323458985_x.jpg","width":794,"height":231,"caption":"Logo der KSS und rechts daneben die \u00dcberschrift \"Jahresr\u00fcckblick der Amtszeit 2022\/23\""},{"@type":"BreadcrumbList","@id":"https:\/\/www.kss-sachsen.de\/jahresrueckblick2022_23#breadcrumb","itemListElement":[{"@type":"ListItem","position":1,"name":"Home","item":"https:\/\/www.kss-sachsen.de\/"},{"@type":"ListItem","position":2,"name":"Wir sagen Tsch\u00fcssi!"}]},{"@type":"WebSite","@id":"https:\/\/www.kss-sachsen.de\/#website","url":"https:\/\/www.kss-sachsen.de\/","name":"Konferenz S\u00e4chsischer Studierendenschaften","description":"Konferenz S\u00e4chsischer Studierendenschaften","publisher":{"@id":"https:\/\/www.kss-sachsen.de\/#organization"},"potentialAction":[{"@type":"SearchAction","target":{"@type":"EntryPoint","urlTemplate":"https:\/\/www.kss-sachsen.de\/?s={search_term_string}"},"query-input":{"@type":"PropertyValueSpecification","valueRequired":true,"valueName":"search_term_string"}}],"inLanguage":"de"},{"@type":"Organization","@id":"https:\/\/www.kss-sachsen.de\/#organization","name":"Konferenz S\u00e4chsischer Studierendenschaften","url":"https:\/\/www.kss-sachsen.de\/","logo":{"@type":"ImageObject","inLanguage":"de","@id":"https:\/\/www.kss-sachsen.de\/#\/schema\/logo\/image\/","url":"https:\/\/www.kss-sachsen.de\/wp-content\/uploads\/2023\/02\/Logo-KSS.png","contentUrl":"https:\/\/www.kss-sachsen.de\/wp-content\/uploads\/2023\/02\/Logo-KSS.png","width":2239,"height":1528,"caption":"Konferenz S\u00e4chsischer Studierendenschaften"},"image":{"@id":"https:\/\/www.kss-sachsen.de\/#\/schema\/logo\/image\/"},"sameAs":["https:\/\/www.instagram.com\/kss_sachsen\/"]},{"@type":"Person","@id":"https:\/\/www.kss-sachsen.de\/#\/schema\/person\/fbcf1c2438e102156e84a4ba5c3daa64","name":"administration","image":{"@type":"ImageObject","inLanguage":"de","@id":"https:\/\/www.kss-sachsen.de\/#\/schema\/person\/image\/","url":"https:\/\/secure.gravatar.com\/avatar\/e4ecd4cb3a6714c2adcf507161262d91?s=96&d=mm&r=g","contentUrl":"https:\/\/secure.gravatar.com\/avatar\/e4ecd4cb3a6714c2adcf507161262d91?s=96&d=mm&r=g","caption":"administration"},"url":"https:\/\/www.kss-sachsen.de\/?author=1"}]}},"_links":{"self":[{"href":"https:\/\/www.kss-sachsen.de\/index.php?rest_route=\/wp\/v2\/posts\/3344"}],"collection":[{"href":"https:\/\/www.kss-sachsen.de\/index.php?rest_route=\/wp\/v2\/posts"}],"about":[{"href":"https:\/\/www.kss-sachsen.de\/index.php?rest_route=\/wp\/v2\/types\/post"}],"author":[{"embeddable":true,"href":"https:\/\/www.kss-sachsen.de\/index.php?rest_route=\/wp\/v2\/users\/1"}],"replies":[{"embeddable":true,"href":"https:\/\/www.kss-sachsen.de\/index.php?rest_route=%2Fwp%2Fv2%2Fcomments&post=3344"}],"version-history":[{"count":11,"href":"https:\/\/www.kss-sachsen.de\/index.php?rest_route=\/wp\/v2\/posts\/3344\/revisions"}],"predecessor-version":[{"id":3371,"href":"https:\/\/www.kss-sachsen.de\/index.php?rest_route=\/wp\/v2\/posts\/3344\/revisions\/3371"}],"wp:featuredmedia":[{"embeddable":true,"href":"https:\/\/www.kss-sachsen.de\/index.php?rest_route=\/wp\/v2\/media\/3345"}],"wp:attachment":[{"href":"https:\/\/www.kss-sachsen.de\/index.php?rest_route=%2Fwp%2Fv2%2Fmedia&parent=3344"}],"wp:term":[{"taxonomy":"category","embeddable":true,"href":"https:\/\/www.kss-sachsen.de\/index.php?rest_route=%2Fwp%2Fv2%2Fcategories&post=3344"},{"taxonomy":"post_tag","embeddable":true,"href":"https:\/\/www.kss-sachsen.de\/index.php?rest_route=%2Fwp%2Fv2%2Ftags&post=3344"}],"curies":[{"name":"wp","href":"https:\/\/api.w.org\/{rel}","templated":true}]}}