{"id":3450,"date":"2023-07-05T01:19:02","date_gmt":"2023-07-04T23:19:02","guid":{"rendered":"https:\/\/www.kss-sachsen.de\/?p=3450"},"modified":"2023-09-10T15:23:18","modified_gmt":"2023-09-10T13:23:18","slug":"her-mit-den-studentischen-personalraten-betriebliche-mitbestimmung-fur-alle-hochschulbeschaftigten-jetzt","status":"publish","type":"post","link":"https:\/\/www.kss-sachsen.de\/pm_19_23","title":{"rendered":"Her mit den studentischen Personalr\u00e4ten &#8211; betriebliche Mitbestimmung f\u00fcr ALLE Hochschulbesch\u00e4ftigten jetzt!"},"content":{"rendered":"<h3><strong>Arbeitsrechtliche<\/strong><strong> Mindeststandards werden bei Studierenden im \u00f6ffentlichen Dienst nicht eingehalten &#8211; S\u00e4chsische Studierende forder<\/strong><strong>n<\/strong><strong> studentische Personalr\u00e4te, um Missstand ein Ende zu setzen<\/strong><\/h3>\n<p>Derzeit bringt das s\u00e4chsische Innenministerium die Novelle des S\u00e4chsischen Personalvertretungsgesetzes voran. Dieses h\u00e4lt fest, wie Besch\u00e4ftigte im \u00f6ffentlichen Dienst ihre Interessen gegen\u00fcber Arbeitgeber*innen vertreten k\u00f6nnen. Heute endet die Verb\u00e4ndeanh\u00f6rung, auch die KSS hat sich mit einer <a href=\"https:\/\/cloud.portal.fzs.de\/s\/SdcccJ6s45JDwzP\">Stellungnahme<\/a> beteiligt. Die Konferenz S\u00e4chsischer Studierendenschaften (KSS) sieht L\u00fccken im bisherigen Entwurf. Aufgrund der geringen Ber\u00fccksichtigung und der aufgedeckten Verst\u00f6\u00dfe gegen das Arbeitsrecht bei studentischen Besch\u00e4ftigten im \u00f6ffentlichen Dienst fordert die KSS die Einf\u00fchrung von studentischen Personalr\u00e4ten.<\/p>\n<p><em>\u201eDie Arbeitsbedingungen an Hochschulen sind f\u00fcr Studierende prek\u00e4r: Studierende arbeit<\/em><em>en<\/em><em> oft ohne schriftlichen Arbeitsvertrag oder Bezahlung an staatlichen Hochschulen, werden nicht \u00fcber ih<\/em><em>ren Urlaubsanspruch informiert und m\u00fcssen Krankheitstage nacharbeiten. Um die Einhaltung grundlegender Arbeitnehmer*innenrechte zu kontrollieren und Besch\u00e4ftigte \u00fcber ihre Rechte zu informieren, braucht es endlich studentische Personalr\u00e4te an Hochschulen!\u201c,<\/em> fordert <strong>Charlotte Bl\u00fccher, Referentin f\u00fcr Studentische Besch\u00e4ftigte<\/strong>\u00a0<strong>der KSS<\/strong>.<\/p>\n<p>Die KSS sieht auch eine Repr\u00e4sentationsl\u00fccke, da viele Studierende nicht von den bisherigen Personalr\u00e4ten wissen und vor enormen H\u00fcrden stehen, ihr aktives und passives Wahlrecht hierf\u00fcr auszu\u00fcben. Dazu erkl\u00e4rt <strong>Paul Steinbrecher, Sprecher der KSS<\/strong>:\u00a0<em>\u201eStudierende werden oft befristet f\u00fcr <\/em><em>extrem kurze<\/em><em> Zeitr\u00e4ume an Hochschulen angestellt. Wenn zudem die Amtszeiten der Personalr\u00e4te l\u00e4nger sind, als die Regelstudienzeit eines Bachelor-Studiums, ist es f\u00fcr studentis<\/em><em>che Hilfskr\u00e4fte defacto unm\u00f6glich, sich in die Personalr\u00e4te w\u00e4hlen zu lassen und dieses Amt vollumf\u00e4nglich wahrzunehmen. Unter all diesen Bedingungen ist es den bisherigen Personalr\u00e4ten kaum m\u00f6glich, f\u00fcr die spezifischen Interessen der Studis einzustehen.\u201c<\/em> Abschlie\u00dfend \u00e4u\u00dfert sich <strong>Steinbrecher<\/strong> zu den beschnittenen Wahlrechten: <em>\u201eAbsurd ist auch, dass Studierende erst e<\/em><em>inen Personalrat w\u00e4hlen d\u00fcrfen, wenn sie drei Monate an der Hochschule arbeiten. Oft werden Studierende aber auf drei Monate oder sogar k\u00fcrzere Zeitr\u00e4ume befristet eingestellt. Der Zeitgeist, Studis das Wahlrecht abzusprechen, muss endlich ein Ende nehmen.<\/em><em>\u201c<\/em><\/p>\n<p>Diese Pressemitteilung ist auch als <a href=\"https:\/\/cloud.portal.fzs.de\/s\/SP2cnWKGDwkkAS8\">PDF<\/a> verf\u00fcgbar.<\/p>\n","protected":false},"excerpt":{"rendered":"<p>Arbeitsrechtliche Mindeststandards werden bei Studierenden im \u00f6ffentlichen Dienst nicht eingehalten &#8211; S\u00e4chsische Studierende fordern studentische Personalr\u00e4te, um Missstand ein Ende zu setzen Derzeit bringt das s\u00e4chsische Innenministerium die Novelle des S\u00e4chsischen Personalvertretungsgesetzes voran. Dieses h\u00e4lt fest, wie Besch\u00e4ftigte im \u00f6ffentlichen Dienst ihre Interessen gegen\u00fcber Arbeitgeber*innen vertreten k\u00f6nnen. Heute endet die Verb\u00e4ndeanh\u00f6rung, auch die KSS hat sich mit einer Stellungnahme beteiligt.<a class=\"read-more\" href=\"https:\/\/www.kss-sachsen.de\/pm_19_23\">Hier weiter lesen&#8230;<\/a><\/p>\n","protected":false},"author":1,"featured_media":3560,"comment_status":"closed","ping_status":"open","sticky":false,"template":"","format":"standard","meta":{"footnotes":""},"categories":[1],"tags":[],"yoast_head":"<!-- This site is optimized with the Yoast SEO plugin v23.5 - https:\/\/yoast.com\/wordpress\/plugins\/seo\/ -->\n<title>Her mit den studentischen Personalr\u00e4ten - betriebliche Mitbestimmung f\u00fcr ALLE Hochschulbesch\u00e4ftigten jetzt! - KSS<\/title>\n<meta name=\"robots\" content=\"index, follow, max-snippet:-1, max-image-preview:large, max-video-preview:-1\" \/>\n<link rel=\"canonical\" href=\"https:\/\/www.kss-sachsen.de\/pm_19_23\" \/>\n<meta property=\"og:locale\" content=\"de_DE\" \/>\n<meta property=\"og:type\" content=\"article\" \/>\n<meta property=\"og:title\" content=\"Her mit den studentischen Personalr\u00e4ten - betriebliche Mitbestimmung f\u00fcr ALLE Hochschulbesch\u00e4ftigten jetzt! - KSS\" \/>\n<meta property=\"og:description\" content=\"Arbeitsrechtliche Mindeststandards werden bei Studierenden im \u00f6ffentlichen Dienst nicht eingehalten &#8211; S\u00e4chsische Studierende fordern studentische Personalr\u00e4te, um Missstand ein Ende zu setzen Derzeit bringt das s\u00e4chsische Innenministerium die Novelle des S\u00e4chsischen Personalvertretungsgesetzes voran. Dieses h\u00e4lt fest, wie Besch\u00e4ftigte im \u00f6ffentlichen Dienst ihre Interessen gegen\u00fcber Arbeitgeber*innen vertreten k\u00f6nnen. Heute endet die Verb\u00e4ndeanh\u00f6rung, auch die KSS hat sich mit einer Stellungnahme beteiligt.Hier weiter lesen...\" \/>\n<meta property=\"og:url\" content=\"https:\/\/www.kss-sachsen.de\/pm_19_23\" \/>\n<meta property=\"og:site_name\" content=\"KSS\" \/>\n<meta property=\"article:published_time\" content=\"2023-07-04T23:19:02+00:00\" \/>\n<meta property=\"article:modified_time\" content=\"2023-09-10T13:23:18+00:00\" \/>\n<meta property=\"og:image\" content=\"https:\/\/www.kss-sachsen.de\/wp-content\/uploads\/2023\/07\/230909-Studentische-Personalr\u00e4te_TW-4-min.png\" \/>\n\t<meta property=\"og:image:width\" content=\"2500\" \/>\n\t<meta property=\"og:image:height\" content=\"1406\" \/>\n\t<meta property=\"og:image:type\" content=\"image\/png\" \/>\n<meta name=\"author\" content=\"administration\" \/>\n<meta name=\"twitter:card\" content=\"summary_large_image\" \/>\n<meta name=\"twitter:label1\" content=\"Verfasst von\" \/>\n\t<meta name=\"twitter:data1\" content=\"administration\" \/>\n\t<meta name=\"twitter:label2\" content=\"Gesch\u00e4tzte Lesezeit\" \/>\n\t<meta name=\"twitter:data2\" content=\"2\u00a0Minuten\" \/>\n<script type=\"application\/ld+json\" class=\"yoast-schema-graph\">{\"@context\":\"https:\/\/schema.org\",\"@graph\":[{\"@type\":\"Article\",\"@id\":\"https:\/\/www.kss-sachsen.de\/pm_19_23#article\",\"isPartOf\":{\"@id\":\"https:\/\/www.kss-sachsen.de\/pm_19_23\"},\"author\":{\"name\":\"administration\",\"@id\":\"https:\/\/www.kss-sachsen.de\/#\/schema\/person\/fbcf1c2438e102156e84a4ba5c3daa64\"},\"headline\":\"Her mit den studentischen Personalr\u00e4ten &#8211; betriebliche Mitbestimmung f\u00fcr ALLE Hochschulbesch\u00e4ftigten jetzt!\",\"datePublished\":\"2023-07-04T23:19:02+00:00\",\"dateModified\":\"2023-09-10T13:23:18+00:00\",\"mainEntityOfPage\":{\"@id\":\"https:\/\/www.kss-sachsen.de\/pm_19_23\"},\"wordCount\":380,\"publisher\":{\"@id\":\"https:\/\/www.kss-sachsen.de\/#organization\"},\"image\":{\"@id\":\"https:\/\/www.kss-sachsen.de\/pm_19_23#primaryimage\"},\"thumbnailUrl\":\"https:\/\/www.kss-sachsen.de\/wp-content\/uploads\/2023\/07\/230909-Studentische-Personalr\u00e4te_TW-4-min.png\",\"articleSection\":[\"Uncategorized\"],\"inLanguage\":\"de\"},{\"@type\":\"WebPage\",\"@id\":\"https:\/\/www.kss-sachsen.de\/pm_19_23\",\"url\":\"https:\/\/www.kss-sachsen.de\/pm_19_23\",\"name\":\"Her mit den studentischen Personalr\u00e4ten - betriebliche Mitbestimmung f\u00fcr ALLE Hochschulbesch\u00e4ftigten jetzt! - KSS\",\"isPartOf\":{\"@id\":\"https:\/\/www.kss-sachsen.de\/#website\"},\"primaryImageOfPage\":{\"@id\":\"https:\/\/www.kss-sachsen.de\/pm_19_23#primaryimage\"},\"image\":{\"@id\":\"https:\/\/www.kss-sachsen.de\/pm_19_23#primaryimage\"},\"thumbnailUrl\":\"https:\/\/www.kss-sachsen.de\/wp-content\/uploads\/2023\/07\/230909-Studentische-Personalr\u00e4te_TW-4-min.png\",\"datePublished\":\"2023-07-04T23:19:02+00:00\",\"dateModified\":\"2023-09-10T13:23:18+00:00\",\"breadcrumb\":{\"@id\":\"https:\/\/www.kss-sachsen.de\/pm_19_23#breadcrumb\"},\"inLanguage\":\"de\",\"potentialAction\":[{\"@type\":\"ReadAction\",\"target\":[\"https:\/\/www.kss-sachsen.de\/pm_19_23\"]}]},{\"@type\":\"ImageObject\",\"inLanguage\":\"de\",\"@id\":\"https:\/\/www.kss-sachsen.de\/pm_19_23#primaryimage\",\"url\":\"https:\/\/www.kss-sachsen.de\/wp-content\/uploads\/2023\/07\/230909-Studentische-Personalr\u00e4te_TW-4-min.png\",\"contentUrl\":\"https:\/\/www.kss-sachsen.de\/wp-content\/uploads\/2023\/07\/230909-Studentische-Personalr\u00e4te_TW-4-min.png\",\"width\":2500,\"height\":1406},{\"@type\":\"BreadcrumbList\",\"@id\":\"https:\/\/www.kss-sachsen.de\/pm_19_23#breadcrumb\",\"itemListElement\":[{\"@type\":\"ListItem\",\"position\":1,\"name\":\"Home\",\"item\":\"https:\/\/www.kss-sachsen.de\/\"},{\"@type\":\"ListItem\",\"position\":2,\"name\":\"Her mit den studentischen Personalr\u00e4ten &#8211; betriebliche Mitbestimmung f\u00fcr ALLE Hochschulbesch\u00e4ftigten jetzt!\"}]},{\"@type\":\"WebSite\",\"@id\":\"https:\/\/www.kss-sachsen.de\/#website\",\"url\":\"https:\/\/www.kss-sachsen.de\/\",\"name\":\"Konferenz S\u00e4chsischer Studierendenschaften\",\"description\":\"Konferenz S\u00e4chsischer Studierendenschaften\",\"publisher\":{\"@id\":\"https:\/\/www.kss-sachsen.de\/#organization\"},\"potentialAction\":[{\"@type\":\"SearchAction\",\"target\":{\"@type\":\"EntryPoint\",\"urlTemplate\":\"https:\/\/www.kss-sachsen.de\/?s={search_term_string}\"},\"query-input\":{\"@type\":\"PropertyValueSpecification\",\"valueRequired\":true,\"valueName\":\"search_term_string\"}}],\"inLanguage\":\"de\"},{\"@type\":\"Organization\",\"@id\":\"https:\/\/www.kss-sachsen.de\/#organization\",\"name\":\"Konferenz S\u00e4chsischer Studierendenschaften\",\"url\":\"https:\/\/www.kss-sachsen.de\/\",\"logo\":{\"@type\":\"ImageObject\",\"inLanguage\":\"de\",\"@id\":\"https:\/\/www.kss-sachsen.de\/#\/schema\/logo\/image\/\",\"url\":\"https:\/\/www.kss-sachsen.de\/wp-content\/uploads\/2023\/02\/Logo-KSS.png\",\"contentUrl\":\"https:\/\/www.kss-sachsen.de\/wp-content\/uploads\/2023\/02\/Logo-KSS.png\",\"width\":2239,\"height\":1528,\"caption\":\"Konferenz S\u00e4chsischer Studierendenschaften\"},\"image\":{\"@id\":\"https:\/\/www.kss-sachsen.de\/#\/schema\/logo\/image\/\"},\"sameAs\":[\"https:\/\/www.instagram.com\/kss_sachsen\/\"]},{\"@type\":\"Person\",\"@id\":\"https:\/\/www.kss-sachsen.de\/#\/schema\/person\/fbcf1c2438e102156e84a4ba5c3daa64\",\"name\":\"administration\",\"image\":{\"@type\":\"ImageObject\",\"inLanguage\":\"de\",\"@id\":\"https:\/\/www.kss-sachsen.de\/#\/schema\/person\/image\/\",\"url\":\"https:\/\/secure.gravatar.com\/avatar\/e4ecd4cb3a6714c2adcf507161262d91?s=96&d=mm&r=g\",\"contentUrl\":\"https:\/\/secure.gravatar.com\/avatar\/e4ecd4cb3a6714c2adcf507161262d91?s=96&d=mm&r=g\",\"caption\":\"administration\"},\"url\":\"https:\/\/www.kss-sachsen.de\/?author=1\"}]}<\/script>\n<!-- \/ Yoast SEO plugin. -->","yoast_head_json":{"title":"Her mit den studentischen Personalr\u00e4ten - betriebliche Mitbestimmung f\u00fcr ALLE Hochschulbesch\u00e4ftigten jetzt! - KSS","robots":{"index":"index","follow":"follow","max-snippet":"max-snippet:-1","max-image-preview":"max-image-preview:large","max-video-preview":"max-video-preview:-1"},"canonical":"https:\/\/www.kss-sachsen.de\/pm_19_23","og_locale":"de_DE","og_type":"article","og_title":"Her mit den studentischen Personalr\u00e4ten - betriebliche Mitbestimmung f\u00fcr ALLE Hochschulbesch\u00e4ftigten jetzt! - KSS","og_description":"Arbeitsrechtliche Mindeststandards werden bei Studierenden im \u00f6ffentlichen Dienst nicht eingehalten &#8211; S\u00e4chsische Studierende fordern studentische Personalr\u00e4te, um Missstand ein Ende zu setzen Derzeit bringt das s\u00e4chsische Innenministerium die Novelle des S\u00e4chsischen Personalvertretungsgesetzes voran. Dieses h\u00e4lt fest, wie Besch\u00e4ftigte im \u00f6ffentlichen Dienst ihre Interessen gegen\u00fcber Arbeitgeber*innen vertreten k\u00f6nnen. Heute endet die Verb\u00e4ndeanh\u00f6rung, auch die KSS hat sich mit einer Stellungnahme beteiligt.Hier weiter lesen...","og_url":"https:\/\/www.kss-sachsen.de\/pm_19_23","og_site_name":"KSS","article_published_time":"2023-07-04T23:19:02+00:00","article_modified_time":"2023-09-10T13:23:18+00:00","og_image":[{"width":2500,"height":1406,"url":"https:\/\/www.kss-sachsen.de\/wp-content\/uploads\/2023\/07\/230909-Studentische-Personalr\u00e4te_TW-4-min.png","type":"image\/png"}],"author":"administration","twitter_card":"summary_large_image","twitter_misc":{"Verfasst von":"administration","Gesch\u00e4tzte Lesezeit":"2\u00a0Minuten"},"schema":{"@context":"https:\/\/schema.org","@graph":[{"@type":"Article","@id":"https:\/\/www.kss-sachsen.de\/pm_19_23#article","isPartOf":{"@id":"https:\/\/www.kss-sachsen.de\/pm_19_23"},"author":{"name":"administration","@id":"https:\/\/www.kss-sachsen.de\/#\/schema\/person\/fbcf1c2438e102156e84a4ba5c3daa64"},"headline":"Her mit den studentischen Personalr\u00e4ten &#8211; betriebliche Mitbestimmung f\u00fcr ALLE Hochschulbesch\u00e4ftigten jetzt!","datePublished":"2023-07-04T23:19:02+00:00","dateModified":"2023-09-10T13:23:18+00:00","mainEntityOfPage":{"@id":"https:\/\/www.kss-sachsen.de\/pm_19_23"},"wordCount":380,"publisher":{"@id":"https:\/\/www.kss-sachsen.de\/#organization"},"image":{"@id":"https:\/\/www.kss-sachsen.de\/pm_19_23#primaryimage"},"thumbnailUrl":"https:\/\/www.kss-sachsen.de\/wp-content\/uploads\/2023\/07\/230909-Studentische-Personalr\u00e4te_TW-4-min.png","articleSection":["Uncategorized"],"inLanguage":"de"},{"@type":"WebPage","@id":"https:\/\/www.kss-sachsen.de\/pm_19_23","url":"https:\/\/www.kss-sachsen.de\/pm_19_23","name":"Her mit den studentischen Personalr\u00e4ten - betriebliche Mitbestimmung f\u00fcr ALLE Hochschulbesch\u00e4ftigten jetzt! - KSS","isPartOf":{"@id":"https:\/\/www.kss-sachsen.de\/#website"},"primaryImageOfPage":{"@id":"https:\/\/www.kss-sachsen.de\/pm_19_23#primaryimage"},"image":{"@id":"https:\/\/www.kss-sachsen.de\/pm_19_23#primaryimage"},"thumbnailUrl":"https:\/\/www.kss-sachsen.de\/wp-content\/uploads\/2023\/07\/230909-Studentische-Personalr\u00e4te_TW-4-min.png","datePublished":"2023-07-04T23:19:02+00:00","dateModified":"2023-09-10T13:23:18+00:00","breadcrumb":{"@id":"https:\/\/www.kss-sachsen.de\/pm_19_23#breadcrumb"},"inLanguage":"de","potentialAction":[{"@type":"ReadAction","target":["https:\/\/www.kss-sachsen.de\/pm_19_23"]}]},{"@type":"ImageObject","inLanguage":"de","@id":"https:\/\/www.kss-sachsen.de\/pm_19_23#primaryimage","url":"https:\/\/www.kss-sachsen.de\/wp-content\/uploads\/2023\/07\/230909-Studentische-Personalr\u00e4te_TW-4-min.png","contentUrl":"https:\/\/www.kss-sachsen.de\/wp-content\/uploads\/2023\/07\/230909-Studentische-Personalr\u00e4te_TW-4-min.png","width":2500,"height":1406},{"@type":"BreadcrumbList","@id":"https:\/\/www.kss-sachsen.de\/pm_19_23#breadcrumb","itemListElement":[{"@type":"ListItem","position":1,"name":"Home","item":"https:\/\/www.kss-sachsen.de\/"},{"@type":"ListItem","position":2,"name":"Her mit den studentischen Personalr\u00e4ten &#8211; betriebliche Mitbestimmung f\u00fcr ALLE Hochschulbesch\u00e4ftigten jetzt!"}]},{"@type":"WebSite","@id":"https:\/\/www.kss-sachsen.de\/#website","url":"https:\/\/www.kss-sachsen.de\/","name":"Konferenz S\u00e4chsischer Studierendenschaften","description":"Konferenz S\u00e4chsischer Studierendenschaften","publisher":{"@id":"https:\/\/www.kss-sachsen.de\/#organization"},"potentialAction":[{"@type":"SearchAction","target":{"@type":"EntryPoint","urlTemplate":"https:\/\/www.kss-sachsen.de\/?s={search_term_string}"},"query-input":{"@type":"PropertyValueSpecification","valueRequired":true,"valueName":"search_term_string"}}],"inLanguage":"de"},{"@type":"Organization","@id":"https:\/\/www.kss-sachsen.de\/#organization","name":"Konferenz S\u00e4chsischer Studierendenschaften","url":"https:\/\/www.kss-sachsen.de\/","logo":{"@type":"ImageObject","inLanguage":"de","@id":"https:\/\/www.kss-sachsen.de\/#\/schema\/logo\/image\/","url":"https:\/\/www.kss-sachsen.de\/wp-content\/uploads\/2023\/02\/Logo-KSS.png","contentUrl":"https:\/\/www.kss-sachsen.de\/wp-content\/uploads\/2023\/02\/Logo-KSS.png","width":2239,"height":1528,"caption":"Konferenz S\u00e4chsischer Studierendenschaften"},"image":{"@id":"https:\/\/www.kss-sachsen.de\/#\/schema\/logo\/image\/"},"sameAs":["https:\/\/www.instagram.com\/kss_sachsen\/"]},{"@type":"Person","@id":"https:\/\/www.kss-sachsen.de\/#\/schema\/person\/fbcf1c2438e102156e84a4ba5c3daa64","name":"administration","image":{"@type":"ImageObject","inLanguage":"de","@id":"https:\/\/www.kss-sachsen.de\/#\/schema\/person\/image\/","url":"https:\/\/secure.gravatar.com\/avatar\/e4ecd4cb3a6714c2adcf507161262d91?s=96&d=mm&r=g","contentUrl":"https:\/\/secure.gravatar.com\/avatar\/e4ecd4cb3a6714c2adcf507161262d91?s=96&d=mm&r=g","caption":"administration"},"url":"https:\/\/www.kss-sachsen.de\/?author=1"}]}},"_links":{"self":[{"href":"https:\/\/www.kss-sachsen.de\/index.php?rest_route=\/wp\/v2\/posts\/3450"}],"collection":[{"href":"https:\/\/www.kss-sachsen.de\/index.php?rest_route=\/wp\/v2\/posts"}],"about":[{"href":"https:\/\/www.kss-sachsen.de\/index.php?rest_route=\/wp\/v2\/types\/post"}],"author":[{"embeddable":true,"href":"https:\/\/www.kss-sachsen.de\/index.php?rest_route=\/wp\/v2\/users\/1"}],"replies":[{"embeddable":true,"href":"https:\/\/www.kss-sachsen.de\/index.php?rest_route=%2Fwp%2Fv2%2Fcomments&post=3450"}],"version-history":[{"count":1,"href":"https:\/\/www.kss-sachsen.de\/index.php?rest_route=\/wp\/v2\/posts\/3450\/revisions"}],"predecessor-version":[{"id":3451,"href":"https:\/\/www.kss-sachsen.de\/index.php?rest_route=\/wp\/v2\/posts\/3450\/revisions\/3451"}],"wp:featuredmedia":[{"embeddable":true,"href":"https:\/\/www.kss-sachsen.de\/index.php?rest_route=\/wp\/v2\/media\/3560"}],"wp:attachment":[{"href":"https:\/\/www.kss-sachsen.de\/index.php?rest_route=%2Fwp%2Fv2%2Fmedia&parent=3450"}],"wp:term":[{"taxonomy":"category","embeddable":true,"href":"https:\/\/www.kss-sachsen.de\/index.php?rest_route=%2Fwp%2Fv2%2Fcategories&post=3450"},{"taxonomy":"post_tag","embeddable":true,"href":"https:\/\/www.kss-sachsen.de\/index.php?rest_route=%2Fwp%2Fv2%2Ftags&post=3450"}],"curies":[{"name":"wp","href":"https:\/\/api.w.org\/{rel}","templated":true}]}}