{"id":3518,"date":"2023-08-07T05:00:05","date_gmt":"2023-08-07T03:00:05","guid":{"rendered":"https:\/\/www.kss-sachsen.de\/?p=3518"},"modified":"2023-09-10T15:27:17","modified_gmt":"2023-09-10T13:27:17","slug":"hohere-forderbeitrage-und-trotzdem-kein-grund-zur-freude","status":"publish","type":"post","link":"https:\/\/www.kss-sachsen.de\/pm_23_23","title":{"rendered":"H\u00f6here F\u00f6rderbeitr\u00e4ge und trotzdem kein Grund zur Freude!"},"content":{"rendered":"<h3><strong>Studierendenvertretungen unzufrieden mit BAf\u00f6G-F\u00f6rderquote.<\/strong><\/h3>\n<p>Am 04.08.2023 hat das Statistische Bundesamt die BAf\u00f6G-Zahlen f\u00fcr das Jahr 2022 ver\u00f6ffentlicht. Demnach wurden im letzten Jahr 489.000 Studierende gef\u00f6rdert. Neben dem leichten Anstieg der Gef\u00f6rdertenquote ist auch ein leichter Anstieg des durchschnittlichen F\u00f6rderbetrags zu erkennen. Dieser hat sich um durchschnittlich 32 Euro erh\u00f6ht.<br \/>\nDer <a href=\"https:\/\/www.fzs.de\/\">freie zusammenschluss der student*innenschaften<\/a> h\u00e4lt diese geringe Erh\u00f6hung gemeinsam mit der Konferenz S\u00e4chsischer Studierendenschaften und dem <a href=\"https:\/\/latnrw.de\/\">Landes-Asten-Treffen Nordrhein Westfalen<\/a> nicht f\u00fcr einen Grund zum Feiern.<\/p>\n<p><em>\u201eDieser Anstieg ist so minimal, dass er kein Lob wert ist. Im Gegenteil zeigt diese Entwicklung in unseren Augen, dass BAf\u00f6G-Beziehende im Schnitt aus immer \u00e4rmeren Verh\u00e4ltnissen kommen, dabei muss das BAf\u00f6G dringend wieder mehr Studierende erreichen. Die Novellen des letzten Jahres haben also ihr Ziel verfehlt und dass die Ministerin diesen minimalen Aufwachs des durchschnittlichen F\u00f6rderbetrags als gro\u00dfen Gewinn feiert, ist fast schon zynisch, wenn w\u00e4hrenddessen selbst Studierende, die den BAf\u00f6G-H\u00f6chstsatz bekommen, noch unterhalb der Armutsgrenze leben\u201c<\/em>, erl\u00e4utert <strong>Lone Grotheer<\/strong>, <strong>Referentin f\u00fcr BAf\u00f6G und Studentisches Wohnen beim freien zusammenschluss von student*innenschaften.<\/strong><\/p>\n<p><em>\u201eDie strukturelle Reform des BAf\u00f6G wird jedes Jahr dringender. Steigende Einkommen und minimal steigende Einkommensfreibetr\u00e4ge sorgen daf\u00fcr, dass immer weniger Studierende Anspruch auf BAf\u00f6G haben\u201c<\/em>, erkl\u00e4rt <strong>Paul Steinbrecher<\/strong>, <strong>Sprecher der Konferenz S\u00e4chsischer Studierendenschaften<\/strong> und fordert: <em>\u201eDie Bundesregierung muss endlich umsetzen, was sie schon seit den Novellen des vergangenen Jahres verspricht und die Strukturreform so schnell wie m\u00f6glich angehen. Die BAf\u00f6G-S\u00e4tze m\u00fcssen \u00fcber die Armutsschwelle gehoben werden und die F\u00f6rderquote muss erheblich ausgeweritet werden. Dass das BAf\u00f6G immer noch nicht an die aktuelle Inflation angepasst ist, versch\u00e4rft die Lage.\u201c<\/em><br \/>\nWeitere Forderungen f\u00fcr ein besseres BAf\u00f6G sind hier gesammelt: https:\/\/bafoeg50.de\/reform\/.<\/p>\n<p><em>\u201eDie Bundesministerin Stark-Watzinger kann die aktuelle Haushaltslage als Ausrede f\u00fcr das Ausbleiben einer l\u00e4ngst \u00fcberf\u00e4lligen Reform verwenden. Das Problem der wachsenden studentischen Armut wartet beim Bildungsministerium immer noch auf eine L\u00f6sung. Studentische Armut wird nicht ernst genommen und muss endlich deutlich st\u00e4rker in den Fokus ger\u00fcckt werden\u201c<\/em>, erwartet <strong>Katharina Rummenh\u00f6ller<\/strong>, <strong>Koordinatorin des Landes-Asten-Treffen NRW<\/strong>.<\/p>\n","protected":false},"excerpt":{"rendered":"<p>Studierendenvertretungen unzufrieden mit BAf\u00f6G-F\u00f6rderquote. Am 04.08.2023 hat das Statistische Bundesamt die BAf\u00f6G-Zahlen f\u00fcr das Jahr 2022 ver\u00f6ffentlicht. Demnach wurden im letzten Jahr 489.000 Studierende gef\u00f6rdert. Neben dem leichten Anstieg der Gef\u00f6rdertenquote ist auch ein leichter Anstieg des durchschnittlichen F\u00f6rderbetrags zu erkennen. Dieser hat sich um durchschnittlich 32 Euro erh\u00f6ht. Der freie zusammenschluss der student*innenschaften h\u00e4lt diese geringe Erh\u00f6hung gemeinsam mit<a class=\"read-more\" href=\"https:\/\/www.kss-sachsen.de\/pm_23_23\">Hier weiter lesen&#8230;<\/a><\/p>\n","protected":false},"author":1,"featured_media":3558,"comment_status":"closed","ping_status":"open","sticky":false,"template":"","format":"standard","meta":{"footnotes":""},"categories":[1],"tags":[],"yoast_head":"<!-- This site is optimized with the Yoast SEO plugin v23.5 - https:\/\/yoast.com\/wordpress\/plugins\/seo\/ -->\n<title>H\u00f6here F\u00f6rderbeitr\u00e4ge und trotzdem kein Grund zur Freude! - KSS<\/title>\n<meta name=\"robots\" content=\"index, follow, max-snippet:-1, max-image-preview:large, max-video-preview:-1\" \/>\n<link rel=\"canonical\" href=\"https:\/\/www.kss-sachsen.de\/pm_23_23\" \/>\n<meta property=\"og:locale\" content=\"de_DE\" \/>\n<meta property=\"og:type\" content=\"article\" \/>\n<meta property=\"og:title\" content=\"H\u00f6here F\u00f6rderbeitr\u00e4ge und trotzdem kein Grund zur Freude! - KSS\" \/>\n<meta property=\"og:description\" content=\"Studierendenvertretungen unzufrieden mit BAf\u00f6G-F\u00f6rderquote. Am 04.08.2023 hat das Statistische Bundesamt die BAf\u00f6G-Zahlen f\u00fcr das Jahr 2022 ver\u00f6ffentlicht. Demnach wurden im letzten Jahr 489.000 Studierende gef\u00f6rdert. Neben dem leichten Anstieg der Gef\u00f6rdertenquote ist auch ein leichter Anstieg des durchschnittlichen F\u00f6rderbetrags zu erkennen. Dieser hat sich um durchschnittlich 32 Euro erh\u00f6ht. Der freie zusammenschluss der student*innenschaften h\u00e4lt diese geringe Erh\u00f6hung gemeinsam mitHier weiter lesen...\" \/>\n<meta property=\"og:url\" content=\"https:\/\/www.kss-sachsen.de\/pm_23_23\" \/>\n<meta property=\"og:site_name\" content=\"KSS\" \/>\n<meta property=\"article:published_time\" content=\"2023-08-07T03:00:05+00:00\" \/>\n<meta property=\"article:modified_time\" content=\"2023-09-10T13:27:17+00:00\" \/>\n<meta property=\"og:image\" content=\"https:\/\/www.kss-sachsen.de\/wp-content\/uploads\/2023\/07\/230909-BAf\u00f6G-F\u00f6rderquote_TW-2-min.png\" \/>\n\t<meta property=\"og:image:width\" content=\"2500\" \/>\n\t<meta property=\"og:image:height\" content=\"1406\" \/>\n\t<meta property=\"og:image:type\" content=\"image\/png\" \/>\n<meta name=\"author\" content=\"administration\" \/>\n<meta name=\"twitter:card\" content=\"summary_large_image\" \/>\n<meta name=\"twitter:label1\" content=\"Verfasst von\" \/>\n\t<meta name=\"twitter:data1\" content=\"administration\" \/>\n\t<meta name=\"twitter:label2\" content=\"Gesch\u00e4tzte Lesezeit\" \/>\n\t<meta name=\"twitter:data2\" content=\"2\u00a0Minuten\" \/>\n<script type=\"application\/ld+json\" class=\"yoast-schema-graph\">{\"@context\":\"https:\/\/schema.org\",\"@graph\":[{\"@type\":\"Article\",\"@id\":\"https:\/\/www.kss-sachsen.de\/pm_23_23#article\",\"isPartOf\":{\"@id\":\"https:\/\/www.kss-sachsen.de\/pm_23_23\"},\"author\":{\"name\":\"administration\",\"@id\":\"https:\/\/www.kss-sachsen.de\/#\/schema\/person\/fbcf1c2438e102156e84a4ba5c3daa64\"},\"headline\":\"H\u00f6here F\u00f6rderbeitr\u00e4ge und trotzdem kein Grund zur Freude!\",\"datePublished\":\"2023-08-07T03:00:05+00:00\",\"dateModified\":\"2023-09-10T13:27:17+00:00\",\"mainEntityOfPage\":{\"@id\":\"https:\/\/www.kss-sachsen.de\/pm_23_23\"},\"wordCount\":377,\"publisher\":{\"@id\":\"https:\/\/www.kss-sachsen.de\/#organization\"},\"image\":{\"@id\":\"https:\/\/www.kss-sachsen.de\/pm_23_23#primaryimage\"},\"thumbnailUrl\":\"https:\/\/www.kss-sachsen.de\/wp-content\/uploads\/2023\/07\/230909-BAf\u00f6G-F\u00f6rderquote_TW-2-min.png\",\"articleSection\":[\"Uncategorized\"],\"inLanguage\":\"de\"},{\"@type\":\"WebPage\",\"@id\":\"https:\/\/www.kss-sachsen.de\/pm_23_23\",\"url\":\"https:\/\/www.kss-sachsen.de\/pm_23_23\",\"name\":\"H\u00f6here F\u00f6rderbeitr\u00e4ge und trotzdem kein Grund zur Freude! - KSS\",\"isPartOf\":{\"@id\":\"https:\/\/www.kss-sachsen.de\/#website\"},\"primaryImageOfPage\":{\"@id\":\"https:\/\/www.kss-sachsen.de\/pm_23_23#primaryimage\"},\"image\":{\"@id\":\"https:\/\/www.kss-sachsen.de\/pm_23_23#primaryimage\"},\"thumbnailUrl\":\"https:\/\/www.kss-sachsen.de\/wp-content\/uploads\/2023\/07\/230909-BAf\u00f6G-F\u00f6rderquote_TW-2-min.png\",\"datePublished\":\"2023-08-07T03:00:05+00:00\",\"dateModified\":\"2023-09-10T13:27:17+00:00\",\"breadcrumb\":{\"@id\":\"https:\/\/www.kss-sachsen.de\/pm_23_23#breadcrumb\"},\"inLanguage\":\"de\",\"potentialAction\":[{\"@type\":\"ReadAction\",\"target\":[\"https:\/\/www.kss-sachsen.de\/pm_23_23\"]}]},{\"@type\":\"ImageObject\",\"inLanguage\":\"de\",\"@id\":\"https:\/\/www.kss-sachsen.de\/pm_23_23#primaryimage\",\"url\":\"https:\/\/www.kss-sachsen.de\/wp-content\/uploads\/2023\/07\/230909-BAf\u00f6G-F\u00f6rderquote_TW-2-min.png\",\"contentUrl\":\"https:\/\/www.kss-sachsen.de\/wp-content\/uploads\/2023\/07\/230909-BAf\u00f6G-F\u00f6rderquote_TW-2-min.png\",\"width\":2500,\"height\":1406},{\"@type\":\"BreadcrumbList\",\"@id\":\"https:\/\/www.kss-sachsen.de\/pm_23_23#breadcrumb\",\"itemListElement\":[{\"@type\":\"ListItem\",\"position\":1,\"name\":\"Home\",\"item\":\"https:\/\/www.kss-sachsen.de\/\"},{\"@type\":\"ListItem\",\"position\":2,\"name\":\"H\u00f6here F\u00f6rderbeitr\u00e4ge und trotzdem kein Grund zur Freude!\"}]},{\"@type\":\"WebSite\",\"@id\":\"https:\/\/www.kss-sachsen.de\/#website\",\"url\":\"https:\/\/www.kss-sachsen.de\/\",\"name\":\"Konferenz S\u00e4chsischer Studierendenschaften\",\"description\":\"Konferenz S\u00e4chsischer Studierendenschaften\",\"publisher\":{\"@id\":\"https:\/\/www.kss-sachsen.de\/#organization\"},\"potentialAction\":[{\"@type\":\"SearchAction\",\"target\":{\"@type\":\"EntryPoint\",\"urlTemplate\":\"https:\/\/www.kss-sachsen.de\/?s={search_term_string}\"},\"query-input\":{\"@type\":\"PropertyValueSpecification\",\"valueRequired\":true,\"valueName\":\"search_term_string\"}}],\"inLanguage\":\"de\"},{\"@type\":\"Organization\",\"@id\":\"https:\/\/www.kss-sachsen.de\/#organization\",\"name\":\"Konferenz S\u00e4chsischer Studierendenschaften\",\"url\":\"https:\/\/www.kss-sachsen.de\/\",\"logo\":{\"@type\":\"ImageObject\",\"inLanguage\":\"de\",\"@id\":\"https:\/\/www.kss-sachsen.de\/#\/schema\/logo\/image\/\",\"url\":\"https:\/\/www.kss-sachsen.de\/wp-content\/uploads\/2023\/02\/Logo-KSS.png\",\"contentUrl\":\"https:\/\/www.kss-sachsen.de\/wp-content\/uploads\/2023\/02\/Logo-KSS.png\",\"width\":2239,\"height\":1528,\"caption\":\"Konferenz S\u00e4chsischer Studierendenschaften\"},\"image\":{\"@id\":\"https:\/\/www.kss-sachsen.de\/#\/schema\/logo\/image\/\"},\"sameAs\":[\"https:\/\/www.instagram.com\/kss_sachsen\/\"]},{\"@type\":\"Person\",\"@id\":\"https:\/\/www.kss-sachsen.de\/#\/schema\/person\/fbcf1c2438e102156e84a4ba5c3daa64\",\"name\":\"administration\",\"image\":{\"@type\":\"ImageObject\",\"inLanguage\":\"de\",\"@id\":\"https:\/\/www.kss-sachsen.de\/#\/schema\/person\/image\/\",\"url\":\"https:\/\/secure.gravatar.com\/avatar\/e4ecd4cb3a6714c2adcf507161262d91?s=96&d=mm&r=g\",\"contentUrl\":\"https:\/\/secure.gravatar.com\/avatar\/e4ecd4cb3a6714c2adcf507161262d91?s=96&d=mm&r=g\",\"caption\":\"administration\"},\"url\":\"https:\/\/www.kss-sachsen.de\/?author=1\"}]}<\/script>\n<!-- \/ Yoast SEO plugin. -->","yoast_head_json":{"title":"H\u00f6here F\u00f6rderbeitr\u00e4ge und trotzdem kein Grund zur Freude! - KSS","robots":{"index":"index","follow":"follow","max-snippet":"max-snippet:-1","max-image-preview":"max-image-preview:large","max-video-preview":"max-video-preview:-1"},"canonical":"https:\/\/www.kss-sachsen.de\/pm_23_23","og_locale":"de_DE","og_type":"article","og_title":"H\u00f6here F\u00f6rderbeitr\u00e4ge und trotzdem kein Grund zur Freude! - KSS","og_description":"Studierendenvertretungen unzufrieden mit BAf\u00f6G-F\u00f6rderquote. Am 04.08.2023 hat das Statistische Bundesamt die BAf\u00f6G-Zahlen f\u00fcr das Jahr 2022 ver\u00f6ffentlicht. Demnach wurden im letzten Jahr 489.000 Studierende gef\u00f6rdert. Neben dem leichten Anstieg der Gef\u00f6rdertenquote ist auch ein leichter Anstieg des durchschnittlichen F\u00f6rderbetrags zu erkennen. Dieser hat sich um durchschnittlich 32 Euro erh\u00f6ht. Der freie zusammenschluss der student*innenschaften h\u00e4lt diese geringe Erh\u00f6hung gemeinsam mitHier weiter lesen...","og_url":"https:\/\/www.kss-sachsen.de\/pm_23_23","og_site_name":"KSS","article_published_time":"2023-08-07T03:00:05+00:00","article_modified_time":"2023-09-10T13:27:17+00:00","og_image":[{"width":2500,"height":1406,"url":"https:\/\/www.kss-sachsen.de\/wp-content\/uploads\/2023\/07\/230909-BAf\u00f6G-F\u00f6rderquote_TW-2-min.png","type":"image\/png"}],"author":"administration","twitter_card":"summary_large_image","twitter_misc":{"Verfasst von":"administration","Gesch\u00e4tzte Lesezeit":"2\u00a0Minuten"},"schema":{"@context":"https:\/\/schema.org","@graph":[{"@type":"Article","@id":"https:\/\/www.kss-sachsen.de\/pm_23_23#article","isPartOf":{"@id":"https:\/\/www.kss-sachsen.de\/pm_23_23"},"author":{"name":"administration","@id":"https:\/\/www.kss-sachsen.de\/#\/schema\/person\/fbcf1c2438e102156e84a4ba5c3daa64"},"headline":"H\u00f6here F\u00f6rderbeitr\u00e4ge und trotzdem kein Grund zur Freude!","datePublished":"2023-08-07T03:00:05+00:00","dateModified":"2023-09-10T13:27:17+00:00","mainEntityOfPage":{"@id":"https:\/\/www.kss-sachsen.de\/pm_23_23"},"wordCount":377,"publisher":{"@id":"https:\/\/www.kss-sachsen.de\/#organization"},"image":{"@id":"https:\/\/www.kss-sachsen.de\/pm_23_23#primaryimage"},"thumbnailUrl":"https:\/\/www.kss-sachsen.de\/wp-content\/uploads\/2023\/07\/230909-BAf\u00f6G-F\u00f6rderquote_TW-2-min.png","articleSection":["Uncategorized"],"inLanguage":"de"},{"@type":"WebPage","@id":"https:\/\/www.kss-sachsen.de\/pm_23_23","url":"https:\/\/www.kss-sachsen.de\/pm_23_23","name":"H\u00f6here F\u00f6rderbeitr\u00e4ge und trotzdem kein Grund zur Freude! - KSS","isPartOf":{"@id":"https:\/\/www.kss-sachsen.de\/#website"},"primaryImageOfPage":{"@id":"https:\/\/www.kss-sachsen.de\/pm_23_23#primaryimage"},"image":{"@id":"https:\/\/www.kss-sachsen.de\/pm_23_23#primaryimage"},"thumbnailUrl":"https:\/\/www.kss-sachsen.de\/wp-content\/uploads\/2023\/07\/230909-BAf\u00f6G-F\u00f6rderquote_TW-2-min.png","datePublished":"2023-08-07T03:00:05+00:00","dateModified":"2023-09-10T13:27:17+00:00","breadcrumb":{"@id":"https:\/\/www.kss-sachsen.de\/pm_23_23#breadcrumb"},"inLanguage":"de","potentialAction":[{"@type":"ReadAction","target":["https:\/\/www.kss-sachsen.de\/pm_23_23"]}]},{"@type":"ImageObject","inLanguage":"de","@id":"https:\/\/www.kss-sachsen.de\/pm_23_23#primaryimage","url":"https:\/\/www.kss-sachsen.de\/wp-content\/uploads\/2023\/07\/230909-BAf\u00f6G-F\u00f6rderquote_TW-2-min.png","contentUrl":"https:\/\/www.kss-sachsen.de\/wp-content\/uploads\/2023\/07\/230909-BAf\u00f6G-F\u00f6rderquote_TW-2-min.png","width":2500,"height":1406},{"@type":"BreadcrumbList","@id":"https:\/\/www.kss-sachsen.de\/pm_23_23#breadcrumb","itemListElement":[{"@type":"ListItem","position":1,"name":"Home","item":"https:\/\/www.kss-sachsen.de\/"},{"@type":"ListItem","position":2,"name":"H\u00f6here F\u00f6rderbeitr\u00e4ge und trotzdem kein Grund zur Freude!"}]},{"@type":"WebSite","@id":"https:\/\/www.kss-sachsen.de\/#website","url":"https:\/\/www.kss-sachsen.de\/","name":"Konferenz S\u00e4chsischer Studierendenschaften","description":"Konferenz S\u00e4chsischer Studierendenschaften","publisher":{"@id":"https:\/\/www.kss-sachsen.de\/#organization"},"potentialAction":[{"@type":"SearchAction","target":{"@type":"EntryPoint","urlTemplate":"https:\/\/www.kss-sachsen.de\/?s={search_term_string}"},"query-input":{"@type":"PropertyValueSpecification","valueRequired":true,"valueName":"search_term_string"}}],"inLanguage":"de"},{"@type":"Organization","@id":"https:\/\/www.kss-sachsen.de\/#organization","name":"Konferenz S\u00e4chsischer Studierendenschaften","url":"https:\/\/www.kss-sachsen.de\/","logo":{"@type":"ImageObject","inLanguage":"de","@id":"https:\/\/www.kss-sachsen.de\/#\/schema\/logo\/image\/","url":"https:\/\/www.kss-sachsen.de\/wp-content\/uploads\/2023\/02\/Logo-KSS.png","contentUrl":"https:\/\/www.kss-sachsen.de\/wp-content\/uploads\/2023\/02\/Logo-KSS.png","width":2239,"height":1528,"caption":"Konferenz S\u00e4chsischer Studierendenschaften"},"image":{"@id":"https:\/\/www.kss-sachsen.de\/#\/schema\/logo\/image\/"},"sameAs":["https:\/\/www.instagram.com\/kss_sachsen\/"]},{"@type":"Person","@id":"https:\/\/www.kss-sachsen.de\/#\/schema\/person\/fbcf1c2438e102156e84a4ba5c3daa64","name":"administration","image":{"@type":"ImageObject","inLanguage":"de","@id":"https:\/\/www.kss-sachsen.de\/#\/schema\/person\/image\/","url":"https:\/\/secure.gravatar.com\/avatar\/e4ecd4cb3a6714c2adcf507161262d91?s=96&d=mm&r=g","contentUrl":"https:\/\/secure.gravatar.com\/avatar\/e4ecd4cb3a6714c2adcf507161262d91?s=96&d=mm&r=g","caption":"administration"},"url":"https:\/\/www.kss-sachsen.de\/?author=1"}]}},"_links":{"self":[{"href":"https:\/\/www.kss-sachsen.de\/index.php?rest_route=\/wp\/v2\/posts\/3518"}],"collection":[{"href":"https:\/\/www.kss-sachsen.de\/index.php?rest_route=\/wp\/v2\/posts"}],"about":[{"href":"https:\/\/www.kss-sachsen.de\/index.php?rest_route=\/wp\/v2\/types\/post"}],"author":[{"embeddable":true,"href":"https:\/\/www.kss-sachsen.de\/index.php?rest_route=\/wp\/v2\/users\/1"}],"replies":[{"embeddable":true,"href":"https:\/\/www.kss-sachsen.de\/index.php?rest_route=%2Fwp%2Fv2%2Fcomments&post=3518"}],"version-history":[{"count":3,"href":"https:\/\/www.kss-sachsen.de\/index.php?rest_route=\/wp\/v2\/posts\/3518\/revisions"}],"predecessor-version":[{"id":3521,"href":"https:\/\/www.kss-sachsen.de\/index.php?rest_route=\/wp\/v2\/posts\/3518\/revisions\/3521"}],"wp:featuredmedia":[{"embeddable":true,"href":"https:\/\/www.kss-sachsen.de\/index.php?rest_route=\/wp\/v2\/media\/3558"}],"wp:attachment":[{"href":"https:\/\/www.kss-sachsen.de\/index.php?rest_route=%2Fwp%2Fv2%2Fmedia&parent=3518"}],"wp:term":[{"taxonomy":"category","embeddable":true,"href":"https:\/\/www.kss-sachsen.de\/index.php?rest_route=%2Fwp%2Fv2%2Fcategories&post=3518"},{"taxonomy":"post_tag","embeddable":true,"href":"https:\/\/www.kss-sachsen.de\/index.php?rest_route=%2Fwp%2Fv2%2Ftags&post=3518"}],"curies":[{"name":"wp","href":"https:\/\/api.w.org\/{rel}","templated":true}]}}