{"id":3562,"date":"2023-09-11T06:32:20","date_gmt":"2023-09-11T04:32:20","guid":{"rendered":"https:\/\/www.kss-sachsen.de\/?p=3562"},"modified":"2023-09-13T16:52:00","modified_gmt":"2023-09-13T14:52:00","slug":"sachsens-lehrkrafteausbildung-in-der-krise","status":"publish","type":"post","link":"https:\/\/www.kss-sachsen.de\/pm_26_23","title":{"rendered":"Sachsens Lehrkr\u00e4fteausbildung in der Krise?"},"content":{"rendered":"<h3><strong>Sachsens Studierendenvertretung \u00e4u\u00dfert Erwartungen an konkrete Ausgestaltung des Bildungspakets<\/strong><\/h3>\n<p style=\"font-weight: 400;\">In der vergangenen Woche berichtete die LVZ (Leipziger Volkszeitung) \u00fcber Pl\u00e4ne der S\u00e4chsischen Staatsministerien f\u00fcr Wissenschaft und Kultur (SMWK) und Kultus (SMK), die ein Bildungspaket geschn\u00fcrt h\u00e4tten, um mehr Lehrkr\u00e4fte in die s\u00e4chsischen Schulen zu bringen. Hierf\u00fcr sei bereits ein Ma\u00dfnahmenkatalog zur \u00c4nderung des Lehramtsstudiums aufgesetzt worden.<\/p>\n<p style=\"font-weight: 400;\">Die Konferenz S\u00e4chsischer Studierendenschaften (KSS) nimmt die Ank\u00fcndigung aus den Medien mit Interesse zur Kenntnis und unterstreicht die Notwendigkeit, das Lehramtsstudium in Sachsen zu verbessern.<\/p>\n<p style=\"font-weight: 400;\"><strong>Nathalie Bock<\/strong>, <strong>Referentin Lehramt der KSS und Lehramtsstudentin<\/strong>, \u00e4u\u00dfert sich zu den bestehenden Problemen: <em>\u201eDas Lehramtsstudium in Sachsen ist derzeit sehr herausfordernd und wenig attraktiv. Die Praktika sind zu kurz, die Betreuung ist oft schlecht und es fehlt an Pl\u00e4tzen f\u00fcr alle Studis. Die geplante Erh\u00f6hung der Praktikumspl\u00e4tze ist ein wichtiger Schritt in die richtige Richtung.\u201c<\/em> Sie erwartet: <em>\u201eDie zus\u00e4tzlichen Pl\u00e4tze d\u00fcrfen jedoch nicht willk\u00fcrlich in den l\u00e4ndlichen Regionen entstehen. Die derzeitige finanzielle Unterst\u00fctzung f\u00fcr den l\u00e4ndlichen Raum muss endlich auch den fehlenden Nebenjob am Studienort oder die steigenden \u00dcbernachtungskosten ausgleichen. Erst damit k\u00f6nnen auch an dieser Stelle Verz\u00f6gerungen im Studium verhindert werden. Als Vertretung der direkt betroffenen Gruppe erwarten wir, aktiv in den Prozess einbezogen zu werden, anstatt erst vage Informationen aus den Medien zu erhalten.\u201c<\/em><\/p>\n<p style=\"font-weight: 400;\">Im Wintersemester 2022\/23 hat die KSS gemeinsam mit den Studierendenr\u00e4ten und den Fachschaftsr\u00e4ten die Lehramtsstudierenden in Sachsen zur Praktikumssituation befragt. Die Ergebnisse der Umfrage machten deutlich, dass die gr\u00f6\u00dfte Unzufriedenheit bei der Kapazit\u00e4t und Erreichbarkeit der Praktikumspl\u00e4tze herrscht. 23 % der Studierenden gaben an, mindestens ein Praktikum au\u00dferhalb von Sachsen zu absolvieren. Als Hauptgr\u00fcnde geben die Studierenden hier den Anfahrtsweg (41 %), Kapazit\u00e4t (25 %) und die Kosten (29 %) an.<\/p>\n<p style=\"font-weight: 400;\"><strong>Paul Steinbrecher<\/strong>, <strong>Sprecher der KSS und zugleich Lehramtsstudent<\/strong>, betont die Notwendigkeit einer Reform: <em>\u201eAngesichts der bundesweiten Abschlussquote von nur noch 57% im Lehramtsstudium, ist eine Reform dringender denn je. Der Freistaat muss endlich die Lehrkr\u00e4fte von morgen besser auf den Alltag in den Schulen vorbereiten. Dazu geh\u00f6ren nicht nur mehr Praktikumspl\u00e4tze und finanzieller Unterst\u00fctzung, sondern auch weniger starre Curricula in den Unis und eine st\u00e4rkere Ber\u00fccksichtigung von Inklusion, Bildung f\u00fcr nachhaltige Entwicklung und Politische Bildung. Mehr Studienpl\u00e4tze allein reichen nicht aus, um Kapazit\u00e4tsprobleme zu l\u00f6sen oder die Qualit\u00e4t der Studienbedingungen zu steigern. Jetzt muss endlich eine gute finanzielle Ausstattung f\u00fcr die Lehrkr\u00e4ftebildung her.\u201c<\/em><\/p>\n","protected":false},"excerpt":{"rendered":"<p>Sachsens Studierendenvertretung \u00e4u\u00dfert Erwartungen an konkrete Ausgestaltung des Bildungspakets In der vergangenen Woche berichtete die LVZ (Leipziger Volkszeitung) \u00fcber Pl\u00e4ne der S\u00e4chsischen Staatsministerien f\u00fcr Wissenschaft und Kultur (SMWK) und Kultus (SMK), die ein Bildungspaket geschn\u00fcrt h\u00e4tten, um mehr Lehrkr\u00e4fte in die s\u00e4chsischen Schulen zu bringen. Hierf\u00fcr sei bereits ein Ma\u00dfnahmenkatalog zur \u00c4nderung des Lehramtsstudiums aufgesetzt worden. Die Konferenz S\u00e4chsischer Studierendenschaften<a class=\"read-more\" href=\"https:\/\/www.kss-sachsen.de\/pm_26_23\">Hier weiter lesen&#8230;<\/a><\/p>\n","protected":false},"author":1,"featured_media":3567,"comment_status":"closed","ping_status":"open","sticky":false,"template":"","format":"standard","meta":{"footnotes":""},"categories":[1],"tags":[],"yoast_head":"<!-- This site is optimized with the Yoast SEO plugin v23.5 - https:\/\/yoast.com\/wordpress\/plugins\/seo\/ -->\n<title>Sachsens Lehrkr\u00e4fteausbildung in der Krise? - KSS<\/title>\n<meta name=\"robots\" content=\"index, follow, max-snippet:-1, max-image-preview:large, max-video-preview:-1\" \/>\n<link rel=\"canonical\" href=\"https:\/\/www.kss-sachsen.de\/pm_26_23\" \/>\n<meta property=\"og:locale\" content=\"de_DE\" \/>\n<meta property=\"og:type\" content=\"article\" \/>\n<meta property=\"og:title\" content=\"Sachsens Lehrkr\u00e4fteausbildung in der Krise? - KSS\" \/>\n<meta property=\"og:description\" content=\"Sachsens Studierendenvertretung \u00e4u\u00dfert Erwartungen an konkrete Ausgestaltung des Bildungspakets In der vergangenen Woche berichtete die LVZ (Leipziger Volkszeitung) \u00fcber Pl\u00e4ne der S\u00e4chsischen Staatsministerien f\u00fcr Wissenschaft und Kultur (SMWK) und Kultus (SMK), die ein Bildungspaket geschn\u00fcrt h\u00e4tten, um mehr Lehrkr\u00e4fte in die s\u00e4chsischen Schulen zu bringen. Hierf\u00fcr sei bereits ein Ma\u00dfnahmenkatalog zur \u00c4nderung des Lehramtsstudiums aufgesetzt worden. Die Konferenz S\u00e4chsischer StudierendenschaftenHier weiter lesen...\" \/>\n<meta property=\"og:url\" content=\"https:\/\/www.kss-sachsen.de\/pm_26_23\" \/>\n<meta property=\"og:site_name\" content=\"KSS\" \/>\n<meta property=\"article:published_time\" content=\"2023-09-11T04:32:20+00:00\" \/>\n<meta property=\"article:modified_time\" content=\"2023-09-13T14:52:00+00:00\" \/>\n<meta property=\"og:image\" content=\"http:\/\/www.kss-sachsen.de\/wp-content\/uploads\/2023\/09\/230912-Lehramtskrise_TW.png\" \/>\n\t<meta property=\"og:image:width\" content=\"2500\" \/>\n\t<meta property=\"og:image:height\" content=\"1406\" \/>\n\t<meta property=\"og:image:type\" content=\"image\/png\" \/>\n<meta name=\"author\" content=\"administration\" \/>\n<meta name=\"twitter:card\" content=\"summary_large_image\" \/>\n<meta name=\"twitter:label1\" content=\"Verfasst von\" \/>\n\t<meta name=\"twitter:data1\" content=\"administration\" \/>\n\t<meta name=\"twitter:label2\" content=\"Gesch\u00e4tzte Lesezeit\" \/>\n\t<meta name=\"twitter:data2\" content=\"2\u00a0Minuten\" \/>\n<script type=\"application\/ld+json\" class=\"yoast-schema-graph\">{\"@context\":\"https:\/\/schema.org\",\"@graph\":[{\"@type\":\"Article\",\"@id\":\"https:\/\/www.kss-sachsen.de\/pm_26_23#article\",\"isPartOf\":{\"@id\":\"https:\/\/www.kss-sachsen.de\/pm_26_23\"},\"author\":{\"name\":\"administration\",\"@id\":\"https:\/\/www.kss-sachsen.de\/#\/schema\/person\/fbcf1c2438e102156e84a4ba5c3daa64\"},\"headline\":\"Sachsens Lehrkr\u00e4fteausbildung in der Krise?\",\"datePublished\":\"2023-09-11T04:32:20+00:00\",\"dateModified\":\"2023-09-13T14:52:00+00:00\",\"mainEntityOfPage\":{\"@id\":\"https:\/\/www.kss-sachsen.de\/pm_26_23\"},\"wordCount\":426,\"publisher\":{\"@id\":\"https:\/\/www.kss-sachsen.de\/#organization\"},\"image\":{\"@id\":\"https:\/\/www.kss-sachsen.de\/pm_26_23#primaryimage\"},\"thumbnailUrl\":\"https:\/\/www.kss-sachsen.de\/wp-content\/uploads\/2023\/09\/230912-Lehramtskrise_TW.png\",\"articleSection\":[\"Uncategorized\"],\"inLanguage\":\"de\"},{\"@type\":\"WebPage\",\"@id\":\"https:\/\/www.kss-sachsen.de\/pm_26_23\",\"url\":\"https:\/\/www.kss-sachsen.de\/pm_26_23\",\"name\":\"Sachsens Lehrkr\u00e4fteausbildung in der Krise? - KSS\",\"isPartOf\":{\"@id\":\"https:\/\/www.kss-sachsen.de\/#website\"},\"primaryImageOfPage\":{\"@id\":\"https:\/\/www.kss-sachsen.de\/pm_26_23#primaryimage\"},\"image\":{\"@id\":\"https:\/\/www.kss-sachsen.de\/pm_26_23#primaryimage\"},\"thumbnailUrl\":\"https:\/\/www.kss-sachsen.de\/wp-content\/uploads\/2023\/09\/230912-Lehramtskrise_TW.png\",\"datePublished\":\"2023-09-11T04:32:20+00:00\",\"dateModified\":\"2023-09-13T14:52:00+00:00\",\"breadcrumb\":{\"@id\":\"https:\/\/www.kss-sachsen.de\/pm_26_23#breadcrumb\"},\"inLanguage\":\"de\",\"potentialAction\":[{\"@type\":\"ReadAction\",\"target\":[\"https:\/\/www.kss-sachsen.de\/pm_26_23\"]}]},{\"@type\":\"ImageObject\",\"inLanguage\":\"de\",\"@id\":\"https:\/\/www.kss-sachsen.de\/pm_26_23#primaryimage\",\"url\":\"https:\/\/www.kss-sachsen.de\/wp-content\/uploads\/2023\/09\/230912-Lehramtskrise_TW.png\",\"contentUrl\":\"https:\/\/www.kss-sachsen.de\/wp-content\/uploads\/2023\/09\/230912-Lehramtskrise_TW.png\",\"width\":2500,\"height\":1406},{\"@type\":\"BreadcrumbList\",\"@id\":\"https:\/\/www.kss-sachsen.de\/pm_26_23#breadcrumb\",\"itemListElement\":[{\"@type\":\"ListItem\",\"position\":1,\"name\":\"Home\",\"item\":\"https:\/\/www.kss-sachsen.de\/\"},{\"@type\":\"ListItem\",\"position\":2,\"name\":\"Sachsens Lehrkr\u00e4fteausbildung in der Krise?\"}]},{\"@type\":\"WebSite\",\"@id\":\"https:\/\/www.kss-sachsen.de\/#website\",\"url\":\"https:\/\/www.kss-sachsen.de\/\",\"name\":\"Konferenz S\u00e4chsischer Studierendenschaften\",\"description\":\"Konferenz S\u00e4chsischer Studierendenschaften\",\"publisher\":{\"@id\":\"https:\/\/www.kss-sachsen.de\/#organization\"},\"potentialAction\":[{\"@type\":\"SearchAction\",\"target\":{\"@type\":\"EntryPoint\",\"urlTemplate\":\"https:\/\/www.kss-sachsen.de\/?s={search_term_string}\"},\"query-input\":{\"@type\":\"PropertyValueSpecification\",\"valueRequired\":true,\"valueName\":\"search_term_string\"}}],\"inLanguage\":\"de\"},{\"@type\":\"Organization\",\"@id\":\"https:\/\/www.kss-sachsen.de\/#organization\",\"name\":\"Konferenz S\u00e4chsischer Studierendenschaften\",\"url\":\"https:\/\/www.kss-sachsen.de\/\",\"logo\":{\"@type\":\"ImageObject\",\"inLanguage\":\"de\",\"@id\":\"https:\/\/www.kss-sachsen.de\/#\/schema\/logo\/image\/\",\"url\":\"https:\/\/www.kss-sachsen.de\/wp-content\/uploads\/2023\/02\/Logo-KSS.png\",\"contentUrl\":\"https:\/\/www.kss-sachsen.de\/wp-content\/uploads\/2023\/02\/Logo-KSS.png\",\"width\":2239,\"height\":1528,\"caption\":\"Konferenz S\u00e4chsischer Studierendenschaften\"},\"image\":{\"@id\":\"https:\/\/www.kss-sachsen.de\/#\/schema\/logo\/image\/\"},\"sameAs\":[\"https:\/\/www.instagram.com\/kss_sachsen\/\"]},{\"@type\":\"Person\",\"@id\":\"https:\/\/www.kss-sachsen.de\/#\/schema\/person\/fbcf1c2438e102156e84a4ba5c3daa64\",\"name\":\"administration\",\"image\":{\"@type\":\"ImageObject\",\"inLanguage\":\"de\",\"@id\":\"https:\/\/www.kss-sachsen.de\/#\/schema\/person\/image\/\",\"url\":\"https:\/\/secure.gravatar.com\/avatar\/e4ecd4cb3a6714c2adcf507161262d91?s=96&d=mm&r=g\",\"contentUrl\":\"https:\/\/secure.gravatar.com\/avatar\/e4ecd4cb3a6714c2adcf507161262d91?s=96&d=mm&r=g\",\"caption\":\"administration\"},\"url\":\"https:\/\/www.kss-sachsen.de\/?author=1\"}]}<\/script>\n<!-- \/ Yoast SEO plugin. -->","yoast_head_json":{"title":"Sachsens Lehrkr\u00e4fteausbildung in der Krise? - KSS","robots":{"index":"index","follow":"follow","max-snippet":"max-snippet:-1","max-image-preview":"max-image-preview:large","max-video-preview":"max-video-preview:-1"},"canonical":"https:\/\/www.kss-sachsen.de\/pm_26_23","og_locale":"de_DE","og_type":"article","og_title":"Sachsens Lehrkr\u00e4fteausbildung in der Krise? - KSS","og_description":"Sachsens Studierendenvertretung \u00e4u\u00dfert Erwartungen an konkrete Ausgestaltung des Bildungspakets In der vergangenen Woche berichtete die LVZ (Leipziger Volkszeitung) \u00fcber Pl\u00e4ne der S\u00e4chsischen Staatsministerien f\u00fcr Wissenschaft und Kultur (SMWK) und Kultus (SMK), die ein Bildungspaket geschn\u00fcrt h\u00e4tten, um mehr Lehrkr\u00e4fte in die s\u00e4chsischen Schulen zu bringen. Hierf\u00fcr sei bereits ein Ma\u00dfnahmenkatalog zur \u00c4nderung des Lehramtsstudiums aufgesetzt worden. Die Konferenz S\u00e4chsischer StudierendenschaftenHier weiter lesen...","og_url":"https:\/\/www.kss-sachsen.de\/pm_26_23","og_site_name":"KSS","article_published_time":"2023-09-11T04:32:20+00:00","article_modified_time":"2023-09-13T14:52:00+00:00","og_image":[{"width":2500,"height":1406,"url":"http:\/\/www.kss-sachsen.de\/wp-content\/uploads\/2023\/09\/230912-Lehramtskrise_TW.png","type":"image\/png"}],"author":"administration","twitter_card":"summary_large_image","twitter_misc":{"Verfasst von":"administration","Gesch\u00e4tzte Lesezeit":"2\u00a0Minuten"},"schema":{"@context":"https:\/\/schema.org","@graph":[{"@type":"Article","@id":"https:\/\/www.kss-sachsen.de\/pm_26_23#article","isPartOf":{"@id":"https:\/\/www.kss-sachsen.de\/pm_26_23"},"author":{"name":"administration","@id":"https:\/\/www.kss-sachsen.de\/#\/schema\/person\/fbcf1c2438e102156e84a4ba5c3daa64"},"headline":"Sachsens Lehrkr\u00e4fteausbildung in der Krise?","datePublished":"2023-09-11T04:32:20+00:00","dateModified":"2023-09-13T14:52:00+00:00","mainEntityOfPage":{"@id":"https:\/\/www.kss-sachsen.de\/pm_26_23"},"wordCount":426,"publisher":{"@id":"https:\/\/www.kss-sachsen.de\/#organization"},"image":{"@id":"https:\/\/www.kss-sachsen.de\/pm_26_23#primaryimage"},"thumbnailUrl":"https:\/\/www.kss-sachsen.de\/wp-content\/uploads\/2023\/09\/230912-Lehramtskrise_TW.png","articleSection":["Uncategorized"],"inLanguage":"de"},{"@type":"WebPage","@id":"https:\/\/www.kss-sachsen.de\/pm_26_23","url":"https:\/\/www.kss-sachsen.de\/pm_26_23","name":"Sachsens Lehrkr\u00e4fteausbildung in der Krise? - KSS","isPartOf":{"@id":"https:\/\/www.kss-sachsen.de\/#website"},"primaryImageOfPage":{"@id":"https:\/\/www.kss-sachsen.de\/pm_26_23#primaryimage"},"image":{"@id":"https:\/\/www.kss-sachsen.de\/pm_26_23#primaryimage"},"thumbnailUrl":"https:\/\/www.kss-sachsen.de\/wp-content\/uploads\/2023\/09\/230912-Lehramtskrise_TW.png","datePublished":"2023-09-11T04:32:20+00:00","dateModified":"2023-09-13T14:52:00+00:00","breadcrumb":{"@id":"https:\/\/www.kss-sachsen.de\/pm_26_23#breadcrumb"},"inLanguage":"de","potentialAction":[{"@type":"ReadAction","target":["https:\/\/www.kss-sachsen.de\/pm_26_23"]}]},{"@type":"ImageObject","inLanguage":"de","@id":"https:\/\/www.kss-sachsen.de\/pm_26_23#primaryimage","url":"https:\/\/www.kss-sachsen.de\/wp-content\/uploads\/2023\/09\/230912-Lehramtskrise_TW.png","contentUrl":"https:\/\/www.kss-sachsen.de\/wp-content\/uploads\/2023\/09\/230912-Lehramtskrise_TW.png","width":2500,"height":1406},{"@type":"BreadcrumbList","@id":"https:\/\/www.kss-sachsen.de\/pm_26_23#breadcrumb","itemListElement":[{"@type":"ListItem","position":1,"name":"Home","item":"https:\/\/www.kss-sachsen.de\/"},{"@type":"ListItem","position":2,"name":"Sachsens Lehrkr\u00e4fteausbildung in der Krise?"}]},{"@type":"WebSite","@id":"https:\/\/www.kss-sachsen.de\/#website","url":"https:\/\/www.kss-sachsen.de\/","name":"Konferenz S\u00e4chsischer Studierendenschaften","description":"Konferenz S\u00e4chsischer Studierendenschaften","publisher":{"@id":"https:\/\/www.kss-sachsen.de\/#organization"},"potentialAction":[{"@type":"SearchAction","target":{"@type":"EntryPoint","urlTemplate":"https:\/\/www.kss-sachsen.de\/?s={search_term_string}"},"query-input":{"@type":"PropertyValueSpecification","valueRequired":true,"valueName":"search_term_string"}}],"inLanguage":"de"},{"@type":"Organization","@id":"https:\/\/www.kss-sachsen.de\/#organization","name":"Konferenz S\u00e4chsischer Studierendenschaften","url":"https:\/\/www.kss-sachsen.de\/","logo":{"@type":"ImageObject","inLanguage":"de","@id":"https:\/\/www.kss-sachsen.de\/#\/schema\/logo\/image\/","url":"https:\/\/www.kss-sachsen.de\/wp-content\/uploads\/2023\/02\/Logo-KSS.png","contentUrl":"https:\/\/www.kss-sachsen.de\/wp-content\/uploads\/2023\/02\/Logo-KSS.png","width":2239,"height":1528,"caption":"Konferenz S\u00e4chsischer Studierendenschaften"},"image":{"@id":"https:\/\/www.kss-sachsen.de\/#\/schema\/logo\/image\/"},"sameAs":["https:\/\/www.instagram.com\/kss_sachsen\/"]},{"@type":"Person","@id":"https:\/\/www.kss-sachsen.de\/#\/schema\/person\/fbcf1c2438e102156e84a4ba5c3daa64","name":"administration","image":{"@type":"ImageObject","inLanguage":"de","@id":"https:\/\/www.kss-sachsen.de\/#\/schema\/person\/image\/","url":"https:\/\/secure.gravatar.com\/avatar\/e4ecd4cb3a6714c2adcf507161262d91?s=96&d=mm&r=g","contentUrl":"https:\/\/secure.gravatar.com\/avatar\/e4ecd4cb3a6714c2adcf507161262d91?s=96&d=mm&r=g","caption":"administration"},"url":"https:\/\/www.kss-sachsen.de\/?author=1"}]}},"_links":{"self":[{"href":"https:\/\/www.kss-sachsen.de\/index.php?rest_route=\/wp\/v2\/posts\/3562"}],"collection":[{"href":"https:\/\/www.kss-sachsen.de\/index.php?rest_route=\/wp\/v2\/posts"}],"about":[{"href":"https:\/\/www.kss-sachsen.de\/index.php?rest_route=\/wp\/v2\/types\/post"}],"author":[{"embeddable":true,"href":"https:\/\/www.kss-sachsen.de\/index.php?rest_route=\/wp\/v2\/users\/1"}],"replies":[{"embeddable":true,"href":"https:\/\/www.kss-sachsen.de\/index.php?rest_route=%2Fwp%2Fv2%2Fcomments&post=3562"}],"version-history":[{"count":2,"href":"https:\/\/www.kss-sachsen.de\/index.php?rest_route=\/wp\/v2\/posts\/3562\/revisions"}],"predecessor-version":[{"id":3565,"href":"https:\/\/www.kss-sachsen.de\/index.php?rest_route=\/wp\/v2\/posts\/3562\/revisions\/3565"}],"wp:featuredmedia":[{"embeddable":true,"href":"https:\/\/www.kss-sachsen.de\/index.php?rest_route=\/wp\/v2\/media\/3567"}],"wp:attachment":[{"href":"https:\/\/www.kss-sachsen.de\/index.php?rest_route=%2Fwp%2Fv2%2Fmedia&parent=3562"}],"wp:term":[{"taxonomy":"category","embeddable":true,"href":"https:\/\/www.kss-sachsen.de\/index.php?rest_route=%2Fwp%2Fv2%2Fcategories&post=3562"},{"taxonomy":"post_tag","embeddable":true,"href":"https:\/\/www.kss-sachsen.de\/index.php?rest_route=%2Fwp%2Fv2%2Ftags&post=3562"}],"curies":[{"name":"wp","href":"https:\/\/api.w.org\/{rel}","templated":true}]}}