{"id":4006,"date":"2024-04-02T08:00:00","date_gmt":"2024-04-02T06:00:00","guid":{"rendered":"https:\/\/www.kss-sachsen.de\/?p=4006"},"modified":"2024-04-02T08:10:36","modified_gmt":"2024-04-02T06:10:36","slug":"grosse-herausforderungen-im-neuen-amtsjahr","status":"publish","type":"post","link":"https:\/\/www.kss-sachsen.de\/pm_06_24","title":{"rendered":"Gro\u00dfe Herausforderungen im neuen Amtsjahr"},"content":{"rendered":"\n<h3 class=\"wp-block-heading\">S\u00e4chsische Landesstudierendenvertretung w\u00e4hlt Sprecher und Amtstr\u00e4ger*innen <\/h3>\n\n\n\n<p>Duale Hochschule Sachsen, Hochschulgesetznovelle, Streiks f\u00fcr ein TVSTUD und die Einf\u00fchrung eines Deutschlandsemestertickets: ein ereignisreiches Jahr liegt hinter dem bisherigen Amtstr\u00e4ger*innen-Team rund um Ludwig Firkert und Paul Steinbrecher. Im Februar 2024 hat der Landessprecher*innenrat der Konferenz S\u00e4chsischer Studierendenschaften (KSS) ein neues Amtstr\u00e4ger*innen-Team gew\u00e4hlt. Dieses vertritt seit dem 01. April f\u00fcr ein Jahr die Interessen der s\u00e4chsischen Studierenden. Angef\u00fchrt wird das neue Team von Paul Steinbrecher (Uni Leipzig) als Sprecher.<\/p>\n\n\n\n<p><em>\u201eIn diesem Jahr steht in Sachsen ein Superwahljahr an. Die Menschen in Sachsen w\u00e4hlen neben dem Europaparlament und Vertretungen auf kommunaler Ebene auch den Landtag neu. Diese Wahl ist f\u00fcr die s\u00e4chsischen Studis von enormer Bedeutung. Es geht um nicht weniger als um den Erhalt unserer demokratischen Hochschulen. Gemeinsam mit den Hochschulen m\u00fcssen wir daf\u00fcr sorgen, dass viele Studierende auch w\u00e4hlen gehen.\u201c<\/em> erkl\u00e4rt <strong>Paul Steinbrecher<\/strong>, erneut gew\u00e4hlter <strong>Sprecher der KSS<\/strong>, und erwartet in den kommenden Monaten: <em>\u201eGleichstellung, Inklusion, Nachhaltigkeit und Digitalisierung m\u00fcssen endlich st\u00e4rkerer Bestandteil in unseren Hochschulen werden. Daf\u00fcr haben sie einen Auftrag erhalten. Neben dem Willen braucht es hierf\u00fcr auch mehr Geld und Stellen vom Land. Hochschulen und Studierendenwerke m\u00fcssen ab 2025 besser ausgestattet werden.\u201c<\/em><\/p>\n\n\n\n<p><strong>Sara Prochownik<\/strong>, wiedergew\u00e4hlte <strong>Referentin Hochschulpolitik der KSS<\/strong>, sagt: <em>\u201eDie Duale Hochschule Sachsen befindet sich nun in der Gr\u00fcndungsphase. Wir appellieren an die Hochschulleitung, die Interessen der Studis in der nun anstehenden Phase ernst zu nehmen. F\u00fcr den Gr\u00fcndungsprozess w\u00fcnschen wir ein gutes Gelingen. Abseits der Gr\u00fcndungsphase besch\u00e4ftigt uns bereits jetzt die Landtagswahl. Um die Wahlbeteiligung zu erh\u00f6hen und den Studierenden die Wahlentscheidung zu erleichtern, werden wir Wahlpr\u00fcfsteine ver\u00f6ffentlichen und aktiv zur Wahl aufrufen.\u201c<\/em><\/p>\n\n\n\n<p>Wie jede Amtszeit wird der Sprecher dabei von neuen und wiedergew\u00e4hlten Amtstr\u00e4ger*innen unterst\u00fctzt. <strong>Sara Prochownik<\/strong> (TU Dresden) als Referentin Hochschulpolitik, <strong>Valeria Kliuieva<\/strong> (TU Dresden) als Referentin Internationale Studierende, <strong>Lisa Iden<\/strong> (TU Dresden) als Referentin Inklusion und <strong>Cao Son Ta<\/strong> (TU Dresden) als Referent Mobilit\u00e4t waren auch schon in der vorherigen Legislatur in der Landesstudierendenvertretung aktiv. Neu dazugekommen sind <strong>Moritz Jahn<\/strong> (TU Dresden) als Referent Lehre und Studium, <strong>Moritz Schulz<\/strong> (TU Dresden) als Referent \u00d6kologie, <strong>Josephin Hensel<\/strong> (Uni Leipzig) als Referentin Soziales und <strong>Lea Bellmann<\/strong> (TU Dresden) als Referentin Studentische Besch\u00e4ftigte. Gesucht werden noch Referent*innen f\u00fcr Lehramt und Feminismus sowie Beauftragte.<\/p>\n","protected":false},"excerpt":{"rendered":"<p>S\u00e4chsische Landesstudierendenvertretung w\u00e4hlt Sprecher und Amtstr\u00e4ger*innen Duale Hochschule Sachsen, Hochschulgesetznovelle, Streiks f\u00fcr ein TVSTUD und die Einf\u00fchrung eines Deutschlandsemestertickets: ein ereignisreiches Jahr liegt hinter dem bisherigen Amtstr\u00e4ger*innen-Team rund um Ludwig Firkert und Paul Steinbrecher. Im Februar 2024 hat der Landessprecher*innenrat der Konferenz S\u00e4chsischer Studierendenschaften (KSS) ein neues Amtstr\u00e4ger*innen-Team gew\u00e4hlt. Dieses vertritt seit dem 01. April f\u00fcr ein Jahr die Interessen<a class=\"read-more\" href=\"https:\/\/www.kss-sachsen.de\/pm_06_24\">Hier weiter lesen&#8230;<\/a><\/p>\n","protected":false},"author":1,"featured_media":0,"comment_status":"closed","ping_status":"open","sticky":false,"template":"","format":"standard","meta":{"footnotes":""},"categories":[1],"tags":[],"yoast_head":"<!-- This site is optimized with the Yoast SEO plugin v23.5 - https:\/\/yoast.com\/wordpress\/plugins\/seo\/ -->\n<title>Gro\u00dfe Herausforderungen im neuen Amtsjahr - KSS<\/title>\n<meta name=\"description\" content=\"Die s\u00e4chsische Landesstudierendenvertretung \u00e4u\u00dfert sich zu Beginn der neuen Amtszeit zum Studium in Sachsen und blickt auf die anstehende Wahl\" \/>\n<meta name=\"robots\" content=\"index, follow, max-snippet:-1, max-image-preview:large, max-video-preview:-1\" \/>\n<link rel=\"canonical\" href=\"https:\/\/www.kss-sachsen.de\/pm_06_24\" \/>\n<meta property=\"og:locale\" content=\"de_DE\" \/>\n<meta property=\"og:type\" content=\"article\" \/>\n<meta property=\"og:title\" content=\"Gro\u00dfe Herausforderungen im neuen Amtsjahr - KSS\" \/>\n<meta property=\"og:description\" content=\"Die s\u00e4chsische Landesstudierendenvertretung \u00e4u\u00dfert sich zu Beginn der neuen Amtszeit zum Studium in Sachsen und blickt auf die anstehende Wahl\" \/>\n<meta property=\"og:url\" content=\"https:\/\/www.kss-sachsen.de\/pm_06_24\" \/>\n<meta property=\"og:site_name\" content=\"KSS\" \/>\n<meta property=\"article:published_time\" content=\"2024-04-02T06:00:00+00:00\" \/>\n<meta property=\"article:modified_time\" content=\"2024-04-02T06:10:36+00:00\" \/>\n<meta name=\"author\" content=\"administration\" \/>\n<meta name=\"twitter:card\" content=\"summary_large_image\" \/>\n<meta name=\"twitter:label1\" content=\"Verfasst von\" \/>\n\t<meta name=\"twitter:data1\" content=\"administration\" \/>\n\t<meta name=\"twitter:label2\" content=\"Gesch\u00e4tzte Lesezeit\" \/>\n\t<meta name=\"twitter:data2\" content=\"3\u00a0Minuten\" \/>\n<script type=\"application\/ld+json\" class=\"yoast-schema-graph\">{\"@context\":\"https:\/\/schema.org\",\"@graph\":[{\"@type\":\"Article\",\"@id\":\"https:\/\/www.kss-sachsen.de\/pm_06_24#article\",\"isPartOf\":{\"@id\":\"https:\/\/www.kss-sachsen.de\/pm_06_24\"},\"author\":{\"name\":\"administration\",\"@id\":\"https:\/\/www.kss-sachsen.de\/#\/schema\/person\/fbcf1c2438e102156e84a4ba5c3daa64\"},\"headline\":\"Gro\u00dfe Herausforderungen im neuen Amtsjahr\",\"datePublished\":\"2024-04-02T06:00:00+00:00\",\"dateModified\":\"2024-04-02T06:10:36+00:00\",\"mainEntityOfPage\":{\"@id\":\"https:\/\/www.kss-sachsen.de\/pm_06_24\"},\"wordCount\":415,\"publisher\":{\"@id\":\"https:\/\/www.kss-sachsen.de\/#organization\"},\"articleSection\":[\"Uncategorized\"],\"inLanguage\":\"de\"},{\"@type\":\"WebPage\",\"@id\":\"https:\/\/www.kss-sachsen.de\/pm_06_24\",\"url\":\"https:\/\/www.kss-sachsen.de\/pm_06_24\",\"name\":\"Gro\u00dfe Herausforderungen im neuen Amtsjahr - KSS\",\"isPartOf\":{\"@id\":\"https:\/\/www.kss-sachsen.de\/#website\"},\"datePublished\":\"2024-04-02T06:00:00+00:00\",\"dateModified\":\"2024-04-02T06:10:36+00:00\",\"description\":\"Die s\u00e4chsische Landesstudierendenvertretung \u00e4u\u00dfert sich zu Beginn der neuen Amtszeit zum Studium in Sachsen und blickt auf die anstehende Wahl\",\"breadcrumb\":{\"@id\":\"https:\/\/www.kss-sachsen.de\/pm_06_24#breadcrumb\"},\"inLanguage\":\"de\",\"potentialAction\":[{\"@type\":\"ReadAction\",\"target\":[\"https:\/\/www.kss-sachsen.de\/pm_06_24\"]}]},{\"@type\":\"BreadcrumbList\",\"@id\":\"https:\/\/www.kss-sachsen.de\/pm_06_24#breadcrumb\",\"itemListElement\":[{\"@type\":\"ListItem\",\"position\":1,\"name\":\"Home\",\"item\":\"https:\/\/www.kss-sachsen.de\/\"},{\"@type\":\"ListItem\",\"position\":2,\"name\":\"Gro\u00dfe Herausforderungen im neuen Amtsjahr\"}]},{\"@type\":\"WebSite\",\"@id\":\"https:\/\/www.kss-sachsen.de\/#website\",\"url\":\"https:\/\/www.kss-sachsen.de\/\",\"name\":\"Konferenz S\u00e4chsischer Studierendenschaften\",\"description\":\"Konferenz S\u00e4chsischer Studierendenschaften\",\"publisher\":{\"@id\":\"https:\/\/www.kss-sachsen.de\/#organization\"},\"potentialAction\":[{\"@type\":\"SearchAction\",\"target\":{\"@type\":\"EntryPoint\",\"urlTemplate\":\"https:\/\/www.kss-sachsen.de\/?s={search_term_string}\"},\"query-input\":{\"@type\":\"PropertyValueSpecification\",\"valueRequired\":true,\"valueName\":\"search_term_string\"}}],\"inLanguage\":\"de\"},{\"@type\":\"Organization\",\"@id\":\"https:\/\/www.kss-sachsen.de\/#organization\",\"name\":\"Konferenz S\u00e4chsischer Studierendenschaften\",\"url\":\"https:\/\/www.kss-sachsen.de\/\",\"logo\":{\"@type\":\"ImageObject\",\"inLanguage\":\"de\",\"@id\":\"https:\/\/www.kss-sachsen.de\/#\/schema\/logo\/image\/\",\"url\":\"https:\/\/www.kss-sachsen.de\/wp-content\/uploads\/2023\/02\/Logo-KSS.png\",\"contentUrl\":\"https:\/\/www.kss-sachsen.de\/wp-content\/uploads\/2023\/02\/Logo-KSS.png\",\"width\":2239,\"height\":1528,\"caption\":\"Konferenz S\u00e4chsischer Studierendenschaften\"},\"image\":{\"@id\":\"https:\/\/www.kss-sachsen.de\/#\/schema\/logo\/image\/\"},\"sameAs\":[\"https:\/\/www.instagram.com\/kss_sachsen\/\"]},{\"@type\":\"Person\",\"@id\":\"https:\/\/www.kss-sachsen.de\/#\/schema\/person\/fbcf1c2438e102156e84a4ba5c3daa64\",\"name\":\"administration\",\"image\":{\"@type\":\"ImageObject\",\"inLanguage\":\"de\",\"@id\":\"https:\/\/www.kss-sachsen.de\/#\/schema\/person\/image\/\",\"url\":\"https:\/\/secure.gravatar.com\/avatar\/e4ecd4cb3a6714c2adcf507161262d91?s=96&d=mm&r=g\",\"contentUrl\":\"https:\/\/secure.gravatar.com\/avatar\/e4ecd4cb3a6714c2adcf507161262d91?s=96&d=mm&r=g\",\"caption\":\"administration\"},\"url\":\"https:\/\/www.kss-sachsen.de\/?author=1\"}]}<\/script>\n<!-- \/ Yoast SEO plugin. -->","yoast_head_json":{"title":"Gro\u00dfe Herausforderungen im neuen Amtsjahr - KSS","description":"Die s\u00e4chsische Landesstudierendenvertretung \u00e4u\u00dfert sich zu Beginn der neuen Amtszeit zum Studium in Sachsen und blickt auf die anstehende Wahl","robots":{"index":"index","follow":"follow","max-snippet":"max-snippet:-1","max-image-preview":"max-image-preview:large","max-video-preview":"max-video-preview:-1"},"canonical":"https:\/\/www.kss-sachsen.de\/pm_06_24","og_locale":"de_DE","og_type":"article","og_title":"Gro\u00dfe Herausforderungen im neuen Amtsjahr - KSS","og_description":"Die s\u00e4chsische Landesstudierendenvertretung \u00e4u\u00dfert sich zu Beginn der neuen Amtszeit zum Studium in Sachsen und blickt auf die anstehende Wahl","og_url":"https:\/\/www.kss-sachsen.de\/pm_06_24","og_site_name":"KSS","article_published_time":"2024-04-02T06:00:00+00:00","article_modified_time":"2024-04-02T06:10:36+00:00","author":"administration","twitter_card":"summary_large_image","twitter_misc":{"Verfasst von":"administration","Gesch\u00e4tzte Lesezeit":"3\u00a0Minuten"},"schema":{"@context":"https:\/\/schema.org","@graph":[{"@type":"Article","@id":"https:\/\/www.kss-sachsen.de\/pm_06_24#article","isPartOf":{"@id":"https:\/\/www.kss-sachsen.de\/pm_06_24"},"author":{"name":"administration","@id":"https:\/\/www.kss-sachsen.de\/#\/schema\/person\/fbcf1c2438e102156e84a4ba5c3daa64"},"headline":"Gro\u00dfe Herausforderungen im neuen Amtsjahr","datePublished":"2024-04-02T06:00:00+00:00","dateModified":"2024-04-02T06:10:36+00:00","mainEntityOfPage":{"@id":"https:\/\/www.kss-sachsen.de\/pm_06_24"},"wordCount":415,"publisher":{"@id":"https:\/\/www.kss-sachsen.de\/#organization"},"articleSection":["Uncategorized"],"inLanguage":"de"},{"@type":"WebPage","@id":"https:\/\/www.kss-sachsen.de\/pm_06_24","url":"https:\/\/www.kss-sachsen.de\/pm_06_24","name":"Gro\u00dfe Herausforderungen im neuen Amtsjahr - KSS","isPartOf":{"@id":"https:\/\/www.kss-sachsen.de\/#website"},"datePublished":"2024-04-02T06:00:00+00:00","dateModified":"2024-04-02T06:10:36+00:00","description":"Die s\u00e4chsische Landesstudierendenvertretung \u00e4u\u00dfert sich zu Beginn der neuen Amtszeit zum Studium in Sachsen und blickt auf die anstehende Wahl","breadcrumb":{"@id":"https:\/\/www.kss-sachsen.de\/pm_06_24#breadcrumb"},"inLanguage":"de","potentialAction":[{"@type":"ReadAction","target":["https:\/\/www.kss-sachsen.de\/pm_06_24"]}]},{"@type":"BreadcrumbList","@id":"https:\/\/www.kss-sachsen.de\/pm_06_24#breadcrumb","itemListElement":[{"@type":"ListItem","position":1,"name":"Home","item":"https:\/\/www.kss-sachsen.de\/"},{"@type":"ListItem","position":2,"name":"Gro\u00dfe Herausforderungen im neuen Amtsjahr"}]},{"@type":"WebSite","@id":"https:\/\/www.kss-sachsen.de\/#website","url":"https:\/\/www.kss-sachsen.de\/","name":"Konferenz S\u00e4chsischer Studierendenschaften","description":"Konferenz S\u00e4chsischer Studierendenschaften","publisher":{"@id":"https:\/\/www.kss-sachsen.de\/#organization"},"potentialAction":[{"@type":"SearchAction","target":{"@type":"EntryPoint","urlTemplate":"https:\/\/www.kss-sachsen.de\/?s={search_term_string}"},"query-input":{"@type":"PropertyValueSpecification","valueRequired":true,"valueName":"search_term_string"}}],"inLanguage":"de"},{"@type":"Organization","@id":"https:\/\/www.kss-sachsen.de\/#organization","name":"Konferenz S\u00e4chsischer Studierendenschaften","url":"https:\/\/www.kss-sachsen.de\/","logo":{"@type":"ImageObject","inLanguage":"de","@id":"https:\/\/www.kss-sachsen.de\/#\/schema\/logo\/image\/","url":"https:\/\/www.kss-sachsen.de\/wp-content\/uploads\/2023\/02\/Logo-KSS.png","contentUrl":"https:\/\/www.kss-sachsen.de\/wp-content\/uploads\/2023\/02\/Logo-KSS.png","width":2239,"height":1528,"caption":"Konferenz S\u00e4chsischer Studierendenschaften"},"image":{"@id":"https:\/\/www.kss-sachsen.de\/#\/schema\/logo\/image\/"},"sameAs":["https:\/\/www.instagram.com\/kss_sachsen\/"]},{"@type":"Person","@id":"https:\/\/www.kss-sachsen.de\/#\/schema\/person\/fbcf1c2438e102156e84a4ba5c3daa64","name":"administration","image":{"@type":"ImageObject","inLanguage":"de","@id":"https:\/\/www.kss-sachsen.de\/#\/schema\/person\/image\/","url":"https:\/\/secure.gravatar.com\/avatar\/e4ecd4cb3a6714c2adcf507161262d91?s=96&d=mm&r=g","contentUrl":"https:\/\/secure.gravatar.com\/avatar\/e4ecd4cb3a6714c2adcf507161262d91?s=96&d=mm&r=g","caption":"administration"},"url":"https:\/\/www.kss-sachsen.de\/?author=1"}]}},"_links":{"self":[{"href":"https:\/\/www.kss-sachsen.de\/index.php?rest_route=\/wp\/v2\/posts\/4006"}],"collection":[{"href":"https:\/\/www.kss-sachsen.de\/index.php?rest_route=\/wp\/v2\/posts"}],"about":[{"href":"https:\/\/www.kss-sachsen.de\/index.php?rest_route=\/wp\/v2\/types\/post"}],"author":[{"embeddable":true,"href":"https:\/\/www.kss-sachsen.de\/index.php?rest_route=\/wp\/v2\/users\/1"}],"replies":[{"embeddable":true,"href":"https:\/\/www.kss-sachsen.de\/index.php?rest_route=%2Fwp%2Fv2%2Fcomments&post=4006"}],"version-history":[{"count":3,"href":"https:\/\/www.kss-sachsen.de\/index.php?rest_route=\/wp\/v2\/posts\/4006\/revisions"}],"predecessor-version":[{"id":4009,"href":"https:\/\/www.kss-sachsen.de\/index.php?rest_route=\/wp\/v2\/posts\/4006\/revisions\/4009"}],"wp:attachment":[{"href":"https:\/\/www.kss-sachsen.de\/index.php?rest_route=%2Fwp%2Fv2%2Fmedia&parent=4006"}],"wp:term":[{"taxonomy":"category","embeddable":true,"href":"https:\/\/www.kss-sachsen.de\/index.php?rest_route=%2Fwp%2Fv2%2Fcategories&post=4006"},{"taxonomy":"post_tag","embeddable":true,"href":"https:\/\/www.kss-sachsen.de\/index.php?rest_route=%2Fwp%2Fv2%2Ftags&post=4006"}],"curies":[{"name":"wp","href":"https:\/\/api.w.org\/{rel}","templated":true}]}}