{"id":419,"date":"2017-04-09T12:46:35","date_gmt":"2017-04-09T10:46:35","guid":{"rendered":"http:\/\/www3.kss-sachsen.de\/?p=419"},"modified":"2017-04-09T13:46:51","modified_gmt":"2017-04-09T11:46:51","slug":"pm-0216-einladung-zu-sachsen-sagt-danke","status":"publish","type":"post","link":"https:\/\/www.kss-sachsen.de\/?p=419","title":{"rendered":"PM 02\/16 &#8211; Einladung zu &#8218;Sachsen sagt Danke&#8216;"},"content":{"rendered":"<p class=\"news_subheader\">H\u00f6sler: \u201cEhrenamtliche Helfer*innen vollbringen seit Monaten Landesaufgaben zu gelingender Integration, ein Dankesch\u00f6n ist angebracht\u201d<\/p>\n<p class=\"bodytext\">Die Konferenz S\u00e4chsischer Studierendenschaften (KSS) l\u00e4dt zur gemeinsam mit dem S\u00e4chsischen Ministerium f\u00fcr Wissenschaft und Kunst (SMWK) und dem Staatsschauspiel Dresden organisierten Veranstaltung \u201cSachsen sagt Danke\u201d am 09.01. ab 17:30 Uhr im Kleinen Haus des Dresdener Staatsschauspiel. \u201cWir wollen gemeinsam Danke sagen und M\u00f6glichkeiten zum Austausch der aktiven Helfer*innen bieten\u201d, so Paul H\u00f6sler, Sprecher der KSS.<\/p>\n<p>Seit Sommer 2015 sind insbesondere die Turnhallen von Hochschulstandorten belegt. In den stellenweise binnen von 24 Stunden errichteten Erstaufnahme-Einrichtungen f\u00fcr gefl\u00fcchtete Menschen wird durch \u00a0Studierende, welche sich ebenso schnell organisierten, ein vielf\u00e4ltiges Angebotsprogramm organisiert und geboten. \u201cDie studentischen Angebote reichen von Sprachkursen \u00fcber Freizeitangeboten bis hin zu Patenschaften und Alltagsbegleitungen. Es ist einfach \u00fcberw\u00e4ltigend.\u201d, so H\u00f6sler weiter. Auch viele Rektorate sowie Verwalter*innen der Einrichtungen zeigen sich erstaunt, wie schnell und vorallem professionell Kultur- und Sprachangebote durch Studierende organisiert und durchgef\u00fchrt werden konnten. \u201cGerade deshalb bin ich sehr froh, dass wir durch Spenden und Mittel des F\u00f6rdervereins des Staatsschauspiels Dresden die Veranstaltung \u2018Sachsen sagt Danke\u2019 gemeinsam mit dem SMWK und Staatsschauspiel organisieren konnten, um Danke sagen zu k\u00f6nnen. Das soll aber nicht \u00fcber die Verfehlungen der Bundes- und Landesregierung in der Asylpolitik hinwegt\u00e4uschen. Die Konzeptlosigkeit des Innenministers Ulbig dr\u00fcckt sich beispielsweise in der anhaltenden Unterbringung von gefl\u00fcchteten Menschen in den Sporthallen der Hochschulen aus.\u201d, f\u00fchrt H\u00f6sler aus.<\/p>\n<p>Viele Programmangebote werden nur durch die ehrenamtlichen Helfer*innen getragen, da das Land immernoch \u00fcberfordert scheint. Auch hat Sachsen ein offen rechtes Problem: \u201cDas Abrei\u00dfen von Bannern an der Palucca Hochschule f\u00fcr Tanz, welche f\u00fcr Weltoffenheit und Toleranz warben, sind nur ein Ausdruck davon. Es ist schon erstaunlich, dass der s\u00e4chsische Ausl\u00e4nderbeauftragte Mackenroth lieber auf sein ehemaliges Ressort der Hochschulpolitik blickt, als die aktuellen Probleme in seinen jetzigen Ressort eloquent zu l\u00f6sen. Wie soll Integration gelingen, wenn wir in Sachsen mit stetigen Rassismus und Ressentiments zu schaffen haben?\u201d, so H\u00f6sler abschlie\u00dfend.<\/p>\n<p>Daten zur Veranstaltung \u201cSachsen sagt Danke\u201d:<br \/>\nWann: \u00a0\u00a0\u00a0 09.01.2016, ab 17:30 Uhr<br \/>\nWo: \u00a0\u00a0\u00a0 \u00a0\u00a0\u00a0 Kleinen Haus (Glacisstra\u00dfe 28 in 01099 Dresden)<\/p>\n<p>Die KSS vertritt als gesetzlich legitimierte Landesstudierendenvertretung alle 105.000 Studierenden an Sachsens staatlichen Hochschulen.<\/p>\n<p>F\u00fcr R\u00fcckfragen wenden Sie sich bitte an Paul H\u00f6sler, Sprecher der KSS, unter 0171 6204479<\/p>\n<p><a href=\"https:\/\/cloud.kss-sachsen.de\/s\/NcnQwRWINJ3Kjnc\">Die Pressemitteilung als PDF<\/a><\/p>\n","protected":false},"excerpt":{"rendered":"<p>H\u00f6sler: \u201cEhrenamtliche Helfer*innen vollbringen seit Monaten Landesaufgaben zu gelingender Integration, ein Dankesch\u00f6n ist angebracht\u201d Die Konferenz S\u00e4chsischer Studierendenschaften (KSS) l\u00e4dt zur gemeinsam mit dem S\u00e4chsischen Ministerium f\u00fcr Wissenschaft und Kunst (SMWK) und dem Staatsschauspiel Dresden organisierten Veranstaltung \u201cSachsen sagt Danke\u201d am 09.01. ab 17:30 Uhr im Kleinen Haus des Dresdener Staatsschauspiel. \u201cWir wollen gemeinsam Danke sagen und M\u00f6glichkeiten zum Austausch<a class=\"read-more\" href=\"https:\/\/www.kss-sachsen.de\/?p=419\">Hier weiter lesen&#8230;<\/a><\/p>\n","protected":false},"author":1,"featured_media":0,"comment_status":"open","ping_status":"open","sticky":false,"template":"","format":"standard","meta":{"footnotes":""},"categories":[5,11,6,7,4],"tags":[],"yoast_head":"<!-- This site is optimized with the Yoast SEO plugin v23.5 - https:\/\/yoast.com\/wordpress\/plugins\/seo\/ -->\n<title>PM 02\/16 - Einladung zu &#039;Sachsen sagt Danke&#039; - KSS<\/title>\n<meta name=\"robots\" content=\"index, follow, max-snippet:-1, max-image-preview:large, max-video-preview:-1\" \/>\n<link rel=\"canonical\" href=\"https:\/\/www.kss-sachsen.de\/?p=419\" \/>\n<meta property=\"og:locale\" content=\"de_DE\" \/>\n<meta property=\"og:type\" content=\"article\" \/>\n<meta property=\"og:title\" content=\"PM 02\/16 - Einladung zu &#039;Sachsen sagt Danke&#039; - KSS\" \/>\n<meta property=\"og:description\" content=\"H\u00f6sler: \u201cEhrenamtliche Helfer*innen vollbringen seit Monaten Landesaufgaben zu gelingender Integration, ein Dankesch\u00f6n ist angebracht\u201d Die Konferenz S\u00e4chsischer Studierendenschaften (KSS) l\u00e4dt zur gemeinsam mit dem S\u00e4chsischen Ministerium f\u00fcr Wissenschaft und Kunst (SMWK) und dem Staatsschauspiel Dresden organisierten Veranstaltung \u201cSachsen sagt Danke\u201d am 09.01. ab 17:30 Uhr im Kleinen Haus des Dresdener Staatsschauspiel. \u201cWir wollen gemeinsam Danke sagen und M\u00f6glichkeiten zum AustauschHier weiter lesen...\" \/>\n<meta property=\"og:url\" content=\"https:\/\/www.kss-sachsen.de\/?p=419\" \/>\n<meta property=\"og:site_name\" content=\"KSS\" \/>\n<meta property=\"article:published_time\" content=\"2017-04-09T10:46:35+00:00\" \/>\n<meta property=\"article:modified_time\" content=\"2017-04-09T11:46:51+00:00\" \/>\n<meta name=\"author\" content=\"administration\" \/>\n<meta name=\"twitter:card\" content=\"summary_large_image\" \/>\n<meta name=\"twitter:label1\" content=\"Verfasst von\" \/>\n\t<meta name=\"twitter:data1\" content=\"administration\" \/>\n\t<meta name=\"twitter:label2\" content=\"Gesch\u00e4tzte Lesezeit\" \/>\n\t<meta name=\"twitter:data2\" content=\"2\u00a0Minuten\" \/>\n<script type=\"application\/ld+json\" class=\"yoast-schema-graph\">{\"@context\":\"https:\/\/schema.org\",\"@graph\":[{\"@type\":\"Article\",\"@id\":\"https:\/\/www.kss-sachsen.de\/?p=419#article\",\"isPartOf\":{\"@id\":\"https:\/\/www.kss-sachsen.de\/?p=419\"},\"author\":{\"name\":\"administration\",\"@id\":\"https:\/\/www.kss-sachsen.de\/#\/schema\/person\/fbcf1c2438e102156e84a4ba5c3daa64\"},\"headline\":\"PM 02\/16 &#8211; Einladung zu &#8218;Sachsen sagt Danke&#8216;\",\"datePublished\":\"2017-04-09T10:46:35+00:00\",\"dateModified\":\"2017-04-09T11:46:51+00:00\",\"mainEntityOfPage\":{\"@id\":\"https:\/\/www.kss-sachsen.de\/?p=419\"},\"wordCount\":401,\"commentCount\":0,\"publisher\":{\"@id\":\"https:\/\/www.kss-sachsen.de\/#organization\"},\"articleSection\":[\"Hochschulpolitik\",\"Pressemitteilung\",\"Pressemitteilung KSS\",\"Soziales\",\"Vernetzung\"],\"inLanguage\":\"de\",\"potentialAction\":[{\"@type\":\"CommentAction\",\"name\":\"Comment\",\"target\":[\"https:\/\/www.kss-sachsen.de\/?p=419#respond\"]}]},{\"@type\":\"WebPage\",\"@id\":\"https:\/\/www.kss-sachsen.de\/?p=419\",\"url\":\"https:\/\/www.kss-sachsen.de\/?p=419\",\"name\":\"PM 02\/16 - Einladung zu 'Sachsen sagt Danke' - KSS\",\"isPartOf\":{\"@id\":\"https:\/\/www.kss-sachsen.de\/#website\"},\"datePublished\":\"2017-04-09T10:46:35+00:00\",\"dateModified\":\"2017-04-09T11:46:51+00:00\",\"breadcrumb\":{\"@id\":\"https:\/\/www.kss-sachsen.de\/?p=419#breadcrumb\"},\"inLanguage\":\"de\",\"potentialAction\":[{\"@type\":\"ReadAction\",\"target\":[\"https:\/\/www.kss-sachsen.de\/?p=419\"]}]},{\"@type\":\"BreadcrumbList\",\"@id\":\"https:\/\/www.kss-sachsen.de\/?p=419#breadcrumb\",\"itemListElement\":[{\"@type\":\"ListItem\",\"position\":1,\"name\":\"Home\",\"item\":\"https:\/\/www.kss-sachsen.de\/\"},{\"@type\":\"ListItem\",\"position\":2,\"name\":\"PM 02\/16 &#8211; Einladung zu &#8216;Sachsen sagt Danke&#8217;\"}]},{\"@type\":\"WebSite\",\"@id\":\"https:\/\/www.kss-sachsen.de\/#website\",\"url\":\"https:\/\/www.kss-sachsen.de\/\",\"name\":\"Konferenz S\u00e4chsischer Studierendenschaften\",\"description\":\"Konferenz S\u00e4chsischer Studierendenschaften\",\"publisher\":{\"@id\":\"https:\/\/www.kss-sachsen.de\/#organization\"},\"potentialAction\":[{\"@type\":\"SearchAction\",\"target\":{\"@type\":\"EntryPoint\",\"urlTemplate\":\"https:\/\/www.kss-sachsen.de\/?s={search_term_string}\"},\"query-input\":{\"@type\":\"PropertyValueSpecification\",\"valueRequired\":true,\"valueName\":\"search_term_string\"}}],\"inLanguage\":\"de\"},{\"@type\":\"Organization\",\"@id\":\"https:\/\/www.kss-sachsen.de\/#organization\",\"name\":\"Konferenz S\u00e4chsischer Studierendenschaften\",\"url\":\"https:\/\/www.kss-sachsen.de\/\",\"logo\":{\"@type\":\"ImageObject\",\"inLanguage\":\"de\",\"@id\":\"https:\/\/www.kss-sachsen.de\/#\/schema\/logo\/image\/\",\"url\":\"https:\/\/www.kss-sachsen.de\/wp-content\/uploads\/2023\/02\/Logo-KSS.png\",\"contentUrl\":\"https:\/\/www.kss-sachsen.de\/wp-content\/uploads\/2023\/02\/Logo-KSS.png\",\"width\":2239,\"height\":1528,\"caption\":\"Konferenz S\u00e4chsischer Studierendenschaften\"},\"image\":{\"@id\":\"https:\/\/www.kss-sachsen.de\/#\/schema\/logo\/image\/\"},\"sameAs\":[\"https:\/\/www.instagram.com\/kss_sachsen\/\"]},{\"@type\":\"Person\",\"@id\":\"https:\/\/www.kss-sachsen.de\/#\/schema\/person\/fbcf1c2438e102156e84a4ba5c3daa64\",\"name\":\"administration\",\"image\":{\"@type\":\"ImageObject\",\"inLanguage\":\"de\",\"@id\":\"https:\/\/www.kss-sachsen.de\/#\/schema\/person\/image\/\",\"url\":\"https:\/\/secure.gravatar.com\/avatar\/e4ecd4cb3a6714c2adcf507161262d91?s=96&d=mm&r=g\",\"contentUrl\":\"https:\/\/secure.gravatar.com\/avatar\/e4ecd4cb3a6714c2adcf507161262d91?s=96&d=mm&r=g\",\"caption\":\"administration\"},\"url\":\"https:\/\/www.kss-sachsen.de\/?author=1\"}]}<\/script>\n<!-- \/ Yoast SEO plugin. -->","yoast_head_json":{"title":"PM 02\/16 - Einladung zu 'Sachsen sagt Danke' - KSS","robots":{"index":"index","follow":"follow","max-snippet":"max-snippet:-1","max-image-preview":"max-image-preview:large","max-video-preview":"max-video-preview:-1"},"canonical":"https:\/\/www.kss-sachsen.de\/?p=419","og_locale":"de_DE","og_type":"article","og_title":"PM 02\/16 - Einladung zu 'Sachsen sagt Danke' - KSS","og_description":"H\u00f6sler: \u201cEhrenamtliche Helfer*innen vollbringen seit Monaten Landesaufgaben zu gelingender Integration, ein Dankesch\u00f6n ist angebracht\u201d Die Konferenz S\u00e4chsischer Studierendenschaften (KSS) l\u00e4dt zur gemeinsam mit dem S\u00e4chsischen Ministerium f\u00fcr Wissenschaft und Kunst (SMWK) und dem Staatsschauspiel Dresden organisierten Veranstaltung \u201cSachsen sagt Danke\u201d am 09.01. ab 17:30 Uhr im Kleinen Haus des Dresdener Staatsschauspiel. \u201cWir wollen gemeinsam Danke sagen und M\u00f6glichkeiten zum AustauschHier weiter lesen...","og_url":"https:\/\/www.kss-sachsen.de\/?p=419","og_site_name":"KSS","article_published_time":"2017-04-09T10:46:35+00:00","article_modified_time":"2017-04-09T11:46:51+00:00","author":"administration","twitter_card":"summary_large_image","twitter_misc":{"Verfasst von":"administration","Gesch\u00e4tzte Lesezeit":"2\u00a0Minuten"},"schema":{"@context":"https:\/\/schema.org","@graph":[{"@type":"Article","@id":"https:\/\/www.kss-sachsen.de\/?p=419#article","isPartOf":{"@id":"https:\/\/www.kss-sachsen.de\/?p=419"},"author":{"name":"administration","@id":"https:\/\/www.kss-sachsen.de\/#\/schema\/person\/fbcf1c2438e102156e84a4ba5c3daa64"},"headline":"PM 02\/16 &#8211; Einladung zu &#8218;Sachsen sagt Danke&#8216;","datePublished":"2017-04-09T10:46:35+00:00","dateModified":"2017-04-09T11:46:51+00:00","mainEntityOfPage":{"@id":"https:\/\/www.kss-sachsen.de\/?p=419"},"wordCount":401,"commentCount":0,"publisher":{"@id":"https:\/\/www.kss-sachsen.de\/#organization"},"articleSection":["Hochschulpolitik","Pressemitteilung","Pressemitteilung KSS","Soziales","Vernetzung"],"inLanguage":"de","potentialAction":[{"@type":"CommentAction","name":"Comment","target":["https:\/\/www.kss-sachsen.de\/?p=419#respond"]}]},{"@type":"WebPage","@id":"https:\/\/www.kss-sachsen.de\/?p=419","url":"https:\/\/www.kss-sachsen.de\/?p=419","name":"PM 02\/16 - Einladung zu 'Sachsen sagt Danke' - KSS","isPartOf":{"@id":"https:\/\/www.kss-sachsen.de\/#website"},"datePublished":"2017-04-09T10:46:35+00:00","dateModified":"2017-04-09T11:46:51+00:00","breadcrumb":{"@id":"https:\/\/www.kss-sachsen.de\/?p=419#breadcrumb"},"inLanguage":"de","potentialAction":[{"@type":"ReadAction","target":["https:\/\/www.kss-sachsen.de\/?p=419"]}]},{"@type":"BreadcrumbList","@id":"https:\/\/www.kss-sachsen.de\/?p=419#breadcrumb","itemListElement":[{"@type":"ListItem","position":1,"name":"Home","item":"https:\/\/www.kss-sachsen.de\/"},{"@type":"ListItem","position":2,"name":"PM 02\/16 &#8211; Einladung zu &#8216;Sachsen sagt Danke&#8217;"}]},{"@type":"WebSite","@id":"https:\/\/www.kss-sachsen.de\/#website","url":"https:\/\/www.kss-sachsen.de\/","name":"Konferenz S\u00e4chsischer Studierendenschaften","description":"Konferenz S\u00e4chsischer Studierendenschaften","publisher":{"@id":"https:\/\/www.kss-sachsen.de\/#organization"},"potentialAction":[{"@type":"SearchAction","target":{"@type":"EntryPoint","urlTemplate":"https:\/\/www.kss-sachsen.de\/?s={search_term_string}"},"query-input":{"@type":"PropertyValueSpecification","valueRequired":true,"valueName":"search_term_string"}}],"inLanguage":"de"},{"@type":"Organization","@id":"https:\/\/www.kss-sachsen.de\/#organization","name":"Konferenz S\u00e4chsischer Studierendenschaften","url":"https:\/\/www.kss-sachsen.de\/","logo":{"@type":"ImageObject","inLanguage":"de","@id":"https:\/\/www.kss-sachsen.de\/#\/schema\/logo\/image\/","url":"https:\/\/www.kss-sachsen.de\/wp-content\/uploads\/2023\/02\/Logo-KSS.png","contentUrl":"https:\/\/www.kss-sachsen.de\/wp-content\/uploads\/2023\/02\/Logo-KSS.png","width":2239,"height":1528,"caption":"Konferenz S\u00e4chsischer Studierendenschaften"},"image":{"@id":"https:\/\/www.kss-sachsen.de\/#\/schema\/logo\/image\/"},"sameAs":["https:\/\/www.instagram.com\/kss_sachsen\/"]},{"@type":"Person","@id":"https:\/\/www.kss-sachsen.de\/#\/schema\/person\/fbcf1c2438e102156e84a4ba5c3daa64","name":"administration","image":{"@type":"ImageObject","inLanguage":"de","@id":"https:\/\/www.kss-sachsen.de\/#\/schema\/person\/image\/","url":"https:\/\/secure.gravatar.com\/avatar\/e4ecd4cb3a6714c2adcf507161262d91?s=96&d=mm&r=g","contentUrl":"https:\/\/secure.gravatar.com\/avatar\/e4ecd4cb3a6714c2adcf507161262d91?s=96&d=mm&r=g","caption":"administration"},"url":"https:\/\/www.kss-sachsen.de\/?author=1"}]}},"_links":{"self":[{"href":"https:\/\/www.kss-sachsen.de\/index.php?rest_route=\/wp\/v2\/posts\/419"}],"collection":[{"href":"https:\/\/www.kss-sachsen.de\/index.php?rest_route=\/wp\/v2\/posts"}],"about":[{"href":"https:\/\/www.kss-sachsen.de\/index.php?rest_route=\/wp\/v2\/types\/post"}],"author":[{"embeddable":true,"href":"https:\/\/www.kss-sachsen.de\/index.php?rest_route=\/wp\/v2\/users\/1"}],"replies":[{"embeddable":true,"href":"https:\/\/www.kss-sachsen.de\/index.php?rest_route=%2Fwp%2Fv2%2Fcomments&post=419"}],"version-history":[{"count":2,"href":"https:\/\/www.kss-sachsen.de\/index.php?rest_route=\/wp\/v2\/posts\/419\/revisions"}],"predecessor-version":[{"id":472,"href":"https:\/\/www.kss-sachsen.de\/index.php?rest_route=\/wp\/v2\/posts\/419\/revisions\/472"}],"wp:attachment":[{"href":"https:\/\/www.kss-sachsen.de\/index.php?rest_route=%2Fwp%2Fv2%2Fmedia&parent=419"}],"wp:term":[{"taxonomy":"category","embeddable":true,"href":"https:\/\/www.kss-sachsen.de\/index.php?rest_route=%2Fwp%2Fv2%2Fcategories&post=419"},{"taxonomy":"post_tag","embeddable":true,"href":"https:\/\/www.kss-sachsen.de\/index.php?rest_route=%2Fwp%2Fv2%2Ftags&post=419"}],"curies":[{"name":"wp","href":"https:\/\/api.w.org\/{rel}","templated":true}]}}