{"id":423,"date":"2017-04-09T12:52:42","date_gmt":"2017-04-09T10:52:42","guid":{"rendered":"http:\/\/www3.kss-sachsen.de\/?p=423"},"modified":"2017-04-09T14:15:10","modified_gmt":"2017-04-09T12:15:10","slug":"pm-0416-frischer-wind-in-der-kss-landesstudierendenvertretung-neu-aufgestellt","status":"publish","type":"post","link":"https:\/\/www.kss-sachsen.de\/?p=423","title":{"rendered":"PM 04\/16 &#8211; Frischer Wind in der KSS \u2013 Landesstudierendenvertretung neu aufgestellt"},"content":{"rendered":"<p class=\"news_subheader\">\u201cDer Hochschulentwicklungsplan 2025, die Novellierung des s\u00e4chsischen Hochschulgesetzes und die Inklusion von gefl\u00fcchteten Menschen an den Hochschulen stehen thematisch im Fokus.\u201d<\/p>\n<div>\n<p class=\"bodytext\">Die Konferenz S\u00e4chsischer Studierendenschaften (KSS) hat am Samstag auf ihrer vergangenen Sitzung neue Amtstr\u00e4ger*innen f\u00fcr die Legislatur 2016\/2017 gew\u00e4hlt. \u201cWir sind nun ein starkes, in vielen Bereichen der Hochschulpolitik und Struktur gut aufgestelltes Team.\u201d, so Felix Ramberg und Paul H\u00f6sler, beide Sprecher der KSS. \u201cVor uns liegt eine intensive Amtszeit, die jetzige Landesregierung gibt uns genug zu tun!\u201d f\u00fchrt H\u00f6sler weiter aus. \u201cAuch die Hochschulen sparen nicht mit Themen: Tenure Track, Exzellenzinitiative, Seniorprofessuren, prek\u00e4re Besch\u00e4ftigungsverh\u00e4ltnisse sowie die Inklusion von gefl\u00fcchteten Menschen in die Hochschulen und vieles mehr.\u201d erg\u00e4nzt Ramberg.<\/p>\n<\/div>\n<div>\n<p class=\"bodytext\">Auf die verschiedenen Wahl\u00e4mter der KSS gab eine Vielzahl an Bewerbungen. So wurde f\u00fcr die Stelle des Koordinators Robert Hoppermann von der TU Dresden gew\u00e4hlt. Ebenfalls von der TU Dresden sind Jan-Malte Jacobsen, Referent f\u00fcr Hochschulpolitik, und Thomas Schmalfu\u00df, Referent f\u00fcr Lehre und Studium, im Team. Von der Wests\u00e4chsischen Hochschule Zwickau wurde Ren\u00e9 Lochmann als Referent f\u00fcr Soziales gew\u00e4hlt. Mit ihrer Expertise sowie der Arbeit ihrer Aussch\u00fcsse werden Schmalfu\u00df, Lochmann und Jacobsen die Arbeit der KSS bereichern. F\u00fcr die innere Struktur und das Auftreten der KSS nach au\u00dfen wurden Katharina Maigatter von der TU Chemnitz als Referentin f\u00fcr \u00d6ffentlichkeitsarbeit sowie Gordon Guido Oswald von der Hochschule Mittweida als Referent f\u00fcr Finanzen gew\u00e4hlt. \u201cDie harte Arbeit in der letzten Legislatur an der KSS selbst hat sich gelohnt. So viele gute Bewerbungen aus vielen s\u00e4chsischen Studierendenschaften &#8211; das gab es seit vielen Jahren nicht mehr. Wir freuen uns schon sehr auf die Zusammenarbeit im Team und auf die vor uns liegenden Aufgaben. Auf der zeitnah stattfindenden Klausurtagung der KSS soll ein Arbeitsprogramm erstellt werden. Ebenfalls m\u00fcssen wir weiterhin hinterfragen, weswegen so wenige Frauen* aktiv in der Hochschulpolitik sind.\u201d f\u00fchren Ramberg und H\u00f6sler aus.<\/p>\n<\/div>\n<div>\n<p class=\"bodytext\">\u201cEin gro\u00dfes Team mit viel frischem Wind und Energie; nach der Klausurtagung werden wir die Hochschulpolitik im Freistaat weiterhin kritisch begleiten und Druck f\u00fcr studentische Interessen aufbauen!\u201d, stellen H\u00f6sler und Ramberg abschlie\u00dfend gemeinsam fest.<\/p>\n<\/div>\n<div>\n<p class=\"bodytext\">\u00dcbersicht der Amtstr\u00e4ger*innen<\/p>\n<\/div>\n<div>\n<p class=\"bodytext\">Paul H\u00f6sler und Felix Ramberg &#8211; Sprecher (HTWK Leipzig und Universit\u00e4t Leipzig)<br \/>\nRobert Hoppermann \u00a0 \u00a0 \u00a0 \u00a0 \u00a0 \u00a0 \u00a0 \u00a0 \u00a0\u00a0 &#8211; Koordinator (TU Dresden)<br \/>\nKatharina Maigatter \u00a0 \u00a0 \u00a0 \u00a0 \u00a0 \u00a0 \u00a0 \u00a0 \u00a0 \u00a0 &#8211; Referentin f\u00fcr \u00d6ffentlichkeitsarbeit (TU Chemnitz)<br \/>\nJan-Malte Jacobsen \u00a0 \u00a0 \u00a0 \u00a0 \u00a0 \u00a0 \u00a0 \u00a0 \u00a0 \u00a0\u00a0 &#8211; Referent f\u00fcr Hochschulpolitik (TU Dresden)<br \/>\nRen\u00e9 Lochmann \u00a0 \u00a0 \u00a0 \u00a0 \u00a0 \u00a0 \u00a0 \u00a0 \u00a0 \u00a0 \u00a0 \u00a0 \u00a0\u00a0 &#8211; Referent f\u00fcr Soziales (WH Zwickau)<br \/>\nThomas Schmalfu\u00df \u00a0 \u00a0 \u00a0 \u00a0 \u00a0 \u00a0 \u00a0 \u00a0 \u00a0 \u00a0 \u00a0 &#8211; Referent f\u00fcr Lehre und Studium (TU Dresden)<br \/>\nGordon Guido Oswald\u00a0\u00a0\u00a0\u00a0\u00a0\u00a0\u00a0\u00a0\u00a0\u00a0\u00a0\u00a0\u00a0\u00a0\u00a0\u00a0\u00a0 &#8211; Referent f\u00fcr Finanzen (HS Mittweida)<\/p>\n<\/div>\n<div>\n<p class=\"bodytext\">Die KSS vertritt als gesetzlich legitimierte Landesstudierendenvertretung alle 105.000 Studierenden an Sachsens staatlichen Hochschulen.<\/p>\n<\/div>\n<div>F\u00fcr R\u00fcckfragen wenden Sie sich bitte an die Sprecher der KSS:<\/div>\n<div>\n<p class=\"bodytext\">Paul H\u00f6sler &#8211; 0171 6204479<\/p>\n<\/div>\n<div>\n<p class=\"bodytext\">Felix Ramberg &#8211; 0176 60954885<\/p>\n<\/div>\n<p class=\"bodytext\"><a href=\"https:\/\/cloud.kss-sachsen.de\/s\/OMGOjNAtDMgdUSs\">Die Pressemitteilung als PDF<\/a><\/p>\n","protected":false},"excerpt":{"rendered":"<p>\u201cDer Hochschulentwicklungsplan 2025, die Novellierung des s\u00e4chsischen Hochschulgesetzes und die Inklusion von gefl\u00fcchteten Menschen an den Hochschulen stehen thematisch im Fokus.\u201d Die Konferenz S\u00e4chsischer Studierendenschaften (KSS) hat am Samstag auf ihrer vergangenen Sitzung neue Amtstr\u00e4ger*innen f\u00fcr die Legislatur 2016\/2017 gew\u00e4hlt. \u201cWir sind nun ein starkes, in vielen Bereichen der Hochschulpolitik und Struktur gut aufgestelltes Team.\u201d, so Felix Ramberg und Paul<a class=\"read-more\" href=\"https:\/\/www.kss-sachsen.de\/?p=423\">Hier weiter lesen&#8230;<\/a><\/p>\n","protected":false},"author":1,"featured_media":0,"comment_status":"open","ping_status":"open","sticky":false,"template":"","format":"standard","meta":{"footnotes":""},"categories":[5,11,6],"tags":[],"yoast_head":"<!-- This site is optimized with the Yoast SEO plugin v23.5 - https:\/\/yoast.com\/wordpress\/plugins\/seo\/ -->\n<title>PM 04\/16 - Frischer Wind in der KSS \u2013 Landesstudierendenvertretung neu aufgestellt - KSS<\/title>\n<meta name=\"robots\" content=\"index, follow, max-snippet:-1, max-image-preview:large, max-video-preview:-1\" \/>\n<link rel=\"canonical\" href=\"https:\/\/www.kss-sachsen.de\/?p=423\" \/>\n<meta property=\"og:locale\" content=\"de_DE\" \/>\n<meta property=\"og:type\" content=\"article\" \/>\n<meta property=\"og:title\" content=\"PM 04\/16 - Frischer Wind in der KSS \u2013 Landesstudierendenvertretung neu aufgestellt - KSS\" \/>\n<meta property=\"og:description\" content=\"\u201cDer Hochschulentwicklungsplan 2025, die Novellierung des s\u00e4chsischen Hochschulgesetzes und die Inklusion von gefl\u00fcchteten Menschen an den Hochschulen stehen thematisch im Fokus.\u201d Die Konferenz S\u00e4chsischer Studierendenschaften (KSS) hat am Samstag auf ihrer vergangenen Sitzung neue Amtstr\u00e4ger*innen f\u00fcr die Legislatur 2016\/2017 gew\u00e4hlt. \u201cWir sind nun ein starkes, in vielen Bereichen der Hochschulpolitik und Struktur gut aufgestelltes Team.\u201d, so Felix Ramberg und PaulHier weiter lesen...\" \/>\n<meta property=\"og:url\" content=\"https:\/\/www.kss-sachsen.de\/?p=423\" \/>\n<meta property=\"og:site_name\" content=\"KSS\" \/>\n<meta property=\"article:published_time\" content=\"2017-04-09T10:52:42+00:00\" \/>\n<meta property=\"article:modified_time\" content=\"2017-04-09T12:15:10+00:00\" \/>\n<meta name=\"author\" content=\"administration\" \/>\n<meta name=\"twitter:card\" content=\"summary_large_image\" \/>\n<meta name=\"twitter:label1\" content=\"Verfasst von\" \/>\n\t<meta name=\"twitter:data1\" content=\"administration\" \/>\n\t<meta name=\"twitter:label2\" content=\"Gesch\u00e4tzte Lesezeit\" \/>\n\t<meta name=\"twitter:data2\" content=\"2\u00a0Minuten\" \/>\n<script type=\"application\/ld+json\" class=\"yoast-schema-graph\">{\"@context\":\"https:\/\/schema.org\",\"@graph\":[{\"@type\":\"Article\",\"@id\":\"https:\/\/www.kss-sachsen.de\/?p=423#article\",\"isPartOf\":{\"@id\":\"https:\/\/www.kss-sachsen.de\/?p=423\"},\"author\":{\"name\":\"administration\",\"@id\":\"https:\/\/www.kss-sachsen.de\/#\/schema\/person\/fbcf1c2438e102156e84a4ba5c3daa64\"},\"headline\":\"PM 04\/16 &#8211; Frischer Wind in der KSS \u2013 Landesstudierendenvertretung neu aufgestellt\",\"datePublished\":\"2017-04-09T10:52:42+00:00\",\"dateModified\":\"2017-04-09T12:15:10+00:00\",\"mainEntityOfPage\":{\"@id\":\"https:\/\/www.kss-sachsen.de\/?p=423\"},\"wordCount\":490,\"commentCount\":0,\"publisher\":{\"@id\":\"https:\/\/www.kss-sachsen.de\/#organization\"},\"articleSection\":[\"Hochschulpolitik\",\"Pressemitteilung\",\"Pressemitteilung KSS\"],\"inLanguage\":\"de\",\"potentialAction\":[{\"@type\":\"CommentAction\",\"name\":\"Comment\",\"target\":[\"https:\/\/www.kss-sachsen.de\/?p=423#respond\"]}]},{\"@type\":\"WebPage\",\"@id\":\"https:\/\/www.kss-sachsen.de\/?p=423\",\"url\":\"https:\/\/www.kss-sachsen.de\/?p=423\",\"name\":\"PM 04\/16 - Frischer Wind in der KSS \u2013 Landesstudierendenvertretung neu aufgestellt - KSS\",\"isPartOf\":{\"@id\":\"https:\/\/www.kss-sachsen.de\/#website\"},\"datePublished\":\"2017-04-09T10:52:42+00:00\",\"dateModified\":\"2017-04-09T12:15:10+00:00\",\"breadcrumb\":{\"@id\":\"https:\/\/www.kss-sachsen.de\/?p=423#breadcrumb\"},\"inLanguage\":\"de\",\"potentialAction\":[{\"@type\":\"ReadAction\",\"target\":[\"https:\/\/www.kss-sachsen.de\/?p=423\"]}]},{\"@type\":\"BreadcrumbList\",\"@id\":\"https:\/\/www.kss-sachsen.de\/?p=423#breadcrumb\",\"itemListElement\":[{\"@type\":\"ListItem\",\"position\":1,\"name\":\"Home\",\"item\":\"https:\/\/www.kss-sachsen.de\/\"},{\"@type\":\"ListItem\",\"position\":2,\"name\":\"PM 04\/16 &#8211; Frischer Wind in der KSS \u2013 Landesstudierendenvertretung neu aufgestellt\"}]},{\"@type\":\"WebSite\",\"@id\":\"https:\/\/www.kss-sachsen.de\/#website\",\"url\":\"https:\/\/www.kss-sachsen.de\/\",\"name\":\"Konferenz S\u00e4chsischer Studierendenschaften\",\"description\":\"Konferenz S\u00e4chsischer Studierendenschaften\",\"publisher\":{\"@id\":\"https:\/\/www.kss-sachsen.de\/#organization\"},\"potentialAction\":[{\"@type\":\"SearchAction\",\"target\":{\"@type\":\"EntryPoint\",\"urlTemplate\":\"https:\/\/www.kss-sachsen.de\/?s={search_term_string}\"},\"query-input\":{\"@type\":\"PropertyValueSpecification\",\"valueRequired\":true,\"valueName\":\"search_term_string\"}}],\"inLanguage\":\"de\"},{\"@type\":\"Organization\",\"@id\":\"https:\/\/www.kss-sachsen.de\/#organization\",\"name\":\"Konferenz S\u00e4chsischer Studierendenschaften\",\"url\":\"https:\/\/www.kss-sachsen.de\/\",\"logo\":{\"@type\":\"ImageObject\",\"inLanguage\":\"de\",\"@id\":\"https:\/\/www.kss-sachsen.de\/#\/schema\/logo\/image\/\",\"url\":\"https:\/\/www.kss-sachsen.de\/wp-content\/uploads\/2023\/02\/Logo-KSS.png\",\"contentUrl\":\"https:\/\/www.kss-sachsen.de\/wp-content\/uploads\/2023\/02\/Logo-KSS.png\",\"width\":2239,\"height\":1528,\"caption\":\"Konferenz S\u00e4chsischer Studierendenschaften\"},\"image\":{\"@id\":\"https:\/\/www.kss-sachsen.de\/#\/schema\/logo\/image\/\"},\"sameAs\":[\"https:\/\/www.instagram.com\/kss_sachsen\/\"]},{\"@type\":\"Person\",\"@id\":\"https:\/\/www.kss-sachsen.de\/#\/schema\/person\/fbcf1c2438e102156e84a4ba5c3daa64\",\"name\":\"administration\",\"image\":{\"@type\":\"ImageObject\",\"inLanguage\":\"de\",\"@id\":\"https:\/\/www.kss-sachsen.de\/#\/schema\/person\/image\/\",\"url\":\"https:\/\/secure.gravatar.com\/avatar\/e4ecd4cb3a6714c2adcf507161262d91?s=96&d=mm&r=g\",\"contentUrl\":\"https:\/\/secure.gravatar.com\/avatar\/e4ecd4cb3a6714c2adcf507161262d91?s=96&d=mm&r=g\",\"caption\":\"administration\"},\"url\":\"https:\/\/www.kss-sachsen.de\/?author=1\"}]}<\/script>\n<!-- \/ Yoast SEO plugin. -->","yoast_head_json":{"title":"PM 04\/16 - Frischer Wind in der KSS \u2013 Landesstudierendenvertretung neu aufgestellt - KSS","robots":{"index":"index","follow":"follow","max-snippet":"max-snippet:-1","max-image-preview":"max-image-preview:large","max-video-preview":"max-video-preview:-1"},"canonical":"https:\/\/www.kss-sachsen.de\/?p=423","og_locale":"de_DE","og_type":"article","og_title":"PM 04\/16 - Frischer Wind in der KSS \u2013 Landesstudierendenvertretung neu aufgestellt - KSS","og_description":"\u201cDer Hochschulentwicklungsplan 2025, die Novellierung des s\u00e4chsischen Hochschulgesetzes und die Inklusion von gefl\u00fcchteten Menschen an den Hochschulen stehen thematisch im Fokus.\u201d Die Konferenz S\u00e4chsischer Studierendenschaften (KSS) hat am Samstag auf ihrer vergangenen Sitzung neue Amtstr\u00e4ger*innen f\u00fcr die Legislatur 2016\/2017 gew\u00e4hlt. \u201cWir sind nun ein starkes, in vielen Bereichen der Hochschulpolitik und Struktur gut aufgestelltes Team.\u201d, so Felix Ramberg und PaulHier weiter lesen...","og_url":"https:\/\/www.kss-sachsen.de\/?p=423","og_site_name":"KSS","article_published_time":"2017-04-09T10:52:42+00:00","article_modified_time":"2017-04-09T12:15:10+00:00","author":"administration","twitter_card":"summary_large_image","twitter_misc":{"Verfasst von":"administration","Gesch\u00e4tzte Lesezeit":"2\u00a0Minuten"},"schema":{"@context":"https:\/\/schema.org","@graph":[{"@type":"Article","@id":"https:\/\/www.kss-sachsen.de\/?p=423#article","isPartOf":{"@id":"https:\/\/www.kss-sachsen.de\/?p=423"},"author":{"name":"administration","@id":"https:\/\/www.kss-sachsen.de\/#\/schema\/person\/fbcf1c2438e102156e84a4ba5c3daa64"},"headline":"PM 04\/16 &#8211; Frischer Wind in der KSS \u2013 Landesstudierendenvertretung neu aufgestellt","datePublished":"2017-04-09T10:52:42+00:00","dateModified":"2017-04-09T12:15:10+00:00","mainEntityOfPage":{"@id":"https:\/\/www.kss-sachsen.de\/?p=423"},"wordCount":490,"commentCount":0,"publisher":{"@id":"https:\/\/www.kss-sachsen.de\/#organization"},"articleSection":["Hochschulpolitik","Pressemitteilung","Pressemitteilung KSS"],"inLanguage":"de","potentialAction":[{"@type":"CommentAction","name":"Comment","target":["https:\/\/www.kss-sachsen.de\/?p=423#respond"]}]},{"@type":"WebPage","@id":"https:\/\/www.kss-sachsen.de\/?p=423","url":"https:\/\/www.kss-sachsen.de\/?p=423","name":"PM 04\/16 - Frischer Wind in der KSS \u2013 Landesstudierendenvertretung neu aufgestellt - KSS","isPartOf":{"@id":"https:\/\/www.kss-sachsen.de\/#website"},"datePublished":"2017-04-09T10:52:42+00:00","dateModified":"2017-04-09T12:15:10+00:00","breadcrumb":{"@id":"https:\/\/www.kss-sachsen.de\/?p=423#breadcrumb"},"inLanguage":"de","potentialAction":[{"@type":"ReadAction","target":["https:\/\/www.kss-sachsen.de\/?p=423"]}]},{"@type":"BreadcrumbList","@id":"https:\/\/www.kss-sachsen.de\/?p=423#breadcrumb","itemListElement":[{"@type":"ListItem","position":1,"name":"Home","item":"https:\/\/www.kss-sachsen.de\/"},{"@type":"ListItem","position":2,"name":"PM 04\/16 &#8211; Frischer Wind in der KSS \u2013 Landesstudierendenvertretung neu aufgestellt"}]},{"@type":"WebSite","@id":"https:\/\/www.kss-sachsen.de\/#website","url":"https:\/\/www.kss-sachsen.de\/","name":"Konferenz S\u00e4chsischer Studierendenschaften","description":"Konferenz S\u00e4chsischer Studierendenschaften","publisher":{"@id":"https:\/\/www.kss-sachsen.de\/#organization"},"potentialAction":[{"@type":"SearchAction","target":{"@type":"EntryPoint","urlTemplate":"https:\/\/www.kss-sachsen.de\/?s={search_term_string}"},"query-input":{"@type":"PropertyValueSpecification","valueRequired":true,"valueName":"search_term_string"}}],"inLanguage":"de"},{"@type":"Organization","@id":"https:\/\/www.kss-sachsen.de\/#organization","name":"Konferenz S\u00e4chsischer Studierendenschaften","url":"https:\/\/www.kss-sachsen.de\/","logo":{"@type":"ImageObject","inLanguage":"de","@id":"https:\/\/www.kss-sachsen.de\/#\/schema\/logo\/image\/","url":"https:\/\/www.kss-sachsen.de\/wp-content\/uploads\/2023\/02\/Logo-KSS.png","contentUrl":"https:\/\/www.kss-sachsen.de\/wp-content\/uploads\/2023\/02\/Logo-KSS.png","width":2239,"height":1528,"caption":"Konferenz S\u00e4chsischer Studierendenschaften"},"image":{"@id":"https:\/\/www.kss-sachsen.de\/#\/schema\/logo\/image\/"},"sameAs":["https:\/\/www.instagram.com\/kss_sachsen\/"]},{"@type":"Person","@id":"https:\/\/www.kss-sachsen.de\/#\/schema\/person\/fbcf1c2438e102156e84a4ba5c3daa64","name":"administration","image":{"@type":"ImageObject","inLanguage":"de","@id":"https:\/\/www.kss-sachsen.de\/#\/schema\/person\/image\/","url":"https:\/\/secure.gravatar.com\/avatar\/e4ecd4cb3a6714c2adcf507161262d91?s=96&d=mm&r=g","contentUrl":"https:\/\/secure.gravatar.com\/avatar\/e4ecd4cb3a6714c2adcf507161262d91?s=96&d=mm&r=g","caption":"administration"},"url":"https:\/\/www.kss-sachsen.de\/?author=1"}]}},"_links":{"self":[{"href":"https:\/\/www.kss-sachsen.de\/index.php?rest_route=\/wp\/v2\/posts\/423"}],"collection":[{"href":"https:\/\/www.kss-sachsen.de\/index.php?rest_route=\/wp\/v2\/posts"}],"about":[{"href":"https:\/\/www.kss-sachsen.de\/index.php?rest_route=\/wp\/v2\/types\/post"}],"author":[{"embeddable":true,"href":"https:\/\/www.kss-sachsen.de\/index.php?rest_route=\/wp\/v2\/users\/1"}],"replies":[{"embeddable":true,"href":"https:\/\/www.kss-sachsen.de\/index.php?rest_route=%2Fwp%2Fv2%2Fcomments&post=423"}],"version-history":[{"count":3,"href":"https:\/\/www.kss-sachsen.de\/index.php?rest_route=\/wp\/v2\/posts\/423\/revisions"}],"predecessor-version":[{"id":475,"href":"https:\/\/www.kss-sachsen.de\/index.php?rest_route=\/wp\/v2\/posts\/423\/revisions\/475"}],"wp:attachment":[{"href":"https:\/\/www.kss-sachsen.de\/index.php?rest_route=%2Fwp%2Fv2%2Fmedia&parent=423"}],"wp:term":[{"taxonomy":"category","embeddable":true,"href":"https:\/\/www.kss-sachsen.de\/index.php?rest_route=%2Fwp%2Fv2%2Fcategories&post=423"},{"taxonomy":"post_tag","embeddable":true,"href":"https:\/\/www.kss-sachsen.de\/index.php?rest_route=%2Fwp%2Fv2%2Ftags&post=423"}],"curies":[{"name":"wp","href":"https:\/\/api.w.org\/{rel}","templated":true}]}}