{"id":435,"date":"2017-04-09T13:10:23","date_gmt":"2017-04-09T11:10:23","guid":{"rendered":"http:\/\/www3.kss-sachsen.de\/?p=435"},"modified":"2017-04-09T14:21:07","modified_gmt":"2017-04-09T12:21:07","slug":"pm-0916-sachsen-steht-am-beginn-des-weges-zur-inklusiven-hochschule","status":"publish","type":"post","link":"https:\/\/www.kss-sachsen.de\/?p=435","title":{"rendered":"PM 09\/16 &#8211; Sachsen steht am Beginn des Weges zur inklusiven Hochschule"},"content":{"rendered":"<p class=\"news_subheader\">Die Konferenz S\u00e4chsischer Studierendenschaften (KSS) \u00e4u\u00dfert sich zur heute vorgestellten Studie zur Situation von Studierenden und Besch\u00e4ftigten mit Behinderungen im \u00f6ffentlich-s\u00e4chsischen Wissenschaftsbereich.<\/p>\n<div>\n<p class=\"bodytext\">Die im Januar 2015 im Auftrag gegebene Studie wurde nicht nur an den 14 staatlichen Hochschulen, sondern auch an den Studierendenwerken und der S\u00e4chsische Landesbibliothek (Staats- und Universit\u00e4tsbibliothek) durchgef\u00fchrt, was die KSS bereits zum Start der Studie positiv hervorhob.<\/p>\n<\/div>\n<div>\n<p class=\"bodytext\">\u201cDie zentralen Ergebnisse der Studie sind fast deckungsgleich mit den studentischen Forderungen, was uns sehr erfreut. Interessant, dass die KSS hier gemeinsam mit den Studierendenr\u00e4ten dem Land in der Hochschulpolitik einmal mehr voraus war\u201d, so Paul H\u00f6sler einer der beiden Sprecher der KSS. Die zentralen Ergebnisse der Studie deuten nicht nur darauf hin, dass es eine zentrale, gut ausgestattete Landesstelle zur besseren Koordinierung und Vernetzung der Hochschule geben muss, sondern gehen zu einem Gro\u00dfteil auch auf die Situation in der Lehre ein, welche inklusiver gestaltet werden soll. Dies f\u00e4ngt bei geschulten Dozierenden an und endet bei inklusiv aufgebauten, digitalen Lernplattformen.<\/p>\n<\/div>\n<div>\n<p class=\"bodytext\">\u201cDie Studie zeigt einmal mehr, dass auf allen Seiten noch Unsicherheiten vorhanden sind. Teilweise wissen Betroffene nicht an welche Stellen sie sich wenden k\u00f6nnen, w\u00e4hrend Dozierende \u00fcberfordert sind im Umgang mit Studierenden, welche Beeintr\u00e4chtigungen, bzw. Behinderungen aufweisen. Es herrscht dringender Handlungsbedarf!\u201d, erg\u00e4nzt Felix Ramberg, ebenfalls Sprecher der KSS.<\/p>\n<\/div>\n<div>\n<p class=\"bodytext\">Zwar betont die Studie, dass bauliche Barrieren nur in geringem Umfang an den s\u00e4chsischen Hochschulstandorten aufzufinden sind, doch muss der Inklusionsbegriff in den K\u00f6pfen der verantwortlichen Personen umfangreicher gedacht werden. \u201cSelbst\u00f6ffende T\u00fcren, Rampen und Tastkanten sind nur ein Teil inklusiver Hochschulgestaltung. Viele Beintr\u00e4chtigungen bzw. Behinderungen bei Studierenden und Dozierenden sind nicht sichtbar, hier gibt es noch viel Arbeit damit die Einrichtungen ein Bewusstsein f\u00fcr das Zielbild einer inklusiven Hochschule entwicklen. Von baulichen Ma\u00dfnahmen bis hin zur Lehre und Pr\u00fcfung muss auf allen Ebenen nachgebessert werden\u201d so H\u00f6sler und Ramberg abschlie\u00dfend.<\/p>\n<\/div>\n<div>\n<p class=\"bodytext\">Die KSS vertritt als gesetzlich legitimierte Landesstudierendenvertretung alle 106.000 Studierenden an Sachsens staatlichen Hochschulen.<\/p>\n<p class=\"bodytext\"><a href=\"https:\/\/cloud.kss-sachsen.de\/s\/0MT42YlQ6fVzZSK\">Die Pressemitteilung als PDF<\/a><\/p>\n<p class=\"bodytext\"><a href=\"https:\/\/cloud.kss-sachsen.de\/s\/EtrqwjMEmhU8Ocy\">Studie zur Situation von Studierenden und Besch\u00e4ftigten mit Behinderungen im \u00f6ffentlich-s\u00e4chsischen Wissenschaftsbereich<\/a><\/p>\n<\/div>\n","protected":false},"excerpt":{"rendered":"<p>Die Konferenz S\u00e4chsischer Studierendenschaften (KSS) \u00e4u\u00dfert sich zur heute vorgestellten Studie zur Situation von Studierenden und Besch\u00e4ftigten mit Behinderungen im \u00f6ffentlich-s\u00e4chsischen Wissenschaftsbereich. Die im Januar 2015 im Auftrag gegebene Studie wurde nicht nur an den 14 staatlichen Hochschulen, sondern auch an den Studierendenwerken und der S\u00e4chsische Landesbibliothek (Staats- und Universit\u00e4tsbibliothek) durchgef\u00fchrt, was die KSS bereits zum Start der Studie positiv<a class=\"read-more\" href=\"https:\/\/www.kss-sachsen.de\/?p=435\">Hier weiter lesen&#8230;<\/a><\/p>\n","protected":false},"author":1,"featured_media":0,"comment_status":"open","ping_status":"open","sticky":false,"template":"","format":"standard","meta":{"footnotes":""},"categories":[5,11,6],"tags":[],"yoast_head":"<!-- This site is optimized with the Yoast SEO plugin v23.5 - https:\/\/yoast.com\/wordpress\/plugins\/seo\/ -->\n<title>PM 09\/16 - Sachsen steht am Beginn des Weges zur inklusiven Hochschule - KSS<\/title>\n<meta name=\"robots\" content=\"index, follow, max-snippet:-1, max-image-preview:large, max-video-preview:-1\" \/>\n<link rel=\"canonical\" href=\"https:\/\/www.kss-sachsen.de\/?p=435\" \/>\n<meta property=\"og:locale\" content=\"de_DE\" \/>\n<meta property=\"og:type\" content=\"article\" \/>\n<meta property=\"og:title\" content=\"PM 09\/16 - Sachsen steht am Beginn des Weges zur inklusiven Hochschule - KSS\" \/>\n<meta property=\"og:description\" content=\"Die Konferenz S\u00e4chsischer Studierendenschaften (KSS) \u00e4u\u00dfert sich zur heute vorgestellten Studie zur Situation von Studierenden und Besch\u00e4ftigten mit Behinderungen im \u00f6ffentlich-s\u00e4chsischen Wissenschaftsbereich. Die im Januar 2015 im Auftrag gegebene Studie wurde nicht nur an den 14 staatlichen Hochschulen, sondern auch an den Studierendenwerken und der S\u00e4chsische Landesbibliothek (Staats- und Universit\u00e4tsbibliothek) durchgef\u00fchrt, was die KSS bereits zum Start der Studie positivHier weiter lesen...\" \/>\n<meta property=\"og:url\" content=\"https:\/\/www.kss-sachsen.de\/?p=435\" \/>\n<meta property=\"og:site_name\" content=\"KSS\" \/>\n<meta property=\"article:published_time\" content=\"2017-04-09T11:10:23+00:00\" \/>\n<meta property=\"article:modified_time\" content=\"2017-04-09T12:21:07+00:00\" \/>\n<meta name=\"author\" content=\"administration\" \/>\n<meta name=\"twitter:card\" content=\"summary_large_image\" \/>\n<meta name=\"twitter:label1\" content=\"Verfasst von\" \/>\n\t<meta name=\"twitter:data1\" content=\"administration\" \/>\n\t<meta name=\"twitter:label2\" content=\"Gesch\u00e4tzte Lesezeit\" \/>\n\t<meta name=\"twitter:data2\" content=\"2\u00a0Minuten\" \/>\n<script type=\"application\/ld+json\" class=\"yoast-schema-graph\">{\"@context\":\"https:\/\/schema.org\",\"@graph\":[{\"@type\":\"Article\",\"@id\":\"https:\/\/www.kss-sachsen.de\/?p=435#article\",\"isPartOf\":{\"@id\":\"https:\/\/www.kss-sachsen.de\/?p=435\"},\"author\":{\"name\":\"administration\",\"@id\":\"https:\/\/www.kss-sachsen.de\/#\/schema\/person\/fbcf1c2438e102156e84a4ba5c3daa64\"},\"headline\":\"PM 09\/16 &#8211; Sachsen steht am Beginn des Weges zur inklusiven Hochschule\",\"datePublished\":\"2017-04-09T11:10:23+00:00\",\"dateModified\":\"2017-04-09T12:21:07+00:00\",\"mainEntityOfPage\":{\"@id\":\"https:\/\/www.kss-sachsen.de\/?p=435\"},\"wordCount\":364,\"commentCount\":0,\"publisher\":{\"@id\":\"https:\/\/www.kss-sachsen.de\/#organization\"},\"articleSection\":[\"Hochschulpolitik\",\"Pressemitteilung\",\"Pressemitteilung KSS\"],\"inLanguage\":\"de\",\"potentialAction\":[{\"@type\":\"CommentAction\",\"name\":\"Comment\",\"target\":[\"https:\/\/www.kss-sachsen.de\/?p=435#respond\"]}]},{\"@type\":\"WebPage\",\"@id\":\"https:\/\/www.kss-sachsen.de\/?p=435\",\"url\":\"https:\/\/www.kss-sachsen.de\/?p=435\",\"name\":\"PM 09\/16 - Sachsen steht am Beginn des Weges zur inklusiven Hochschule - KSS\",\"isPartOf\":{\"@id\":\"https:\/\/www.kss-sachsen.de\/#website\"},\"datePublished\":\"2017-04-09T11:10:23+00:00\",\"dateModified\":\"2017-04-09T12:21:07+00:00\",\"breadcrumb\":{\"@id\":\"https:\/\/www.kss-sachsen.de\/?p=435#breadcrumb\"},\"inLanguage\":\"de\",\"potentialAction\":[{\"@type\":\"ReadAction\",\"target\":[\"https:\/\/www.kss-sachsen.de\/?p=435\"]}]},{\"@type\":\"BreadcrumbList\",\"@id\":\"https:\/\/www.kss-sachsen.de\/?p=435#breadcrumb\",\"itemListElement\":[{\"@type\":\"ListItem\",\"position\":1,\"name\":\"Home\",\"item\":\"https:\/\/www.kss-sachsen.de\/\"},{\"@type\":\"ListItem\",\"position\":2,\"name\":\"PM 09\/16 &#8211; Sachsen steht am Beginn des Weges zur inklusiven Hochschule\"}]},{\"@type\":\"WebSite\",\"@id\":\"https:\/\/www.kss-sachsen.de\/#website\",\"url\":\"https:\/\/www.kss-sachsen.de\/\",\"name\":\"Konferenz S\u00e4chsischer Studierendenschaften\",\"description\":\"Konferenz S\u00e4chsischer Studierendenschaften\",\"publisher\":{\"@id\":\"https:\/\/www.kss-sachsen.de\/#organization\"},\"potentialAction\":[{\"@type\":\"SearchAction\",\"target\":{\"@type\":\"EntryPoint\",\"urlTemplate\":\"https:\/\/www.kss-sachsen.de\/?s={search_term_string}\"},\"query-input\":{\"@type\":\"PropertyValueSpecification\",\"valueRequired\":true,\"valueName\":\"search_term_string\"}}],\"inLanguage\":\"de\"},{\"@type\":\"Organization\",\"@id\":\"https:\/\/www.kss-sachsen.de\/#organization\",\"name\":\"Konferenz S\u00e4chsischer Studierendenschaften\",\"url\":\"https:\/\/www.kss-sachsen.de\/\",\"logo\":{\"@type\":\"ImageObject\",\"inLanguage\":\"de\",\"@id\":\"https:\/\/www.kss-sachsen.de\/#\/schema\/logo\/image\/\",\"url\":\"https:\/\/www.kss-sachsen.de\/wp-content\/uploads\/2023\/02\/Logo-KSS.png\",\"contentUrl\":\"https:\/\/www.kss-sachsen.de\/wp-content\/uploads\/2023\/02\/Logo-KSS.png\",\"width\":2239,\"height\":1528,\"caption\":\"Konferenz S\u00e4chsischer Studierendenschaften\"},\"image\":{\"@id\":\"https:\/\/www.kss-sachsen.de\/#\/schema\/logo\/image\/\"},\"sameAs\":[\"https:\/\/www.instagram.com\/kss_sachsen\/\"]},{\"@type\":\"Person\",\"@id\":\"https:\/\/www.kss-sachsen.de\/#\/schema\/person\/fbcf1c2438e102156e84a4ba5c3daa64\",\"name\":\"administration\",\"image\":{\"@type\":\"ImageObject\",\"inLanguage\":\"de\",\"@id\":\"https:\/\/www.kss-sachsen.de\/#\/schema\/person\/image\/\",\"url\":\"https:\/\/secure.gravatar.com\/avatar\/e4ecd4cb3a6714c2adcf507161262d91?s=96&d=mm&r=g\",\"contentUrl\":\"https:\/\/secure.gravatar.com\/avatar\/e4ecd4cb3a6714c2adcf507161262d91?s=96&d=mm&r=g\",\"caption\":\"administration\"},\"url\":\"https:\/\/www.kss-sachsen.de\/?author=1\"}]}<\/script>\n<!-- \/ Yoast SEO plugin. -->","yoast_head_json":{"title":"PM 09\/16 - Sachsen steht am Beginn des Weges zur inklusiven Hochschule - KSS","robots":{"index":"index","follow":"follow","max-snippet":"max-snippet:-1","max-image-preview":"max-image-preview:large","max-video-preview":"max-video-preview:-1"},"canonical":"https:\/\/www.kss-sachsen.de\/?p=435","og_locale":"de_DE","og_type":"article","og_title":"PM 09\/16 - Sachsen steht am Beginn des Weges zur inklusiven Hochschule - KSS","og_description":"Die Konferenz S\u00e4chsischer Studierendenschaften (KSS) \u00e4u\u00dfert sich zur heute vorgestellten Studie zur Situation von Studierenden und Besch\u00e4ftigten mit Behinderungen im \u00f6ffentlich-s\u00e4chsischen Wissenschaftsbereich. Die im Januar 2015 im Auftrag gegebene Studie wurde nicht nur an den 14 staatlichen Hochschulen, sondern auch an den Studierendenwerken und der S\u00e4chsische Landesbibliothek (Staats- und Universit\u00e4tsbibliothek) durchgef\u00fchrt, was die KSS bereits zum Start der Studie positivHier weiter lesen...","og_url":"https:\/\/www.kss-sachsen.de\/?p=435","og_site_name":"KSS","article_published_time":"2017-04-09T11:10:23+00:00","article_modified_time":"2017-04-09T12:21:07+00:00","author":"administration","twitter_card":"summary_large_image","twitter_misc":{"Verfasst von":"administration","Gesch\u00e4tzte Lesezeit":"2\u00a0Minuten"},"schema":{"@context":"https:\/\/schema.org","@graph":[{"@type":"Article","@id":"https:\/\/www.kss-sachsen.de\/?p=435#article","isPartOf":{"@id":"https:\/\/www.kss-sachsen.de\/?p=435"},"author":{"name":"administration","@id":"https:\/\/www.kss-sachsen.de\/#\/schema\/person\/fbcf1c2438e102156e84a4ba5c3daa64"},"headline":"PM 09\/16 &#8211; Sachsen steht am Beginn des Weges zur inklusiven Hochschule","datePublished":"2017-04-09T11:10:23+00:00","dateModified":"2017-04-09T12:21:07+00:00","mainEntityOfPage":{"@id":"https:\/\/www.kss-sachsen.de\/?p=435"},"wordCount":364,"commentCount":0,"publisher":{"@id":"https:\/\/www.kss-sachsen.de\/#organization"},"articleSection":["Hochschulpolitik","Pressemitteilung","Pressemitteilung KSS"],"inLanguage":"de","potentialAction":[{"@type":"CommentAction","name":"Comment","target":["https:\/\/www.kss-sachsen.de\/?p=435#respond"]}]},{"@type":"WebPage","@id":"https:\/\/www.kss-sachsen.de\/?p=435","url":"https:\/\/www.kss-sachsen.de\/?p=435","name":"PM 09\/16 - Sachsen steht am Beginn des Weges zur inklusiven Hochschule - KSS","isPartOf":{"@id":"https:\/\/www.kss-sachsen.de\/#website"},"datePublished":"2017-04-09T11:10:23+00:00","dateModified":"2017-04-09T12:21:07+00:00","breadcrumb":{"@id":"https:\/\/www.kss-sachsen.de\/?p=435#breadcrumb"},"inLanguage":"de","potentialAction":[{"@type":"ReadAction","target":["https:\/\/www.kss-sachsen.de\/?p=435"]}]},{"@type":"BreadcrumbList","@id":"https:\/\/www.kss-sachsen.de\/?p=435#breadcrumb","itemListElement":[{"@type":"ListItem","position":1,"name":"Home","item":"https:\/\/www.kss-sachsen.de\/"},{"@type":"ListItem","position":2,"name":"PM 09\/16 &#8211; Sachsen steht am Beginn des Weges zur inklusiven Hochschule"}]},{"@type":"WebSite","@id":"https:\/\/www.kss-sachsen.de\/#website","url":"https:\/\/www.kss-sachsen.de\/","name":"Konferenz S\u00e4chsischer Studierendenschaften","description":"Konferenz S\u00e4chsischer Studierendenschaften","publisher":{"@id":"https:\/\/www.kss-sachsen.de\/#organization"},"potentialAction":[{"@type":"SearchAction","target":{"@type":"EntryPoint","urlTemplate":"https:\/\/www.kss-sachsen.de\/?s={search_term_string}"},"query-input":{"@type":"PropertyValueSpecification","valueRequired":true,"valueName":"search_term_string"}}],"inLanguage":"de"},{"@type":"Organization","@id":"https:\/\/www.kss-sachsen.de\/#organization","name":"Konferenz S\u00e4chsischer Studierendenschaften","url":"https:\/\/www.kss-sachsen.de\/","logo":{"@type":"ImageObject","inLanguage":"de","@id":"https:\/\/www.kss-sachsen.de\/#\/schema\/logo\/image\/","url":"https:\/\/www.kss-sachsen.de\/wp-content\/uploads\/2023\/02\/Logo-KSS.png","contentUrl":"https:\/\/www.kss-sachsen.de\/wp-content\/uploads\/2023\/02\/Logo-KSS.png","width":2239,"height":1528,"caption":"Konferenz S\u00e4chsischer Studierendenschaften"},"image":{"@id":"https:\/\/www.kss-sachsen.de\/#\/schema\/logo\/image\/"},"sameAs":["https:\/\/www.instagram.com\/kss_sachsen\/"]},{"@type":"Person","@id":"https:\/\/www.kss-sachsen.de\/#\/schema\/person\/fbcf1c2438e102156e84a4ba5c3daa64","name":"administration","image":{"@type":"ImageObject","inLanguage":"de","@id":"https:\/\/www.kss-sachsen.de\/#\/schema\/person\/image\/","url":"https:\/\/secure.gravatar.com\/avatar\/e4ecd4cb3a6714c2adcf507161262d91?s=96&d=mm&r=g","contentUrl":"https:\/\/secure.gravatar.com\/avatar\/e4ecd4cb3a6714c2adcf507161262d91?s=96&d=mm&r=g","caption":"administration"},"url":"https:\/\/www.kss-sachsen.de\/?author=1"}]}},"_links":{"self":[{"href":"https:\/\/www.kss-sachsen.de\/index.php?rest_route=\/wp\/v2\/posts\/435"}],"collection":[{"href":"https:\/\/www.kss-sachsen.de\/index.php?rest_route=\/wp\/v2\/posts"}],"about":[{"href":"https:\/\/www.kss-sachsen.de\/index.php?rest_route=\/wp\/v2\/types\/post"}],"author":[{"embeddable":true,"href":"https:\/\/www.kss-sachsen.de\/index.php?rest_route=\/wp\/v2\/users\/1"}],"replies":[{"embeddable":true,"href":"https:\/\/www.kss-sachsen.de\/index.php?rest_route=%2Fwp%2Fv2%2Fcomments&post=435"}],"version-history":[{"count":3,"href":"https:\/\/www.kss-sachsen.de\/index.php?rest_route=\/wp\/v2\/posts\/435\/revisions"}],"predecessor-version":[{"id":482,"href":"https:\/\/www.kss-sachsen.de\/index.php?rest_route=\/wp\/v2\/posts\/435\/revisions\/482"}],"wp:attachment":[{"href":"https:\/\/www.kss-sachsen.de\/index.php?rest_route=%2Fwp%2Fv2%2Fmedia&parent=435"}],"wp:term":[{"taxonomy":"category","embeddable":true,"href":"https:\/\/www.kss-sachsen.de\/index.php?rest_route=%2Fwp%2Fv2%2Fcategories&post=435"},{"taxonomy":"post_tag","embeddable":true,"href":"https:\/\/www.kss-sachsen.de\/index.php?rest_route=%2Fwp%2Fv2%2Ftags&post=435"}],"curies":[{"name":"wp","href":"https:\/\/api.w.org\/{rel}","templated":true}]}}