{"id":488,"date":"2017-04-09T14:28:52","date_gmt":"2017-04-09T12:28:52","guid":{"rendered":"http:\/\/www3.kss-sachsen.de\/?p=488"},"modified":"2017-06-05T14:48:20","modified_gmt":"2017-06-05T12:48:20","slug":"pm-0117-landesstudierendenvertretung-wahlt-neuen-sprecher-aus-freiberg-daniel-irmer-neuer-sprecher-der-kss","status":"publish","type":"post","link":"https:\/\/www.kss-sachsen.de\/?p=488","title":{"rendered":"PM 01\/17 &#8211; Landesstudierendenvertretung w\u00e4hlt neuen Sprecher aus Freiberg &#8211; Daniel Irmer neuer Sprecher der KSS"},"content":{"rendered":"<p>Die Konferenz S\u00e4chsischer Studierendenschaften (KSS) hat auf ihrer vergangenen Sitzung am Samstag neue Amtstr\u00e4ger*innen f\u00fcr die Legislatur 2017\/2018 gew\u00e4hlt. \u201cIch freue mich sehr, dass ich k\u00fcnftig die Interessen der 105.000 s\u00e4chsischen Studierenden gegen\u00fcber der Politik und unseren B\u00fcndnispartner*innen vertreten darf\u201d, so Daniel Irmer, designierter Sprecher der KSS.<\/p>\n<p>\u201cDie KSS hat sich in den letzten Jahren stark weiterentwickelt und ihr Profil gesch\u00e4rft, was nicht immer einfach war. Ich freue mich sehr die KSS weiterhin in guten H\u00e4nden zu wissen.\u201d, so Felix Ramberg, ausscheidender Sprecher der KSS. Leider konnten nicht alle \u00c4mter am Samstag besetzt werden, denn studentisches Ehrenamt neben dem Studium erfordert Zeit. \u201cWir haben viele Interessierte und fachlich kompetente Menschen in unseren Reihen, jedoch k\u00f6nnen diese neben der monatlichen Sitzung nur selten noch mehr Zeit in das Ehrenamt KSS geben\u201d, erkl\u00e4rt Irmer die vakanten \u00c4mter. Die KSS wird auch weiterhin ihr Ziel &#8211; die Vernetzung und Vertretung der s\u00e4chsischen Studierendenschaften &#8211; konsequent weiterverfolgen. \u201cIn der Hochschulpolitik gibt immer etwas zum Anpacken, auch abseits der st\u00e4ndigen Unterfinanzierung und prek\u00e4ren Besch\u00e4ftigungsverh\u00e4ltnissen an Hochschulen\u201d. In der kommenden Legislaturperiode wird nicht nur das Projekt Medizin2020, die Lehramtsausbildung in Sachsen und Landesweites Semesterticket f\u00fcr alle Studierende sondern auch \u201cdie Novelle des BAf\u00f6G-Gesetzes, des Hochschulgesetzes in Sachsen sowie das Urheber*innenrecht und Chancengleichheit im Vordergrund stehen\u201d erl\u00e4utert Irmer. Ferner wird die KSS gemeinsam mit den s\u00e4chsischen Studierendenschaften Basisarbeit f\u00fcr eine gute Hochschulpolitik leisten. \u201cGremien Workshops und gezielte Kompetenzvermittlung f\u00fcr die Studierenden, um in den Hochschulgremien souver\u00e4n aufzutreten, werden ebenfalls ein Arbeitsschwerpunkt\u201d.<\/p>\n<p>\u201cVor dem noch \u00fcbersichtlichen Team und mir liegen spannende Aufgaben, gemeinsam mit den zahlreichen Aktiven in den s\u00e4chsischen StudierendenR\u00e4ten werden wir diese jedoch bew\u00e4ltigen. Ich freue mich schon sehr darauf und danke den ausscheidenden Amtstr\u00e4ger*innen f\u00fcr ihre gute Arbeit\u201d, so Irmer abschlie\u00dfend.<\/p>\n<p>\u00dcbersicht der Amtstr\u00e4ger*innen f\u00fcr die Legislatur April 2017 bis M\u00e4rz 2018<\/p>\n<p>Daniel Irmer \u00a0\u00a0\u00a0 \u00a0\u00a0\u00a0 &#8211; \u00a0\u00a0\u00a0 Sprecher der KSS \u00a0\u00a0\u00a0 \u00a0\u00a0\u00a0 Student der TU BA Freiberg<\/p>\n<p>Katharina Maigatter &#8211; \u00a0\u00a0\u00a0 Referentin \u00d6ffentlichkeitsarbeit \u00a0\u00a0\u00a0 Studentin der TU Chemnitz<\/p>\n<p>Claudia Mei\u00dfner \u00a0\u00a0\u00a0 \u00a0\u00a0\u00a0 &#8211; \u00a0\u00a0\u00a0 Referentin Finanzen \u00a0\u00a0\u00a0 \u00a0\u00a0\u00a0 Studentin der TU Dresden<\/p>\n<p>Die KSS vertritt als gesetzlich legitimierte Landesstudierendenvertretung alle 105.000 Studierenden an Sachsens staatlichen Hochschulen. F\u00fcr R\u00fcckfragen wenden Sie sich bitte an den Sprecher der KSS Felix Ramberg unter 0176 60954885 oder an Daniel Irmer \u2013 0170 5524069<\/p>\n","protected":false},"excerpt":{"rendered":"<p>Die Konferenz S\u00e4chsischer Studierendenschaften (KSS) hat auf ihrer vergangenen Sitzung am Samstag neue Amtstr\u00e4ger*innen f\u00fcr die Legislatur 2017\/2018 gew\u00e4hlt. \u201cIch freue mich sehr, dass ich k\u00fcnftig die Interessen der 105.000 s\u00e4chsischen Studierenden gegen\u00fcber der Politik und unseren B\u00fcndnispartner*innen vertreten darf\u201d, so Daniel Irmer, designierter Sprecher der KSS. \u201cDie KSS hat sich in den letzten Jahren stark weiterentwickelt und ihr Profil<a class=\"read-more\" href=\"https:\/\/www.kss-sachsen.de\/?p=488\">Hier weiter lesen&#8230;<\/a><\/p>\n","protected":false},"author":1,"featured_media":561,"comment_status":"open","ping_status":"open","sticky":false,"template":"","format":"standard","meta":{"footnotes":""},"categories":[11,6,16,12,13],"tags":[],"yoast_head":"<!-- This site is optimized with the Yoast SEO plugin v23.5 - https:\/\/yoast.com\/wordpress\/plugins\/seo\/ -->\n<title>PM 01\/17 - Landesstudierendenvertretung w\u00e4hlt neuen Sprecher aus Freiberg - Daniel Irmer neuer Sprecher der KSS - KSS<\/title>\n<meta name=\"robots\" content=\"index, follow, max-snippet:-1, max-image-preview:large, max-video-preview:-1\" \/>\n<link rel=\"canonical\" href=\"https:\/\/www.kss-sachsen.de\/?p=488\" \/>\n<meta property=\"og:locale\" content=\"de_DE\" \/>\n<meta property=\"og:type\" content=\"article\" \/>\n<meta property=\"og:title\" content=\"PM 01\/17 - Landesstudierendenvertretung w\u00e4hlt neuen Sprecher aus Freiberg - Daniel Irmer neuer Sprecher der KSS - KSS\" \/>\n<meta property=\"og:description\" content=\"Die Konferenz S\u00e4chsischer Studierendenschaften (KSS) hat auf ihrer vergangenen Sitzung am Samstag neue Amtstr\u00e4ger*innen f\u00fcr die Legislatur 2017\/2018 gew\u00e4hlt. \u201cIch freue mich sehr, dass ich k\u00fcnftig die Interessen der 105.000 s\u00e4chsischen Studierenden gegen\u00fcber der Politik und unseren B\u00fcndnispartner*innen vertreten darf\u201d, so Daniel Irmer, designierter Sprecher der KSS. \u201cDie KSS hat sich in den letzten Jahren stark weiterentwickelt und ihr ProfilHier weiter lesen...\" \/>\n<meta property=\"og:url\" content=\"https:\/\/www.kss-sachsen.de\/?p=488\" \/>\n<meta property=\"og:site_name\" content=\"KSS\" \/>\n<meta property=\"article:published_time\" content=\"2017-04-09T12:28:52+00:00\" \/>\n<meta property=\"article:modified_time\" content=\"2017-06-05T12:48:20+00:00\" \/>\n<meta property=\"og:image\" content=\"https:\/\/www.kss-sachsen.de\/wp-content\/uploads\/2017\/04\/Amts\u00fcbergabe_KSS.jpg\" \/>\n\t<meta property=\"og:image:width\" content=\"1279\" \/>\n\t<meta property=\"og:image:height\" content=\"959\" \/>\n\t<meta property=\"og:image:type\" content=\"image\/jpeg\" \/>\n<meta name=\"author\" content=\"administration\" \/>\n<meta name=\"twitter:card\" content=\"summary_large_image\" \/>\n<meta name=\"twitter:label1\" content=\"Verfasst von\" \/>\n\t<meta name=\"twitter:data1\" content=\"administration\" \/>\n\t<meta name=\"twitter:label2\" content=\"Gesch\u00e4tzte Lesezeit\" \/>\n\t<meta name=\"twitter:data2\" content=\"2\u00a0Minuten\" \/>\n<script type=\"application\/ld+json\" class=\"yoast-schema-graph\">{\"@context\":\"https:\/\/schema.org\",\"@graph\":[{\"@type\":\"Article\",\"@id\":\"https:\/\/www.kss-sachsen.de\/?p=488#article\",\"isPartOf\":{\"@id\":\"https:\/\/www.kss-sachsen.de\/?p=488\"},\"author\":{\"name\":\"administration\",\"@id\":\"https:\/\/www.kss-sachsen.de\/#\/schema\/person\/fbcf1c2438e102156e84a4ba5c3daa64\"},\"headline\":\"PM 01\/17 &#8211; Landesstudierendenvertretung w\u00e4hlt neuen Sprecher aus Freiberg &#8211; Daniel Irmer neuer Sprecher der KSS\",\"datePublished\":\"2017-04-09T12:28:52+00:00\",\"dateModified\":\"2017-06-05T12:48:20+00:00\",\"mainEntityOfPage\":{\"@id\":\"https:\/\/www.kss-sachsen.de\/?p=488\"},\"wordCount\":410,\"commentCount\":0,\"publisher\":{\"@id\":\"https:\/\/www.kss-sachsen.de\/#organization\"},\"image\":{\"@id\":\"https:\/\/www.kss-sachsen.de\/?p=488#primaryimage\"},\"thumbnailUrl\":\"https:\/\/www.kss-sachsen.de\/wp-content\/uploads\/2017\/04\/Amts\u00fcbergabe_KSS.jpg\",\"articleSection\":[\"Pressemitteilung\",\"Pressemitteilung KSS\",\"TU BA Freiberg\",\"TU Chemnitz\",\"TU Dresden\"],\"inLanguage\":\"de\",\"potentialAction\":[{\"@type\":\"CommentAction\",\"name\":\"Comment\",\"target\":[\"https:\/\/www.kss-sachsen.de\/?p=488#respond\"]}]},{\"@type\":\"WebPage\",\"@id\":\"https:\/\/www.kss-sachsen.de\/?p=488\",\"url\":\"https:\/\/www.kss-sachsen.de\/?p=488\",\"name\":\"PM 01\/17 - Landesstudierendenvertretung w\u00e4hlt neuen Sprecher aus Freiberg - Daniel Irmer neuer Sprecher der KSS - KSS\",\"isPartOf\":{\"@id\":\"https:\/\/www.kss-sachsen.de\/#website\"},\"primaryImageOfPage\":{\"@id\":\"https:\/\/www.kss-sachsen.de\/?p=488#primaryimage\"},\"image\":{\"@id\":\"https:\/\/www.kss-sachsen.de\/?p=488#primaryimage\"},\"thumbnailUrl\":\"https:\/\/www.kss-sachsen.de\/wp-content\/uploads\/2017\/04\/Amts\u00fcbergabe_KSS.jpg\",\"datePublished\":\"2017-04-09T12:28:52+00:00\",\"dateModified\":\"2017-06-05T12:48:20+00:00\",\"breadcrumb\":{\"@id\":\"https:\/\/www.kss-sachsen.de\/?p=488#breadcrumb\"},\"inLanguage\":\"de\",\"potentialAction\":[{\"@type\":\"ReadAction\",\"target\":[\"https:\/\/www.kss-sachsen.de\/?p=488\"]}]},{\"@type\":\"ImageObject\",\"inLanguage\":\"de\",\"@id\":\"https:\/\/www.kss-sachsen.de\/?p=488#primaryimage\",\"url\":\"https:\/\/www.kss-sachsen.de\/wp-content\/uploads\/2017\/04\/Amts\u00fcbergabe_KSS.jpg\",\"contentUrl\":\"https:\/\/www.kss-sachsen.de\/wp-content\/uploads\/2017\/04\/Amts\u00fcbergabe_KSS.jpg\",\"width\":1279,\"height\":959,\"caption\":\"v.l.n.r. Daniel Irmer (Sprecher), Katharina Maigatter (Referentin \u00d6ffentlichkeitsarbeit), Robert Hoppermann (Koordination a.D.), Claudia Mei\u00dfner (Beauftragung Finanzen), Jan Malte Jacobsen (Referent Hochschulpolititk a.D.), Felix Ramberg (Sprecher a.D.)\"},{\"@type\":\"BreadcrumbList\",\"@id\":\"https:\/\/www.kss-sachsen.de\/?p=488#breadcrumb\",\"itemListElement\":[{\"@type\":\"ListItem\",\"position\":1,\"name\":\"Home\",\"item\":\"https:\/\/www.kss-sachsen.de\/\"},{\"@type\":\"ListItem\",\"position\":2,\"name\":\"PM 01\/17 &#8211; Landesstudierendenvertretung w\u00e4hlt neuen Sprecher aus Freiberg &#8211; Daniel Irmer neuer Sprecher der KSS\"}]},{\"@type\":\"WebSite\",\"@id\":\"https:\/\/www.kss-sachsen.de\/#website\",\"url\":\"https:\/\/www.kss-sachsen.de\/\",\"name\":\"Konferenz S\u00e4chsischer Studierendenschaften\",\"description\":\"Konferenz S\u00e4chsischer Studierendenschaften\",\"publisher\":{\"@id\":\"https:\/\/www.kss-sachsen.de\/#organization\"},\"potentialAction\":[{\"@type\":\"SearchAction\",\"target\":{\"@type\":\"EntryPoint\",\"urlTemplate\":\"https:\/\/www.kss-sachsen.de\/?s={search_term_string}\"},\"query-input\":{\"@type\":\"PropertyValueSpecification\",\"valueRequired\":true,\"valueName\":\"search_term_string\"}}],\"inLanguage\":\"de\"},{\"@type\":\"Organization\",\"@id\":\"https:\/\/www.kss-sachsen.de\/#organization\",\"name\":\"Konferenz S\u00e4chsischer Studierendenschaften\",\"url\":\"https:\/\/www.kss-sachsen.de\/\",\"logo\":{\"@type\":\"ImageObject\",\"inLanguage\":\"de\",\"@id\":\"https:\/\/www.kss-sachsen.de\/#\/schema\/logo\/image\/\",\"url\":\"https:\/\/www.kss-sachsen.de\/wp-content\/uploads\/2023\/02\/Logo-KSS.png\",\"contentUrl\":\"https:\/\/www.kss-sachsen.de\/wp-content\/uploads\/2023\/02\/Logo-KSS.png\",\"width\":2239,\"height\":1528,\"caption\":\"Konferenz S\u00e4chsischer Studierendenschaften\"},\"image\":{\"@id\":\"https:\/\/www.kss-sachsen.de\/#\/schema\/logo\/image\/\"},\"sameAs\":[\"https:\/\/www.instagram.com\/kss_sachsen\/\"]},{\"@type\":\"Person\",\"@id\":\"https:\/\/www.kss-sachsen.de\/#\/schema\/person\/fbcf1c2438e102156e84a4ba5c3daa64\",\"name\":\"administration\",\"image\":{\"@type\":\"ImageObject\",\"inLanguage\":\"de\",\"@id\":\"https:\/\/www.kss-sachsen.de\/#\/schema\/person\/image\/\",\"url\":\"https:\/\/secure.gravatar.com\/avatar\/e4ecd4cb3a6714c2adcf507161262d91?s=96&d=mm&r=g\",\"contentUrl\":\"https:\/\/secure.gravatar.com\/avatar\/e4ecd4cb3a6714c2adcf507161262d91?s=96&d=mm&r=g\",\"caption\":\"administration\"},\"url\":\"https:\/\/www.kss-sachsen.de\/?author=1\"}]}<\/script>\n<!-- \/ Yoast SEO plugin. -->","yoast_head_json":{"title":"PM 01\/17 - Landesstudierendenvertretung w\u00e4hlt neuen Sprecher aus Freiberg - Daniel Irmer neuer Sprecher der KSS - KSS","robots":{"index":"index","follow":"follow","max-snippet":"max-snippet:-1","max-image-preview":"max-image-preview:large","max-video-preview":"max-video-preview:-1"},"canonical":"https:\/\/www.kss-sachsen.de\/?p=488","og_locale":"de_DE","og_type":"article","og_title":"PM 01\/17 - Landesstudierendenvertretung w\u00e4hlt neuen Sprecher aus Freiberg - Daniel Irmer neuer Sprecher der KSS - KSS","og_description":"Die Konferenz S\u00e4chsischer Studierendenschaften (KSS) hat auf ihrer vergangenen Sitzung am Samstag neue Amtstr\u00e4ger*innen f\u00fcr die Legislatur 2017\/2018 gew\u00e4hlt. \u201cIch freue mich sehr, dass ich k\u00fcnftig die Interessen der 105.000 s\u00e4chsischen Studierenden gegen\u00fcber der Politik und unseren B\u00fcndnispartner*innen vertreten darf\u201d, so Daniel Irmer, designierter Sprecher der KSS. \u201cDie KSS hat sich in den letzten Jahren stark weiterentwickelt und ihr ProfilHier weiter lesen...","og_url":"https:\/\/www.kss-sachsen.de\/?p=488","og_site_name":"KSS","article_published_time":"2017-04-09T12:28:52+00:00","article_modified_time":"2017-06-05T12:48:20+00:00","og_image":[{"width":1279,"height":959,"url":"https:\/\/www.kss-sachsen.de\/wp-content\/uploads\/2017\/04\/Amts\u00fcbergabe_KSS.jpg","type":"image\/jpeg"}],"author":"administration","twitter_card":"summary_large_image","twitter_misc":{"Verfasst von":"administration","Gesch\u00e4tzte Lesezeit":"2\u00a0Minuten"},"schema":{"@context":"https:\/\/schema.org","@graph":[{"@type":"Article","@id":"https:\/\/www.kss-sachsen.de\/?p=488#article","isPartOf":{"@id":"https:\/\/www.kss-sachsen.de\/?p=488"},"author":{"name":"administration","@id":"https:\/\/www.kss-sachsen.de\/#\/schema\/person\/fbcf1c2438e102156e84a4ba5c3daa64"},"headline":"PM 01\/17 &#8211; Landesstudierendenvertretung w\u00e4hlt neuen Sprecher aus Freiberg &#8211; Daniel Irmer neuer Sprecher der KSS","datePublished":"2017-04-09T12:28:52+00:00","dateModified":"2017-06-05T12:48:20+00:00","mainEntityOfPage":{"@id":"https:\/\/www.kss-sachsen.de\/?p=488"},"wordCount":410,"commentCount":0,"publisher":{"@id":"https:\/\/www.kss-sachsen.de\/#organization"},"image":{"@id":"https:\/\/www.kss-sachsen.de\/?p=488#primaryimage"},"thumbnailUrl":"https:\/\/www.kss-sachsen.de\/wp-content\/uploads\/2017\/04\/Amts\u00fcbergabe_KSS.jpg","articleSection":["Pressemitteilung","Pressemitteilung KSS","TU BA Freiberg","TU Chemnitz","TU Dresden"],"inLanguage":"de","potentialAction":[{"@type":"CommentAction","name":"Comment","target":["https:\/\/www.kss-sachsen.de\/?p=488#respond"]}]},{"@type":"WebPage","@id":"https:\/\/www.kss-sachsen.de\/?p=488","url":"https:\/\/www.kss-sachsen.de\/?p=488","name":"PM 01\/17 - Landesstudierendenvertretung w\u00e4hlt neuen Sprecher aus Freiberg - Daniel Irmer neuer Sprecher der KSS - KSS","isPartOf":{"@id":"https:\/\/www.kss-sachsen.de\/#website"},"primaryImageOfPage":{"@id":"https:\/\/www.kss-sachsen.de\/?p=488#primaryimage"},"image":{"@id":"https:\/\/www.kss-sachsen.de\/?p=488#primaryimage"},"thumbnailUrl":"https:\/\/www.kss-sachsen.de\/wp-content\/uploads\/2017\/04\/Amts\u00fcbergabe_KSS.jpg","datePublished":"2017-04-09T12:28:52+00:00","dateModified":"2017-06-05T12:48:20+00:00","breadcrumb":{"@id":"https:\/\/www.kss-sachsen.de\/?p=488#breadcrumb"},"inLanguage":"de","potentialAction":[{"@type":"ReadAction","target":["https:\/\/www.kss-sachsen.de\/?p=488"]}]},{"@type":"ImageObject","inLanguage":"de","@id":"https:\/\/www.kss-sachsen.de\/?p=488#primaryimage","url":"https:\/\/www.kss-sachsen.de\/wp-content\/uploads\/2017\/04\/Amts\u00fcbergabe_KSS.jpg","contentUrl":"https:\/\/www.kss-sachsen.de\/wp-content\/uploads\/2017\/04\/Amts\u00fcbergabe_KSS.jpg","width":1279,"height":959,"caption":"v.l.n.r. Daniel Irmer (Sprecher), Katharina Maigatter (Referentin \u00d6ffentlichkeitsarbeit), Robert Hoppermann (Koordination a.D.), Claudia Mei\u00dfner (Beauftragung Finanzen), Jan Malte Jacobsen (Referent Hochschulpolititk a.D.), Felix Ramberg (Sprecher a.D.)"},{"@type":"BreadcrumbList","@id":"https:\/\/www.kss-sachsen.de\/?p=488#breadcrumb","itemListElement":[{"@type":"ListItem","position":1,"name":"Home","item":"https:\/\/www.kss-sachsen.de\/"},{"@type":"ListItem","position":2,"name":"PM 01\/17 &#8211; Landesstudierendenvertretung w\u00e4hlt neuen Sprecher aus Freiberg &#8211; Daniel Irmer neuer Sprecher der KSS"}]},{"@type":"WebSite","@id":"https:\/\/www.kss-sachsen.de\/#website","url":"https:\/\/www.kss-sachsen.de\/","name":"Konferenz S\u00e4chsischer Studierendenschaften","description":"Konferenz S\u00e4chsischer Studierendenschaften","publisher":{"@id":"https:\/\/www.kss-sachsen.de\/#organization"},"potentialAction":[{"@type":"SearchAction","target":{"@type":"EntryPoint","urlTemplate":"https:\/\/www.kss-sachsen.de\/?s={search_term_string}"},"query-input":{"@type":"PropertyValueSpecification","valueRequired":true,"valueName":"search_term_string"}}],"inLanguage":"de"},{"@type":"Organization","@id":"https:\/\/www.kss-sachsen.de\/#organization","name":"Konferenz S\u00e4chsischer Studierendenschaften","url":"https:\/\/www.kss-sachsen.de\/","logo":{"@type":"ImageObject","inLanguage":"de","@id":"https:\/\/www.kss-sachsen.de\/#\/schema\/logo\/image\/","url":"https:\/\/www.kss-sachsen.de\/wp-content\/uploads\/2023\/02\/Logo-KSS.png","contentUrl":"https:\/\/www.kss-sachsen.de\/wp-content\/uploads\/2023\/02\/Logo-KSS.png","width":2239,"height":1528,"caption":"Konferenz S\u00e4chsischer Studierendenschaften"},"image":{"@id":"https:\/\/www.kss-sachsen.de\/#\/schema\/logo\/image\/"},"sameAs":["https:\/\/www.instagram.com\/kss_sachsen\/"]},{"@type":"Person","@id":"https:\/\/www.kss-sachsen.de\/#\/schema\/person\/fbcf1c2438e102156e84a4ba5c3daa64","name":"administration","image":{"@type":"ImageObject","inLanguage":"de","@id":"https:\/\/www.kss-sachsen.de\/#\/schema\/person\/image\/","url":"https:\/\/secure.gravatar.com\/avatar\/e4ecd4cb3a6714c2adcf507161262d91?s=96&d=mm&r=g","contentUrl":"https:\/\/secure.gravatar.com\/avatar\/e4ecd4cb3a6714c2adcf507161262d91?s=96&d=mm&r=g","caption":"administration"},"url":"https:\/\/www.kss-sachsen.de\/?author=1"}]}},"_links":{"self":[{"href":"https:\/\/www.kss-sachsen.de\/index.php?rest_route=\/wp\/v2\/posts\/488"}],"collection":[{"href":"https:\/\/www.kss-sachsen.de\/index.php?rest_route=\/wp\/v2\/posts"}],"about":[{"href":"https:\/\/www.kss-sachsen.de\/index.php?rest_route=\/wp\/v2\/types\/post"}],"author":[{"embeddable":true,"href":"https:\/\/www.kss-sachsen.de\/index.php?rest_route=\/wp\/v2\/users\/1"}],"replies":[{"embeddable":true,"href":"https:\/\/www.kss-sachsen.de\/index.php?rest_route=%2Fwp%2Fv2%2Fcomments&post=488"}],"version-history":[{"count":4,"href":"https:\/\/www.kss-sachsen.de\/index.php?rest_route=\/wp\/v2\/posts\/488\/revisions"}],"predecessor-version":[{"id":562,"href":"https:\/\/www.kss-sachsen.de\/index.php?rest_route=\/wp\/v2\/posts\/488\/revisions\/562"}],"wp:featuredmedia":[{"embeddable":true,"href":"https:\/\/www.kss-sachsen.de\/index.php?rest_route=\/wp\/v2\/media\/561"}],"wp:attachment":[{"href":"https:\/\/www.kss-sachsen.de\/index.php?rest_route=%2Fwp%2Fv2%2Fmedia&parent=488"}],"wp:term":[{"taxonomy":"category","embeddable":true,"href":"https:\/\/www.kss-sachsen.de\/index.php?rest_route=%2Fwp%2Fv2%2Fcategories&post=488"},{"taxonomy":"post_tag","embeddable":true,"href":"https:\/\/www.kss-sachsen.de\/index.php?rest_route=%2Fwp%2Fv2%2Ftags&post=488"}],"curies":[{"name":"wp","href":"https:\/\/api.w.org\/{rel}","templated":true}]}}