{"id":707,"date":"2017-06-30T10:26:26","date_gmt":"2017-06-30T08:26:26","guid":{"rendered":"https:\/\/www.kss-sachsen.de\/?p=707"},"modified":"2017-06-30T10:26:50","modified_gmt":"2017-06-30T08:26:50","slug":"studierende-begrusen-urheberinnenrechtsreformen","status":"publish","type":"post","link":"https:\/\/www.kss-sachsen.de\/?p=707","title":{"rendered":"PM 10\/17 Studierende begr\u00fc\u00dfen Urheber*innenrechtsreformen"},"content":{"rendered":"<p><strong>Das neue Urheber*innenrechtsgesetz soll erst im Sommersemester 2018 in Kraft treten \u00a0<\/strong><\/p>\n<p>Die Landes-ASten-Konferenz Bayern (LAK Bayern) und die Konferenz S\u00e4chsischer Studierendenschaften (KSS) zeigen sich erleichtert, dass der Bundestag dem Urheber[*innen]rechts-Wissensgesellschafts-Gesetz zugestimmt hat. \u201eBis zum Ende haben wir bef\u00fcrchtet, die Novelle w\u00fcrde nicht mehr rechtzeitig vor der Sommerpause beschlossen werden\u201c, erl\u00e4utert Constantin Pittruff, Sprecher der LAK Bayern. \u201eDie politischen Auswirkungen eines Nichtbeschlusses w\u00e4ren fatal gewesen.\u201c<\/p>\n<p>Erst am Dienstag hatten sich die Koalitionsfraktionen abschlie\u00dfend geeinigt und das Thema auf die Tagesordnung gesetzt. \u201eEbenfalls die Entscheidung gegen den sogenannten Lizenzvorrang, welcher nach unserem Verst\u00e4ndnis das Gesetz ausgeh\u00f6hlt h\u00e4tte, ist erst am Dienstag gefallen\u201c, so Daniel Irmer, Sprecher der KSS in Sachsen. \u201eNach der neuen Regelung d\u00fcrfen 15 Prozent eines Werkes nun f\u00fcr Lehre digital zur Verf\u00fcgung gestellt werden \u2013 von Studierendenseite h\u00e4tten wir gerne mindestens die 25 Prozent, wie es im ersten Entwurf des Gesetzes stand, durchgesetzt.\u201c<\/p>\n<p>Die Studierendenvertretungen in Bayern und Sachsen hatten bereits \u00fcber diverse Petitionen und offene Briefe die Abgeordneten des Bundestags aufgefordert, das Urheber*innenrecht im Bildungssektor zu reformieren und es somit fit f\u00fcr die Digitalisierung der Hochschulen zu machen. Pittruff zweifelt, ob dies auch gelungen ist: \u201eBesonders kritisch bleibt die Evaluierung nach vier Jahren und die neu dazugekommene Befristung von f\u00fcnf Jahren. Es ist notwendig, dass wir auf Grundlage der neuen Regelungen nachhaltige Verfahren schaffen; die Befristung halten wir daher f\u00fcr nicht zielf\u00fchrend.\u201c<\/p>\n<p>Ende des letzten Jahres haben die Kultusminister*innenkonferenz (KMK) und die Verwertungsgesellschaft WORT (VG WORT) einen Rahmenvertrag ausgehandelt, der die Hochschulen verpflichtet, zu Jahresbeginn ein neues System zur Einzelerfassung von Nutzungen urheber*innenrechtlich gesch\u00fctzter Lehrmaterialien zu etablieren. Jedoch haben die Hochschulen diesen Vertrag aufgrund der damit einhergehenden immensen Mehrkosten allesamt boykottiert, sodass KMK und VG WORT letztlich nachgeben mussten und als \u00dcbergangsregelung ein Moratorium bis 01.10.2017 vereinbarten.<\/p>\n<p>\u201eNachdem der Bundestag nun neue gesetzliche Grundlagen geschaffen hat, geht es jetzt darum, dass KMK und VG WORT auf der Basis dieser Gesetzeslage einen neuen Vertrag aushandeln, in dem der \u00dcbergang von Oktober 2017 bis M\u00e4rz 2018 besondere Beachtung finden muss\u201c, so Irmer. Das derzeitige Moratorium zwischen den Hochschulen und der VG WORT l\u00e4uft am 01.10.2017 aus, die neuen Regelungen greifen aber erst ab 01.03.2018. \u201eEs bleibt unklar, wie im kommenden Wintersemester die Bereitstellung von digitalen Lehrmaterialien geregelt werden soll\u201c, so Irmer.<\/p>\n<p>\u201eWir werden auch in der n\u00e4chsten Zeit intensiv auf die politischen und institutionellen Akteur*innen einwirken, um eine f\u00fcr Studierende zufriedenstellende L\u00f6sung zu finden\u201c, so Pittruff abschlie\u00dfend.<\/p>\n<p>&#8212;<\/p>\n<p>Gemeinsame Pressemitteilung der Landes-ASten-Konferenz Bayern (<a href=\"http:\/\/www.lak-bayern.de\">www.lak-bayern.de<\/a>) und der Konferenz S\u00e4chsischer Studierendenschaften (<a href=\"https:\/\/www.kss-sachsen.de\">www.kss-sachsen.de<\/a>).<\/p>\n<p>Die Pressemitteilung als <a href=\"https:\/\/cloud.kss-sachsen.de\/s\/qlbaKQMtupEk3Nh\">*.pdf-Datei<\/a><\/p>\n","protected":false},"excerpt":{"rendered":"<p>Das neue Urheber*innenrechtsgesetz soll erst im Sommersemester 2018 in Kraft treten \u00a0 Die Landes-ASten-Konferenz Bayern (LAK Bayern) und die Konferenz S\u00e4chsischer Studierendenschaften (KSS) zeigen sich erleichtert, dass der Bundestag dem Urheber[*innen]rechts-Wissensgesellschafts-Gesetz zugestimmt hat. \u201eBis zum Ende haben wir bef\u00fcrchtet, die Novelle w\u00fcrde nicht mehr rechtzeitig vor der Sommerpause beschlossen werden\u201c, erl\u00e4utert Constantin Pittruff, Sprecher der LAK Bayern. \u201eDie politischen Auswirkungen<a class=\"read-more\" href=\"https:\/\/www.kss-sachsen.de\/?p=707\">Hier weiter lesen&#8230;<\/a><\/p>\n","protected":false},"author":1,"featured_media":710,"comment_status":"open","ping_status":"open","sticky":false,"template":"","format":"standard","meta":{"footnotes":""},"categories":[28,41,5,6,34],"tags":[],"yoast_head":"<!-- This site is optimized with the Yoast SEO plugin v23.5 - https:\/\/yoast.com\/wordpress\/plugins\/seo\/ -->\n<title>PM 10\/17 Studierende begr\u00fc\u00dfen Urheber*innenrechtsreformen - KSS<\/title>\n<meta name=\"robots\" content=\"index, follow, max-snippet:-1, max-image-preview:large, max-video-preview:-1\" \/>\n<link rel=\"canonical\" href=\"https:\/\/www.kss-sachsen.de\/?p=707\" \/>\n<meta property=\"og:locale\" content=\"de_DE\" \/>\n<meta property=\"og:type\" content=\"article\" \/>\n<meta property=\"og:title\" content=\"PM 10\/17 Studierende begr\u00fc\u00dfen Urheber*innenrechtsreformen - KSS\" \/>\n<meta property=\"og:description\" content=\"Das neue Urheber*innenrechtsgesetz soll erst im Sommersemester 2018 in Kraft treten \u00a0 Die Landes-ASten-Konferenz Bayern (LAK Bayern) und die Konferenz S\u00e4chsischer Studierendenschaften (KSS) zeigen sich erleichtert, dass der Bundestag dem Urheber[*innen]rechts-Wissensgesellschafts-Gesetz zugestimmt hat. \u201eBis zum Ende haben wir bef\u00fcrchtet, die Novelle w\u00fcrde nicht mehr rechtzeitig vor der Sommerpause beschlossen werden\u201c, erl\u00e4utert Constantin Pittruff, Sprecher der LAK Bayern. \u201eDie politischen AuswirkungenHier weiter lesen...\" \/>\n<meta property=\"og:url\" content=\"https:\/\/www.kss-sachsen.de\/?p=707\" \/>\n<meta property=\"og:site_name\" content=\"KSS\" \/>\n<meta property=\"article:published_time\" content=\"2017-06-30T08:26:26+00:00\" \/>\n<meta property=\"article:modified_time\" content=\"2017-06-30T08:26:50+00:00\" \/>\n<meta property=\"og:image\" content=\"https:\/\/www.kss-sachsen.de\/wp-content\/uploads\/2017\/06\/UrhWissG.jpg\" \/>\n\t<meta property=\"og:image:width\" content=\"1800\" \/>\n\t<meta property=\"og:image:height\" content=\"668\" \/>\n\t<meta property=\"og:image:type\" content=\"image\/jpeg\" \/>\n<meta name=\"author\" content=\"administration\" \/>\n<meta name=\"twitter:card\" content=\"summary_large_image\" \/>\n<meta name=\"twitter:label1\" content=\"Verfasst von\" \/>\n\t<meta name=\"twitter:data1\" content=\"administration\" \/>\n\t<meta name=\"twitter:label2\" content=\"Gesch\u00e4tzte Lesezeit\" \/>\n\t<meta name=\"twitter:data2\" content=\"2\u00a0Minuten\" \/>\n<script type=\"application\/ld+json\" class=\"yoast-schema-graph\">{\"@context\":\"https:\/\/schema.org\",\"@graph\":[{\"@type\":\"Article\",\"@id\":\"https:\/\/www.kss-sachsen.de\/?p=707#article\",\"isPartOf\":{\"@id\":\"https:\/\/www.kss-sachsen.de\/?p=707\"},\"author\":{\"name\":\"administration\",\"@id\":\"https:\/\/www.kss-sachsen.de\/#\/schema\/person\/fbcf1c2438e102156e84a4ba5c3daa64\"},\"headline\":\"PM 10\/17 Studierende begr\u00fc\u00dfen Urheber*innenrechtsreformen\",\"datePublished\":\"2017-06-30T08:26:26+00:00\",\"dateModified\":\"2017-06-30T08:26:50+00:00\",\"mainEntityOfPage\":{\"@id\":\"https:\/\/www.kss-sachsen.de\/?p=707\"},\"wordCount\":447,\"commentCount\":0,\"publisher\":{\"@id\":\"https:\/\/www.kss-sachsen.de\/#organization\"},\"image\":{\"@id\":\"https:\/\/www.kss-sachsen.de\/?p=707#primaryimage\"},\"thumbnailUrl\":\"https:\/\/www.kss-sachsen.de\/wp-content\/uploads\/2017\/06\/UrhWissG.jpg\",\"articleSection\":[\"Aktuelles\",\"Bundestag\",\"Hochschulpolitik\",\"Pressemitteilung KSS\",\"Urheber*innenrecht\"],\"inLanguage\":\"de\",\"potentialAction\":[{\"@type\":\"CommentAction\",\"name\":\"Comment\",\"target\":[\"https:\/\/www.kss-sachsen.de\/?p=707#respond\"]}]},{\"@type\":\"WebPage\",\"@id\":\"https:\/\/www.kss-sachsen.de\/?p=707\",\"url\":\"https:\/\/www.kss-sachsen.de\/?p=707\",\"name\":\"PM 10\/17 Studierende begr\u00fc\u00dfen Urheber*innenrechtsreformen - KSS\",\"isPartOf\":{\"@id\":\"https:\/\/www.kss-sachsen.de\/#website\"},\"primaryImageOfPage\":{\"@id\":\"https:\/\/www.kss-sachsen.de\/?p=707#primaryimage\"},\"image\":{\"@id\":\"https:\/\/www.kss-sachsen.de\/?p=707#primaryimage\"},\"thumbnailUrl\":\"https:\/\/www.kss-sachsen.de\/wp-content\/uploads\/2017\/06\/UrhWissG.jpg\",\"datePublished\":\"2017-06-30T08:26:26+00:00\",\"dateModified\":\"2017-06-30T08:26:50+00:00\",\"breadcrumb\":{\"@id\":\"https:\/\/www.kss-sachsen.de\/?p=707#breadcrumb\"},\"inLanguage\":\"de\",\"potentialAction\":[{\"@type\":\"ReadAction\",\"target\":[\"https:\/\/www.kss-sachsen.de\/?p=707\"]}]},{\"@type\":\"ImageObject\",\"inLanguage\":\"de\",\"@id\":\"https:\/\/www.kss-sachsen.de\/?p=707#primaryimage\",\"url\":\"https:\/\/www.kss-sachsen.de\/wp-content\/uploads\/2017\/06\/UrhWissG.jpg\",\"contentUrl\":\"https:\/\/www.kss-sachsen.de\/wp-content\/uploads\/2017\/06\/UrhWissG.jpg\",\"width\":1800,\"height\":668},{\"@type\":\"BreadcrumbList\",\"@id\":\"https:\/\/www.kss-sachsen.de\/?p=707#breadcrumb\",\"itemListElement\":[{\"@type\":\"ListItem\",\"position\":1,\"name\":\"Home\",\"item\":\"https:\/\/www.kss-sachsen.de\/\"},{\"@type\":\"ListItem\",\"position\":2,\"name\":\"PM 10\/17 Studierende begr\u00fc\u00dfen Urheber*innenrechtsreformen\"}]},{\"@type\":\"WebSite\",\"@id\":\"https:\/\/www.kss-sachsen.de\/#website\",\"url\":\"https:\/\/www.kss-sachsen.de\/\",\"name\":\"Konferenz S\u00e4chsischer Studierendenschaften\",\"description\":\"Konferenz S\u00e4chsischer Studierendenschaften\",\"publisher\":{\"@id\":\"https:\/\/www.kss-sachsen.de\/#organization\"},\"potentialAction\":[{\"@type\":\"SearchAction\",\"target\":{\"@type\":\"EntryPoint\",\"urlTemplate\":\"https:\/\/www.kss-sachsen.de\/?s={search_term_string}\"},\"query-input\":{\"@type\":\"PropertyValueSpecification\",\"valueRequired\":true,\"valueName\":\"search_term_string\"}}],\"inLanguage\":\"de\"},{\"@type\":\"Organization\",\"@id\":\"https:\/\/www.kss-sachsen.de\/#organization\",\"name\":\"Konferenz S\u00e4chsischer Studierendenschaften\",\"url\":\"https:\/\/www.kss-sachsen.de\/\",\"logo\":{\"@type\":\"ImageObject\",\"inLanguage\":\"de\",\"@id\":\"https:\/\/www.kss-sachsen.de\/#\/schema\/logo\/image\/\",\"url\":\"https:\/\/www.kss-sachsen.de\/wp-content\/uploads\/2023\/02\/Logo-KSS.png\",\"contentUrl\":\"https:\/\/www.kss-sachsen.de\/wp-content\/uploads\/2023\/02\/Logo-KSS.png\",\"width\":2239,\"height\":1528,\"caption\":\"Konferenz S\u00e4chsischer Studierendenschaften\"},\"image\":{\"@id\":\"https:\/\/www.kss-sachsen.de\/#\/schema\/logo\/image\/\"},\"sameAs\":[\"https:\/\/www.instagram.com\/kss_sachsen\/\"]},{\"@type\":\"Person\",\"@id\":\"https:\/\/www.kss-sachsen.de\/#\/schema\/person\/fbcf1c2438e102156e84a4ba5c3daa64\",\"name\":\"administration\",\"image\":{\"@type\":\"ImageObject\",\"inLanguage\":\"de\",\"@id\":\"https:\/\/www.kss-sachsen.de\/#\/schema\/person\/image\/\",\"url\":\"https:\/\/secure.gravatar.com\/avatar\/e4ecd4cb3a6714c2adcf507161262d91?s=96&d=mm&r=g\",\"contentUrl\":\"https:\/\/secure.gravatar.com\/avatar\/e4ecd4cb3a6714c2adcf507161262d91?s=96&d=mm&r=g\",\"caption\":\"administration\"},\"url\":\"https:\/\/www.kss-sachsen.de\/?author=1\"}]}<\/script>\n<!-- \/ Yoast SEO plugin. -->","yoast_head_json":{"title":"PM 10\/17 Studierende begr\u00fc\u00dfen Urheber*innenrechtsreformen - KSS","robots":{"index":"index","follow":"follow","max-snippet":"max-snippet:-1","max-image-preview":"max-image-preview:large","max-video-preview":"max-video-preview:-1"},"canonical":"https:\/\/www.kss-sachsen.de\/?p=707","og_locale":"de_DE","og_type":"article","og_title":"PM 10\/17 Studierende begr\u00fc\u00dfen Urheber*innenrechtsreformen - KSS","og_description":"Das neue Urheber*innenrechtsgesetz soll erst im Sommersemester 2018 in Kraft treten \u00a0 Die Landes-ASten-Konferenz Bayern (LAK Bayern) und die Konferenz S\u00e4chsischer Studierendenschaften (KSS) zeigen sich erleichtert, dass der Bundestag dem Urheber[*innen]rechts-Wissensgesellschafts-Gesetz zugestimmt hat. \u201eBis zum Ende haben wir bef\u00fcrchtet, die Novelle w\u00fcrde nicht mehr rechtzeitig vor der Sommerpause beschlossen werden\u201c, erl\u00e4utert Constantin Pittruff, Sprecher der LAK Bayern. \u201eDie politischen AuswirkungenHier weiter lesen...","og_url":"https:\/\/www.kss-sachsen.de\/?p=707","og_site_name":"KSS","article_published_time":"2017-06-30T08:26:26+00:00","article_modified_time":"2017-06-30T08:26:50+00:00","og_image":[{"width":1800,"height":668,"url":"https:\/\/www.kss-sachsen.de\/wp-content\/uploads\/2017\/06\/UrhWissG.jpg","type":"image\/jpeg"}],"author":"administration","twitter_card":"summary_large_image","twitter_misc":{"Verfasst von":"administration","Gesch\u00e4tzte Lesezeit":"2\u00a0Minuten"},"schema":{"@context":"https:\/\/schema.org","@graph":[{"@type":"Article","@id":"https:\/\/www.kss-sachsen.de\/?p=707#article","isPartOf":{"@id":"https:\/\/www.kss-sachsen.de\/?p=707"},"author":{"name":"administration","@id":"https:\/\/www.kss-sachsen.de\/#\/schema\/person\/fbcf1c2438e102156e84a4ba5c3daa64"},"headline":"PM 10\/17 Studierende begr\u00fc\u00dfen Urheber*innenrechtsreformen","datePublished":"2017-06-30T08:26:26+00:00","dateModified":"2017-06-30T08:26:50+00:00","mainEntityOfPage":{"@id":"https:\/\/www.kss-sachsen.de\/?p=707"},"wordCount":447,"commentCount":0,"publisher":{"@id":"https:\/\/www.kss-sachsen.de\/#organization"},"image":{"@id":"https:\/\/www.kss-sachsen.de\/?p=707#primaryimage"},"thumbnailUrl":"https:\/\/www.kss-sachsen.de\/wp-content\/uploads\/2017\/06\/UrhWissG.jpg","articleSection":["Aktuelles","Bundestag","Hochschulpolitik","Pressemitteilung KSS","Urheber*innenrecht"],"inLanguage":"de","potentialAction":[{"@type":"CommentAction","name":"Comment","target":["https:\/\/www.kss-sachsen.de\/?p=707#respond"]}]},{"@type":"WebPage","@id":"https:\/\/www.kss-sachsen.de\/?p=707","url":"https:\/\/www.kss-sachsen.de\/?p=707","name":"PM 10\/17 Studierende begr\u00fc\u00dfen Urheber*innenrechtsreformen - KSS","isPartOf":{"@id":"https:\/\/www.kss-sachsen.de\/#website"},"primaryImageOfPage":{"@id":"https:\/\/www.kss-sachsen.de\/?p=707#primaryimage"},"image":{"@id":"https:\/\/www.kss-sachsen.de\/?p=707#primaryimage"},"thumbnailUrl":"https:\/\/www.kss-sachsen.de\/wp-content\/uploads\/2017\/06\/UrhWissG.jpg","datePublished":"2017-06-30T08:26:26+00:00","dateModified":"2017-06-30T08:26:50+00:00","breadcrumb":{"@id":"https:\/\/www.kss-sachsen.de\/?p=707#breadcrumb"},"inLanguage":"de","potentialAction":[{"@type":"ReadAction","target":["https:\/\/www.kss-sachsen.de\/?p=707"]}]},{"@type":"ImageObject","inLanguage":"de","@id":"https:\/\/www.kss-sachsen.de\/?p=707#primaryimage","url":"https:\/\/www.kss-sachsen.de\/wp-content\/uploads\/2017\/06\/UrhWissG.jpg","contentUrl":"https:\/\/www.kss-sachsen.de\/wp-content\/uploads\/2017\/06\/UrhWissG.jpg","width":1800,"height":668},{"@type":"BreadcrumbList","@id":"https:\/\/www.kss-sachsen.de\/?p=707#breadcrumb","itemListElement":[{"@type":"ListItem","position":1,"name":"Home","item":"https:\/\/www.kss-sachsen.de\/"},{"@type":"ListItem","position":2,"name":"PM 10\/17 Studierende begr\u00fc\u00dfen Urheber*innenrechtsreformen"}]},{"@type":"WebSite","@id":"https:\/\/www.kss-sachsen.de\/#website","url":"https:\/\/www.kss-sachsen.de\/","name":"Konferenz S\u00e4chsischer Studierendenschaften","description":"Konferenz S\u00e4chsischer Studierendenschaften","publisher":{"@id":"https:\/\/www.kss-sachsen.de\/#organization"},"potentialAction":[{"@type":"SearchAction","target":{"@type":"EntryPoint","urlTemplate":"https:\/\/www.kss-sachsen.de\/?s={search_term_string}"},"query-input":{"@type":"PropertyValueSpecification","valueRequired":true,"valueName":"search_term_string"}}],"inLanguage":"de"},{"@type":"Organization","@id":"https:\/\/www.kss-sachsen.de\/#organization","name":"Konferenz S\u00e4chsischer Studierendenschaften","url":"https:\/\/www.kss-sachsen.de\/","logo":{"@type":"ImageObject","inLanguage":"de","@id":"https:\/\/www.kss-sachsen.de\/#\/schema\/logo\/image\/","url":"https:\/\/www.kss-sachsen.de\/wp-content\/uploads\/2023\/02\/Logo-KSS.png","contentUrl":"https:\/\/www.kss-sachsen.de\/wp-content\/uploads\/2023\/02\/Logo-KSS.png","width":2239,"height":1528,"caption":"Konferenz S\u00e4chsischer Studierendenschaften"},"image":{"@id":"https:\/\/www.kss-sachsen.de\/#\/schema\/logo\/image\/"},"sameAs":["https:\/\/www.instagram.com\/kss_sachsen\/"]},{"@type":"Person","@id":"https:\/\/www.kss-sachsen.de\/#\/schema\/person\/fbcf1c2438e102156e84a4ba5c3daa64","name":"administration","image":{"@type":"ImageObject","inLanguage":"de","@id":"https:\/\/www.kss-sachsen.de\/#\/schema\/person\/image\/","url":"https:\/\/secure.gravatar.com\/avatar\/e4ecd4cb3a6714c2adcf507161262d91?s=96&d=mm&r=g","contentUrl":"https:\/\/secure.gravatar.com\/avatar\/e4ecd4cb3a6714c2adcf507161262d91?s=96&d=mm&r=g","caption":"administration"},"url":"https:\/\/www.kss-sachsen.de\/?author=1"}]}},"_links":{"self":[{"href":"https:\/\/www.kss-sachsen.de\/index.php?rest_route=\/wp\/v2\/posts\/707"}],"collection":[{"href":"https:\/\/www.kss-sachsen.de\/index.php?rest_route=\/wp\/v2\/posts"}],"about":[{"href":"https:\/\/www.kss-sachsen.de\/index.php?rest_route=\/wp\/v2\/types\/post"}],"author":[{"embeddable":true,"href":"https:\/\/www.kss-sachsen.de\/index.php?rest_route=\/wp\/v2\/users\/1"}],"replies":[{"embeddable":true,"href":"https:\/\/www.kss-sachsen.de\/index.php?rest_route=%2Fwp%2Fv2%2Fcomments&post=707"}],"version-history":[{"count":3,"href":"https:\/\/www.kss-sachsen.de\/index.php?rest_route=\/wp\/v2\/posts\/707\/revisions"}],"predecessor-version":[{"id":712,"href":"https:\/\/www.kss-sachsen.de\/index.php?rest_route=\/wp\/v2\/posts\/707\/revisions\/712"}],"wp:featuredmedia":[{"embeddable":true,"href":"https:\/\/www.kss-sachsen.de\/index.php?rest_route=\/wp\/v2\/media\/710"}],"wp:attachment":[{"href":"https:\/\/www.kss-sachsen.de\/index.php?rest_route=%2Fwp%2Fv2%2Fmedia&parent=707"}],"wp:term":[{"taxonomy":"category","embeddable":true,"href":"https:\/\/www.kss-sachsen.de\/index.php?rest_route=%2Fwp%2Fv2%2Fcategories&post=707"},{"taxonomy":"post_tag","embeddable":true,"href":"https:\/\/www.kss-sachsen.de\/index.php?rest_route=%2Fwp%2Fv2%2Ftags&post=707"}],"curies":[{"name":"wp","href":"https:\/\/api.w.org\/{rel}","templated":true}]}}