{"id":785,"date":"2017-10-19T10:43:54","date_gmt":"2017-10-19T08:43:54","guid":{"rendered":"https:\/\/www.kss-sachsen.de\/?p=785"},"modified":"2017-10-19T12:22:09","modified_gmt":"2017-10-19T10:22:09","slug":"pm-1317-tillich-folgt-kurth-zeit-fur-einen-richtungswechsel-in-der-sachsischen-politik","status":"publish","type":"post","link":"https:\/\/www.kss-sachsen.de\/?p=785","title":{"rendered":"PM 13\/17 &#8211; Tillich folgt Kurth  &#8211; Zeit f\u00fcr einen Richtungswechsel in der s\u00e4chsischen Politik"},"content":{"rendered":"<p>Zur gestrigen Ank\u00fcndigung des s\u00e4chsischen Ministerpr\u00e4sidenten \u00e4u\u00dfert sich Daniel Irmer, Sprecher der Konferenz S\u00e4chsischer Studierendenschaften (KSS): \u201cNachdem Herr Tillich \u00fcberraschend seinen R\u00fccktritt f\u00fcr den 09. Dezember angek\u00fcndigt hat, muss schnell Klarheit dar\u00fcber geschaffen werden, wie es in der s\u00e4chsischen Politik weitergeht. Dabei fordern wir, dass seitens der Staatsregierung endlich eine zukunftsorientierte Politik eingeschlagen wird, die sich klar von populistischen Forderungen abgrenzt.<br \/>\nHerr Tillich war vor allem ein Bewahrer unter dessen F\u00fchrung kein gro\u00dfer Wandel passierte. Das Profil der Regierungsarbeit, besonders f\u00fcr den Hochschulbereich, kam stets von der Koalitionspartnerin.\u201d<\/p>\n<p>F\u00fcr das kommende Jahr stehen wegweisende Entscheidungen besonders im Bereich der Schulpolitik und der damit verbundenen Lehrer*innenbildung an. Bis jetzt ist aber noch unklar, wer im neuen Kabinett das s\u00e4chsische Kultusministerium durch diesen Wandel f\u00fchren soll\u201d, erg\u00e4nzt Nathalie Schmidt, Referentin f\u00fcr Lehramt der KSS, \u201cDer Nachfolgerin bzw. dem Nachfolger von Frau Kurth wird eine gro\u00dfe Aufgabe zuteilwerden. Nach 25 Jahren orientierungsloser Politik brauchen wir jetzt eine klare Richtung und klare Reformen f\u00fcr Schulen und Lehrer*innenbildung.\u201d<\/p>\n<p>&#8222;An den Hochschulen herrscht auch in anderen Bereichen Reformstau. Im August wurde im Rahmen einer Sachverst\u00e4ndigenanh\u00f6rung deutlich, dass wir eine gr\u00f6\u00dfere Novelle des s\u00e4chsischen Hochschulfreiheitsgesetzes dringend brauchen. Im Mai wurde ebenfalls in einer Anh\u00f6rung deutlich, dass eine Reform des Medizinstudiums notwendig ist, um dem drohenden Land\u00e4rzt*innenmangel entgegen zu wirken. Auch soziale Aspekte gerieten in den letzten Jahren immer mehr in Vergessenheit. Nach jahrelanger Sparpolitik wird immer offensichtlicher, dass auch die Studierendenwerke in Sachsen in Zukunft mehr staatliche Zuwendungen brauchen. An all diesen Stellen sind Investitionen und Innovationen notwendig, die unter der aktuellen Regierungsf\u00fchrung nicht m\u00f6glich waren. Wir w\u00fcnschen Herr Tillich das Beste f\u00fcr seinen weiteren Lebensweg und hoffen gleichzeitig, dass seine Nachfolgerin oder sein Nachfolger ein gr\u00f6\u00dferes Erbe hinterl\u00e4sst\u201d, so Irmer abschlie\u00dfend.<\/p>\n<p>Die KSS vertritt als gesetzlich legitimierte Landesstudierendenvertretung alle 106.000 Studierenden an Sachsens staatlichen Hochschulen. F\u00fcr R\u00fcckfragen wenden Sie sich bitte an den Sprecher der KSS: Daniel Irmer &#8211; 0170 5524069<\/p>\n<p><a href=\"https:\/\/cloud.kss-sachsen.de\/s\/aOBzJCnWv5W1zlS\">Die Pressemitteilung als PDF<\/a><\/p>\n","protected":false},"excerpt":{"rendered":"<p>Zur gestrigen Ank\u00fcndigung des s\u00e4chsischen Ministerpr\u00e4sidenten \u00e4u\u00dfert sich Daniel Irmer, Sprecher der Konferenz S\u00e4chsischer Studierendenschaften (KSS): \u201cNachdem Herr Tillich \u00fcberraschend seinen R\u00fccktritt f\u00fcr den 09. Dezember angek\u00fcndigt hat, muss schnell Klarheit dar\u00fcber geschaffen werden, wie es in der s\u00e4chsischen Politik weitergeht. Dabei fordern wir, dass seitens der Staatsregierung endlich eine zukunftsorientierte Politik eingeschlagen wird, die sich klar von populistischen Forderungen<a class=\"read-more\" href=\"https:\/\/www.kss-sachsen.de\/?p=785\">Hier weiter lesen&#8230;<\/a><\/p>\n","protected":false},"author":1,"featured_media":790,"comment_status":"open","ping_status":"open","sticky":false,"template":"","format":"standard","meta":{"footnotes":""},"categories":[28,3,36,33,38,11,6,7],"tags":[],"yoast_head":"<!-- This site is optimized with the Yoast SEO plugin v23.5 - https:\/\/yoast.com\/wordpress\/plugins\/seo\/ -->\n<title>PM 13\/17 - Tillich folgt Kurth - Zeit f\u00fcr einen Richtungswechsel in der s\u00e4chsischen Politik - KSS<\/title>\n<meta name=\"robots\" content=\"index, follow, max-snippet:-1, max-image-preview:large, max-video-preview:-1\" \/>\n<link rel=\"canonical\" href=\"https:\/\/www.kss-sachsen.de\/?p=785\" \/>\n<meta property=\"og:locale\" content=\"de_DE\" \/>\n<meta property=\"og:type\" content=\"article\" \/>\n<meta property=\"og:title\" content=\"PM 13\/17 - Tillich folgt Kurth - Zeit f\u00fcr einen Richtungswechsel in der s\u00e4chsischen Politik - KSS\" \/>\n<meta property=\"og:description\" content=\"Zur gestrigen Ank\u00fcndigung des s\u00e4chsischen Ministerpr\u00e4sidenten \u00e4u\u00dfert sich Daniel Irmer, Sprecher der Konferenz S\u00e4chsischer Studierendenschaften (KSS): \u201cNachdem Herr Tillich \u00fcberraschend seinen R\u00fccktritt f\u00fcr den 09. Dezember angek\u00fcndigt hat, muss schnell Klarheit dar\u00fcber geschaffen werden, wie es in der s\u00e4chsischen Politik weitergeht. Dabei fordern wir, dass seitens der Staatsregierung endlich eine zukunftsorientierte Politik eingeschlagen wird, die sich klar von populistischen ForderungenHier weiter lesen...\" \/>\n<meta property=\"og:url\" content=\"https:\/\/www.kss-sachsen.de\/?p=785\" \/>\n<meta property=\"og:site_name\" content=\"KSS\" \/>\n<meta property=\"article:published_time\" content=\"2017-10-19T08:43:54+00:00\" \/>\n<meta property=\"article:modified_time\" content=\"2017-10-19T10:22:09+00:00\" \/>\n<meta property=\"og:image\" content=\"https:\/\/www.kss-sachsen.de\/wp-content\/uploads\/2017\/10\/Tillich.jpg\" \/>\n\t<meta property=\"og:image:width\" content=\"212\" \/>\n\t<meta property=\"og:image:height\" content=\"238\" \/>\n\t<meta property=\"og:image:type\" content=\"image\/jpeg\" \/>\n<meta name=\"author\" content=\"administration\" \/>\n<meta name=\"twitter:card\" content=\"summary_large_image\" \/>\n<meta name=\"twitter:label1\" content=\"Verfasst von\" \/>\n\t<meta name=\"twitter:data1\" content=\"administration\" \/>\n\t<meta name=\"twitter:label2\" content=\"Gesch\u00e4tzte Lesezeit\" \/>\n\t<meta name=\"twitter:data2\" content=\"2\u00a0Minuten\" \/>\n<script type=\"application\/ld+json\" class=\"yoast-schema-graph\">{\"@context\":\"https:\/\/schema.org\",\"@graph\":[{\"@type\":\"Article\",\"@id\":\"https:\/\/www.kss-sachsen.de\/?p=785#article\",\"isPartOf\":{\"@id\":\"https:\/\/www.kss-sachsen.de\/?p=785\"},\"author\":{\"name\":\"administration\",\"@id\":\"https:\/\/www.kss-sachsen.de\/#\/schema\/person\/fbcf1c2438e102156e84a4ba5c3daa64\"},\"headline\":\"PM 13\/17 &#8211; Tillich folgt Kurth &#8211; Zeit f\u00fcr einen Richtungswechsel in der s\u00e4chsischen Politik\",\"datePublished\":\"2017-10-19T08:43:54+00:00\",\"dateModified\":\"2017-10-19T10:22:09+00:00\",\"mainEntityOfPage\":{\"@id\":\"https:\/\/www.kss-sachsen.de\/?p=785\"},\"wordCount\":368,\"commentCount\":0,\"publisher\":{\"@id\":\"https:\/\/www.kss-sachsen.de\/#organization\"},\"image\":{\"@id\":\"https:\/\/www.kss-sachsen.de\/?p=785#primaryimage\"},\"thumbnailUrl\":\"https:\/\/www.kss-sachsen.de\/wp-content\/uploads\/2017\/10\/Tillich.jpg\",\"articleSection\":[\"Aktuelles\",\"Hochschulgesetz\",\"Landtag\",\"Lehramt\",\"Medizin\",\"Pressemitteilung\",\"Pressemitteilung KSS\",\"Soziales\"],\"inLanguage\":\"de\",\"potentialAction\":[{\"@type\":\"CommentAction\",\"name\":\"Comment\",\"target\":[\"https:\/\/www.kss-sachsen.de\/?p=785#respond\"]}]},{\"@type\":\"WebPage\",\"@id\":\"https:\/\/www.kss-sachsen.de\/?p=785\",\"url\":\"https:\/\/www.kss-sachsen.de\/?p=785\",\"name\":\"PM 13\/17 - Tillich folgt Kurth - Zeit f\u00fcr einen Richtungswechsel in der s\u00e4chsischen Politik - KSS\",\"isPartOf\":{\"@id\":\"https:\/\/www.kss-sachsen.de\/#website\"},\"primaryImageOfPage\":{\"@id\":\"https:\/\/www.kss-sachsen.de\/?p=785#primaryimage\"},\"image\":{\"@id\":\"https:\/\/www.kss-sachsen.de\/?p=785#primaryimage\"},\"thumbnailUrl\":\"https:\/\/www.kss-sachsen.de\/wp-content\/uploads\/2017\/10\/Tillich.jpg\",\"datePublished\":\"2017-10-19T08:43:54+00:00\",\"dateModified\":\"2017-10-19T10:22:09+00:00\",\"breadcrumb\":{\"@id\":\"https:\/\/www.kss-sachsen.de\/?p=785#breadcrumb\"},\"inLanguage\":\"de\",\"potentialAction\":[{\"@type\":\"ReadAction\",\"target\":[\"https:\/\/www.kss-sachsen.de\/?p=785\"]}]},{\"@type\":\"ImageObject\",\"inLanguage\":\"de\",\"@id\":\"https:\/\/www.kss-sachsen.de\/?p=785#primaryimage\",\"url\":\"https:\/\/www.kss-sachsen.de\/wp-content\/uploads\/2017\/10\/Tillich.jpg\",\"contentUrl\":\"https:\/\/www.kss-sachsen.de\/wp-content\/uploads\/2017\/10\/Tillich.jpg\",\"width\":212,\"height\":238},{\"@type\":\"BreadcrumbList\",\"@id\":\"https:\/\/www.kss-sachsen.de\/?p=785#breadcrumb\",\"itemListElement\":[{\"@type\":\"ListItem\",\"position\":1,\"name\":\"Home\",\"item\":\"https:\/\/www.kss-sachsen.de\/\"},{\"@type\":\"ListItem\",\"position\":2,\"name\":\"PM 13\/17 &#8211; Tillich folgt Kurth &#8211; Zeit f\u00fcr einen Richtungswechsel in der s\u00e4chsischen Politik\"}]},{\"@type\":\"WebSite\",\"@id\":\"https:\/\/www.kss-sachsen.de\/#website\",\"url\":\"https:\/\/www.kss-sachsen.de\/\",\"name\":\"Konferenz S\u00e4chsischer Studierendenschaften\",\"description\":\"Konferenz S\u00e4chsischer Studierendenschaften\",\"publisher\":{\"@id\":\"https:\/\/www.kss-sachsen.de\/#organization\"},\"potentialAction\":[{\"@type\":\"SearchAction\",\"target\":{\"@type\":\"EntryPoint\",\"urlTemplate\":\"https:\/\/www.kss-sachsen.de\/?s={search_term_string}\"},\"query-input\":{\"@type\":\"PropertyValueSpecification\",\"valueRequired\":true,\"valueName\":\"search_term_string\"}}],\"inLanguage\":\"de\"},{\"@type\":\"Organization\",\"@id\":\"https:\/\/www.kss-sachsen.de\/#organization\",\"name\":\"Konferenz S\u00e4chsischer Studierendenschaften\",\"url\":\"https:\/\/www.kss-sachsen.de\/\",\"logo\":{\"@type\":\"ImageObject\",\"inLanguage\":\"de\",\"@id\":\"https:\/\/www.kss-sachsen.de\/#\/schema\/logo\/image\/\",\"url\":\"https:\/\/www.kss-sachsen.de\/wp-content\/uploads\/2023\/02\/Logo-KSS.png\",\"contentUrl\":\"https:\/\/www.kss-sachsen.de\/wp-content\/uploads\/2023\/02\/Logo-KSS.png\",\"width\":2239,\"height\":1528,\"caption\":\"Konferenz S\u00e4chsischer Studierendenschaften\"},\"image\":{\"@id\":\"https:\/\/www.kss-sachsen.de\/#\/schema\/logo\/image\/\"},\"sameAs\":[\"https:\/\/www.instagram.com\/kss_sachsen\/\"]},{\"@type\":\"Person\",\"@id\":\"https:\/\/www.kss-sachsen.de\/#\/schema\/person\/fbcf1c2438e102156e84a4ba5c3daa64\",\"name\":\"administration\",\"image\":{\"@type\":\"ImageObject\",\"inLanguage\":\"de\",\"@id\":\"https:\/\/www.kss-sachsen.de\/#\/schema\/person\/image\/\",\"url\":\"https:\/\/secure.gravatar.com\/avatar\/e4ecd4cb3a6714c2adcf507161262d91?s=96&d=mm&r=g\",\"contentUrl\":\"https:\/\/secure.gravatar.com\/avatar\/e4ecd4cb3a6714c2adcf507161262d91?s=96&d=mm&r=g\",\"caption\":\"administration\"},\"url\":\"https:\/\/www.kss-sachsen.de\/?author=1\"}]}<\/script>\n<!-- \/ Yoast SEO plugin. -->","yoast_head_json":{"title":"PM 13\/17 - Tillich folgt Kurth - Zeit f\u00fcr einen Richtungswechsel in der s\u00e4chsischen Politik - KSS","robots":{"index":"index","follow":"follow","max-snippet":"max-snippet:-1","max-image-preview":"max-image-preview:large","max-video-preview":"max-video-preview:-1"},"canonical":"https:\/\/www.kss-sachsen.de\/?p=785","og_locale":"de_DE","og_type":"article","og_title":"PM 13\/17 - Tillich folgt Kurth - Zeit f\u00fcr einen Richtungswechsel in der s\u00e4chsischen Politik - KSS","og_description":"Zur gestrigen Ank\u00fcndigung des s\u00e4chsischen Ministerpr\u00e4sidenten \u00e4u\u00dfert sich Daniel Irmer, Sprecher der Konferenz S\u00e4chsischer Studierendenschaften (KSS): \u201cNachdem Herr Tillich \u00fcberraschend seinen R\u00fccktritt f\u00fcr den 09. Dezember angek\u00fcndigt hat, muss schnell Klarheit dar\u00fcber geschaffen werden, wie es in der s\u00e4chsischen Politik weitergeht. Dabei fordern wir, dass seitens der Staatsregierung endlich eine zukunftsorientierte Politik eingeschlagen wird, die sich klar von populistischen ForderungenHier weiter lesen...","og_url":"https:\/\/www.kss-sachsen.de\/?p=785","og_site_name":"KSS","article_published_time":"2017-10-19T08:43:54+00:00","article_modified_time":"2017-10-19T10:22:09+00:00","og_image":[{"width":212,"height":238,"url":"https:\/\/www.kss-sachsen.de\/wp-content\/uploads\/2017\/10\/Tillich.jpg","type":"image\/jpeg"}],"author":"administration","twitter_card":"summary_large_image","twitter_misc":{"Verfasst von":"administration","Gesch\u00e4tzte Lesezeit":"2\u00a0Minuten"},"schema":{"@context":"https:\/\/schema.org","@graph":[{"@type":"Article","@id":"https:\/\/www.kss-sachsen.de\/?p=785#article","isPartOf":{"@id":"https:\/\/www.kss-sachsen.de\/?p=785"},"author":{"name":"administration","@id":"https:\/\/www.kss-sachsen.de\/#\/schema\/person\/fbcf1c2438e102156e84a4ba5c3daa64"},"headline":"PM 13\/17 &#8211; Tillich folgt Kurth &#8211; Zeit f\u00fcr einen Richtungswechsel in der s\u00e4chsischen Politik","datePublished":"2017-10-19T08:43:54+00:00","dateModified":"2017-10-19T10:22:09+00:00","mainEntityOfPage":{"@id":"https:\/\/www.kss-sachsen.de\/?p=785"},"wordCount":368,"commentCount":0,"publisher":{"@id":"https:\/\/www.kss-sachsen.de\/#organization"},"image":{"@id":"https:\/\/www.kss-sachsen.de\/?p=785#primaryimage"},"thumbnailUrl":"https:\/\/www.kss-sachsen.de\/wp-content\/uploads\/2017\/10\/Tillich.jpg","articleSection":["Aktuelles","Hochschulgesetz","Landtag","Lehramt","Medizin","Pressemitteilung","Pressemitteilung KSS","Soziales"],"inLanguage":"de","potentialAction":[{"@type":"CommentAction","name":"Comment","target":["https:\/\/www.kss-sachsen.de\/?p=785#respond"]}]},{"@type":"WebPage","@id":"https:\/\/www.kss-sachsen.de\/?p=785","url":"https:\/\/www.kss-sachsen.de\/?p=785","name":"PM 13\/17 - Tillich folgt Kurth - Zeit f\u00fcr einen Richtungswechsel in der s\u00e4chsischen Politik - KSS","isPartOf":{"@id":"https:\/\/www.kss-sachsen.de\/#website"},"primaryImageOfPage":{"@id":"https:\/\/www.kss-sachsen.de\/?p=785#primaryimage"},"image":{"@id":"https:\/\/www.kss-sachsen.de\/?p=785#primaryimage"},"thumbnailUrl":"https:\/\/www.kss-sachsen.de\/wp-content\/uploads\/2017\/10\/Tillich.jpg","datePublished":"2017-10-19T08:43:54+00:00","dateModified":"2017-10-19T10:22:09+00:00","breadcrumb":{"@id":"https:\/\/www.kss-sachsen.de\/?p=785#breadcrumb"},"inLanguage":"de","potentialAction":[{"@type":"ReadAction","target":["https:\/\/www.kss-sachsen.de\/?p=785"]}]},{"@type":"ImageObject","inLanguage":"de","@id":"https:\/\/www.kss-sachsen.de\/?p=785#primaryimage","url":"https:\/\/www.kss-sachsen.de\/wp-content\/uploads\/2017\/10\/Tillich.jpg","contentUrl":"https:\/\/www.kss-sachsen.de\/wp-content\/uploads\/2017\/10\/Tillich.jpg","width":212,"height":238},{"@type":"BreadcrumbList","@id":"https:\/\/www.kss-sachsen.de\/?p=785#breadcrumb","itemListElement":[{"@type":"ListItem","position":1,"name":"Home","item":"https:\/\/www.kss-sachsen.de\/"},{"@type":"ListItem","position":2,"name":"PM 13\/17 &#8211; Tillich folgt Kurth &#8211; Zeit f\u00fcr einen Richtungswechsel in der s\u00e4chsischen Politik"}]},{"@type":"WebSite","@id":"https:\/\/www.kss-sachsen.de\/#website","url":"https:\/\/www.kss-sachsen.de\/","name":"Konferenz S\u00e4chsischer Studierendenschaften","description":"Konferenz S\u00e4chsischer Studierendenschaften","publisher":{"@id":"https:\/\/www.kss-sachsen.de\/#organization"},"potentialAction":[{"@type":"SearchAction","target":{"@type":"EntryPoint","urlTemplate":"https:\/\/www.kss-sachsen.de\/?s={search_term_string}"},"query-input":{"@type":"PropertyValueSpecification","valueRequired":true,"valueName":"search_term_string"}}],"inLanguage":"de"},{"@type":"Organization","@id":"https:\/\/www.kss-sachsen.de\/#organization","name":"Konferenz S\u00e4chsischer Studierendenschaften","url":"https:\/\/www.kss-sachsen.de\/","logo":{"@type":"ImageObject","inLanguage":"de","@id":"https:\/\/www.kss-sachsen.de\/#\/schema\/logo\/image\/","url":"https:\/\/www.kss-sachsen.de\/wp-content\/uploads\/2023\/02\/Logo-KSS.png","contentUrl":"https:\/\/www.kss-sachsen.de\/wp-content\/uploads\/2023\/02\/Logo-KSS.png","width":2239,"height":1528,"caption":"Konferenz S\u00e4chsischer Studierendenschaften"},"image":{"@id":"https:\/\/www.kss-sachsen.de\/#\/schema\/logo\/image\/"},"sameAs":["https:\/\/www.instagram.com\/kss_sachsen\/"]},{"@type":"Person","@id":"https:\/\/www.kss-sachsen.de\/#\/schema\/person\/fbcf1c2438e102156e84a4ba5c3daa64","name":"administration","image":{"@type":"ImageObject","inLanguage":"de","@id":"https:\/\/www.kss-sachsen.de\/#\/schema\/person\/image\/","url":"https:\/\/secure.gravatar.com\/avatar\/e4ecd4cb3a6714c2adcf507161262d91?s=96&d=mm&r=g","contentUrl":"https:\/\/secure.gravatar.com\/avatar\/e4ecd4cb3a6714c2adcf507161262d91?s=96&d=mm&r=g","caption":"administration"},"url":"https:\/\/www.kss-sachsen.de\/?author=1"}]}},"_links":{"self":[{"href":"https:\/\/www.kss-sachsen.de\/index.php?rest_route=\/wp\/v2\/posts\/785"}],"collection":[{"href":"https:\/\/www.kss-sachsen.de\/index.php?rest_route=\/wp\/v2\/posts"}],"about":[{"href":"https:\/\/www.kss-sachsen.de\/index.php?rest_route=\/wp\/v2\/types\/post"}],"author":[{"embeddable":true,"href":"https:\/\/www.kss-sachsen.de\/index.php?rest_route=\/wp\/v2\/users\/1"}],"replies":[{"embeddable":true,"href":"https:\/\/www.kss-sachsen.de\/index.php?rest_route=%2Fwp%2Fv2%2Fcomments&post=785"}],"version-history":[{"count":5,"href":"https:\/\/www.kss-sachsen.de\/index.php?rest_route=\/wp\/v2\/posts\/785\/revisions"}],"predecessor-version":[{"id":791,"href":"https:\/\/www.kss-sachsen.de\/index.php?rest_route=\/wp\/v2\/posts\/785\/revisions\/791"}],"wp:featuredmedia":[{"embeddable":true,"href":"https:\/\/www.kss-sachsen.de\/index.php?rest_route=\/wp\/v2\/media\/790"}],"wp:attachment":[{"href":"https:\/\/www.kss-sachsen.de\/index.php?rest_route=%2Fwp%2Fv2%2Fmedia&parent=785"}],"wp:term":[{"taxonomy":"category","embeddable":true,"href":"https:\/\/www.kss-sachsen.de\/index.php?rest_route=%2Fwp%2Fv2%2Fcategories&post=785"},{"taxonomy":"post_tag","embeddable":true,"href":"https:\/\/www.kss-sachsen.de\/index.php?rest_route=%2Fwp%2Fv2%2Ftags&post=785"}],"curies":[{"name":"wp","href":"https:\/\/api.w.org\/{rel}","templated":true}]}}